{"id":10192,"date":"2022-03-03T14:30:56","date_gmt":"2022-03-03T14:30:56","guid":{"rendered":"https:\/\/www.agromundo.co\/blog\/?p=10192"},"modified":"2022-03-03T14:30:56","modified_gmt":"2022-03-03T14:30:56","slug":"sarna-bovina-que-es-y-como-prevenirla","status":"publish","type":"post","link":"https:\/\/www.agromundo.co\/blog\/sarna-bovina-que-es-y-como-prevenirla\/","title":{"rendered":"Sarna bovina. \u00bfQu\u00e9 es y c\u00f3mo prevenirla?"},"content":{"rendered":"<p>Sarna bovina<\/p>\n<div id=\"attachment_10193\" style=\"width: 310px\" class=\"wp-caption aligncenter\"><a href=\"http:\/\/www.agromundo.co\/blog\/wp-content\/uploads\/2022\/03\/Sarna-bovina.jpg\"><img aria-describedby=\"caption-attachment-10193\" loading=\"lazy\" class=\"wp-image-10193 size-full\" src=\"http:\/\/www.agromundo.co\/blog\/wp-content\/uploads\/2022\/03\/Sarna-bovina.jpg\" alt=\"Sarna bovina\" width=\"300\" height=\"205\" \/><\/a><p id=\"caption-attachment-10193\" class=\"wp-caption-text\">Sarna bovina. Foto: elabcrural.com<\/p><\/div>\n<ul style=\"text-align: center;\">\n<li style=\"text-align: left;\"><em>La sarna en los bovinos es un problema que se recrudece en las \u00e9pocas de invierno. Es una dermatitis al\u00e9rgica ocasionada por un \u00e1caro denominado Psoroptes que tiene su ciclo de vida sobre el animal. Conozca en qu\u00e9 consiste y c\u00f3mo prevenirla.<\/em><\/li>\n<\/ul>\n<p>Este parasito habita en el cuerpo del ganado durante toda su vida, pues comienza siendo un huevo, pasa a ser ninfa y luego llega a adulto. Cabe resaltar que todo el proceso se da durante un tiempo de 9 a 11 d\u00edas, dependiendo de la temperatura como se explica en el canal de Youtube Vademecum Veterinario Argentina. (Lea:\u00a0<a href=\"https:\/\/www.contextoganadero.com\/internacional\/las-4-sarnas-que-atacan-al-ganado-bovino#:~:text=La%20ganader%C3%ADa%20bovina%20en%20Colombia%20no%20reporta%20casos%20lamentables%20por%20sarna.&amp;text=Sin%20embargo%2C%20el%20ganado%20bovino,desde%20sitios%20contaminados%20con%20larvas.\">Las 4 sarnas que atacan al ganado bovino<\/a>)<\/p>\n<p>Esta enfermedad aparece durante el invierno puesto que la humedad del ambiente y las bajas temperaturas favorecen su desarrollo. El \u00e1caro se alimenta de material muerto que se encuentra arriba del animal, de ninfas y de detritos celulares.<\/p>\n<p>Este \u00e1caro no es hemat\u00f3fago, es decir, no se alimenta de la sangre de los animales, sino que lo hace de ninfas.<\/p>\n<p>Por ser una enfermedad que se aprecia cuando est\u00e1 en un importante grado de desarrollo, se puede observar a simple vista como un diagn\u00f3stico presuntivo, pero hay que realizar un diagn\u00f3stico definitivo a partir de an\u00e1lisis de laboratorio.<\/p>\n<p>Este se realiza con un raspado. Lo ideal es hacerlo en el borde de la lesi\u00f3n y colocar la muestra obtenida en un tubo para remitirlo al laboratorio. Luego, mediante observaci\u00f3n directa se analiza el \u00e1caro y se obtiene el diagn\u00f3stico.<\/p>\n<h4><strong><u>Da\u00f1os al animal.<\/u><\/strong><\/h4>\n<p>Al tratarse de una dermatitis, el \u00e1caro va liberando materia fecal que hace que el animal entre en proceso de rascado que produce un engrosamiento de la piel, se lastima, empiezan las infecciones secundarias, generando un c\u00edrculo vicioso con el que el bovino se empieza a debilitar, presentar lesiones y hasta la muerte.<\/p>\n<p>Cuando est\u00e1 muy avanzada la enfermedad, lo que se utiliza para su control son los ba\u00f1os que pueden hacerse por inmersi\u00f3n o por aspersi\u00f3n que ocasiona la muerte del acaro de manera inmediata. Lo ideal es repetir el proceso al d\u00eda 8 o 9.<\/p>\n<p>Adem\u00e1s, se dispone de un control qu\u00edmico inyectable que al aplicarse en una sola dosis alcanza concentraciones plasm\u00e1ticas que pueden eliminar el \u00e1caro en un tiempo no menor a 15 d\u00edas. Es importante anotar que este tipo de \u00e1caros necesitan tener alg\u00fan tiempo con la mol\u00e9cula para que el producto funcione.<\/p>\n<p>Ello quiere decir que no pueden esperarse resultados inmediatos, sino darles un tiempo suficiente para que act\u00faen y controlen el \u00e1caro. Adem\u00e1s, no se deben mezclar los animales con tratamiento de los sanos.<\/p>\n<p>Fuente: Adaptado de CONtexto ganadero.<\/p>\n<p>Lo invitamos a ver el siguiente video relacionado con saladeros comederos pl\u00e1sticos para ganado<\/p>\n<p><iframe loading=\"lazy\" title=\"Salero comedero pl\u00e1stico para ganado\" width=\"500\" height=\"281\" src=\"https:\/\/www.youtube.com\/embed\/B8uso_AGNoU?start=7&#038;feature=oembed\" frameborder=\"0\" allow=\"accelerometer; autoplay; clipboard-write; encrypted-media; gyroscope; picture-in-picture\" allowfullscreen><\/iframe><\/p>\n<p>&nbsp;<\/p>\n<p>Siga nuestro canal en Youtube para ver las \u00faltimas novedades en el Sector Agropecuario:<br \/>\n<script src=\"https:\/\/apis.google.com\/js\/platform.js\"><\/script><\/p>\n<div class=\"g-ytsubscribe\" data-channel=\"Agromundoco\" data-layout=\"full\" data-count=\"default\"><\/div>\n<p>Con el patrocinio de:<\/p>\n<div id=\"attachment_8097\" style=\"width: 131px\" class=\"wp-caption alignleft\"><a href=\"https:\/\/www.agromundo.co\/ventiladores-industriales-colombia.html\"><img aria-describedby=\"caption-attachment-8097\" loading=\"lazy\" class=\"wp-image-8097 size-full\" src=\"http:\/\/www.agromundo.co\/blog\/wp-content\/uploads\/2019\/08\/B-36.jpg\" alt=\"\" width=\"121\" height=\"120\" \/><\/a><p id=\"caption-attachment-8097\" class=\"wp-caption-text\">Ventiladores industriales para el sector agropecuario<\/p><\/div>\n<div id=\"attachment_7823\" style=\"width: 130px\" class=\"wp-caption alignright\"><a href=\"https:\/\/www.agromundo.co\/plastigoma-pisos-de-caucho.html\"><img aria-describedby=\"caption-attachment-7823\" loading=\"lazy\" class=\"wp-image-7823 size-full\" src=\"http:\/\/www.agromundo.co\/blog\/wp-content\/uploads\/2019\/04\/Pisos-para-salas-de-orde\u00f1o-Plastigoma-1.jpg\" alt=\"\" width=\"120\" height=\"120\" \/><\/a><p id=\"caption-attachment-7823\" class=\"wp-caption-text\">Pisos de caucho vulcanizado para ganader\u00eda<\/p><\/div>\n","protected":false},"excerpt":{"rendered":"<p>Sarna bovina La sarna en los bovinos es un problema que se recrudece en las \u00e9pocas de invierno. Es una dermatitis al\u00e9rgica ocasionada por un \u00e1caro denominado Psoroptes que tiene su ciclo de vida sobre el animal. Conozca en qu\u00e9 consiste y c\u00f3mo prevenirla. Este parasito habita en el cuerpo del ganado durante toda su [&hellip;]<\/p>\n","protected":false},"author":1,"featured_media":10193,"comment_status":"open","ping_status":"open","sticky":false,"template":"","format":"standard","meta":[],"categories":[3,6],"tags":[5953,4285,2902,1628,4605,5952],"yoast_head":"<!-- This site is optimized with the Yoast SEO plugin v17.3 - https:\/\/yoast.com\/wordpress\/plugins\/seo\/ -->\n<meta name=\"description\" content=\"Una recomendaci\u00f3n para evitar la propagaci\u00f3n de la sarna bovina es no mezclar a los animales sanos con los tratados.\" \/>\n<meta name=\"robots\" content=\"index, follow, max-snippet:-1, max-image-preview:large, max-video-preview:-1\" \/>\n<link rel=\"canonical\" href=\"https:\/\/www.agromundo.co\/blog\/sarna-bovina-que-es-y-como-prevenirla\/\" \/>\n<meta property=\"og:locale\" content=\"es_ES\" \/>\n<meta property=\"og:type\" content=\"article\" \/>\n<meta property=\"og:title\" content=\"Sarna bovina. \u00bfQu\u00e9 es y c\u00f3mo prevenirla? - Notiagro\" \/>\n<meta property=\"og:description\" content=\"Una recomendaci\u00f3n para evitar la propagaci\u00f3n de la sarna bovina es no mezclar a los animales sanos con los tratados.\" \/>\n<meta property=\"og:url\" content=\"https:\/\/www.agromundo.co\/blog\/sarna-bovina-que-es-y-como-prevenirla\/\" \/>\n<meta property=\"og:site_name\" content=\"Notiagro\" \/>\n<meta property=\"article:published_time\" content=\"2022-03-03T14:30:56+00:00\" \/>\n<meta property=\"og:image\" content=\"http:\/\/www.agromundo.co\/blog\/wp-content\/uploads\/2022\/03\/Sarna-bovina.jpg\" \/>\n\t<meta property=\"og:image:width\" content=\"300\" \/>\n\t<meta property=\"og:image:height\" content=\"205\" \/>\n<meta name=\"twitter:label1\" content=\"Escrito por\" \/>\n\t<meta name=\"twitter:data1\" content=\"admin\" \/>\n\t<meta name=\"twitter:label2\" content=\"Tiempo de lectura\" \/>\n\t<meta name=\"twitter:data2\" content=\"3 minutos\" \/>\n<script type=\"application\/ld+json\" class=\"yoast-schema-graph\">{\"@context\":\"https:\/\/schema.org\",\"@graph\":[{\"@type\":\"WebSite\",\"@id\":\"https:\/\/www.agromundo.co\/blog\/#website\",\"url\":\"https:\/\/www.agromundo.co\/blog\/\",\"name\":\"Notiagro\",\"description\":\"Noticias y eventos sector agropecuario colombiano\",\"potentialAction\":[{\"@type\":\"SearchAction\",\"target\":{\"@type\":\"EntryPoint\",\"urlTemplate\":\"https:\/\/www.agromundo.co\/blog\/?s={search_term_string}\"},\"query-input\":\"required name=search_term_string\"}],\"inLanguage\":\"es\"},{\"@type\":\"ImageObject\",\"@id\":\"https:\/\/www.agromundo.co\/blog\/sarna-bovina-que-es-y-como-prevenirla\/#primaryimage\",\"inLanguage\":\"es\",\"url\":\"https:\/\/www.agromundo.co\/blog\/wp-content\/uploads\/2022\/03\/Sarna-bovina.jpg\",\"contentUrl\":\"https:\/\/www.agromundo.co\/blog\/wp-content\/uploads\/2022\/03\/Sarna-bovina.jpg\",\"width\":300,\"height\":205},{\"@type\":\"WebPage\",\"@id\":\"https:\/\/www.agromundo.co\/blog\/sarna-bovina-que-es-y-como-prevenirla\/#webpage\",\"url\":\"https:\/\/www.agromundo.co\/blog\/sarna-bovina-que-es-y-como-prevenirla\/\",\"name\":\"Sarna bovina. \\u00bfQu\\u00e9 es y c\\u00f3mo prevenirla? - Notiagro\",\"isPartOf\":{\"@id\":\"https:\/\/www.agromundo.co\/blog\/#website\"},\"primaryImageOfPage\":{\"@id\":\"https:\/\/www.agromundo.co\/blog\/sarna-bovina-que-es-y-como-prevenirla\/#primaryimage\"},\"datePublished\":\"2022-03-03T14:30:56+00:00\",\"dateModified\":\"2022-03-03T14:30:56+00:00\",\"author\":{\"@id\":\"https:\/\/www.agromundo.co\/blog\/#\/schema\/person\/3e07d858c3c7a93ebf4ad3785559d35d\"},\"description\":\"Una recomendaci\\u00f3n para evitar la propagaci\\u00f3n de la sarna bovina es no mezclar a los animales sanos con los tratados.\",\"breadcrumb\":{\"@id\":\"https:\/\/www.agromundo.co\/blog\/sarna-bovina-que-es-y-como-prevenirla\/#breadcrumb\"},\"inLanguage\":\"es\",\"potentialAction\":[{\"@type\":\"ReadAction\",\"target\":[\"https:\/\/www.agromundo.co\/blog\/sarna-bovina-que-es-y-como-prevenirla\/\"]}]},{\"@type\":\"BreadcrumbList\",\"@id\":\"https:\/\/www.agromundo.co\/blog\/sarna-bovina-que-es-y-como-prevenirla\/#breadcrumb\",\"itemListElement\":[{\"@type\":\"ListItem\",\"position\":1,\"name\":\"Portada\",\"item\":\"https:\/\/www.agromundo.co\/blog\/\"},{\"@type\":\"ListItem\",\"position\":2,\"name\":\"Sarna bovina. \\u00bfQu\\u00e9 es y c\\u00f3mo prevenirla?\"}]},{\"@type\":\"Person\",\"@id\":\"https:\/\/www.agromundo.co\/blog\/#\/schema\/person\/3e07d858c3c7a93ebf4ad3785559d35d\",\"name\":\"admin\",\"image\":{\"@type\":\"ImageObject\",\"@id\":\"https:\/\/www.agromundo.co\/blog\/#personlogo\",\"inLanguage\":\"es\",\"url\":\"https:\/\/secure.gravatar.com\/avatar\/f990c4c6d966ea7f7bec9cc10bcda5ce?s=96&d=mm&r=g\",\"contentUrl\":\"https:\/\/secure.gravatar.com\/avatar\/f990c4c6d966ea7f7bec9cc10bcda5ce?s=96&d=mm&r=g\",\"caption\":\"admin\"},\"url\":\"https:\/\/www.agromundo.co\/blog\/author\/admin\/\"}]}<\/script>\n<!-- \/ Yoast SEO plugin. -->","yoast_head_json":{"description":"Una recomendaci\u00f3n para evitar la propagaci\u00f3n de la sarna bovina es no mezclar a los animales sanos con los tratados.","robots":{"index":"index","follow":"follow","max-snippet":"max-snippet:-1","max-image-preview":"max-image-preview:large","max-video-preview":"max-video-preview:-1"},"canonical":"https:\/\/www.agromundo.co\/blog\/sarna-bovina-que-es-y-como-prevenirla\/","og_locale":"es_ES","og_type":"article","og_title":"Sarna bovina. \u00bfQu\u00e9 es y c\u00f3mo prevenirla? - Notiagro","og_description":"Una recomendaci\u00f3n para evitar la propagaci\u00f3n de la sarna bovina es no mezclar a los animales sanos con los tratados.","og_url":"https:\/\/www.agromundo.co\/blog\/sarna-bovina-que-es-y-como-prevenirla\/","og_site_name":"Notiagro","article_published_time":"2022-03-03T14:30:56+00:00","og_image":[{"width":300,"height":205,"url":"http:\/\/www.agromundo.co\/blog\/wp-content\/uploads\/2022\/03\/Sarna-bovina.jpg","type":"image\/jpeg"}],"twitter_misc":{"Escrito por":"admin","Tiempo de lectura":"3 minutos"},"schema":{"@context":"https:\/\/schema.org","@graph":[{"@type":"WebSite","@id":"https:\/\/www.agromundo.co\/blog\/#website","url":"https:\/\/www.agromundo.co\/blog\/","name":"Notiagro","description":"Noticias y eventos sector agropecuario colombiano","potentialAction":[{"@type":"SearchAction","target":{"@type":"EntryPoint","urlTemplate":"https:\/\/www.agromundo.co\/blog\/?s={search_term_string}"},"query-input":"required name=search_term_string"}],"inLanguage":"es"},{"@type":"ImageObject","@id":"https:\/\/www.agromundo.co\/blog\/sarna-bovina-que-es-y-como-prevenirla\/#primaryimage","inLanguage":"es","url":"https:\/\/www.agromundo.co\/blog\/wp-content\/uploads\/2022\/03\/Sarna-bovina.jpg","contentUrl":"https:\/\/www.agromundo.co\/blog\/wp-content\/uploads\/2022\/03\/Sarna-bovina.jpg","width":300,"height":205},{"@type":"WebPage","@id":"https:\/\/www.agromundo.co\/blog\/sarna-bovina-que-es-y-como-prevenirla\/#webpage","url":"https:\/\/www.agromundo.co\/blog\/sarna-bovina-que-es-y-como-prevenirla\/","name":"Sarna bovina. \u00bfQu\u00e9 es y c\u00f3mo prevenirla? - Notiagro","isPartOf":{"@id":"https:\/\/www.agromundo.co\/blog\/#website"},"primaryImageOfPage":{"@id":"https:\/\/www.agromundo.co\/blog\/sarna-bovina-que-es-y-como-prevenirla\/#primaryimage"},"datePublished":"2022-03-03T14:30:56+00:00","dateModified":"2022-03-03T14:30:56+00:00","author":{"@id":"https:\/\/www.agromundo.co\/blog\/#\/schema\/person\/3e07d858c3c7a93ebf4ad3785559d35d"},"description":"Una recomendaci\u00f3n para evitar la propagaci\u00f3n de la sarna bovina es no mezclar a los animales sanos con los tratados.","breadcrumb":{"@id":"https:\/\/www.agromundo.co\/blog\/sarna-bovina-que-es-y-como-prevenirla\/#breadcrumb"},"inLanguage":"es","potentialAction":[{"@type":"ReadAction","target":["https:\/\/www.agromundo.co\/blog\/sarna-bovina-que-es-y-como-prevenirla\/"]}]},{"@type":"BreadcrumbList","@id":"https:\/\/www.agromundo.co\/blog\/sarna-bovina-que-es-y-como-prevenirla\/#breadcrumb","itemListElement":[{"@type":"ListItem","position":1,"name":"Portada","item":"https:\/\/www.agromundo.co\/blog\/"},{"@type":"ListItem","position":2,"name":"Sarna bovina. \u00bfQu\u00e9 es y c\u00f3mo prevenirla?"}]},{"@type":"Person","@id":"https:\/\/www.agromundo.co\/blog\/#\/schema\/person\/3e07d858c3c7a93ebf4ad3785559d35d","name":"admin","image":{"@type":"ImageObject","@id":"https:\/\/www.agromundo.co\/blog\/#personlogo","inLanguage":"es","url":"https:\/\/secure.gravatar.com\/avatar\/f990c4c6d966ea7f7bec9cc10bcda5ce?s=96&d=mm&r=g","contentUrl":"https:\/\/secure.gravatar.com\/avatar\/f990c4c6d966ea7f7bec9cc10bcda5ce?s=96&d=mm&r=g","caption":"admin"},"url":"https:\/\/www.agromundo.co\/blog\/author\/admin\/"}]}},"_links":{"self":[{"href":"https:\/\/www.agromundo.co\/blog\/wp-json\/wp\/v2\/posts\/10192"}],"collection":[{"href":"https:\/\/www.agromundo.co\/blog\/wp-json\/wp\/v2\/posts"}],"about":[{"href":"https:\/\/www.agromundo.co\/blog\/wp-json\/wp\/v2\/types\/post"}],"author":[{"embeddable":true,"href":"https:\/\/www.agromundo.co\/blog\/wp-json\/wp\/v2\/users\/1"}],"replies":[{"embeddable":true,"href":"https:\/\/www.agromundo.co\/blog\/wp-json\/wp\/v2\/comments?post=10192"}],"version-history":[{"count":3,"href":"https:\/\/www.agromundo.co\/blog\/wp-json\/wp\/v2\/posts\/10192\/revisions"}],"predecessor-version":[{"id":10196,"href":"https:\/\/www.agromundo.co\/blog\/wp-json\/wp\/v2\/posts\/10192\/revisions\/10196"}],"wp:featuredmedia":[{"embeddable":true,"href":"https:\/\/www.agromundo.co\/blog\/wp-json\/wp\/v2\/media\/10193"}],"wp:attachment":[{"href":"https:\/\/www.agromundo.co\/blog\/wp-json\/wp\/v2\/media?parent=10192"}],"wp:term":[{"taxonomy":"category","embeddable":true,"href":"https:\/\/www.agromundo.co\/blog\/wp-json\/wp\/v2\/categories?post=10192"},{"taxonomy":"post_tag","embeddable":true,"href":"https:\/\/www.agromundo.co\/blog\/wp-json\/wp\/v2\/tags?post=10192"}],"curies":[{"name":"wp","href":"https:\/\/api.w.org\/{rel}","templated":true}]}}