{"id":1232,"date":"2013-04-13T15:37:16","date_gmt":"2013-04-13T15:37:16","guid":{"rendered":"http:\/\/www.agromundo.co\/blog\/?p=1232"},"modified":"2013-04-13T15:37:16","modified_gmt":"2013-04-13T15:37:16","slug":"se-inicia-agroferia-2013-de-bucaramanga","status":"publish","type":"post","link":"https:\/\/www.agromundo.co\/blog\/se-inicia-agroferia-2013-de-bucaramanga\/","title":{"rendered":"Se inicia Agroferia 2013 de Bucaramanga"},"content":{"rendered":"<p><a href=\"http:\/\/www.agromundo.co\/blog\/wp-content\/uploads\/2013\/04\/Bucaramanga.jpg\"><img loading=\"lazy\" class=\"aligncenter size-full wp-image-1233\" alt=\"Bucaramanga\" src=\"http:\/\/www.agromundo.co\/blog\/wp-content\/uploads\/2013\/04\/Bucaramanga.jpg\" width=\"269\" height=\"155\" \/><\/a><b>\u00a0<\/b><\/p>\n<p>Entre el 13 y el 21 de abril de 2013, durante 8 d\u00edas, se llevar\u00e1 a cabo la feria exposici\u00f3n\u00a0 agropecuaria de Bucaramanga, considerada como el evento de este g\u00e9nero m\u00e1s importante del oriente colombiano.<\/p>\n<p>El evento inicia con la XXIII exposici\u00f3n equina grado B, que contar\u00e1 con la participaci\u00f3n de aproximadamente 250 ejemplares procedentes de los criaderos m\u00e1s importantes del pa\u00eds y la segunda exposici\u00f3n canina, las cuales se desarrollar\u00e1n durante los d\u00edas 13 y 14 de abril.<\/p>\n<p>El d\u00eda s\u00e1bado se realizar\u00e1 el juzgamiento de los ejemplares de paso fino colombiano y los trotones galoperos y el d\u00eda domingo el de los de trocha y galope y la trocha pura.<\/p>\n<p>En el transcurso de la semana se desarrollar\u00e1 una variada programaci\u00f3n que incluye actividades acad\u00e9micas, el sal\u00f3n del cacao, el sal\u00f3n del caf\u00e9, atracciones infantiles, especies menores y la muestra agropecuaria e industrial.<\/p>\n<p>El cierre de la feria se realizar\u00e1 con la exposici\u00f3n de ganado ceb\u00fa en la que participar\u00e1n aproximadamente 520 ejemplares Brahm\u00e1n y Gyr, procedentes de 71 ganader\u00edas de diferentes regiones del pa\u00eds.<\/p>\n<p>Fuente: Vanguardia.com<\/p>\n<p><a href=\"http:\/\/www.agromundo.co\/plastigoma-pisos-de-caucho\/classifieds.html\"><img loading=\"lazy\" class=\"aligncenter size-full wp-image-1087\" alt=\"Plasticos para transporte de ganado\" src=\"http:\/\/www.agromundo.co\/blog\/wp-content\/uploads\/2013\/03\/Plasticos-para-transporte-de-ganado.jpg\" width=\"160\" height=\"160\" srcset=\"https:\/\/www.agromundo.co\/blog\/wp-content\/uploads\/2013\/03\/Plasticos-para-transporte-de-ganado.jpg 160w, https:\/\/www.agromundo.co\/blog\/wp-content\/uploads\/2013\/03\/Plasticos-para-transporte-de-ganado-150x150.jpg 150w\" sizes=\"(max-width: 160px) 100vw, 160px\" \/><\/a><\/p>\n","protected":false},"excerpt":{"rendered":"<p>\u00a0 Entre el 13 y el 21 de abril de 2013, durante 8 d\u00edas, se llevar\u00e1 a cabo la feria exposici\u00f3n\u00a0 agropecuaria de Bucaramanga, considerada como el evento de este g\u00e9nero m\u00e1s importante del oriente colombiano. El evento inicia con la XXIII exposici\u00f3n equina grado B, que contar\u00e1 con la participaci\u00f3n de aproximadamente 250 ejemplares [&hellip;]<\/p>\n","protected":false},"author":1,"featured_media":1233,"comment_status":"open","ping_status":"open","sticky":false,"template":"","format":"standard","meta":[],"categories":[5,22,8,3,18,6],"tags":[600,187,212,185,519,210,521],"yoast_head":"<!-- This site is optimized with the Yoast SEO plugin v17.3 - https:\/\/yoast.com\/wordpress\/plugins\/seo\/ -->\n<meta name=\"robots\" content=\"index, follow, max-snippet:-1, max-image-preview:large, max-video-preview:-1\" \/>\n<meta property=\"og:locale\" content=\"es_ES\" \/>\n<meta property=\"og:type\" content=\"article\" \/>\n<meta property=\"og:title\" content=\"Se inicia Agroferia 2013 de Bucaramanga - Notiagro\" \/>\n<meta property=\"og:description\" content=\"\u00a0 Entre el 13 y el 21 de abril de 2013, durante 8 d\u00edas, se llevar\u00e1 a cabo la feria exposici\u00f3n\u00a0 agropecuaria de Bucaramanga, considerada como el evento de este g\u00e9nero m\u00e1s importante del oriente colombiano. El evento inicia con la XXIII exposici\u00f3n equina grado B, que contar\u00e1 con la participaci\u00f3n de aproximadamente 250 ejemplares [&hellip;]\" \/>\n<meta property=\"og:site_name\" content=\"Notiagro\" \/>\n<meta property=\"article:published_time\" content=\"2013-04-13T15:37:16+00:00\" \/>\n<meta property=\"og:image\" content=\"https:\/\/www.agromundo.co\/blog\/wp-content\/uploads\/2013\/04\/Bucaramanga.jpg\" \/>\n\t<meta property=\"og:image:width\" content=\"269\" \/>\n\t<meta property=\"og:image:height\" content=\"155\" \/>\n<meta name=\"twitter:label1\" content=\"Escrito por\" \/>\n\t<meta name=\"twitter:data1\" content=\"admin\" \/>\n\t<meta name=\"twitter:label2\" content=\"Tiempo de lectura\" \/>\n\t<meta name=\"twitter:data2\" content=\"1 minuto\" \/>\n<script type=\"application\/ld+json\" class=\"yoast-schema-graph\">{\"@context\":\"https:\/\/schema.org\",\"@graph\":[{\"@type\":\"WebSite\",\"@id\":\"https:\/\/www.agromundo.co\/blog\/#website\",\"url\":\"https:\/\/www.agromundo.co\/blog\/\",\"name\":\"Notiagro\",\"description\":\"Noticias y eventos sector agropecuario colombiano\",\"potentialAction\":[{\"@type\":\"SearchAction\",\"target\":{\"@type\":\"EntryPoint\",\"urlTemplate\":\"https:\/\/www.agromundo.co\/blog\/?s={search_term_string}\"},\"query-input\":\"required name=search_term_string\"}],\"inLanguage\":\"es\"},{\"@type\":\"ImageObject\",\"@id\":\"#primaryimage\",\"inLanguage\":\"es\",\"url\":\"https:\/\/www.agromundo.co\/blog\/wp-content\/uploads\/2013\/04\/Bucaramanga.jpg\",\"contentUrl\":\"https:\/\/www.agromundo.co\/blog\/wp-content\/uploads\/2013\/04\/Bucaramanga.jpg\",\"width\":269,\"height\":155},{\"@type\":\"WebPage\",\"@id\":\"#webpage\",\"url\":null,\"name\":\"Se inicia Agroferia 2013 de Bucaramanga - Notiagro\",\"isPartOf\":{\"@id\":\"https:\/\/www.agromundo.co\/blog\/#website\"},\"primaryImageOfPage\":{\"@id\":\"#primaryimage\"},\"datePublished\":\"2013-04-13T15:37:16+00:00\",\"dateModified\":\"2013-04-13T15:37:16+00:00\",\"author\":{\"@id\":\"https:\/\/www.agromundo.co\/blog\/#\/schema\/person\/3e07d858c3c7a93ebf4ad3785559d35d\"},\"breadcrumb\":{\"@id\":\"#breadcrumb\"},\"inLanguage\":\"es\",\"potentialAction\":[{\"@type\":\"ReadAction\",\"target\":[null]}]},{\"@type\":\"BreadcrumbList\",\"@id\":\"#breadcrumb\",\"itemListElement\":[{\"@type\":\"ListItem\",\"position\":1,\"name\":\"Portada\",\"item\":\"https:\/\/www.agromundo.co\/blog\/\"},{\"@type\":\"ListItem\",\"position\":2,\"name\":\"Se inicia Agroferia 2013 de Bucaramanga\"}]},{\"@type\":\"Person\",\"@id\":\"https:\/\/www.agromundo.co\/blog\/#\/schema\/person\/3e07d858c3c7a93ebf4ad3785559d35d\",\"name\":\"admin\",\"image\":{\"@type\":\"ImageObject\",\"@id\":\"https:\/\/www.agromundo.co\/blog\/#personlogo\",\"inLanguage\":\"es\",\"url\":\"https:\/\/secure.gravatar.com\/avatar\/f990c4c6d966ea7f7bec9cc10bcda5ce?s=96&d=mm&r=g\",\"contentUrl\":\"https:\/\/secure.gravatar.com\/avatar\/f990c4c6d966ea7f7bec9cc10bcda5ce?s=96&d=mm&r=g\",\"caption\":\"admin\"},\"url\":\"https:\/\/www.agromundo.co\/blog\/author\/admin\/\"}]}<\/script>\n<!-- \/ Yoast SEO plugin. -->","yoast_head_json":{"robots":{"index":"index","follow":"follow","max-snippet":"max-snippet:-1","max-image-preview":"max-image-preview:large","max-video-preview":"max-video-preview:-1"},"og_locale":"es_ES","og_type":"article","og_title":"Se inicia Agroferia 2013 de Bucaramanga - Notiagro","og_description":"\u00a0 Entre el 13 y el 21 de abril de 2013, durante 8 d\u00edas, se llevar\u00e1 a cabo la feria exposici\u00f3n\u00a0 agropecuaria de Bucaramanga, considerada como el evento de este g\u00e9nero m\u00e1s importante del oriente colombiano. El evento inicia con la XXIII exposici\u00f3n equina grado B, que contar\u00e1 con la participaci\u00f3n de aproximadamente 250 ejemplares [&hellip;]","og_site_name":"Notiagro","article_published_time":"2013-04-13T15:37:16+00:00","og_image":[{"width":269,"height":155,"url":"https:\/\/www.agromundo.co\/blog\/wp-content\/uploads\/2013\/04\/Bucaramanga.jpg","type":"image\/jpeg"}],"twitter_misc":{"Escrito por":"admin","Tiempo de lectura":"1 minuto"},"schema":{"@context":"https:\/\/schema.org","@graph":[{"@type":"WebSite","@id":"https:\/\/www.agromundo.co\/blog\/#website","url":"https:\/\/www.agromundo.co\/blog\/","name":"Notiagro","description":"Noticias y eventos sector agropecuario colombiano","potentialAction":[{"@type":"SearchAction","target":{"@type":"EntryPoint","urlTemplate":"https:\/\/www.agromundo.co\/blog\/?s={search_term_string}"},"query-input":"required name=search_term_string"}],"inLanguage":"es"},{"@type":"ImageObject","@id":"#primaryimage","inLanguage":"es","url":"https:\/\/www.agromundo.co\/blog\/wp-content\/uploads\/2013\/04\/Bucaramanga.jpg","contentUrl":"https:\/\/www.agromundo.co\/blog\/wp-content\/uploads\/2013\/04\/Bucaramanga.jpg","width":269,"height":155},{"@type":"WebPage","@id":"#webpage","url":null,"name":"Se inicia Agroferia 2013 de Bucaramanga - Notiagro","isPartOf":{"@id":"https:\/\/www.agromundo.co\/blog\/#website"},"primaryImageOfPage":{"@id":"#primaryimage"},"datePublished":"2013-04-13T15:37:16+00:00","dateModified":"2013-04-13T15:37:16+00:00","author":{"@id":"https:\/\/www.agromundo.co\/blog\/#\/schema\/person\/3e07d858c3c7a93ebf4ad3785559d35d"},"breadcrumb":{"@id":"#breadcrumb"},"inLanguage":"es","potentialAction":[{"@type":"ReadAction","target":[null]}]},{"@type":"BreadcrumbList","@id":"#breadcrumb","itemListElement":[{"@type":"ListItem","position":1,"name":"Portada","item":"https:\/\/www.agromundo.co\/blog\/"},{"@type":"ListItem","position":2,"name":"Se inicia Agroferia 2013 de Bucaramanga"}]},{"@type":"Person","@id":"https:\/\/www.agromundo.co\/blog\/#\/schema\/person\/3e07d858c3c7a93ebf4ad3785559d35d","name":"admin","image":{"@type":"ImageObject","@id":"https:\/\/www.agromundo.co\/blog\/#personlogo","inLanguage":"es","url":"https:\/\/secure.gravatar.com\/avatar\/f990c4c6d966ea7f7bec9cc10bcda5ce?s=96&d=mm&r=g","contentUrl":"https:\/\/secure.gravatar.com\/avatar\/f990c4c6d966ea7f7bec9cc10bcda5ce?s=96&d=mm&r=g","caption":"admin"},"url":"https:\/\/www.agromundo.co\/blog\/author\/admin\/"}]}},"_links":{"self":[{"href":"https:\/\/www.agromundo.co\/blog\/wp-json\/wp\/v2\/posts\/1232"}],"collection":[{"href":"https:\/\/www.agromundo.co\/blog\/wp-json\/wp\/v2\/posts"}],"about":[{"href":"https:\/\/www.agromundo.co\/blog\/wp-json\/wp\/v2\/types\/post"}],"author":[{"embeddable":true,"href":"https:\/\/www.agromundo.co\/blog\/wp-json\/wp\/v2\/users\/1"}],"replies":[{"embeddable":true,"href":"https:\/\/www.agromundo.co\/blog\/wp-json\/wp\/v2\/comments?post=1232"}],"version-history":[{"count":2,"href":"https:\/\/www.agromundo.co\/blog\/wp-json\/wp\/v2\/posts\/1232\/revisions"}],"predecessor-version":[{"id":1235,"href":"https:\/\/www.agromundo.co\/blog\/wp-json\/wp\/v2\/posts\/1232\/revisions\/1235"}],"wp:featuredmedia":[{"embeddable":true,"href":"https:\/\/www.agromundo.co\/blog\/wp-json\/wp\/v2\/media\/1233"}],"wp:attachment":[{"href":"https:\/\/www.agromundo.co\/blog\/wp-json\/wp\/v2\/media?parent=1232"}],"wp:term":[{"taxonomy":"category","embeddable":true,"href":"https:\/\/www.agromundo.co\/blog\/wp-json\/wp\/v2\/categories?post=1232"},{"taxonomy":"post_tag","embeddable":true,"href":"https:\/\/www.agromundo.co\/blog\/wp-json\/wp\/v2\/tags?post=1232"}],"curies":[{"name":"wp","href":"https:\/\/api.w.org\/{rel}","templated":true}]}}