{"id":12984,"date":"2024-09-06T15:59:01","date_gmt":"2024-09-06T15:59:01","guid":{"rendered":"https:\/\/www.agromundo.co\/blog\/?p=12984"},"modified":"2024-09-06T16:02:32","modified_gmt":"2024-09-06T16:02:32","slug":"lenguaje-corporal-de-los-caballos","status":"publish","type":"post","link":"https:\/\/www.agromundo.co\/blog\/lenguaje-corporal-de-los-caballos\/","title":{"rendered":"Lenguaje corporal de los caballos"},"content":{"rendered":"<p>Lenguaje corporal<\/p>\n<div id=\"attachment_12985\" style=\"width: 310px\" class=\"wp-caption aligncenter\"><img aria-describedby=\"caption-attachment-12985\" loading=\"lazy\" class=\"wp-image-12985 size-medium\" src=\"http:\/\/www.agromundo.co\/blog\/wp-content\/uploads\/2024\/09\/Lenguaje-corporal-300x169.png\" alt=\"Lenguaje corporal\" width=\"300\" height=\"169\" srcset=\"https:\/\/www.agromundo.co\/blog\/wp-content\/uploads\/2024\/09\/Lenguaje-corporal-300x169.png 300w, https:\/\/www.agromundo.co\/blog\/wp-content\/uploads\/2024\/09\/Lenguaje-corporal.png 364w\" sizes=\"(max-width: 300px) 100vw, 300px\" \/><p id=\"caption-attachment-12985\" class=\"wp-caption-text\">Foto: Bloomberg<\/p><\/div>\n<p>Muchas veces los caballos son vistos como figuras de poder, f\u00edsico preponderante, gran presencia y animales de lujo o para el deporte. M\u00e1s all\u00e1,\u00a0a pesar de c\u00f3mo se vean, tambi\u00e9n es indispensable que se les preste mucha atenci\u00f3n a su cuidado, por lo que es importante conocer lo que manifiesta su lenguaje corporal para comprender lo que nos quieren decir.<\/p>\n<p>As\u00ed como los perros, los gatos y otras mascotas,\u00a0el lenguaje corporal de los caballos puede transmitir una diversidad de sentimientos o sensaciones como dolor, rabia tristeza o disgusto\u00a0con un suceso o comportamiento espec\u00edfico.<\/p>\n<p>El et\u00f3logo Alberto Redondo indica que la cara de los\u00a0caballos\u00a0es clave para denotar lo que siente.\u00a0Por ejemplo, la postura de las orejas puede indicar sensaci\u00f3n de rabia o disgusto por parte del equino. Si este las coloca hacia atr\u00e1s es probable que no est\u00e9 feliz, o incluso, que se encuentre en estado de agresividad.<\/p>\n<p>Igual que la posici\u00f3n de las orejas, la apertura de los ojos tambi\u00e9n puede expresar sensaci\u00f3n de dolor, rabia o estr\u00e9s por parte del\u00a0caballo.\u00a0Si los oculares est\u00e1n muy cerrados o muy abiertos lo m\u00e1s posible es que el animal no est\u00e9 c\u00f3modo con alguna situaci\u00f3n.<\/p>\n<p>Tambi\u00e9n la tensi\u00f3n de la musculatura de los labios o la boca puede ser indicativo de estr\u00e9s, por lo que se debe identificar la causa de este sentimiento.<\/p>\n<h4><strong>Art\u00edculo relacionado:<\/strong><\/h4>\n<p><strong><a href=\"https:\/\/www.agronegocios.co\/agricultura\/atento-a-las-expresiones-del-caballo-cuando-come-3894219\">Tiene que prestarle atenci\u00f3n a las expresiones de su caballo a la hora de alimentarse<\/a><\/strong><\/p>\n<p>Pasando al lado positivo, hay diferentes se\u00f1ales que indican que los caballos conf\u00edan en su due\u00f1o.\u00a0Cuando el animal relincha suavemente es un mensaje de que est\u00e1 c\u00f3modo, igual que algunas acciones como peque\u00f1os empujones, que significa que quiere llamar la atenci\u00f3n de su jinete o criador. Tambi\u00e9n la postura de la cola es una muestra de relajaci\u00f3n, si esta cae suavemente y no est\u00e1 tensionada, significa que el caballo est\u00e1 bien con su entorno.<\/p>\n<p>Los equinos muestran su felicidad de diversas maneras, como la posici\u00f3n elevada de su cola. De igual manera, una se\u00f1al clave que expresa la alegr\u00eda del\u00a0caballo\u00a0es cuando chilla, si emite este sonido quiere decir que se encuentra muy bien e inclusive que est\u00e1 emocionado con algo.<\/p>\n<p>Por \u00faltimo, la posici\u00f3n del cuello tambi\u00e9n muestra algunas sensaciones del caballo. Por ejemplo, si est\u00e1 arqueado, el animal puede estar identificando alguna amenaza a su alrededor. Si se encuentra un poco hacia abajo, es muestra de relajaci\u00f3n y felicidad, igual que cuando est\u00e1 totalmente levantado, que puede ser indicativo de emoci\u00f3n y alerta al est\u00edmulo.<\/p>\n<p>&nbsp;<\/p>\n<p>Fuente: Adaptado de Agronegocios de La Rep\u00fablica. Autor: Tom\u00e1s Garc\u00eda Urrego.<\/p>\n<p>Lo invitamos a ver el siguiente video que muestra una competencia de trocha y galope:<\/p>\n<p><iframe loading=\"lazy\" title=\"Caballos de 60 a 78 meses Trocha y Galope Manizales 2013\" width=\"500\" height=\"281\" src=\"https:\/\/www.youtube.com\/embed\/gHFTDJRUvCo?list=PLJHhmETq--W-d59rUTHKh4Hqgc-iSuT1O\" frameborder=\"0\" allow=\"accelerometer; autoplay; clipboard-write; encrypted-media; gyroscope; picture-in-picture; web-share\" referrerpolicy=\"strict-origin-when-cross-origin\" allowfullscreen><\/iframe><\/p>\n<p>Siga nuestro canal en Youtube para ver las \u00faltimas novedades en el Sector Agropecuario:<br \/>\n<script src=\"https:\/\/apis.google.com\/js\/platform.js\"><\/script><\/p>\n<div class=\"g-ytsubscribe\" data-channel=\"Agromundoco\" data-layout=\"full\" data-count=\"default\"><\/div>\n<p>Con el patrocinio de:<\/p>\n<div id=\"attachment_12451\" style=\"width: 131px\" class=\"wp-caption alignleft\"><a href=\"https:\/\/www.agromundo.co\/ventiladores-industriales-colombia.html\"><img aria-describedby=\"caption-attachment-12451\" loading=\"lazy\" class=\"wp-image-12451 size-full\" src=\"http:\/\/www.agromundo.co\/blog\/wp-content\/uploads\/2024\/01\/B-36.jpg\" alt=\"\" width=\"121\" height=\"120\" \/><\/a><p id=\"caption-attachment-12451\" class=\"wp-caption-text\">Ventiladores y extractores de uso agropecuario<\/p><\/div>\n<div id=\"attachment_12591\" style=\"width: 130px\" class=\"wp-caption alignright\"><a href=\"https:\/\/www.agromundo.co\/plastigoma-pisos-de-caucho.html\"><img aria-describedby=\"caption-attachment-12591\" loading=\"lazy\" class=\"wp-image-12591 size-full\" src=\"http:\/\/www.agromundo.co\/blog\/wp-content\/uploads\/2024\/03\/Pisos-de-caucho-vulcanizado-para-pesebreras.jpg\" alt=\"\" width=\"120\" height=\"120\" \/><\/a><p id=\"caption-attachment-12591\" class=\"wp-caption-text\">Pisos de caucho vulcanizado para pesebreras<\/p><\/div>\n","protected":false},"excerpt":{"rendered":"<p>Lenguaje corporal Muchas veces los caballos son vistos como figuras de poder, f\u00edsico preponderante, gran presencia y animales de lujo o para el deporte. M\u00e1s all\u00e1,\u00a0a pesar de c\u00f3mo se vean, tambi\u00e9n es indispensable que se les preste mucha atenci\u00f3n a su cuidado, por lo que es importante conocer lo que manifiesta su lenguaje corporal [&hellip;]<\/p>\n","protected":false},"author":1,"featured_media":12985,"comment_status":"open","ping_status":"open","sticky":false,"template":"","format":"standard","meta":[],"categories":[7002,3,6],"tags":[7456,7455,7454,7457],"yoast_head":"<!-- This site is optimized with the Yoast SEO plugin v17.3 - https:\/\/yoast.com\/wordpress\/plugins\/seo\/ -->\n<meta name=\"description\" content=\"Igual que en los perros, gatos, y otras mascotas, el lenguaje corporal de los caballos tiene capacidad de transmitir sensaciones.\" \/>\n<meta name=\"robots\" content=\"index, follow, max-snippet:-1, max-image-preview:large, max-video-preview:-1\" \/>\n<link rel=\"canonical\" href=\"https:\/\/www.agromundo.co\/blog\/lenguaje-corporal-de-los-caballos\/\" \/>\n<meta property=\"og:locale\" content=\"es_ES\" \/>\n<meta property=\"og:type\" content=\"article\" \/>\n<meta property=\"og:title\" content=\"Lenguaje corporal de los caballos - Notiagro\" \/>\n<meta property=\"og:description\" content=\"Igual que en los perros, gatos, y otras mascotas, el lenguaje corporal de los caballos tiene capacidad de transmitir sensaciones.\" \/>\n<meta property=\"og:url\" content=\"https:\/\/www.agromundo.co\/blog\/lenguaje-corporal-de-los-caballos\/\" \/>\n<meta property=\"og:site_name\" content=\"Notiagro\" \/>\n<meta property=\"article:published_time\" content=\"2024-09-06T15:59:01+00:00\" \/>\n<meta property=\"article:modified_time\" content=\"2024-09-06T16:02:32+00:00\" \/>\n<meta property=\"og:image\" content=\"http:\/\/www.agromundo.co\/blog\/wp-content\/uploads\/2024\/09\/Lenguaje-corporal.png\" \/>\n\t<meta property=\"og:image:width\" content=\"364\" \/>\n\t<meta property=\"og:image:height\" content=\"205\" \/>\n<meta name=\"twitter:label1\" content=\"Escrito por\" \/>\n\t<meta name=\"twitter:data1\" content=\"admin\" \/>\n\t<meta name=\"twitter:label2\" content=\"Tiempo de lectura\" \/>\n\t<meta name=\"twitter:data2\" content=\"3 minutos\" \/>\n<script type=\"application\/ld+json\" class=\"yoast-schema-graph\">{\"@context\":\"https:\/\/schema.org\",\"@graph\":[{\"@type\":\"WebSite\",\"@id\":\"https:\/\/www.agromundo.co\/blog\/#website\",\"url\":\"https:\/\/www.agromundo.co\/blog\/\",\"name\":\"Notiagro\",\"description\":\"Noticias y eventos sector agropecuario colombiano\",\"potentialAction\":[{\"@type\":\"SearchAction\",\"target\":{\"@type\":\"EntryPoint\",\"urlTemplate\":\"https:\/\/www.agromundo.co\/blog\/?s={search_term_string}\"},\"query-input\":\"required name=search_term_string\"}],\"inLanguage\":\"es\"},{\"@type\":\"ImageObject\",\"@id\":\"https:\/\/www.agromundo.co\/blog\/lenguaje-corporal-de-los-caballos\/#primaryimage\",\"inLanguage\":\"es\",\"url\":\"https:\/\/www.agromundo.co\/blog\/wp-content\/uploads\/2024\/09\/Lenguaje-corporal.png\",\"contentUrl\":\"https:\/\/www.agromundo.co\/blog\/wp-content\/uploads\/2024\/09\/Lenguaje-corporal.png\",\"width\":364,\"height\":205},{\"@type\":\"WebPage\",\"@id\":\"https:\/\/www.agromundo.co\/blog\/lenguaje-corporal-de-los-caballos\/#webpage\",\"url\":\"https:\/\/www.agromundo.co\/blog\/lenguaje-corporal-de-los-caballos\/\",\"name\":\"Lenguaje corporal de los caballos - Notiagro\",\"isPartOf\":{\"@id\":\"https:\/\/www.agromundo.co\/blog\/#website\"},\"primaryImageOfPage\":{\"@id\":\"https:\/\/www.agromundo.co\/blog\/lenguaje-corporal-de-los-caballos\/#primaryimage\"},\"datePublished\":\"2024-09-06T15:59:01+00:00\",\"dateModified\":\"2024-09-06T16:02:32+00:00\",\"author\":{\"@id\":\"https:\/\/www.agromundo.co\/blog\/#\/schema\/person\/3e07d858c3c7a93ebf4ad3785559d35d\"},\"description\":\"Igual que en los perros, gatos, y otras mascotas, el lenguaje corporal de los caballos tiene capacidad de transmitir sensaciones.\",\"breadcrumb\":{\"@id\":\"https:\/\/www.agromundo.co\/blog\/lenguaje-corporal-de-los-caballos\/#breadcrumb\"},\"inLanguage\":\"es\",\"potentialAction\":[{\"@type\":\"ReadAction\",\"target\":[\"https:\/\/www.agromundo.co\/blog\/lenguaje-corporal-de-los-caballos\/\"]}]},{\"@type\":\"BreadcrumbList\",\"@id\":\"https:\/\/www.agromundo.co\/blog\/lenguaje-corporal-de-los-caballos\/#breadcrumb\",\"itemListElement\":[{\"@type\":\"ListItem\",\"position\":1,\"name\":\"Portada\",\"item\":\"https:\/\/www.agromundo.co\/blog\/\"},{\"@type\":\"ListItem\",\"position\":2,\"name\":\"Lenguaje corporal de los caballos\"}]},{\"@type\":\"Person\",\"@id\":\"https:\/\/www.agromundo.co\/blog\/#\/schema\/person\/3e07d858c3c7a93ebf4ad3785559d35d\",\"name\":\"admin\",\"image\":{\"@type\":\"ImageObject\",\"@id\":\"https:\/\/www.agromundo.co\/blog\/#personlogo\",\"inLanguage\":\"es\",\"url\":\"https:\/\/secure.gravatar.com\/avatar\/f990c4c6d966ea7f7bec9cc10bcda5ce?s=96&d=mm&r=g\",\"contentUrl\":\"https:\/\/secure.gravatar.com\/avatar\/f990c4c6d966ea7f7bec9cc10bcda5ce?s=96&d=mm&r=g\",\"caption\":\"admin\"},\"url\":\"https:\/\/www.agromundo.co\/blog\/author\/admin\/\"}]}<\/script>\n<!-- \/ Yoast SEO plugin. -->","yoast_head_json":{"description":"Igual que en los perros, gatos, y otras mascotas, el lenguaje corporal de los caballos tiene capacidad de transmitir sensaciones.","robots":{"index":"index","follow":"follow","max-snippet":"max-snippet:-1","max-image-preview":"max-image-preview:large","max-video-preview":"max-video-preview:-1"},"canonical":"https:\/\/www.agromundo.co\/blog\/lenguaje-corporal-de-los-caballos\/","og_locale":"es_ES","og_type":"article","og_title":"Lenguaje corporal de los caballos - Notiagro","og_description":"Igual que en los perros, gatos, y otras mascotas, el lenguaje corporal de los caballos tiene capacidad de transmitir sensaciones.","og_url":"https:\/\/www.agromundo.co\/blog\/lenguaje-corporal-de-los-caballos\/","og_site_name":"Notiagro","article_published_time":"2024-09-06T15:59:01+00:00","article_modified_time":"2024-09-06T16:02:32+00:00","og_image":[{"width":364,"height":205,"url":"http:\/\/www.agromundo.co\/blog\/wp-content\/uploads\/2024\/09\/Lenguaje-corporal.png","type":"image\/png"}],"twitter_misc":{"Escrito por":"admin","Tiempo de lectura":"3 minutos"},"schema":{"@context":"https:\/\/schema.org","@graph":[{"@type":"WebSite","@id":"https:\/\/www.agromundo.co\/blog\/#website","url":"https:\/\/www.agromundo.co\/blog\/","name":"Notiagro","description":"Noticias y eventos sector agropecuario colombiano","potentialAction":[{"@type":"SearchAction","target":{"@type":"EntryPoint","urlTemplate":"https:\/\/www.agromundo.co\/blog\/?s={search_term_string}"},"query-input":"required name=search_term_string"}],"inLanguage":"es"},{"@type":"ImageObject","@id":"https:\/\/www.agromundo.co\/blog\/lenguaje-corporal-de-los-caballos\/#primaryimage","inLanguage":"es","url":"https:\/\/www.agromundo.co\/blog\/wp-content\/uploads\/2024\/09\/Lenguaje-corporal.png","contentUrl":"https:\/\/www.agromundo.co\/blog\/wp-content\/uploads\/2024\/09\/Lenguaje-corporal.png","width":364,"height":205},{"@type":"WebPage","@id":"https:\/\/www.agromundo.co\/blog\/lenguaje-corporal-de-los-caballos\/#webpage","url":"https:\/\/www.agromundo.co\/blog\/lenguaje-corporal-de-los-caballos\/","name":"Lenguaje corporal de los caballos - Notiagro","isPartOf":{"@id":"https:\/\/www.agromundo.co\/blog\/#website"},"primaryImageOfPage":{"@id":"https:\/\/www.agromundo.co\/blog\/lenguaje-corporal-de-los-caballos\/#primaryimage"},"datePublished":"2024-09-06T15:59:01+00:00","dateModified":"2024-09-06T16:02:32+00:00","author":{"@id":"https:\/\/www.agromundo.co\/blog\/#\/schema\/person\/3e07d858c3c7a93ebf4ad3785559d35d"},"description":"Igual que en los perros, gatos, y otras mascotas, el lenguaje corporal de los caballos tiene capacidad de transmitir sensaciones.","breadcrumb":{"@id":"https:\/\/www.agromundo.co\/blog\/lenguaje-corporal-de-los-caballos\/#breadcrumb"},"inLanguage":"es","potentialAction":[{"@type":"ReadAction","target":["https:\/\/www.agromundo.co\/blog\/lenguaje-corporal-de-los-caballos\/"]}]},{"@type":"BreadcrumbList","@id":"https:\/\/www.agromundo.co\/blog\/lenguaje-corporal-de-los-caballos\/#breadcrumb","itemListElement":[{"@type":"ListItem","position":1,"name":"Portada","item":"https:\/\/www.agromundo.co\/blog\/"},{"@type":"ListItem","position":2,"name":"Lenguaje corporal de los caballos"}]},{"@type":"Person","@id":"https:\/\/www.agromundo.co\/blog\/#\/schema\/person\/3e07d858c3c7a93ebf4ad3785559d35d","name":"admin","image":{"@type":"ImageObject","@id":"https:\/\/www.agromundo.co\/blog\/#personlogo","inLanguage":"es","url":"https:\/\/secure.gravatar.com\/avatar\/f990c4c6d966ea7f7bec9cc10bcda5ce?s=96&d=mm&r=g","contentUrl":"https:\/\/secure.gravatar.com\/avatar\/f990c4c6d966ea7f7bec9cc10bcda5ce?s=96&d=mm&r=g","caption":"admin"},"url":"https:\/\/www.agromundo.co\/blog\/author\/admin\/"}]}},"_links":{"self":[{"href":"https:\/\/www.agromundo.co\/blog\/wp-json\/wp\/v2\/posts\/12984"}],"collection":[{"href":"https:\/\/www.agromundo.co\/blog\/wp-json\/wp\/v2\/posts"}],"about":[{"href":"https:\/\/www.agromundo.co\/blog\/wp-json\/wp\/v2\/types\/post"}],"author":[{"embeddable":true,"href":"https:\/\/www.agromundo.co\/blog\/wp-json\/wp\/v2\/users\/1"}],"replies":[{"embeddable":true,"href":"https:\/\/www.agromundo.co\/blog\/wp-json\/wp\/v2\/comments?post=12984"}],"version-history":[{"count":1,"href":"https:\/\/www.agromundo.co\/blog\/wp-json\/wp\/v2\/posts\/12984\/revisions"}],"predecessor-version":[{"id":12986,"href":"https:\/\/www.agromundo.co\/blog\/wp-json\/wp\/v2\/posts\/12984\/revisions\/12986"}],"wp:featuredmedia":[{"embeddable":true,"href":"https:\/\/www.agromundo.co\/blog\/wp-json\/wp\/v2\/media\/12985"}],"wp:attachment":[{"href":"https:\/\/www.agromundo.co\/blog\/wp-json\/wp\/v2\/media?parent=12984"}],"wp:term":[{"taxonomy":"category","embeddable":true,"href":"https:\/\/www.agromundo.co\/blog\/wp-json\/wp\/v2\/categories?post=12984"},{"taxonomy":"post_tag","embeddable":true,"href":"https:\/\/www.agromundo.co\/blog\/wp-json\/wp\/v2\/tags?post=12984"}],"curies":[{"name":"wp","href":"https:\/\/api.w.org\/{rel}","templated":true}]}}