{"id":13024,"date":"2024-09-25T15:36:14","date_gmt":"2024-09-25T15:36:14","guid":{"rendered":"https:\/\/www.agromundo.co\/blog\/?p=13024"},"modified":"2024-09-25T15:38:04","modified_gmt":"2024-09-25T15:38:04","slug":"otitis-en-bovinos-de-la-raza-gyr","status":"publish","type":"post","link":"https:\/\/www.agromundo.co\/blog\/otitis-en-bovinos-de-la-raza-gyr\/","title":{"rendered":"Otitis en bovinos de la raza gyr"},"content":{"rendered":"<p>Otitis<\/p>\n<div id=\"attachment_13025\" style=\"width: 310px\" class=\"wp-caption aligncenter\"><img aria-describedby=\"caption-attachment-13025\" loading=\"lazy\" class=\"wp-image-13025 size-medium\" src=\"http:\/\/www.agromundo.co\/blog\/wp-content\/uploads\/2024\/09\/Otitis-300x118.png\" alt=\"Otitis\" width=\"300\" height=\"118\" srcset=\"https:\/\/www.agromundo.co\/blog\/wp-content\/uploads\/2024\/09\/Otitis-300x118.png 300w, https:\/\/www.agromundo.co\/blog\/wp-content\/uploads\/2024\/09\/Otitis.png 520w\" sizes=\"(max-width: 300px) 100vw, 300px\" \/><p id=\"caption-attachment-13025\" class=\"wp-caption-text\">Foto: Cortes\u00eda<\/p><\/div>\n<ul>\n<li><em>La otitis parasitaria bovina es una enfermedad que principalmente afecta a los bovinos de las razas Gyr e Indubrasil, siendo ocasionada por nematodos del g\u00e9nero Rhabditis.<\/em><\/li>\n<\/ul>\n<p>Estos par\u00e1sitos encuentran un entorno propicio por las caracter\u00edsticas anat\u00f3micas particulares de estas razas, lo que incrementa la predisposici\u00f3n a la enfermedad.<\/p>\n<p>La raza de ganado bovino gyr es una de las m\u00e1s afectadas por la otitis parasitaria, lo que se debe en gran medida a la conformaci\u00f3n anat\u00f3mica de su pabell\u00f3n auricular.<\/p>\n<p>Joe Alberto Cardona \u00c1lvarez, Jair P\u00e9rez Osorio y Mastoby Miguel Mart\u00ednez Mart\u00ednez\u00a0<a href=\"https:\/\/revistasojs.ucaldas.edu.co\/index.php\/vetzootec\/article\/view\/4172\/3848\">explican<\/a>\u00a0que los bovinos de esta raza presentan orejas alargadas, pendulantes y con forma tubular, con un segmento superior que se enrolla sobre s\u00ed misma y que se abre hacia afuera gradualmente, curv\u00e1ndose hacia adentro.<\/p>\n<p>Esta estructura anat\u00f3mica, que puede parecer una caracter\u00edstica inofensiva e inclusive est\u00e9tica, tiene implicaci\u00f3n directa en la salud auditiva del animal.<\/p>\n<p>La forma de las orejas en los bovinos de raza gyr facilita la acumulaci\u00f3n de cerumen en el canal auditivo. El cerumen, sustancia natural con la funci\u00f3n de proteger el o\u00eddo de infecciones y cuerpos extra\u00f1os, al acumularse excesivamente, puede crear un ambiente h\u00famedo y c\u00e1lido.<\/p>\n<p>Tal entorno es ideal para\u00a0la proliferaci\u00f3n de nem\u00e1todos del g\u00e9nero\u00a0<em>Rhabditis,<\/em>\u00a0los que se instalan en el canal auditivo y ocasionan la otitis parasitaria. Su presencia en el o\u00eddo de los bovinos puede producir una serie de s\u00edntomas que afectan la salud y el bienestar del animal.<\/p>\n<h4><strong>S\u00edntomas:<\/strong><\/h4>\n<p>Entre los s\u00edntomas m\u00e1s comunes se encuentran la irritaci\u00f3n, el dolor, secreci\u00f3n purulenta, la inflamaci\u00f3n del canal auditivo y en los casos avanzados, la p\u00e9rdida de audici\u00f3n.<\/p>\n<p>Estos s\u00edntomas no solamente afectan la calidad de vida del animal, sino que adem\u00e1s pueden tener efectos econ\u00f3micos para los productores.<\/p>\n<p>Aseguran los profesionales que\u00a0los animales afectados por la otitis parasitaria tienden a tener un comportamiento irritable por el malestar constante, lo que puede dificultar su manejo y disminuir su productividad.<\/p>\n<p>Adem\u00e1s explican que el hospedero adquiere el par\u00e1sito durante las primeras etapas de su vida cuando se encuentra descansando o acostado en el suelo, debido a que todo el ciclo del par\u00e1sito ocurre en el hospedero reiniciando el ciclo con su muerte.<\/p>\n<h4><strong>Prevenci\u00f3n de la otitis parasitaria en bovinos gyr:<\/strong><\/h4>\n<p>En raz\u00f3n a que la anatom\u00eda del pabell\u00f3n auricular de las razas gyr e indubrasil es factor predisponente clave,\u00a0las estrategias de prevenci\u00f3n y control deben enfocarse en minimizar los factores de riesgo que se asocian\u00a0con la retenci\u00f3n de cerumen y la proliferaci\u00f3n de\u00a0Rhabditis.<\/p>\n<p>Una de las medidas m\u00e1s eficaces expuestas por los profesionales, es la higiene frecuente del canal auditivo de los bovinos.\u00a0La limpieza peri\u00f3dica ayuda a la eliminaci\u00f3n del exceso de cerumen y evita la generaci\u00f3n de un ambiente favorable para los par\u00e1sitos. Es recomendable que esta labor la realice personal capacitado para evitar que se presenten da\u00f1os al canal auditivo y asegurar una efectiva limpieza.<\/p>\n<p>&nbsp;<\/p>\n<p>Fuente: Adaptado de CONtexto ganadero.<\/p>\n<p>Lo invitamos a ver el siguiente video que muestra equipos de orde\u00f1o colombianos:<\/p>\n<p><iframe loading=\"lazy\" title=\"Equipos para Orde\u00f1o 100% Colombianos\" width=\"500\" height=\"281\" src=\"https:\/\/www.youtube.com\/embed\/pWVNt84xc3A?feature=oembed\" frameborder=\"0\" allow=\"accelerometer; autoplay; clipboard-write; encrypted-media; gyroscope; picture-in-picture; web-share\" referrerpolicy=\"strict-origin-when-cross-origin\" allowfullscreen><\/iframe><\/p>\n<p>Siga nuestro canal en Youtube para ver las \u00faltimas novedades en el Sector Agropecuario:<br \/>\n<script src=\"https:\/\/apis.google.com\/js\/platform.js\"><\/script><\/p>\n<div class=\"g-ytsubscribe\" data-channel=\"Agromundoco\" data-layout=\"full\" data-count=\"default\"><\/div>\n<p>Con el patrocinio de:<\/p>\n<div id=\"attachment_12451\" style=\"width: 131px\" class=\"wp-caption alignleft\"><a href=\"https:\/\/www.agromundo.co\/ventiladores-industriales-colombia.html\"><img aria-describedby=\"caption-attachment-12451\" loading=\"lazy\" class=\"wp-image-12451 size-full\" src=\"http:\/\/www.agromundo.co\/blog\/wp-content\/uploads\/2024\/01\/B-36.jpg\" alt=\"\" width=\"121\" height=\"120\" \/><\/a><p id=\"caption-attachment-12451\" class=\"wp-caption-text\">Ventiladores y extractores de uso agropecuario<\/p><\/div>\n<div id=\"attachment_12452\" style=\"width: 130px\" class=\"wp-caption alignright\"><a href=\"https:\/\/www.agromundo.co\/plastigoma-pisos-de-caucho.html\"><img aria-describedby=\"caption-attachment-12452\" loading=\"lazy\" class=\"wp-image-12452 size-full\" src=\"http:\/\/www.agromundo.co\/blog\/wp-content\/uploads\/2024\/01\/Pisos-para-salas-de-ordeno.jpg\" alt=\"\" width=\"120\" height=\"120\" \/><\/a><p id=\"caption-attachment-12452\" class=\"wp-caption-text\">Pisos de caucho vulcanizado para ganader\u00eda<\/p><\/div>\n","protected":false},"excerpt":{"rendered":"<p>Otitis La otitis parasitaria bovina es una enfermedad que principalmente afecta a los bovinos de las razas Gyr e Indubrasil, siendo ocasionada por nematodos del g\u00e9nero Rhabditis. Estos par\u00e1sitos encuentran un entorno propicio por las caracter\u00edsticas anat\u00f3micas particulares de estas razas, lo que incrementa la predisposici\u00f3n a la enfermedad. La raza de ganado bovino gyr [&hellip;]<\/p>\n","protected":false},"author":1,"featured_media":13025,"comment_status":"open","ping_status":"open","sticky":false,"template":"","format":"standard","meta":[],"categories":[7081,2843,3,6],"tags":[4285,521,7493,7491,7492,2932],"yoast_head":"<!-- This site is optimized with the Yoast SEO plugin v17.3 - https:\/\/yoast.com\/wordpress\/plugins\/seo\/ -->\n<meta name=\"description\" content=\"La otitis parasitaria bovina es una patolog\u00eda que principalmente afecta bovinos de las razas Gyr e Indubrasil.\" \/>\n<meta name=\"robots\" content=\"index, follow, max-snippet:-1, max-image-preview:large, max-video-preview:-1\" \/>\n<link rel=\"canonical\" href=\"https:\/\/www.agromundo.co\/blog\/otitis-en-bovinos-de-la-raza-gyr\/\" \/>\n<meta property=\"og:locale\" content=\"es_ES\" \/>\n<meta property=\"og:type\" content=\"article\" \/>\n<meta property=\"og:title\" content=\"Otitis en bovinos de la raza gyr - Notiagro\" \/>\n<meta property=\"og:description\" content=\"La otitis parasitaria bovina es una patolog\u00eda que principalmente afecta bovinos de las razas Gyr e Indubrasil.\" \/>\n<meta property=\"og:url\" content=\"https:\/\/www.agromundo.co\/blog\/otitis-en-bovinos-de-la-raza-gyr\/\" \/>\n<meta property=\"og:site_name\" content=\"Notiagro\" \/>\n<meta property=\"article:published_time\" content=\"2024-09-25T15:36:14+00:00\" \/>\n<meta property=\"article:modified_time\" content=\"2024-09-25T15:38:04+00:00\" \/>\n<meta property=\"og:image\" content=\"http:\/\/www.agromundo.co\/blog\/wp-content\/uploads\/2024\/09\/Otitis.png\" \/>\n\t<meta property=\"og:image:width\" content=\"520\" \/>\n\t<meta property=\"og:image:height\" content=\"205\" \/>\n<meta name=\"twitter:label1\" content=\"Escrito por\" \/>\n\t<meta name=\"twitter:data1\" content=\"admin\" \/>\n\t<meta name=\"twitter:label2\" content=\"Tiempo de lectura\" \/>\n\t<meta name=\"twitter:data2\" content=\"3 minutos\" \/>\n<script type=\"application\/ld+json\" class=\"yoast-schema-graph\">{\"@context\":\"https:\/\/schema.org\",\"@graph\":[{\"@type\":\"WebSite\",\"@id\":\"https:\/\/www.agromundo.co\/blog\/#website\",\"url\":\"https:\/\/www.agromundo.co\/blog\/\",\"name\":\"Notiagro\",\"description\":\"Noticias y eventos sector agropecuario colombiano\",\"potentialAction\":[{\"@type\":\"SearchAction\",\"target\":{\"@type\":\"EntryPoint\",\"urlTemplate\":\"https:\/\/www.agromundo.co\/blog\/?s={search_term_string}\"},\"query-input\":\"required name=search_term_string\"}],\"inLanguage\":\"es\"},{\"@type\":\"ImageObject\",\"@id\":\"https:\/\/www.agromundo.co\/blog\/otitis-en-bovinos-de-la-raza-gyr\/#primaryimage\",\"inLanguage\":\"es\",\"url\":\"https:\/\/www.agromundo.co\/blog\/wp-content\/uploads\/2024\/09\/Otitis.png\",\"contentUrl\":\"https:\/\/www.agromundo.co\/blog\/wp-content\/uploads\/2024\/09\/Otitis.png\",\"width\":520,\"height\":205},{\"@type\":\"WebPage\",\"@id\":\"https:\/\/www.agromundo.co\/blog\/otitis-en-bovinos-de-la-raza-gyr\/#webpage\",\"url\":\"https:\/\/www.agromundo.co\/blog\/otitis-en-bovinos-de-la-raza-gyr\/\",\"name\":\"Otitis en bovinos de la raza gyr - Notiagro\",\"isPartOf\":{\"@id\":\"https:\/\/www.agromundo.co\/blog\/#website\"},\"primaryImageOfPage\":{\"@id\":\"https:\/\/www.agromundo.co\/blog\/otitis-en-bovinos-de-la-raza-gyr\/#primaryimage\"},\"datePublished\":\"2024-09-25T15:36:14+00:00\",\"dateModified\":\"2024-09-25T15:38:04+00:00\",\"author\":{\"@id\":\"https:\/\/www.agromundo.co\/blog\/#\/schema\/person\/3e07d858c3c7a93ebf4ad3785559d35d\"},\"description\":\"La otitis parasitaria bovina es una patolog\\u00eda que principalmente afecta bovinos de las razas Gyr e Indubrasil.\",\"breadcrumb\":{\"@id\":\"https:\/\/www.agromundo.co\/blog\/otitis-en-bovinos-de-la-raza-gyr\/#breadcrumb\"},\"inLanguage\":\"es\",\"potentialAction\":[{\"@type\":\"ReadAction\",\"target\":[\"https:\/\/www.agromundo.co\/blog\/otitis-en-bovinos-de-la-raza-gyr\/\"]}]},{\"@type\":\"BreadcrumbList\",\"@id\":\"https:\/\/www.agromundo.co\/blog\/otitis-en-bovinos-de-la-raza-gyr\/#breadcrumb\",\"itemListElement\":[{\"@type\":\"ListItem\",\"position\":1,\"name\":\"Portada\",\"item\":\"https:\/\/www.agromundo.co\/blog\/\"},{\"@type\":\"ListItem\",\"position\":2,\"name\":\"Otitis en bovinos de la raza gyr\"}]},{\"@type\":\"Person\",\"@id\":\"https:\/\/www.agromundo.co\/blog\/#\/schema\/person\/3e07d858c3c7a93ebf4ad3785559d35d\",\"name\":\"admin\",\"image\":{\"@type\":\"ImageObject\",\"@id\":\"https:\/\/www.agromundo.co\/blog\/#personlogo\",\"inLanguage\":\"es\",\"url\":\"https:\/\/secure.gravatar.com\/avatar\/f990c4c6d966ea7f7bec9cc10bcda5ce?s=96&d=mm&r=g\",\"contentUrl\":\"https:\/\/secure.gravatar.com\/avatar\/f990c4c6d966ea7f7bec9cc10bcda5ce?s=96&d=mm&r=g\",\"caption\":\"admin\"},\"url\":\"https:\/\/www.agromundo.co\/blog\/author\/admin\/\"}]}<\/script>\n<!-- \/ Yoast SEO plugin. -->","yoast_head_json":{"description":"La otitis parasitaria bovina es una patolog\u00eda que principalmente afecta bovinos de las razas Gyr e Indubrasil.","robots":{"index":"index","follow":"follow","max-snippet":"max-snippet:-1","max-image-preview":"max-image-preview:large","max-video-preview":"max-video-preview:-1"},"canonical":"https:\/\/www.agromundo.co\/blog\/otitis-en-bovinos-de-la-raza-gyr\/","og_locale":"es_ES","og_type":"article","og_title":"Otitis en bovinos de la raza gyr - Notiagro","og_description":"La otitis parasitaria bovina es una patolog\u00eda que principalmente afecta bovinos de las razas Gyr e Indubrasil.","og_url":"https:\/\/www.agromundo.co\/blog\/otitis-en-bovinos-de-la-raza-gyr\/","og_site_name":"Notiagro","article_published_time":"2024-09-25T15:36:14+00:00","article_modified_time":"2024-09-25T15:38:04+00:00","og_image":[{"width":520,"height":205,"url":"http:\/\/www.agromundo.co\/blog\/wp-content\/uploads\/2024\/09\/Otitis.png","type":"image\/png"}],"twitter_misc":{"Escrito por":"admin","Tiempo de lectura":"3 minutos"},"schema":{"@context":"https:\/\/schema.org","@graph":[{"@type":"WebSite","@id":"https:\/\/www.agromundo.co\/blog\/#website","url":"https:\/\/www.agromundo.co\/blog\/","name":"Notiagro","description":"Noticias y eventos sector agropecuario colombiano","potentialAction":[{"@type":"SearchAction","target":{"@type":"EntryPoint","urlTemplate":"https:\/\/www.agromundo.co\/blog\/?s={search_term_string}"},"query-input":"required name=search_term_string"}],"inLanguage":"es"},{"@type":"ImageObject","@id":"https:\/\/www.agromundo.co\/blog\/otitis-en-bovinos-de-la-raza-gyr\/#primaryimage","inLanguage":"es","url":"https:\/\/www.agromundo.co\/blog\/wp-content\/uploads\/2024\/09\/Otitis.png","contentUrl":"https:\/\/www.agromundo.co\/blog\/wp-content\/uploads\/2024\/09\/Otitis.png","width":520,"height":205},{"@type":"WebPage","@id":"https:\/\/www.agromundo.co\/blog\/otitis-en-bovinos-de-la-raza-gyr\/#webpage","url":"https:\/\/www.agromundo.co\/blog\/otitis-en-bovinos-de-la-raza-gyr\/","name":"Otitis en bovinos de la raza gyr - Notiagro","isPartOf":{"@id":"https:\/\/www.agromundo.co\/blog\/#website"},"primaryImageOfPage":{"@id":"https:\/\/www.agromundo.co\/blog\/otitis-en-bovinos-de-la-raza-gyr\/#primaryimage"},"datePublished":"2024-09-25T15:36:14+00:00","dateModified":"2024-09-25T15:38:04+00:00","author":{"@id":"https:\/\/www.agromundo.co\/blog\/#\/schema\/person\/3e07d858c3c7a93ebf4ad3785559d35d"},"description":"La otitis parasitaria bovina es una patolog\u00eda que principalmente afecta bovinos de las razas Gyr e Indubrasil.","breadcrumb":{"@id":"https:\/\/www.agromundo.co\/blog\/otitis-en-bovinos-de-la-raza-gyr\/#breadcrumb"},"inLanguage":"es","potentialAction":[{"@type":"ReadAction","target":["https:\/\/www.agromundo.co\/blog\/otitis-en-bovinos-de-la-raza-gyr\/"]}]},{"@type":"BreadcrumbList","@id":"https:\/\/www.agromundo.co\/blog\/otitis-en-bovinos-de-la-raza-gyr\/#breadcrumb","itemListElement":[{"@type":"ListItem","position":1,"name":"Portada","item":"https:\/\/www.agromundo.co\/blog\/"},{"@type":"ListItem","position":2,"name":"Otitis en bovinos de la raza gyr"}]},{"@type":"Person","@id":"https:\/\/www.agromundo.co\/blog\/#\/schema\/person\/3e07d858c3c7a93ebf4ad3785559d35d","name":"admin","image":{"@type":"ImageObject","@id":"https:\/\/www.agromundo.co\/blog\/#personlogo","inLanguage":"es","url":"https:\/\/secure.gravatar.com\/avatar\/f990c4c6d966ea7f7bec9cc10bcda5ce?s=96&d=mm&r=g","contentUrl":"https:\/\/secure.gravatar.com\/avatar\/f990c4c6d966ea7f7bec9cc10bcda5ce?s=96&d=mm&r=g","caption":"admin"},"url":"https:\/\/www.agromundo.co\/blog\/author\/admin\/"}]}},"_links":{"self":[{"href":"https:\/\/www.agromundo.co\/blog\/wp-json\/wp\/v2\/posts\/13024"}],"collection":[{"href":"https:\/\/www.agromundo.co\/blog\/wp-json\/wp\/v2\/posts"}],"about":[{"href":"https:\/\/www.agromundo.co\/blog\/wp-json\/wp\/v2\/types\/post"}],"author":[{"embeddable":true,"href":"https:\/\/www.agromundo.co\/blog\/wp-json\/wp\/v2\/users\/1"}],"replies":[{"embeddable":true,"href":"https:\/\/www.agromundo.co\/blog\/wp-json\/wp\/v2\/comments?post=13024"}],"version-history":[{"count":1,"href":"https:\/\/www.agromundo.co\/blog\/wp-json\/wp\/v2\/posts\/13024\/revisions"}],"predecessor-version":[{"id":13026,"href":"https:\/\/www.agromundo.co\/blog\/wp-json\/wp\/v2\/posts\/13024\/revisions\/13026"}],"wp:featuredmedia":[{"embeddable":true,"href":"https:\/\/www.agromundo.co\/blog\/wp-json\/wp\/v2\/media\/13025"}],"wp:attachment":[{"href":"https:\/\/www.agromundo.co\/blog\/wp-json\/wp\/v2\/media?parent=13024"}],"wp:term":[{"taxonomy":"category","embeddable":true,"href":"https:\/\/www.agromundo.co\/blog\/wp-json\/wp\/v2\/categories?post=13024"},{"taxonomy":"post_tag","embeddable":true,"href":"https:\/\/www.agromundo.co\/blog\/wp-json\/wp\/v2\/tags?post=13024"}],"curies":[{"name":"wp","href":"https:\/\/api.w.org\/{rel}","templated":true}]}}