{"id":13064,"date":"2024-10-11T16:11:13","date_gmt":"2024-10-11T16:11:13","guid":{"rendered":"https:\/\/www.agromundo.co\/blog\/?p=13064"},"modified":"2024-10-11T16:11:13","modified_gmt":"2024-10-11T16:11:13","slug":"sostenibilidad-ganadera-seminario-en-valledupar","status":"publish","type":"post","link":"https:\/\/www.agromundo.co\/blog\/sostenibilidad-ganadera-seminario-en-valledupar\/","title":{"rendered":"Sostenibilidad ganadera. Seminario en Valledupar"},"content":{"rendered":"<p>Sostenibilidad ganadera<\/p>\n<div id=\"attachment_13065\" style=\"width: 310px\" class=\"wp-caption aligncenter\"><img aria-describedby=\"caption-attachment-13065\" loading=\"lazy\" class=\"wp-image-13065 size-medium\" src=\"http:\/\/www.agromundo.co\/blog\/wp-content\/uploads\/2024\/10\/Sostenibilidad-ganadera-300x118.png\" alt=\"Sostenibilidad ganadera\" width=\"300\" height=\"118\" srcset=\"https:\/\/www.agromundo.co\/blog\/wp-content\/uploads\/2024\/10\/Sostenibilidad-ganadera-300x118.png 300w, https:\/\/www.agromundo.co\/blog\/wp-content\/uploads\/2024\/10\/Sostenibilidad-ganadera.png 520w\" sizes=\"(max-width: 300px) 100vw, 300px\" \/><p id=\"caption-attachment-13065\" class=\"wp-caption-text\">Foto: eje21.com.co<\/p><\/div>\n<ul>\n<li><em>Este curso de formaci\u00f3n presencial es organizado por la Mesa de Ganader\u00eda Sostenible Caribe Seco, Tecnigan Cesar-Guajira de Fedeg\u00e1n, el Centro de Investigaci\u00f3n Motilonia de Agrosavia y la Universidad de Santander (UDES) sede Valledupar.<\/em><\/li>\n<\/ul>\n<p>El diplomado \u00abSostenibilidad en Agroecosistemas Ganaderos en el Caribe Seco con Perspectiva de G\u00e9nero\u00bb constituye una oportunidad para profesionales y productores del sector agropecuario que deseen conocer herramientas para mejorar la sostenibilidad de los sistemas productivos.<\/p>\n<p>El diplomado que iniciar\u00e1 el\u00a01 de noviembre de 2024\u00a0y terminar\u00e1 el\u00a07 de diciembre de 2024 est\u00e1 dise\u00f1ado para extensionistas, profesionales y productores del sector agropecuario y se llevar\u00e1 a cabo de forma\u00a0presencial\u00a0en la Universidad de Santander (UDES) sede Valledupar.<\/p>\n<p>El programa tiene 80 horas de duraci\u00f3n, divididas en jornadas los d\u00edas viernes, de 2:00 p.m. a 8:00 p.m., y los d\u00edas s\u00e1bados, de 6:00 a.m. a 2:00 p.m., facilitando la participaci\u00f3n de las personas que trabajan en el campo o tienen obligaciones laborales durante la semana. ((Lea en CONtexto Ganadero:\u00a0<a href=\"https:\/\/www.contextoganadero.com\/ganaderia-sostenible\/este-proyecto-busca-disminuir-la-emision-de-gases-de-efecto-invernadero-de-las-vacas-holstein-en-colombia\">Proyecto de Fedeg\u00e1n-Semex busca disminuir la emisi\u00f3n de GEI de las vacas holstein en Colombia<\/a>\u00a0)<\/p>\n<h4><strong>Metodolog\u00eda y estructura del programa de sostenibilidad ganadera:<\/strong><\/h4>\n<p>El diplomado est\u00e1 organizado en\u00a0<strong>3 m\u00f3dulos<\/strong>\u00a0principales, que abarcar\u00e1n tanto los aspectos t\u00e9cnicos de la sostenibilidad en agroecosistemas ganaderos, como componentes empresariales y la perspectiva de g\u00e9nero de la siguiente manera:<\/p>\n<ol>\n<li><strong>Primer m\u00f3dulo: bases para la sostenibilidad en agroecosistemas ganaderos.<\/strong><br \/>\nProporcionar\u00e1 los conocimientos b\u00e1sicos sobre el manejo eficiente y sostenible de los recursos naturales en sistemas ganaderos del Caribe seco, regi\u00f3n que se enfrenta a desaf\u00edos como la degradaci\u00f3n de suelos y la escasez de agua.<\/li>\n<li><strong>Segundo m\u00f3dulo: innovaci\u00f3n y tecnolog\u00edas para la ganader\u00eda sostenible.<\/strong><br \/>\nSe presentar\u00e1n las \u00faltimas tecnolog\u00edas y m\u00e9todos innovadores que se pueden aplicar en las fincas ganaderas, tales como la mejora de la gesti\u00f3n del agua, el uso de las energ\u00edas renovables y la optimizaci\u00f3n del manejo del ganado en los climas \u00e1ridos.<\/li>\n<li><strong>Tercer m\u00f3dulo: perspectiva de g\u00e9nero y el fortalecimiento empresarial en el sector ganadero.<\/strong><br \/>\nEste m\u00f3dulo es clave para el establecimiento de una visi\u00f3n inclusiva en el sector agropecuario, al abordar las barreras que han restringido la participaci\u00f3n de las mujeres y plantear alternativas que permitan su inclusi\u00f3n en la toma de decisiones y en la gesti\u00f3n de las fincas ganaderas.<\/li>\n<\/ol>\n<p><strong>Inscripciones y costo:<\/strong><\/p>\n<p>El diplomado tiene un costo de\u00a0$957.100, lo que incluye el material educativo y la participaci\u00f3n en las pr\u00e1cticas que se adelantar\u00e1n durante el curso.<\/p>\n<p>Las personas interesadas pueden inscribirse visitando el sitio web oficial de la Universidad de Santander en\u00a0<a href=\"https:\/\/valledupar.udes.edu.co\/\">valledupar.udes.edu.co<\/a><\/p>\n<p>&nbsp;<\/p>\n<p>Fuente: Adaptado de CONtexto ganadero.<\/p>\n<p>Lo invitamos a ver el siguiente video que muestra el alambre de p\u00faas pl\u00e1stico:<\/p>\n<p><iframe loading=\"lazy\" title=\"Alambre de p\u00faa pl\u00e1stico\" width=\"500\" height=\"281\" src=\"https:\/\/www.youtube.com\/embed\/9-GmS9T9msc?feature=oembed\" frameborder=\"0\" allow=\"accelerometer; autoplay; clipboard-write; encrypted-media; gyroscope; picture-in-picture; web-share\" referrerpolicy=\"strict-origin-when-cross-origin\" allowfullscreen><\/iframe><\/p>\n<p>Siga nuestro canal en Youtube para ver las \u00faltimas novedades en el Sector Agropecuario:<br \/>\n<script src=\"https:\/\/apis.google.com\/js\/platform.js\"><\/script><\/p>\n<div class=\"g-ytsubscribe\" data-channel=\"Agromundoco\" data-layout=\"full\" data-count=\"default\"><\/div>\n<p>Con el patrocinio de:<\/p>\n<div style=\"width: 131px\" class=\"wp-caption alignleft\"><a href=\"https:\/\/www.agromundo.co\/ventiladores-industriales-colombia.html\"><img loading=\"lazy\" class=\"wp-image-12451 size-full\" src=\"http:\/\/www.agromundo.co\/blog\/wp-content\/uploads\/2024\/01\/B-36.jpg\" alt=\"\" width=\"121\" height=\"120\" \/><\/a><p class=\"wp-caption-text\">Ventiladores y extractores de uso agropecuario<\/p><\/div>\n<p>&nbsp;<\/p>\n<\/div>\n<div id=\"attachment_12452\" style=\"width: 130px\" class=\"wp-caption alignright\"><a href=\"https:\/\/www.agromundo.co\/plastigoma-pisos-de-caucho.html\"><img aria-describedby=\"caption-attachment-12452\" loading=\"lazy\" class=\"wp-image-12452 size-full\" src=\"http:\/\/www.agromundo.co\/blog\/wp-content\/uploads\/2024\/01\/Pisos-para-salas-de-ordeno.jpg\" alt=\"\" width=\"120\" height=\"120\" \/><\/a><p id=\"caption-attachment-12452\" class=\"wp-caption-text\">Pisos de caucho vulcanizado para ganader\u00eda<\/p><\/div>\n","protected":false},"excerpt":{"rendered":"<p>Sostenibilidad ganadera Este curso de formaci\u00f3n presencial es organizado por la Mesa de Ganader\u00eda Sostenible Caribe Seco, Tecnigan Cesar-Guajira de Fedeg\u00e1n, el Centro de Investigaci\u00f3n Motilonia de Agrosavia y la Universidad de Santander (UDES) sede Valledupar. El diplomado \u00abSostenibilidad en Agroecosistemas Ganaderos en el Caribe Seco con Perspectiva de G\u00e9nero\u00bb constituye una oportunidad para profesionales [&hellip;]<\/p>\n","protected":false},"author":1,"featured_media":13065,"comment_status":"open","ping_status":"open","sticky":false,"template":"","format":"standard","meta":[],"categories":[22,7081,9,3,6],"tags":[7527,4079,390,4833],"yoast_head":"<!-- This site is optimized with the Yoast SEO plugin v17.3 - https:\/\/yoast.com\/wordpress\/plugins\/seo\/ -->\n<meta name=\"description\" content=\"Uno de los aspectos innovadores de este diplomado en sostenibilidad ganadera es la inclusi\u00f3n de la perspectiva de g\u00e9nero.\" \/>\n<meta name=\"robots\" content=\"index, follow, max-snippet:-1, max-image-preview:large, max-video-preview:-1\" \/>\n<link rel=\"canonical\" href=\"https:\/\/www.agromundo.co\/blog\/sostenibilidad-ganadera-seminario-en-valledupar\/\" \/>\n<meta property=\"og:locale\" content=\"es_ES\" \/>\n<meta property=\"og:type\" content=\"article\" \/>\n<meta property=\"og:title\" content=\"Sostenibilidad ganadera. Seminario en Valledupar - Notiagro\" \/>\n<meta property=\"og:description\" content=\"Uno de los aspectos innovadores de este diplomado en sostenibilidad ganadera es la inclusi\u00f3n de la perspectiva de g\u00e9nero.\" \/>\n<meta property=\"og:url\" content=\"https:\/\/www.agromundo.co\/blog\/sostenibilidad-ganadera-seminario-en-valledupar\/\" \/>\n<meta property=\"og:site_name\" content=\"Notiagro\" \/>\n<meta property=\"article:published_time\" content=\"2024-10-11T16:11:13+00:00\" \/>\n<meta property=\"og:image\" content=\"http:\/\/www.agromundo.co\/blog\/wp-content\/uploads\/2024\/10\/Sostenibilidad-ganadera.png\" \/>\n\t<meta property=\"og:image:width\" content=\"520\" \/>\n\t<meta property=\"og:image:height\" content=\"205\" \/>\n<meta name=\"twitter:label1\" content=\"Escrito por\" \/>\n\t<meta name=\"twitter:data1\" content=\"admin\" \/>\n\t<meta name=\"twitter:label2\" content=\"Tiempo de lectura\" \/>\n\t<meta name=\"twitter:data2\" content=\"3 minutos\" \/>\n<script type=\"application\/ld+json\" class=\"yoast-schema-graph\">{\"@context\":\"https:\/\/schema.org\",\"@graph\":[{\"@type\":\"WebSite\",\"@id\":\"https:\/\/www.agromundo.co\/blog\/#website\",\"url\":\"https:\/\/www.agromundo.co\/blog\/\",\"name\":\"Notiagro\",\"description\":\"Noticias y eventos sector agropecuario colombiano\",\"potentialAction\":[{\"@type\":\"SearchAction\",\"target\":{\"@type\":\"EntryPoint\",\"urlTemplate\":\"https:\/\/www.agromundo.co\/blog\/?s={search_term_string}\"},\"query-input\":\"required name=search_term_string\"}],\"inLanguage\":\"es\"},{\"@type\":\"ImageObject\",\"@id\":\"https:\/\/www.agromundo.co\/blog\/sostenibilidad-ganadera-seminario-en-valledupar\/#primaryimage\",\"inLanguage\":\"es\",\"url\":\"https:\/\/www.agromundo.co\/blog\/wp-content\/uploads\/2024\/10\/Sostenibilidad-ganadera.png\",\"contentUrl\":\"https:\/\/www.agromundo.co\/blog\/wp-content\/uploads\/2024\/10\/Sostenibilidad-ganadera.png\",\"width\":520,\"height\":205},{\"@type\":\"WebPage\",\"@id\":\"https:\/\/www.agromundo.co\/blog\/sostenibilidad-ganadera-seminario-en-valledupar\/#webpage\",\"url\":\"https:\/\/www.agromundo.co\/blog\/sostenibilidad-ganadera-seminario-en-valledupar\/\",\"name\":\"Sostenibilidad ganadera. Seminario en Valledupar - Notiagro\",\"isPartOf\":{\"@id\":\"https:\/\/www.agromundo.co\/blog\/#website\"},\"primaryImageOfPage\":{\"@id\":\"https:\/\/www.agromundo.co\/blog\/sostenibilidad-ganadera-seminario-en-valledupar\/#primaryimage\"},\"datePublished\":\"2024-10-11T16:11:13+00:00\",\"dateModified\":\"2024-10-11T16:11:13+00:00\",\"author\":{\"@id\":\"https:\/\/www.agromundo.co\/blog\/#\/schema\/person\/3e07d858c3c7a93ebf4ad3785559d35d\"},\"description\":\"Uno de los aspectos innovadores de este diplomado en sostenibilidad ganadera es la inclusi\\u00f3n de la perspectiva de g\\u00e9nero.\",\"breadcrumb\":{\"@id\":\"https:\/\/www.agromundo.co\/blog\/sostenibilidad-ganadera-seminario-en-valledupar\/#breadcrumb\"},\"inLanguage\":\"es\",\"potentialAction\":[{\"@type\":\"ReadAction\",\"target\":[\"https:\/\/www.agromundo.co\/blog\/sostenibilidad-ganadera-seminario-en-valledupar\/\"]}]},{\"@type\":\"BreadcrumbList\",\"@id\":\"https:\/\/www.agromundo.co\/blog\/sostenibilidad-ganadera-seminario-en-valledupar\/#breadcrumb\",\"itemListElement\":[{\"@type\":\"ListItem\",\"position\":1,\"name\":\"Portada\",\"item\":\"https:\/\/www.agromundo.co\/blog\/\"},{\"@type\":\"ListItem\",\"position\":2,\"name\":\"Sostenibilidad ganadera. Seminario en Valledupar\"}]},{\"@type\":\"Person\",\"@id\":\"https:\/\/www.agromundo.co\/blog\/#\/schema\/person\/3e07d858c3c7a93ebf4ad3785559d35d\",\"name\":\"admin\",\"image\":{\"@type\":\"ImageObject\",\"@id\":\"https:\/\/www.agromundo.co\/blog\/#personlogo\",\"inLanguage\":\"es\",\"url\":\"https:\/\/secure.gravatar.com\/avatar\/f990c4c6d966ea7f7bec9cc10bcda5ce?s=96&d=mm&r=g\",\"contentUrl\":\"https:\/\/secure.gravatar.com\/avatar\/f990c4c6d966ea7f7bec9cc10bcda5ce?s=96&d=mm&r=g\",\"caption\":\"admin\"},\"url\":\"https:\/\/www.agromundo.co\/blog\/author\/admin\/\"}]}<\/script>\n<!-- \/ Yoast SEO plugin. -->","yoast_head_json":{"description":"Uno de los aspectos innovadores de este diplomado en sostenibilidad ganadera es la inclusi\u00f3n de la perspectiva de g\u00e9nero.","robots":{"index":"index","follow":"follow","max-snippet":"max-snippet:-1","max-image-preview":"max-image-preview:large","max-video-preview":"max-video-preview:-1"},"canonical":"https:\/\/www.agromundo.co\/blog\/sostenibilidad-ganadera-seminario-en-valledupar\/","og_locale":"es_ES","og_type":"article","og_title":"Sostenibilidad ganadera. Seminario en Valledupar - Notiagro","og_description":"Uno de los aspectos innovadores de este diplomado en sostenibilidad ganadera es la inclusi\u00f3n de la perspectiva de g\u00e9nero.","og_url":"https:\/\/www.agromundo.co\/blog\/sostenibilidad-ganadera-seminario-en-valledupar\/","og_site_name":"Notiagro","article_published_time":"2024-10-11T16:11:13+00:00","og_image":[{"width":520,"height":205,"url":"http:\/\/www.agromundo.co\/blog\/wp-content\/uploads\/2024\/10\/Sostenibilidad-ganadera.png","type":"image\/png"}],"twitter_misc":{"Escrito por":"admin","Tiempo de lectura":"3 minutos"},"schema":{"@context":"https:\/\/schema.org","@graph":[{"@type":"WebSite","@id":"https:\/\/www.agromundo.co\/blog\/#website","url":"https:\/\/www.agromundo.co\/blog\/","name":"Notiagro","description":"Noticias y eventos sector agropecuario colombiano","potentialAction":[{"@type":"SearchAction","target":{"@type":"EntryPoint","urlTemplate":"https:\/\/www.agromundo.co\/blog\/?s={search_term_string}"},"query-input":"required name=search_term_string"}],"inLanguage":"es"},{"@type":"ImageObject","@id":"https:\/\/www.agromundo.co\/blog\/sostenibilidad-ganadera-seminario-en-valledupar\/#primaryimage","inLanguage":"es","url":"https:\/\/www.agromundo.co\/blog\/wp-content\/uploads\/2024\/10\/Sostenibilidad-ganadera.png","contentUrl":"https:\/\/www.agromundo.co\/blog\/wp-content\/uploads\/2024\/10\/Sostenibilidad-ganadera.png","width":520,"height":205},{"@type":"WebPage","@id":"https:\/\/www.agromundo.co\/blog\/sostenibilidad-ganadera-seminario-en-valledupar\/#webpage","url":"https:\/\/www.agromundo.co\/blog\/sostenibilidad-ganadera-seminario-en-valledupar\/","name":"Sostenibilidad ganadera. Seminario en Valledupar - Notiagro","isPartOf":{"@id":"https:\/\/www.agromundo.co\/blog\/#website"},"primaryImageOfPage":{"@id":"https:\/\/www.agromundo.co\/blog\/sostenibilidad-ganadera-seminario-en-valledupar\/#primaryimage"},"datePublished":"2024-10-11T16:11:13+00:00","dateModified":"2024-10-11T16:11:13+00:00","author":{"@id":"https:\/\/www.agromundo.co\/blog\/#\/schema\/person\/3e07d858c3c7a93ebf4ad3785559d35d"},"description":"Uno de los aspectos innovadores de este diplomado en sostenibilidad ganadera es la inclusi\u00f3n de la perspectiva de g\u00e9nero.","breadcrumb":{"@id":"https:\/\/www.agromundo.co\/blog\/sostenibilidad-ganadera-seminario-en-valledupar\/#breadcrumb"},"inLanguage":"es","potentialAction":[{"@type":"ReadAction","target":["https:\/\/www.agromundo.co\/blog\/sostenibilidad-ganadera-seminario-en-valledupar\/"]}]},{"@type":"BreadcrumbList","@id":"https:\/\/www.agromundo.co\/blog\/sostenibilidad-ganadera-seminario-en-valledupar\/#breadcrumb","itemListElement":[{"@type":"ListItem","position":1,"name":"Portada","item":"https:\/\/www.agromundo.co\/blog\/"},{"@type":"ListItem","position":2,"name":"Sostenibilidad ganadera. Seminario en Valledupar"}]},{"@type":"Person","@id":"https:\/\/www.agromundo.co\/blog\/#\/schema\/person\/3e07d858c3c7a93ebf4ad3785559d35d","name":"admin","image":{"@type":"ImageObject","@id":"https:\/\/www.agromundo.co\/blog\/#personlogo","inLanguage":"es","url":"https:\/\/secure.gravatar.com\/avatar\/f990c4c6d966ea7f7bec9cc10bcda5ce?s=96&d=mm&r=g","contentUrl":"https:\/\/secure.gravatar.com\/avatar\/f990c4c6d966ea7f7bec9cc10bcda5ce?s=96&d=mm&r=g","caption":"admin"},"url":"https:\/\/www.agromundo.co\/blog\/author\/admin\/"}]}},"_links":{"self":[{"href":"https:\/\/www.agromundo.co\/blog\/wp-json\/wp\/v2\/posts\/13064"}],"collection":[{"href":"https:\/\/www.agromundo.co\/blog\/wp-json\/wp\/v2\/posts"}],"about":[{"href":"https:\/\/www.agromundo.co\/blog\/wp-json\/wp\/v2\/types\/post"}],"author":[{"embeddable":true,"href":"https:\/\/www.agromundo.co\/blog\/wp-json\/wp\/v2\/users\/1"}],"replies":[{"embeddable":true,"href":"https:\/\/www.agromundo.co\/blog\/wp-json\/wp\/v2\/comments?post=13064"}],"version-history":[{"count":1,"href":"https:\/\/www.agromundo.co\/blog\/wp-json\/wp\/v2\/posts\/13064\/revisions"}],"predecessor-version":[{"id":13066,"href":"https:\/\/www.agromundo.co\/blog\/wp-json\/wp\/v2\/posts\/13064\/revisions\/13066"}],"wp:featuredmedia":[{"embeddable":true,"href":"https:\/\/www.agromundo.co\/blog\/wp-json\/wp\/v2\/media\/13065"}],"wp:attachment":[{"href":"https:\/\/www.agromundo.co\/blog\/wp-json\/wp\/v2\/media?parent=13064"}],"wp:term":[{"taxonomy":"category","embeddable":true,"href":"https:\/\/www.agromundo.co\/blog\/wp-json\/wp\/v2\/categories?post=13064"},{"taxonomy":"post_tag","embeddable":true,"href":"https:\/\/www.agromundo.co\/blog\/wp-json\/wp\/v2\/tags?post=13064"}],"curies":[{"name":"wp","href":"https:\/\/api.w.org\/{rel}","templated":true}]}}