{"id":13081,"date":"2024-10-21T16:01:50","date_gmt":"2024-10-21T16:01:50","guid":{"rendered":"https:\/\/www.agromundo.co\/blog\/?p=13081"},"modified":"2024-10-21T16:01:50","modified_gmt":"2024-10-21T16:01:50","slug":"gira-virtual-ganadera-del-eje-cafetero","status":"publish","type":"post","link":"https:\/\/www.agromundo.co\/blog\/gira-virtual-ganadera-del-eje-cafetero\/","title":{"rendered":"Gira virtual ganadera del Eje Cafetero"},"content":{"rendered":"<p>Gira virtual<\/p>\n<div id=\"attachment_13082\" style=\"width: 310px\" class=\"wp-caption aligncenter\"><img aria-describedby=\"caption-attachment-13082\" loading=\"lazy\" class=\"wp-image-13082 size-medium\" src=\"http:\/\/www.agromundo.co\/blog\/wp-content\/uploads\/2024\/10\/Gira-virtual-ganadera-300x118.png\" alt=\"Gira virtual ganadera\" width=\"300\" height=\"118\" srcset=\"https:\/\/www.agromundo.co\/blog\/wp-content\/uploads\/2024\/10\/Gira-virtual-ganadera-300x118.png 300w, https:\/\/www.agromundo.co\/blog\/wp-content\/uploads\/2024\/10\/Gira-virtual-ganadera.png 520w\" sizes=\"(max-width: 300px) 100vw, 300px\" \/><p id=\"caption-attachment-13082\" class=\"wp-caption-text\">Foto: Fedeg\u00e1n FNG<\/p><\/div>\n<ul>\n<li><em>Por el canal de YouTube de Fedeg\u00e1n, los empresarios ganaderos podr\u00e1n conocer la Gira Ganadera por el Eje Cafetero y las ense\u00f1anzas que comparten cada una de las experiencias ganaderas.<\/em><\/li>\n<\/ul>\n<p>La Federaci\u00f3n Colombiana de Ganaderos abre las puertas a una nueva versi\u00f3n de su emblem\u00e1tica Gira Ganadera, de manera virtual, para acercar a los interesados a las pr\u00e1cticas m\u00e1s tradicionales e innovadoras de la ganader\u00eda en el Eje Cafetero colombiano. Los cap\u00edtulos se transmitir\u00e1n en directo por el canal de YouTube de la entidad. El primer cap\u00edtulo se transmitir\u00e1 el 22 de octubre a partir de las 4:00 p. m.<\/p>\n<h4><strong>Con\u00e9ctese a la transmisi\u00f3n del Cap\u00edtulo 1:<\/strong><\/h4>\n<p>La\u00a0<strong>Hacienda El Empedrado<\/strong>\u00a0ser\u00e1 la protagonista del primer cap\u00edtulo. Esta hacienda lechera especializada en ganado Girolando se ha consolidado como una pionera en la importaci\u00f3n de animales en Colombia.<\/p>\n<p>Su trabajo se enfoca en el mejoramiento la calidad gen\u00e9tica del hato. Cuenta con los 2 \u00fanicos clones del\u00a0toro Sansao, uno de los m\u00e1s destacados ejemplares de la raza gyr, a nivel mundial.<\/p>\n<p>Su legado ganadero, apoyado en una profunda tradici\u00f3n familiar, combina el conocimiento tradicional con el uso de tecnolog\u00edas avanzadas, lo que la convierte en un referente nacional.<\/p>\n<p>El mismo d\u00eda, los espectadores tambi\u00e9n podr\u00e1n conocer la\u00a0<strong>Hacienda Las Galias<\/strong>, localizada en la misma regi\u00f3n.<\/p>\n<p>Con m\u00e1s de un siglo de experiencia, esta finca se ha especializado en la cr\u00eda de ganado Nelore puro, que se caracteriza por su rusticidad y adaptaci\u00f3n a diferentes climas.<\/p>\n<p>Las Galias ha sido una de las primeras haciendas en Colombia en establecer la genotipificaci\u00f3n del Nelore, en estrecha colaboraci\u00f3n con expertos de la Asociaci\u00f3n Nacional de Criadores y Productores de Brasil (ANCP), lo que les ha permitido evolucionar en la selecci\u00f3n gen\u00e9tica y el mejoramiento de sus animales.<\/p>\n<h4><strong>Cap\u00edtulo 2: 23 de octubre:<\/strong><\/h4>\n<p>Al siguiente d\u00eda, en el recorrido virtual se presentar\u00e1 la\u00a0<strong>Hacienda La Caba\u00f1a<\/strong>.<\/p>\n<p>Esta finca se destaca por el enfoque en el mejoramiento gen\u00e9tico de razas como Brangus rojo y negro, adem\u00e1s de utilizar tecnolog\u00edas de \u00faltima generaci\u00f3n en la producci\u00f3n ganadera.<\/p>\n<p>Por su parte, <strong>La Macana<\/strong>, es una hacienda especializada en el cruce de gyrolando y gyrolando plus. Se destaca por su programa de sostenibilidad y el aprovechamiento de residuos, que combina las pr\u00e1cticas tradicionales con la incorporaci\u00f3n de avances cient\u00edficos.<\/p>\n<h4><strong>Detalles de la gira virtual:<\/strong><\/h4>\n<p>Durante 5 d\u00edas,\u00a0300 ganaderos\u00a0de diferentes regiones del pa\u00eds conocieron estas fincas, aprendiendo sobre sus modelos de producci\u00f3n y las buenas pr\u00e1cticas que han establecido para mejorar la eficiencia y la sostenibilidad de sus operaciones.<\/p>\n<p>Entre las ganader\u00edas que tambi\u00e9n fueron visitadas en esta edici\u00f3n est\u00e1n la\u00a0<strong>Hacienda Alejandr\u00eda<\/strong>, en el municipio de Armenia y la\u00a0<strong>Hacienda San Jos\u00e9<\/strong>, reconocida por su trabajo ganadero en el Eje Cafetero.<\/p>\n<p>Estas explotaciones ganaderas, junto con las dem\u00e1s que hacen parte de la gira, han mostrado c\u00f3mo el empleo de razas adaptadas a las condiciones particulares, como el Gyr, Nelore, Girolando, Wagyu y Brangus, puede ser clave para la competitividad del sector en los mercados nacional e internacional.<\/p>\n<p>La Gira Virtual Ganadera por el Eje Cafetero 2024, sin duda constituye una gran oportunidad para que los productores ganaderos del pa\u00eds y los interesados en el sector conozcan de primera mano experiencias y aprendizajes de quienes se encuentran a la vanguardia de la ganader\u00eda en Colombia.<\/p>\n<p>&nbsp;<\/p>\n<p>Fuente: Adaptado de CONtexto ganadero.<\/p>\n<p>Lo invitamos a ver el siguiente video que muestra un equipo de orde\u00f1o fijo:<\/p>\n<p><iframe loading=\"lazy\" title=\"Equipo de orde\u00f1o fijo marca FLACO - Eurorde\u00f1o\" width=\"500\" height=\"281\" src=\"https:\/\/www.youtube.com\/embed\/FSc582EXww4?feature=oembed\" frameborder=\"0\" allow=\"accelerometer; autoplay; clipboard-write; encrypted-media; gyroscope; picture-in-picture; web-share\" referrerpolicy=\"strict-origin-when-cross-origin\" allowfullscreen><\/iframe><\/p>\n<p>Siga nuestro canal en Youtube para ver las \u00faltimas novedades en el Sector Agropecuario:<br \/>\n<script src=\"https:\/\/apis.google.com\/js\/platform.js\"><\/script><\/p>\n<div class=\"g-ytsubscribe\" data-channel=\"Agromundoco\" data-layout=\"full\" data-count=\"default\"><\/div>\n<p>Con el patrocinio de:<\/p>\n<div id=\"attachment_12451\" style=\"width: 131px\" class=\"wp-caption alignleft\"><a href=\"https:\/\/www.agromundo.co\/ventiladores-industriales-colombia.html\"><img aria-describedby=\"caption-attachment-12451\" loading=\"lazy\" class=\"wp-image-12451 size-full\" src=\"http:\/\/www.agromundo.co\/blog\/wp-content\/uploads\/2024\/01\/B-36.jpg\" alt=\"\" width=\"121\" height=\"120\" \/><\/a><p id=\"caption-attachment-12451\" class=\"wp-caption-text\">Ventiladores y extractores de uso agropecuario<\/p><\/div>\n<div id=\"attachment_12452\" style=\"width: 130px\" class=\"wp-caption alignright\"><a href=\"https:\/\/www.agromundo.co\/plastigoma-pisos-de-caucho.html\"><img aria-describedby=\"caption-attachment-12452\" loading=\"lazy\" class=\"wp-image-12452 size-full\" src=\"http:\/\/www.agromundo.co\/blog\/wp-content\/uploads\/2024\/01\/Pisos-para-salas-de-ordeno.jpg\" alt=\"\" width=\"120\" height=\"120\" \/><\/a><p id=\"caption-attachment-12452\" class=\"wp-caption-text\">Pisos de caucho vulcanizado para ganader\u00eda<\/p><\/div>\n","protected":false},"excerpt":{"rendered":"<p>Gira virtual Por el canal de YouTube de Fedeg\u00e1n, los empresarios ganaderos podr\u00e1n conocer la Gira Ganadera por el Eje Cafetero y las ense\u00f1anzas que comparten cada una de las experiencias ganaderas. La Federaci\u00f3n Colombiana de Ganaderos abre las puertas a una nueva versi\u00f3n de su emblem\u00e1tica Gira Ganadera, de manera virtual, para acercar a [&hellip;]<\/p>\n","protected":false},"author":1,"featured_media":13082,"comment_status":"open","ping_status":"open","sticky":false,"template":"","format":"standard","meta":[],"categories":[7081,2843,3,6],"tags":[7536,7539,1756,3833,7538,4875,7537],"yoast_head":"<!-- This site is optimized with the Yoast SEO plugin v17.3 - https:\/\/yoast.com\/wordpress\/plugins\/seo\/ -->\n<meta name=\"description\" content=\"Por medio del canal de YouTube de Fedeg\u00e1n, los empresarios ganaderos podr\u00e1n participar en la Gira Virtual Ganadera por el Eje Cafetero.\" \/>\n<meta name=\"robots\" content=\"index, follow, max-snippet:-1, max-image-preview:large, max-video-preview:-1\" \/>\n<link rel=\"canonical\" href=\"https:\/\/www.agromundo.co\/blog\/gira-virtual-ganadera-del-eje-cafetero\/\" \/>\n<meta property=\"og:locale\" content=\"es_ES\" \/>\n<meta property=\"og:type\" content=\"article\" \/>\n<meta property=\"og:title\" content=\"Gira virtual ganadera del Eje Cafetero - Notiagro\" \/>\n<meta property=\"og:description\" content=\"Por medio del canal de YouTube de Fedeg\u00e1n, los empresarios ganaderos podr\u00e1n participar en la Gira Virtual Ganadera por el Eje Cafetero.\" \/>\n<meta property=\"og:url\" content=\"https:\/\/www.agromundo.co\/blog\/gira-virtual-ganadera-del-eje-cafetero\/\" \/>\n<meta property=\"og:site_name\" content=\"Notiagro\" \/>\n<meta property=\"article:published_time\" content=\"2024-10-21T16:01:50+00:00\" \/>\n<meta property=\"og:image\" content=\"http:\/\/www.agromundo.co\/blog\/wp-content\/uploads\/2024\/10\/Gira-virtual-ganadera.png\" \/>\n\t<meta property=\"og:image:width\" content=\"520\" \/>\n\t<meta property=\"og:image:height\" content=\"205\" \/>\n<meta name=\"twitter:label1\" content=\"Escrito por\" \/>\n\t<meta name=\"twitter:data1\" content=\"admin\" \/>\n\t<meta name=\"twitter:label2\" content=\"Tiempo de lectura\" \/>\n\t<meta name=\"twitter:data2\" content=\"4 minutos\" \/>\n<script type=\"application\/ld+json\" class=\"yoast-schema-graph\">{\"@context\":\"https:\/\/schema.org\",\"@graph\":[{\"@type\":\"WebSite\",\"@id\":\"https:\/\/www.agromundo.co\/blog\/#website\",\"url\":\"https:\/\/www.agromundo.co\/blog\/\",\"name\":\"Notiagro\",\"description\":\"Noticias y eventos sector agropecuario colombiano\",\"potentialAction\":[{\"@type\":\"SearchAction\",\"target\":{\"@type\":\"EntryPoint\",\"urlTemplate\":\"https:\/\/www.agromundo.co\/blog\/?s={search_term_string}\"},\"query-input\":\"required name=search_term_string\"}],\"inLanguage\":\"es\"},{\"@type\":\"ImageObject\",\"@id\":\"https:\/\/www.agromundo.co\/blog\/gira-virtual-ganadera-del-eje-cafetero\/#primaryimage\",\"inLanguage\":\"es\",\"url\":\"https:\/\/www.agromundo.co\/blog\/wp-content\/uploads\/2024\/10\/Gira-virtual-ganadera.png\",\"contentUrl\":\"https:\/\/www.agromundo.co\/blog\/wp-content\/uploads\/2024\/10\/Gira-virtual-ganadera.png\",\"width\":520,\"height\":205},{\"@type\":\"WebPage\",\"@id\":\"https:\/\/www.agromundo.co\/blog\/gira-virtual-ganadera-del-eje-cafetero\/#webpage\",\"url\":\"https:\/\/www.agromundo.co\/blog\/gira-virtual-ganadera-del-eje-cafetero\/\",\"name\":\"Gira virtual ganadera del Eje Cafetero - Notiagro\",\"isPartOf\":{\"@id\":\"https:\/\/www.agromundo.co\/blog\/#website\"},\"primaryImageOfPage\":{\"@id\":\"https:\/\/www.agromundo.co\/blog\/gira-virtual-ganadera-del-eje-cafetero\/#primaryimage\"},\"datePublished\":\"2024-10-21T16:01:50+00:00\",\"dateModified\":\"2024-10-21T16:01:50+00:00\",\"author\":{\"@id\":\"https:\/\/www.agromundo.co\/blog\/#\/schema\/person\/3e07d858c3c7a93ebf4ad3785559d35d\"},\"description\":\"Por medio del canal de YouTube de Fedeg\\u00e1n, los empresarios ganaderos podr\\u00e1n participar en la Gira Virtual Ganadera por el Eje Cafetero.\",\"breadcrumb\":{\"@id\":\"https:\/\/www.agromundo.co\/blog\/gira-virtual-ganadera-del-eje-cafetero\/#breadcrumb\"},\"inLanguage\":\"es\",\"potentialAction\":[{\"@type\":\"ReadAction\",\"target\":[\"https:\/\/www.agromundo.co\/blog\/gira-virtual-ganadera-del-eje-cafetero\/\"]}]},{\"@type\":\"BreadcrumbList\",\"@id\":\"https:\/\/www.agromundo.co\/blog\/gira-virtual-ganadera-del-eje-cafetero\/#breadcrumb\",\"itemListElement\":[{\"@type\":\"ListItem\",\"position\":1,\"name\":\"Portada\",\"item\":\"https:\/\/www.agromundo.co\/blog\/\"},{\"@type\":\"ListItem\",\"position\":2,\"name\":\"Gira virtual ganadera del Eje Cafetero\"}]},{\"@type\":\"Person\",\"@id\":\"https:\/\/www.agromundo.co\/blog\/#\/schema\/person\/3e07d858c3c7a93ebf4ad3785559d35d\",\"name\":\"admin\",\"image\":{\"@type\":\"ImageObject\",\"@id\":\"https:\/\/www.agromundo.co\/blog\/#personlogo\",\"inLanguage\":\"es\",\"url\":\"https:\/\/secure.gravatar.com\/avatar\/f990c4c6d966ea7f7bec9cc10bcda5ce?s=96&d=mm&r=g\",\"contentUrl\":\"https:\/\/secure.gravatar.com\/avatar\/f990c4c6d966ea7f7bec9cc10bcda5ce?s=96&d=mm&r=g\",\"caption\":\"admin\"},\"url\":\"https:\/\/www.agromundo.co\/blog\/author\/admin\/\"}]}<\/script>\n<!-- \/ Yoast SEO plugin. -->","yoast_head_json":{"description":"Por medio del canal de YouTube de Fedeg\u00e1n, los empresarios ganaderos podr\u00e1n participar en la Gira Virtual Ganadera por el Eje Cafetero.","robots":{"index":"index","follow":"follow","max-snippet":"max-snippet:-1","max-image-preview":"max-image-preview:large","max-video-preview":"max-video-preview:-1"},"canonical":"https:\/\/www.agromundo.co\/blog\/gira-virtual-ganadera-del-eje-cafetero\/","og_locale":"es_ES","og_type":"article","og_title":"Gira virtual ganadera del Eje Cafetero - Notiagro","og_description":"Por medio del canal de YouTube de Fedeg\u00e1n, los empresarios ganaderos podr\u00e1n participar en la Gira Virtual Ganadera por el Eje Cafetero.","og_url":"https:\/\/www.agromundo.co\/blog\/gira-virtual-ganadera-del-eje-cafetero\/","og_site_name":"Notiagro","article_published_time":"2024-10-21T16:01:50+00:00","og_image":[{"width":520,"height":205,"url":"http:\/\/www.agromundo.co\/blog\/wp-content\/uploads\/2024\/10\/Gira-virtual-ganadera.png","type":"image\/png"}],"twitter_misc":{"Escrito por":"admin","Tiempo de lectura":"4 minutos"},"schema":{"@context":"https:\/\/schema.org","@graph":[{"@type":"WebSite","@id":"https:\/\/www.agromundo.co\/blog\/#website","url":"https:\/\/www.agromundo.co\/blog\/","name":"Notiagro","description":"Noticias y eventos sector agropecuario colombiano","potentialAction":[{"@type":"SearchAction","target":{"@type":"EntryPoint","urlTemplate":"https:\/\/www.agromundo.co\/blog\/?s={search_term_string}"},"query-input":"required name=search_term_string"}],"inLanguage":"es"},{"@type":"ImageObject","@id":"https:\/\/www.agromundo.co\/blog\/gira-virtual-ganadera-del-eje-cafetero\/#primaryimage","inLanguage":"es","url":"https:\/\/www.agromundo.co\/blog\/wp-content\/uploads\/2024\/10\/Gira-virtual-ganadera.png","contentUrl":"https:\/\/www.agromundo.co\/blog\/wp-content\/uploads\/2024\/10\/Gira-virtual-ganadera.png","width":520,"height":205},{"@type":"WebPage","@id":"https:\/\/www.agromundo.co\/blog\/gira-virtual-ganadera-del-eje-cafetero\/#webpage","url":"https:\/\/www.agromundo.co\/blog\/gira-virtual-ganadera-del-eje-cafetero\/","name":"Gira virtual ganadera del Eje Cafetero - Notiagro","isPartOf":{"@id":"https:\/\/www.agromundo.co\/blog\/#website"},"primaryImageOfPage":{"@id":"https:\/\/www.agromundo.co\/blog\/gira-virtual-ganadera-del-eje-cafetero\/#primaryimage"},"datePublished":"2024-10-21T16:01:50+00:00","dateModified":"2024-10-21T16:01:50+00:00","author":{"@id":"https:\/\/www.agromundo.co\/blog\/#\/schema\/person\/3e07d858c3c7a93ebf4ad3785559d35d"},"description":"Por medio del canal de YouTube de Fedeg\u00e1n, los empresarios ganaderos podr\u00e1n participar en la Gira Virtual Ganadera por el Eje Cafetero.","breadcrumb":{"@id":"https:\/\/www.agromundo.co\/blog\/gira-virtual-ganadera-del-eje-cafetero\/#breadcrumb"},"inLanguage":"es","potentialAction":[{"@type":"ReadAction","target":["https:\/\/www.agromundo.co\/blog\/gira-virtual-ganadera-del-eje-cafetero\/"]}]},{"@type":"BreadcrumbList","@id":"https:\/\/www.agromundo.co\/blog\/gira-virtual-ganadera-del-eje-cafetero\/#breadcrumb","itemListElement":[{"@type":"ListItem","position":1,"name":"Portada","item":"https:\/\/www.agromundo.co\/blog\/"},{"@type":"ListItem","position":2,"name":"Gira virtual ganadera del Eje Cafetero"}]},{"@type":"Person","@id":"https:\/\/www.agromundo.co\/blog\/#\/schema\/person\/3e07d858c3c7a93ebf4ad3785559d35d","name":"admin","image":{"@type":"ImageObject","@id":"https:\/\/www.agromundo.co\/blog\/#personlogo","inLanguage":"es","url":"https:\/\/secure.gravatar.com\/avatar\/f990c4c6d966ea7f7bec9cc10bcda5ce?s=96&d=mm&r=g","contentUrl":"https:\/\/secure.gravatar.com\/avatar\/f990c4c6d966ea7f7bec9cc10bcda5ce?s=96&d=mm&r=g","caption":"admin"},"url":"https:\/\/www.agromundo.co\/blog\/author\/admin\/"}]}},"_links":{"self":[{"href":"https:\/\/www.agromundo.co\/blog\/wp-json\/wp\/v2\/posts\/13081"}],"collection":[{"href":"https:\/\/www.agromundo.co\/blog\/wp-json\/wp\/v2\/posts"}],"about":[{"href":"https:\/\/www.agromundo.co\/blog\/wp-json\/wp\/v2\/types\/post"}],"author":[{"embeddable":true,"href":"https:\/\/www.agromundo.co\/blog\/wp-json\/wp\/v2\/users\/1"}],"replies":[{"embeddable":true,"href":"https:\/\/www.agromundo.co\/blog\/wp-json\/wp\/v2\/comments?post=13081"}],"version-history":[{"count":1,"href":"https:\/\/www.agromundo.co\/blog\/wp-json\/wp\/v2\/posts\/13081\/revisions"}],"predecessor-version":[{"id":13083,"href":"https:\/\/www.agromundo.co\/blog\/wp-json\/wp\/v2\/posts\/13081\/revisions\/13083"}],"wp:featuredmedia":[{"embeddable":true,"href":"https:\/\/www.agromundo.co\/blog\/wp-json\/wp\/v2\/media\/13082"}],"wp:attachment":[{"href":"https:\/\/www.agromundo.co\/blog\/wp-json\/wp\/v2\/media?parent=13081"}],"wp:term":[{"taxonomy":"category","embeddable":true,"href":"https:\/\/www.agromundo.co\/blog\/wp-json\/wp\/v2\/categories?post=13081"},{"taxonomy":"post_tag","embeddable":true,"href":"https:\/\/www.agromundo.co\/blog\/wp-json\/wp\/v2\/tags?post=13081"}],"curies":[{"name":"wp","href":"https:\/\/api.w.org\/{rel}","templated":true}]}}