{"id":13198,"date":"2024-12-12T16:14:46","date_gmt":"2024-12-12T16:14:46","guid":{"rendered":"https:\/\/www.agromundo.co\/blog\/?p=13198"},"modified":"2024-12-12T16:19:22","modified_gmt":"2024-12-12T16:19:22","slug":"suplementacion-de-caballos-cuando-hacerla","status":"publish","type":"post","link":"https:\/\/www.agromundo.co\/blog\/suplementacion-de-caballos-cuando-hacerla\/","title":{"rendered":"Suplementaci\u00f3n de caballos. Cu\u00e1ndo hacerla"},"content":{"rendered":"<p>Suplementaci\u00f3n de caballos<\/p>\n<div id=\"attachment_13199\" style=\"width: 310px\" class=\"wp-caption aligncenter\"><img aria-describedby=\"caption-attachment-13199\" loading=\"lazy\" class=\"wp-image-13199 size-medium\" src=\"http:\/\/www.agromundo.co\/blog\/wp-content\/uploads\/2024\/12\/Suplementacion-de-caballos-300x169.png\" alt=\"Suplementaci\u00f3n de caballos\" width=\"300\" height=\"169\" srcset=\"https:\/\/www.agromundo.co\/blog\/wp-content\/uploads\/2024\/12\/Suplementacion-de-caballos-300x169.png 300w, https:\/\/www.agromundo.co\/blog\/wp-content\/uploads\/2024\/12\/Suplementacion-de-caballos.png 364w\" sizes=\"(max-width: 300px) 100vw, 300px\" \/><p id=\"caption-attachment-13199\" class=\"wp-caption-text\">Foto: Asdesilla<\/p><\/div>\n<p>Cuidar un caballo es una tarea simple, pero que se debe realizar de forma adecuada para obtener los mejores beneficios y el buen desempe\u00f1o del animal. En la dieta de un equino, el alimento fundamental es la base forrajera, es decir, pasto fresco, de corte, de pastoreo o verificado.<\/p>\n<p>Adem\u00e1s,<strong>\u00a0<\/strong>debe contar con agua fresca y a disposici\u00f3n permanente.\u00a0El forraje, que tambi\u00e9n debe estar a en todo momento a disposici\u00f3n del animal, es la fuente natural de energ\u00eda para los caballos.<\/p>\n<p>Por esto, este alimento debe estar a voluntad del equino siempre y que el ejemplar est\u00e9 en ayuno el menor tiempo posible. Cuando el caballo no tiene el forraje a disposici\u00f3n, se predispone a lo que se conoce como \u201cvicios de pesebrera\u201d.<\/p>\n<p>El ingeniero agropecuario y consultor de Equiforma Premex, Juan Fernando Mej\u00eda, manifest\u00f3 que en cuanto a la suplementaci\u00f3n de caballos, lo \u00fanico que recomienda, de forma permanente, es la sal mineralizada formulada para caballos.<\/p>\n<p>Esta sal representa solamente entre el 1,5% y el 2,0% del costo de tenencia de un caballo. El adecuado suministro de este suplemento mejora la condici\u00f3n corporal del equino, la integridad intestinal, la inmunidad y su reproducci\u00f3n.<\/p>\n<p style=\"text-align: center;\"><img loading=\"lazy\" class=\"alignnone wp-image-13202\" src=\"http:\/\/www.agromundo.co\/blog\/wp-content\/uploads\/2024\/12\/Suplementacion-2-1-300x250.png\" alt=\"Suplementaci\u00f3n de caballos\" width=\"542\" height=\"452\" srcset=\"https:\/\/www.agromundo.co\/blog\/wp-content\/uploads\/2024\/12\/Suplementacion-2-1-300x250.png 300w, https:\/\/www.agromundo.co\/blog\/wp-content\/uploads\/2024\/12\/Suplementacion-2-1-1024x853.png 1024w, https:\/\/www.agromundo.co\/blog\/wp-content\/uploads\/2024\/12\/Suplementacion-2-1-768x640.png 768w, https:\/\/www.agromundo.co\/blog\/wp-content\/uploads\/2024\/12\/Suplementacion-2-1.png 1080w\" sizes=\"(max-width: 542px) 100vw, 542px\" \/><\/p>\n<p>Otro aspecto a considerar son los diferentes tipos de alimentos concentrados o balanceados.\u00a0De ellos hay una variada gama de productos que aportan diferentes niveles de energ\u00eda y otros espec\u00edficos para las diferentes etapas como la lactancia, el crecimiento y desarrollo, el caballo con poca actividad f\u00edsica y el de alto rendimiento deportivo.<\/p>\n<h4><strong>Alimentaci\u00f3n en la etapa gestante:<\/strong><\/h4>\n<p>La gestaci\u00f3n tiene 2 etapas fundamentales para una suplementaci\u00f3n de caballos estrat\u00e9gica. La primera son los 3 meses iniciales. En ella se produce la organog\u00e9nesis, que corresponde a la formaci\u00f3n inicial de los \u00f3rganos.<\/p>\n<p>Ya despu\u00e9s del nacimiento, durante los primeros meses de vida, es muy importante una lactancia estricta. Cuando el potro ya tiene una buena formaci\u00f3n de su est\u00f3mago e intestino, puede acceder al forraje y al alimento balanceado.<\/p>\n<p>La suplementaci\u00f3n de caballos vitam\u00ednica y mineral puede empezar luego del primer mes de vida si hay deficiencia de la producci\u00f3n de leche de la yegua.\u00a0Lo recomendado es hacerlo desde el tercer mes.<\/p>\n<p><strong>\u00a0<\/strong><\/p>\n<p>Fuente: Adaptado de Agronegocios de La Rep\u00fablica. Autor: Rafael Gonz\u00e1lez.<\/p>\n<p>Lo invitamos a ver el siguiente video que muestra una competencia de vcaballos de tiro pesado:<\/p>\n<p><iframe loading=\"lazy\" title=\"Competencias Caballos de Tiro Pesado Agroexpo 2013\" width=\"500\" height=\"281\" src=\"https:\/\/www.youtube.com\/embed\/tMVfU4uQhmc?feature=oembed\" frameborder=\"0\" allow=\"accelerometer; autoplay; clipboard-write; encrypted-media; gyroscope; picture-in-picture; web-share\" referrerpolicy=\"strict-origin-when-cross-origin\" allowfullscreen><\/iframe><\/p>\n<p>Siga nuestro canal en Youtube para ver las \u00faltimas novedades en el Sector Agropecuario:<br \/>\n<script src=\"https:\/\/apis.google.com\/js\/platform.js\"><\/script><\/p>\n<div class=\"g-ytsubscribe\" data-channel=\"Agromundoco\" data-layout=\"full\" data-count=\"default\"><\/div>\n<p>Con el patrocinio de:<\/p>\n<div id=\"attachment_12451\" style=\"width: 131px\" class=\"wp-caption alignleft\"><a href=\"https:\/\/www.agromundo.co\/ventiladores-industriales-colombia.html\"><img aria-describedby=\"caption-attachment-12451\" loading=\"lazy\" class=\"wp-image-12451 size-full\" src=\"http:\/\/www.agromundo.co\/blog\/wp-content\/uploads\/2024\/01\/B-36.jpg\" alt=\"\" width=\"121\" height=\"120\" \/><\/a><p id=\"caption-attachment-12451\" class=\"wp-caption-text\">Ventiladores y extractores de uso agropecuario<\/p><\/div>\n<div id=\"attachment_12591\" style=\"width: 130px\" class=\"wp-caption alignright\"><a href=\"https:\/\/www.agromundo.co\/plastigoma-pisos-de-caucho.html\"><img aria-describedby=\"caption-attachment-12591\" loading=\"lazy\" class=\"wp-image-12591 size-full\" src=\"http:\/\/www.agromundo.co\/blog\/wp-content\/uploads\/2024\/03\/Pisos-de-caucho-vulcanizado-para-pesebreras.jpg\" alt=\"\" width=\"120\" height=\"120\" \/><\/a><p id=\"caption-attachment-12591\" class=\"wp-caption-text\">Pisos de caucho vulcanizado para ganader\u00eda<\/p><\/div>\n","protected":false},"excerpt":{"rendered":"<p>Suplementaci\u00f3n de caballos Cuidar un caballo es una tarea simple, pero que se debe realizar de forma adecuada para obtener los mejores beneficios y el buen desempe\u00f1o del animal. En la dieta de un equino, el alimento fundamental es la base forrajera, es decir, pasto fresco, de corte, de pastoreo o verificado. Adem\u00e1s,\u00a0debe contar con [&hellip;]<\/p>\n","protected":false},"author":1,"featured_media":13199,"comment_status":"open","ping_status":"open","sticky":false,"template":"","format":"standard","meta":[],"categories":[7002,3,6],"tags":[5606,3150,7631,7630],"yoast_head":"<!-- This site is optimized with the Yoast SEO plugin v17.3 - https:\/\/yoast.com\/wordpress\/plugins\/seo\/ -->\n<meta name=\"description\" content=\"La suplementaci\u00f3n de caballos mineral y vitam\u00ednica puede iniciar luego del primer mes de vida si hay deficiencia en la producci\u00f3n de leche de la yegua.\" \/>\n<meta name=\"robots\" content=\"index, follow, max-snippet:-1, max-image-preview:large, max-video-preview:-1\" \/>\n<link rel=\"canonical\" href=\"https:\/\/www.agromundo.co\/blog\/suplementacion-de-caballos-cuando-hacerla\/\" \/>\n<meta property=\"og:locale\" content=\"es_ES\" \/>\n<meta property=\"og:type\" content=\"article\" \/>\n<meta property=\"og:title\" content=\"Suplementaci\u00f3n de caballos. Cu\u00e1ndo hacerla - Notiagro\" \/>\n<meta property=\"og:description\" content=\"La suplementaci\u00f3n de caballos mineral y vitam\u00ednica puede iniciar luego del primer mes de vida si hay deficiencia en la producci\u00f3n de leche de la yegua.\" \/>\n<meta property=\"og:url\" content=\"https:\/\/www.agromundo.co\/blog\/suplementacion-de-caballos-cuando-hacerla\/\" \/>\n<meta property=\"og:site_name\" content=\"Notiagro\" \/>\n<meta property=\"article:published_time\" content=\"2024-12-12T16:14:46+00:00\" \/>\n<meta property=\"article:modified_time\" content=\"2024-12-12T16:19:22+00:00\" \/>\n<meta property=\"og:image\" content=\"http:\/\/www.agromundo.co\/blog\/wp-content\/uploads\/2024\/12\/Suplementacion-de-caballos.png\" \/>\n\t<meta property=\"og:image:width\" content=\"364\" \/>\n\t<meta property=\"og:image:height\" content=\"205\" \/>\n<meta name=\"twitter:label1\" content=\"Escrito por\" \/>\n\t<meta name=\"twitter:data1\" content=\"admin\" \/>\n\t<meta name=\"twitter:label2\" content=\"Tiempo de lectura\" \/>\n\t<meta name=\"twitter:data2\" content=\"3 minutos\" \/>\n<script type=\"application\/ld+json\" class=\"yoast-schema-graph\">{\"@context\":\"https:\/\/schema.org\",\"@graph\":[{\"@type\":\"WebSite\",\"@id\":\"https:\/\/www.agromundo.co\/blog\/#website\",\"url\":\"https:\/\/www.agromundo.co\/blog\/\",\"name\":\"Notiagro\",\"description\":\"Noticias y eventos sector agropecuario colombiano\",\"potentialAction\":[{\"@type\":\"SearchAction\",\"target\":{\"@type\":\"EntryPoint\",\"urlTemplate\":\"https:\/\/www.agromundo.co\/blog\/?s={search_term_string}\"},\"query-input\":\"required name=search_term_string\"}],\"inLanguage\":\"es\"},{\"@type\":\"ImageObject\",\"@id\":\"https:\/\/www.agromundo.co\/blog\/suplementacion-de-caballos-cuando-hacerla\/#primaryimage\",\"inLanguage\":\"es\",\"url\":\"https:\/\/www.agromundo.co\/blog\/wp-content\/uploads\/2024\/12\/Suplementacion-de-caballos.png\",\"contentUrl\":\"https:\/\/www.agromundo.co\/blog\/wp-content\/uploads\/2024\/12\/Suplementacion-de-caballos.png\",\"width\":364,\"height\":205},{\"@type\":\"WebPage\",\"@id\":\"https:\/\/www.agromundo.co\/blog\/suplementacion-de-caballos-cuando-hacerla\/#webpage\",\"url\":\"https:\/\/www.agromundo.co\/blog\/suplementacion-de-caballos-cuando-hacerla\/\",\"name\":\"Suplementaci\\u00f3n de caballos. Cu\\u00e1ndo hacerla - Notiagro\",\"isPartOf\":{\"@id\":\"https:\/\/www.agromundo.co\/blog\/#website\"},\"primaryImageOfPage\":{\"@id\":\"https:\/\/www.agromundo.co\/blog\/suplementacion-de-caballos-cuando-hacerla\/#primaryimage\"},\"datePublished\":\"2024-12-12T16:14:46+00:00\",\"dateModified\":\"2024-12-12T16:19:22+00:00\",\"author\":{\"@id\":\"https:\/\/www.agromundo.co\/blog\/#\/schema\/person\/3e07d858c3c7a93ebf4ad3785559d35d\"},\"description\":\"La suplementaci\\u00f3n de caballos mineral y vitam\\u00ednica puede iniciar luego del primer mes de vida si hay deficiencia en la producci\\u00f3n de leche de la yegua.\",\"breadcrumb\":{\"@id\":\"https:\/\/www.agromundo.co\/blog\/suplementacion-de-caballos-cuando-hacerla\/#breadcrumb\"},\"inLanguage\":\"es\",\"potentialAction\":[{\"@type\":\"ReadAction\",\"target\":[\"https:\/\/www.agromundo.co\/blog\/suplementacion-de-caballos-cuando-hacerla\/\"]}]},{\"@type\":\"BreadcrumbList\",\"@id\":\"https:\/\/www.agromundo.co\/blog\/suplementacion-de-caballos-cuando-hacerla\/#breadcrumb\",\"itemListElement\":[{\"@type\":\"ListItem\",\"position\":1,\"name\":\"Portada\",\"item\":\"https:\/\/www.agromundo.co\/blog\/\"},{\"@type\":\"ListItem\",\"position\":2,\"name\":\"Suplementaci\\u00f3n de caballos. Cu\\u00e1ndo hacerla\"}]},{\"@type\":\"Person\",\"@id\":\"https:\/\/www.agromundo.co\/blog\/#\/schema\/person\/3e07d858c3c7a93ebf4ad3785559d35d\",\"name\":\"admin\",\"image\":{\"@type\":\"ImageObject\",\"@id\":\"https:\/\/www.agromundo.co\/blog\/#personlogo\",\"inLanguage\":\"es\",\"url\":\"https:\/\/secure.gravatar.com\/avatar\/f990c4c6d966ea7f7bec9cc10bcda5ce?s=96&d=mm&r=g\",\"contentUrl\":\"https:\/\/secure.gravatar.com\/avatar\/f990c4c6d966ea7f7bec9cc10bcda5ce?s=96&d=mm&r=g\",\"caption\":\"admin\"},\"url\":\"https:\/\/www.agromundo.co\/blog\/author\/admin\/\"}]}<\/script>\n<!-- \/ Yoast SEO plugin. -->","yoast_head_json":{"description":"La suplementaci\u00f3n de caballos mineral y vitam\u00ednica puede iniciar luego del primer mes de vida si hay deficiencia en la producci\u00f3n de leche de la yegua.","robots":{"index":"index","follow":"follow","max-snippet":"max-snippet:-1","max-image-preview":"max-image-preview:large","max-video-preview":"max-video-preview:-1"},"canonical":"https:\/\/www.agromundo.co\/blog\/suplementacion-de-caballos-cuando-hacerla\/","og_locale":"es_ES","og_type":"article","og_title":"Suplementaci\u00f3n de caballos. Cu\u00e1ndo hacerla - Notiagro","og_description":"La suplementaci\u00f3n de caballos mineral y vitam\u00ednica puede iniciar luego del primer mes de vida si hay deficiencia en la producci\u00f3n de leche de la yegua.","og_url":"https:\/\/www.agromundo.co\/blog\/suplementacion-de-caballos-cuando-hacerla\/","og_site_name":"Notiagro","article_published_time":"2024-12-12T16:14:46+00:00","article_modified_time":"2024-12-12T16:19:22+00:00","og_image":[{"width":364,"height":205,"url":"http:\/\/www.agromundo.co\/blog\/wp-content\/uploads\/2024\/12\/Suplementacion-de-caballos.png","type":"image\/png"}],"twitter_misc":{"Escrito por":"admin","Tiempo de lectura":"3 minutos"},"schema":{"@context":"https:\/\/schema.org","@graph":[{"@type":"WebSite","@id":"https:\/\/www.agromundo.co\/blog\/#website","url":"https:\/\/www.agromundo.co\/blog\/","name":"Notiagro","description":"Noticias y eventos sector agropecuario colombiano","potentialAction":[{"@type":"SearchAction","target":{"@type":"EntryPoint","urlTemplate":"https:\/\/www.agromundo.co\/blog\/?s={search_term_string}"},"query-input":"required name=search_term_string"}],"inLanguage":"es"},{"@type":"ImageObject","@id":"https:\/\/www.agromundo.co\/blog\/suplementacion-de-caballos-cuando-hacerla\/#primaryimage","inLanguage":"es","url":"https:\/\/www.agromundo.co\/blog\/wp-content\/uploads\/2024\/12\/Suplementacion-de-caballos.png","contentUrl":"https:\/\/www.agromundo.co\/blog\/wp-content\/uploads\/2024\/12\/Suplementacion-de-caballos.png","width":364,"height":205},{"@type":"WebPage","@id":"https:\/\/www.agromundo.co\/blog\/suplementacion-de-caballos-cuando-hacerla\/#webpage","url":"https:\/\/www.agromundo.co\/blog\/suplementacion-de-caballos-cuando-hacerla\/","name":"Suplementaci\u00f3n de caballos. Cu\u00e1ndo hacerla - Notiagro","isPartOf":{"@id":"https:\/\/www.agromundo.co\/blog\/#website"},"primaryImageOfPage":{"@id":"https:\/\/www.agromundo.co\/blog\/suplementacion-de-caballos-cuando-hacerla\/#primaryimage"},"datePublished":"2024-12-12T16:14:46+00:00","dateModified":"2024-12-12T16:19:22+00:00","author":{"@id":"https:\/\/www.agromundo.co\/blog\/#\/schema\/person\/3e07d858c3c7a93ebf4ad3785559d35d"},"description":"La suplementaci\u00f3n de caballos mineral y vitam\u00ednica puede iniciar luego del primer mes de vida si hay deficiencia en la producci\u00f3n de leche de la yegua.","breadcrumb":{"@id":"https:\/\/www.agromundo.co\/blog\/suplementacion-de-caballos-cuando-hacerla\/#breadcrumb"},"inLanguage":"es","potentialAction":[{"@type":"ReadAction","target":["https:\/\/www.agromundo.co\/blog\/suplementacion-de-caballos-cuando-hacerla\/"]}]},{"@type":"BreadcrumbList","@id":"https:\/\/www.agromundo.co\/blog\/suplementacion-de-caballos-cuando-hacerla\/#breadcrumb","itemListElement":[{"@type":"ListItem","position":1,"name":"Portada","item":"https:\/\/www.agromundo.co\/blog\/"},{"@type":"ListItem","position":2,"name":"Suplementaci\u00f3n de caballos. Cu\u00e1ndo hacerla"}]},{"@type":"Person","@id":"https:\/\/www.agromundo.co\/blog\/#\/schema\/person\/3e07d858c3c7a93ebf4ad3785559d35d","name":"admin","image":{"@type":"ImageObject","@id":"https:\/\/www.agromundo.co\/blog\/#personlogo","inLanguage":"es","url":"https:\/\/secure.gravatar.com\/avatar\/f990c4c6d966ea7f7bec9cc10bcda5ce?s=96&d=mm&r=g","contentUrl":"https:\/\/secure.gravatar.com\/avatar\/f990c4c6d966ea7f7bec9cc10bcda5ce?s=96&d=mm&r=g","caption":"admin"},"url":"https:\/\/www.agromundo.co\/blog\/author\/admin\/"}]}},"_links":{"self":[{"href":"https:\/\/www.agromundo.co\/blog\/wp-json\/wp\/v2\/posts\/13198"}],"collection":[{"href":"https:\/\/www.agromundo.co\/blog\/wp-json\/wp\/v2\/posts"}],"about":[{"href":"https:\/\/www.agromundo.co\/blog\/wp-json\/wp\/v2\/types\/post"}],"author":[{"embeddable":true,"href":"https:\/\/www.agromundo.co\/blog\/wp-json\/wp\/v2\/users\/1"}],"replies":[{"embeddable":true,"href":"https:\/\/www.agromundo.co\/blog\/wp-json\/wp\/v2\/comments?post=13198"}],"version-history":[{"count":5,"href":"https:\/\/www.agromundo.co\/blog\/wp-json\/wp\/v2\/posts\/13198\/revisions"}],"predecessor-version":[{"id":13206,"href":"https:\/\/www.agromundo.co\/blog\/wp-json\/wp\/v2\/posts\/13198\/revisions\/13206"}],"wp:featuredmedia":[{"embeddable":true,"href":"https:\/\/www.agromundo.co\/blog\/wp-json\/wp\/v2\/media\/13199"}],"wp:attachment":[{"href":"https:\/\/www.agromundo.co\/blog\/wp-json\/wp\/v2\/media?parent=13198"}],"wp:term":[{"taxonomy":"category","embeddable":true,"href":"https:\/\/www.agromundo.co\/blog\/wp-json\/wp\/v2\/categories?post=13198"},{"taxonomy":"post_tag","embeddable":true,"href":"https:\/\/www.agromundo.co\/blog\/wp-json\/wp\/v2\/tags?post=13198"}],"curies":[{"name":"wp","href":"https:\/\/api.w.org\/{rel}","templated":true}]}}