{"id":13394,"date":"2025-03-11T18:51:03","date_gmt":"2025-03-11T18:51:03","guid":{"rendered":"https:\/\/www.agromundo.co\/blog\/?p=13394"},"modified":"2025-03-11T18:51:03","modified_gmt":"2025-03-11T18:51:03","slug":"feria-ganadera-de-purificacion-15-y-16-de-marzo-de-2025","status":"publish","type":"post","link":"https:\/\/www.agromundo.co\/blog\/feria-ganadera-de-purificacion-15-y-16-de-marzo-de-2025\/","title":{"rendered":"Feria ganadera de Purificaci\u00f3n 15 y 16 de marzo de 2025"},"content":{"rendered":"<p>Feria ganadera de Purificaci\u00f3n<\/p>\n<div id=\"attachment_13395\" style=\"width: 310px\" class=\"wp-caption alignnone\"><img aria-describedby=\"caption-attachment-13395\" loading=\"lazy\" class=\"wp-image-13395 size-medium\" src=\"http:\/\/www.agromundo.co\/blog\/wp-content\/uploads\/2025\/03\/Feria-ganadera-de-Purificacion-300x118.png\" alt=\"Feria ganadera de Purificaci\u00f3n\" width=\"300\" height=\"118\" srcset=\"https:\/\/www.agromundo.co\/blog\/wp-content\/uploads\/2025\/03\/Feria-ganadera-de-Purificacion-300x118.png 300w, https:\/\/www.agromundo.co\/blog\/wp-content\/uploads\/2025\/03\/Feria-ganadera-de-Purificacion.png 520w\" sizes=\"(max-width: 300px) 100vw, 300px\" \/><p id=\"caption-attachment-13395\" class=\"wp-caption-text\">Foto: Cortes\u00eda<\/p><\/div>\n<ul>\n<li><em>En el municipio de Purificaci\u00f3n (Tolima), el comit\u00e9 de ganaderos organiza despu\u00e9s de d\u00e9cada y media el resurgir del evento pecuario m\u00e1s importante de la regi\u00f3n. Ante la ausencia de apoyo institucional, los productores ganaderos decidieron realizar el evento con sus propios recursos.<\/em><\/li>\n<\/ul>\n<p>El Comit\u00e9 de Ganaderos de Purificaci\u00f3n y del sur del Tolima invita a la Quinta Feria de Exposici\u00f3n de Razas Puras Brahman que se realizar\u00e1 los d\u00edas 15 y 16 de marzo de 2025 en el Coliseo de Ferias y Exposiciones Servando Oliveros Triana. A pesar de las limitaciones presupuestales, la organizaci\u00f3n ha laborado incansablemente para garantizar su realizaci\u00f3n.<\/p>\n<p>El presidente del comit\u00e9, John Jairo Rodr\u00edguez Navarro, afirm\u00f3 que se han hecho los esfuerzos para\u00a0recuperar el aval de la Asociaci\u00f3n Colombiana de Criadores de Ganado Ceb\u00fa, un logro significativo luego de m\u00e1s\u00a0de 15 a\u00f1os de ausencia\u00a0del circuito oficial de los eventos ganaderos.<\/p>\n<p>Durante estos 15 a\u00f1os, en la regi\u00f3n hubo eventos relacionados con ferias comerciales. Sin embargo, al no contar con el aval de Asoceb\u00fa, no se efectuaban eventos con juzgamientos de animales. (Lea en\u00a0<em>CONtexto ganadero<\/em>:\u00a0<strong><a href=\"https:\/\/www.contextoganadero.com\/regiones\/por-falta-de-recursos-cancelan-feria-de-ganado-de-purificacion\">Por falta de recursos cancelan feria de ganado de Purificaci\u00f3n<\/a><\/strong>)<\/p>\n<p>Bajo la direcci\u00f3n de la junta directiva actual, se logr\u00f3\u00a0recuperar el reconocimiento para la feria, lo cual ha permitido hacer parte de la programaci\u00f3n oficial de Asoceb\u00fa y ganar visibilidad a nivel nacional.<\/p>\n<h4><strong>Proyectando ganader\u00eda local:<\/strong><\/h4>\n<p>A pesar de los desaf\u00edos financieros, la feria ganadera de Purificaci\u00f3n sigue constituyendo una\u00a0gran oportunidad para los ganaderos de la regi\u00f3n.<\/p>\n<p>Purificaci\u00f3n es reconocida por su capacidad de producir ganado de excelente calidad, particularmente de terneros en destete.<\/p>\n<p>Asegur\u00f3 el l\u00edder gremial que en Purificaci\u00f3n tienen unas instalaciones preciosas, inclusive mejores que las de otras ferias con mayor trayectoria.<\/p>\n<p>El evento no solamente beneficiar\u00e1 a criadores de ganado puro, sino adem\u00e1s a medianos y peque\u00f1os productores que buscan\u00a0mejorar sus hatos\u00a0y conocer sobre\u00a0nuevas tecnolog\u00edas\u00a0para ganader\u00eda.<\/p>\n<p>Se espera la presencia de destacados laboratorios veterinarios, empresas de maquinaria e insumos ganaderos, lo que permitir\u00e1 actualizarse en t\u00e9cnicas de manejo y reproducci\u00f3n bovina.<\/p>\n<p>Adem\u00e1s, el evento busca dar impulso a un\u00a0mercado ganadero mensual. Con esta iniciativa se permitir\u00eda fortalecer la comercializaci\u00f3n de bovinos de la regi\u00f3n y dar una mayor visibilidad a los productores locales.<\/p>\n<h4><strong>Muestras culturales:<\/strong><\/h4>\n<p>M\u00e1s all\u00e1 de su importancia para el sector, la Quinta Feria Exposici\u00f3n Ganadera de Razas Puras Brahman tambi\u00e9n tiene un destacado componente cultural y social. El evento ofrecer\u00e1 una variada oferta de entretenimiento para la familia, incluyendo actividades para ni\u00f1os, muestras comerciales y gastronom\u00eda t\u00edpica.<\/p>\n<p>Uno de los momentos destacados del encuentro es el juzgamiento de\u00a0brahman rojo y blanco, con la presencia de\u00a0alrededor de 100 ejemplares de la mayor calidad gen\u00e9tica.<\/p>\n<p>Adem\u00e1s de la Alcald\u00eda municipal y el comit\u00e9, la Feria ganadera de Purificaci\u00f3n cuenta con el apoyo de la Gobernaci\u00f3n de Tolima, Fedeg\u00e1n-FNG, Asoceb\u00fa y el Comit\u00e9 Cebuista del Alto Magdalena.<\/p>\n<p>Mayor informaci\u00f3n en los tel\u00e9fonos\u00a0<strong>3118473829<\/strong>\u00a0y\u00a0<strong>3238731074<\/strong>, y el correo\u00a0<a href=\"mailto:presidencia@comitepuri.com\">presidencia@comitepuri.com<\/a>.<\/p>\n<p>&nbsp;<\/p>\n<p>Fuente: Adaptado de CONtexto ganadero. Autora: Melanny Orozco.<\/p>\n<p>Lo invitamos a ver el siguiente video que muestra juzgamiento de ganado Simmental:<\/p>\n<p><iframe loading=\"lazy\" title=\"CAMPEONA ADULTA SIMMENTAL CORFERIAS 2012\" width=\"500\" height=\"375\" src=\"https:\/\/www.youtube.com\/embed\/jg-dget_tCU?list=PL113515CDCF02BAF2\" frameborder=\"0\" allow=\"accelerometer; autoplay; clipboard-write; encrypted-media; gyroscope; picture-in-picture; web-share\" referrerpolicy=\"strict-origin-when-cross-origin\" allowfullscreen><\/iframe><\/p>\n<p>Siga nuestro canal en Youtube para ver las \u00faltimas novedades en el Sector Agropecuario:<br \/>\n<script src=\"https:\/\/apis.google.com\/js\/platform.js\"><\/script><\/p>\n<div class=\"g-ytsubscribe\" data-channel=\"Agromundoco\" data-layout=\"full\" data-count=\"default\"><\/div>\n<p>Con el patrocinio de:<\/p>\n<div id=\"attachment_12451\" style=\"width: 131px\" class=\"wp-caption alignleft\"><a href=\"https:\/\/www.agromundo.co\/ventiladores-industriales-colombia.html\"><img aria-describedby=\"caption-attachment-12451\" loading=\"lazy\" class=\"wp-image-12451 size-full\" src=\"http:\/\/www.agromundo.co\/blog\/wp-content\/uploads\/2024\/01\/B-36.jpg\" alt=\"\" width=\"121\" height=\"120\" \/><\/a><p id=\"caption-attachment-12451\" class=\"wp-caption-text\">Ventiladores y extractores de uso agropecuario<\/p><\/div>\n<div id=\"attachment_12452\" style=\"width: 130px\" class=\"wp-caption alignright\"><a href=\"https:\/\/www.agromundo.co\/plastigoma-pisos-de-caucho.html\"><img aria-describedby=\"caption-attachment-12452\" loading=\"lazy\" class=\"wp-image-12452 size-full\" src=\"http:\/\/www.agromundo.co\/blog\/wp-content\/uploads\/2024\/01\/Pisos-para-salas-de-ordeno.jpg\" alt=\"\" width=\"120\" height=\"120\" \/><\/a><p id=\"caption-attachment-12452\" class=\"wp-caption-text\">Pisos de caucho vulcanizado para ganader\u00eda<\/p><\/div>\n","protected":false},"excerpt":{"rendered":"<p>Feria ganadera de Purificaci\u00f3n En el municipio de Purificaci\u00f3n (Tolima), el comit\u00e9 de ganaderos organiza despu\u00e9s de d\u00e9cada y media el resurgir del evento pecuario m\u00e1s importante de la regi\u00f3n. Ante la ausencia de apoyo institucional, los productores ganaderos decidieron realizar el evento con sus propios recursos. El Comit\u00e9 de Ganaderos de Purificaci\u00f3n y del [&hellip;]<\/p>\n","protected":false},"author":1,"featured_media":13395,"comment_status":"open","ping_status":"open","sticky":false,"template":"","format":"standard","meta":[],"categories":[22,2843,3,18,6],"tags":[932,931,1515,7776,2103,1628,7777],"yoast_head":"<!-- This site is optimized with the Yoast SEO plugin v17.3 - https:\/\/yoast.com\/wordpress\/plugins\/seo\/ -->\n<meta name=\"description\" content=\"La Feria Ganadera de Purificaci\u00f3n ha recuperado el aval de Asoceb\u00fa y vuelve al circuito oficial de los eventos ganaderos.\" \/>\n<meta name=\"robots\" content=\"index, follow, max-snippet:-1, max-image-preview:large, max-video-preview:-1\" \/>\n<link rel=\"canonical\" href=\"https:\/\/www.agromundo.co\/blog\/feria-ganadera-de-purificacion-15-y-16-de-marzo-de-2025\/\" \/>\n<meta property=\"og:locale\" content=\"es_ES\" \/>\n<meta property=\"og:type\" content=\"article\" \/>\n<meta property=\"og:title\" content=\"Feria ganadera de Purificaci\u00f3n 15 y 16 de marzo de 2025 - Notiagro\" \/>\n<meta property=\"og:description\" content=\"La Feria Ganadera de Purificaci\u00f3n ha recuperado el aval de Asoceb\u00fa y vuelve al circuito oficial de los eventos ganaderos.\" \/>\n<meta property=\"og:url\" content=\"https:\/\/www.agromundo.co\/blog\/feria-ganadera-de-purificacion-15-y-16-de-marzo-de-2025\/\" \/>\n<meta property=\"og:site_name\" content=\"Notiagro\" \/>\n<meta property=\"article:published_time\" content=\"2025-03-11T18:51:03+00:00\" \/>\n<meta property=\"og:image\" content=\"http:\/\/www.agromundo.co\/blog\/wp-content\/uploads\/2025\/03\/Feria-ganadera-de-Purificacion.png\" \/>\n\t<meta property=\"og:image:width\" content=\"520\" \/>\n\t<meta property=\"og:image:height\" content=\"205\" \/>\n<meta name=\"twitter:label1\" content=\"Escrito por\" \/>\n\t<meta name=\"twitter:data1\" content=\"admin\" \/>\n\t<meta name=\"twitter:label2\" content=\"Tiempo de lectura\" \/>\n\t<meta name=\"twitter:data2\" content=\"4 minutos\" \/>\n<script type=\"application\/ld+json\" class=\"yoast-schema-graph\">{\"@context\":\"https:\/\/schema.org\",\"@graph\":[{\"@type\":\"WebSite\",\"@id\":\"https:\/\/www.agromundo.co\/blog\/#website\",\"url\":\"https:\/\/www.agromundo.co\/blog\/\",\"name\":\"Notiagro\",\"description\":\"Noticias y eventos sector agropecuario colombiano\",\"potentialAction\":[{\"@type\":\"SearchAction\",\"target\":{\"@type\":\"EntryPoint\",\"urlTemplate\":\"https:\/\/www.agromundo.co\/blog\/?s={search_term_string}\"},\"query-input\":\"required name=search_term_string\"}],\"inLanguage\":\"es\"},{\"@type\":\"ImageObject\",\"@id\":\"https:\/\/www.agromundo.co\/blog\/feria-ganadera-de-purificacion-15-y-16-de-marzo-de-2025\/#primaryimage\",\"inLanguage\":\"es\",\"url\":\"https:\/\/www.agromundo.co\/blog\/wp-content\/uploads\/2025\/03\/Feria-ganadera-de-Purificacion.png\",\"contentUrl\":\"https:\/\/www.agromundo.co\/blog\/wp-content\/uploads\/2025\/03\/Feria-ganadera-de-Purificacion.png\",\"width\":520,\"height\":205},{\"@type\":\"WebPage\",\"@id\":\"https:\/\/www.agromundo.co\/blog\/feria-ganadera-de-purificacion-15-y-16-de-marzo-de-2025\/#webpage\",\"url\":\"https:\/\/www.agromundo.co\/blog\/feria-ganadera-de-purificacion-15-y-16-de-marzo-de-2025\/\",\"name\":\"Feria ganadera de Purificaci\\u00f3n 15 y 16 de marzo de 2025 - Notiagro\",\"isPartOf\":{\"@id\":\"https:\/\/www.agromundo.co\/blog\/#website\"},\"primaryImageOfPage\":{\"@id\":\"https:\/\/www.agromundo.co\/blog\/feria-ganadera-de-purificacion-15-y-16-de-marzo-de-2025\/#primaryimage\"},\"datePublished\":\"2025-03-11T18:51:03+00:00\",\"dateModified\":\"2025-03-11T18:51:03+00:00\",\"author\":{\"@id\":\"https:\/\/www.agromundo.co\/blog\/#\/schema\/person\/3e07d858c3c7a93ebf4ad3785559d35d\"},\"description\":\"La Feria Ganadera de Purificaci\\u00f3n ha recuperado el aval de Asoceb\\u00fa y vuelve al circuito oficial de los eventos ganaderos.\",\"breadcrumb\":{\"@id\":\"https:\/\/www.agromundo.co\/blog\/feria-ganadera-de-purificacion-15-y-16-de-marzo-de-2025\/#breadcrumb\"},\"inLanguage\":\"es\",\"potentialAction\":[{\"@type\":\"ReadAction\",\"target\":[\"https:\/\/www.agromundo.co\/blog\/feria-ganadera-de-purificacion-15-y-16-de-marzo-de-2025\/\"]}]},{\"@type\":\"BreadcrumbList\",\"@id\":\"https:\/\/www.agromundo.co\/blog\/feria-ganadera-de-purificacion-15-y-16-de-marzo-de-2025\/#breadcrumb\",\"itemListElement\":[{\"@type\":\"ListItem\",\"position\":1,\"name\":\"Portada\",\"item\":\"https:\/\/www.agromundo.co\/blog\/\"},{\"@type\":\"ListItem\",\"position\":2,\"name\":\"Feria ganadera de Purificaci\\u00f3n 15 y 16 de marzo de 2025\"}]},{\"@type\":\"Person\",\"@id\":\"https:\/\/www.agromundo.co\/blog\/#\/schema\/person\/3e07d858c3c7a93ebf4ad3785559d35d\",\"name\":\"admin\",\"image\":{\"@type\":\"ImageObject\",\"@id\":\"https:\/\/www.agromundo.co\/blog\/#personlogo\",\"inLanguage\":\"es\",\"url\":\"https:\/\/secure.gravatar.com\/avatar\/f990c4c6d966ea7f7bec9cc10bcda5ce?s=96&d=mm&r=g\",\"contentUrl\":\"https:\/\/secure.gravatar.com\/avatar\/f990c4c6d966ea7f7bec9cc10bcda5ce?s=96&d=mm&r=g\",\"caption\":\"admin\"},\"url\":\"https:\/\/www.agromundo.co\/blog\/author\/admin\/\"}]}<\/script>\n<!-- \/ Yoast SEO plugin. -->","yoast_head_json":{"description":"La Feria Ganadera de Purificaci\u00f3n ha recuperado el aval de Asoceb\u00fa y vuelve al circuito oficial de los eventos ganaderos.","robots":{"index":"index","follow":"follow","max-snippet":"max-snippet:-1","max-image-preview":"max-image-preview:large","max-video-preview":"max-video-preview:-1"},"canonical":"https:\/\/www.agromundo.co\/blog\/feria-ganadera-de-purificacion-15-y-16-de-marzo-de-2025\/","og_locale":"es_ES","og_type":"article","og_title":"Feria ganadera de Purificaci\u00f3n 15 y 16 de marzo de 2025 - Notiagro","og_description":"La Feria Ganadera de Purificaci\u00f3n ha recuperado el aval de Asoceb\u00fa y vuelve al circuito oficial de los eventos ganaderos.","og_url":"https:\/\/www.agromundo.co\/blog\/feria-ganadera-de-purificacion-15-y-16-de-marzo-de-2025\/","og_site_name":"Notiagro","article_published_time":"2025-03-11T18:51:03+00:00","og_image":[{"width":520,"height":205,"url":"http:\/\/www.agromundo.co\/blog\/wp-content\/uploads\/2025\/03\/Feria-ganadera-de-Purificacion.png","type":"image\/png"}],"twitter_misc":{"Escrito por":"admin","Tiempo de lectura":"4 minutos"},"schema":{"@context":"https:\/\/schema.org","@graph":[{"@type":"WebSite","@id":"https:\/\/www.agromundo.co\/blog\/#website","url":"https:\/\/www.agromundo.co\/blog\/","name":"Notiagro","description":"Noticias y eventos sector agropecuario colombiano","potentialAction":[{"@type":"SearchAction","target":{"@type":"EntryPoint","urlTemplate":"https:\/\/www.agromundo.co\/blog\/?s={search_term_string}"},"query-input":"required name=search_term_string"}],"inLanguage":"es"},{"@type":"ImageObject","@id":"https:\/\/www.agromundo.co\/blog\/feria-ganadera-de-purificacion-15-y-16-de-marzo-de-2025\/#primaryimage","inLanguage":"es","url":"https:\/\/www.agromundo.co\/blog\/wp-content\/uploads\/2025\/03\/Feria-ganadera-de-Purificacion.png","contentUrl":"https:\/\/www.agromundo.co\/blog\/wp-content\/uploads\/2025\/03\/Feria-ganadera-de-Purificacion.png","width":520,"height":205},{"@type":"WebPage","@id":"https:\/\/www.agromundo.co\/blog\/feria-ganadera-de-purificacion-15-y-16-de-marzo-de-2025\/#webpage","url":"https:\/\/www.agromundo.co\/blog\/feria-ganadera-de-purificacion-15-y-16-de-marzo-de-2025\/","name":"Feria ganadera de Purificaci\u00f3n 15 y 16 de marzo de 2025 - Notiagro","isPartOf":{"@id":"https:\/\/www.agromundo.co\/blog\/#website"},"primaryImageOfPage":{"@id":"https:\/\/www.agromundo.co\/blog\/feria-ganadera-de-purificacion-15-y-16-de-marzo-de-2025\/#primaryimage"},"datePublished":"2025-03-11T18:51:03+00:00","dateModified":"2025-03-11T18:51:03+00:00","author":{"@id":"https:\/\/www.agromundo.co\/blog\/#\/schema\/person\/3e07d858c3c7a93ebf4ad3785559d35d"},"description":"La Feria Ganadera de Purificaci\u00f3n ha recuperado el aval de Asoceb\u00fa y vuelve al circuito oficial de los eventos ganaderos.","breadcrumb":{"@id":"https:\/\/www.agromundo.co\/blog\/feria-ganadera-de-purificacion-15-y-16-de-marzo-de-2025\/#breadcrumb"},"inLanguage":"es","potentialAction":[{"@type":"ReadAction","target":["https:\/\/www.agromundo.co\/blog\/feria-ganadera-de-purificacion-15-y-16-de-marzo-de-2025\/"]}]},{"@type":"BreadcrumbList","@id":"https:\/\/www.agromundo.co\/blog\/feria-ganadera-de-purificacion-15-y-16-de-marzo-de-2025\/#breadcrumb","itemListElement":[{"@type":"ListItem","position":1,"name":"Portada","item":"https:\/\/www.agromundo.co\/blog\/"},{"@type":"ListItem","position":2,"name":"Feria ganadera de Purificaci\u00f3n 15 y 16 de marzo de 2025"}]},{"@type":"Person","@id":"https:\/\/www.agromundo.co\/blog\/#\/schema\/person\/3e07d858c3c7a93ebf4ad3785559d35d","name":"admin","image":{"@type":"ImageObject","@id":"https:\/\/www.agromundo.co\/blog\/#personlogo","inLanguage":"es","url":"https:\/\/secure.gravatar.com\/avatar\/f990c4c6d966ea7f7bec9cc10bcda5ce?s=96&d=mm&r=g","contentUrl":"https:\/\/secure.gravatar.com\/avatar\/f990c4c6d966ea7f7bec9cc10bcda5ce?s=96&d=mm&r=g","caption":"admin"},"url":"https:\/\/www.agromundo.co\/blog\/author\/admin\/"}]}},"_links":{"self":[{"href":"https:\/\/www.agromundo.co\/blog\/wp-json\/wp\/v2\/posts\/13394"}],"collection":[{"href":"https:\/\/www.agromundo.co\/blog\/wp-json\/wp\/v2\/posts"}],"about":[{"href":"https:\/\/www.agromundo.co\/blog\/wp-json\/wp\/v2\/types\/post"}],"author":[{"embeddable":true,"href":"https:\/\/www.agromundo.co\/blog\/wp-json\/wp\/v2\/users\/1"}],"replies":[{"embeddable":true,"href":"https:\/\/www.agromundo.co\/blog\/wp-json\/wp\/v2\/comments?post=13394"}],"version-history":[{"count":1,"href":"https:\/\/www.agromundo.co\/blog\/wp-json\/wp\/v2\/posts\/13394\/revisions"}],"predecessor-version":[{"id":13396,"href":"https:\/\/www.agromundo.co\/blog\/wp-json\/wp\/v2\/posts\/13394\/revisions\/13396"}],"wp:featuredmedia":[{"embeddable":true,"href":"https:\/\/www.agromundo.co\/blog\/wp-json\/wp\/v2\/media\/13395"}],"wp:attachment":[{"href":"https:\/\/www.agromundo.co\/blog\/wp-json\/wp\/v2\/media?parent=13394"}],"wp:term":[{"taxonomy":"category","embeddable":true,"href":"https:\/\/www.agromundo.co\/blog\/wp-json\/wp\/v2\/categories?post=13394"},{"taxonomy":"post_tag","embeddable":true,"href":"https:\/\/www.agromundo.co\/blog\/wp-json\/wp\/v2\/tags?post=13394"}],"curies":[{"name":"wp","href":"https:\/\/api.w.org\/{rel}","templated":true}]}}