{"id":13596,"date":"2025-05-28T18:58:00","date_gmt":"2025-05-28T18:58:00","guid":{"rendered":"https:\/\/www.agromundo.co\/blog\/?p=13596"},"modified":"2025-05-28T18:58:00","modified_gmt":"2025-05-28T18:58:00","slug":"63a-feria-nacional-de-la-ganaderia-del-13-al-23-de-junio","status":"publish","type":"post","link":"https:\/\/www.agromundo.co\/blog\/63a-feria-nacional-de-la-ganaderia-del-13-al-23-de-junio\/","title":{"rendered":"63\u00aa Feria Nacional de la Ganader\u00eda del 13 al 23 de junio"},"content":{"rendered":"<p>63\u00aa Feria Nacional de la Ganader\u00eda<\/p>\n<div id=\"attachment_13597\" style=\"width: 310px\" class=\"wp-caption aligncenter\"><img aria-describedby=\"caption-attachment-13597\" loading=\"lazy\" class=\"wp-image-13597 size-medium\" src=\"http:\/\/www.agromundo.co\/blog\/wp-content\/uploads\/2025\/05\/Feria-nacional-de-la-ganaderia-300x169.png\" alt=\"63\u00aa Feria Nacional de la Ganader\u00eda\" width=\"300\" height=\"169\" srcset=\"https:\/\/www.agromundo.co\/blog\/wp-content\/uploads\/2025\/05\/Feria-nacional-de-la-ganaderia-300x169.png 300w, https:\/\/www.agromundo.co\/blog\/wp-content\/uploads\/2025\/05\/Feria-nacional-de-la-ganaderia.png 364w\" sizes=\"(max-width: 300px) 100vw, 300px\" \/><p id=\"caption-attachment-13597\" class=\"wp-caption-text\">Foto: Feria Nacional de la Ganader\u00eda<\/p><\/div>\n<p>Monter\u00eda, capital del departamento de C\u00f3rdoba, ser\u00e1 nuevamente el epicentro de la ganader\u00eda colombiana al efectuar la 63\u00aa Feria Nacional de la Ganader\u00eda del 13 al 23 de junio de 2025.<\/p>\n<p>Este evento que se celebra cada a\u00f1o se consolida como uno de los m\u00e1s importantes en el sector agropecuario del pa\u00eds.<\/p>\n<p>As\u00ed mismo, esta feria no solamente exalta la tradici\u00f3n ganadera cordobesa, pues tambi\u00e9n impulsa la econom\u00eda tanto local como nacional mediante la promoci\u00f3n de diferentes pr\u00e1cticas sostenibles, as\u00ed como el fortalecimiento de la identidad cultural.<\/p>\n<p>Durante el evento, se llevar\u00e1 a cabo una serie de actividades, como juzgamientos de razas bovinas, equinas, caprinas y ovinas, sumado a exposiciones agroindustriales, muestras culturales y foros acad\u00e9micos.<\/p>\n<p>El Coliseo de Ferias Miguel Villamil Mu\u00f1oz ser\u00e1 el epicentro de las actividades, consolid\u00e1ndose como un espacio de encuentro para productores, empresarios y aficionados interesados en el desarrollo del sector ganadero.<\/p>\n<p>Asimismo, la 63\u00aa Feria Nacional de la Ganader\u00eda incluir\u00e1 eventos como el Reinado Nacional e Internacional de la Ganader\u00eda, en el que se resalta la diversidad y riqueza cultural de la regi\u00f3n.<\/p>\n<h4><strong>La ganader\u00eda en C\u00f3rdoba:<\/strong><\/h4>\n<p>Es destacable la importancia de esta feria y el lugar donde se realizar\u00e1, ya que C\u00f3rdoba se viene posicionando como uno de los mayores productores ganaderos del pa\u00eds.<\/p>\n<p>Seg\u00fan informaci\u00f3n del Instituto Colombiano Agropecuario, el departamento tiene cerca de 9,33% del inventario bovino nacional y el 30% del regional, posicion\u00e1ndose como el segundo departamento con mayor cantidad de cabezas de ganado del pa\u00eds.<\/p>\n<p>Por otro lado, esta regi\u00f3n es un destacado exportador de ganado bovino, movilizando en promedio 3,8 cabezas de ganado hacia otros departamentos por cada animal sacrificado, donde Antioquia es de los principales destinos.<\/p>\n<p>En el campo internacional, C\u00f3rdoba alcanza importantes cifras en exportaciones de ganado y carne. Durante el \u00faltimo a\u00f1o se exportaron cerca de 360.000 cabezas de ganado en pie a mercados como Medio Oriente, Europa y Asia.<\/p>\n<p>La Feria Nacional de la Ganader\u00eda, se origin\u00f3 en 1960, cuando se organiz\u00f3 con el fin de rememorar la creaci\u00f3n del departamento de C\u00f3rdoba el 18 de junio de 1952.<\/p>\n<p>Desde ese momento, la feria se convirti\u00f3 en una tradici\u00f3n que se realiza todos los a\u00f1os con el prop\u00f3sito de enaltecer la identidad ganadera de esa zona del pa\u00eds y, de esta manera, promover el desarrollo del sector agropecuario.<\/p>\n<p>&nbsp;<\/p>\n<p>Fuente: Adaptado de Agronegocios de La Rep\u00fablica. Autora: Juliana Ramos Mosquera.<\/p>\n<p>Lo invitamos a ver el siguiente video que muestra equipos de biotecnolog\u00eda reproductiva:<\/p>\n<p><iframe loading=\"lazy\" title=\"Ecografos veterinarios, termos criogenicos y biotecnologia\" width=\"500\" height=\"281\" src=\"https:\/\/www.youtube.com\/embed\/izUPg2_WLpc?feature=oembed\" frameborder=\"0\" allow=\"accelerometer; autoplay; clipboard-write; encrypted-media; gyroscope; picture-in-picture; web-share\" referrerpolicy=\"strict-origin-when-cross-origin\" allowfullscreen><\/iframe><\/p>\n<p>Siga nuestro canal en Youtube para ver las \u00faltimas novedades en el Sector Agropecuario:<br \/>\n<script src=\"https:\/\/apis.google.com\/js\/platform.js\"><\/script><\/p>\n<div class=\"g-ytsubscribe\" data-channel=\"Agromundoco\" data-layout=\"full\" data-count=\"default\"><\/div>\n<p>Con el patrocinio de:<\/p>\n<div id=\"attachment_13462\" style=\"width: 131px\" class=\"wp-caption alignleft\"><a href=\"https:\/\/www.agromundo.co\/ventiladores-industriales-colombia.html\"><img aria-describedby=\"caption-attachment-13462\" loading=\"lazy\" class=\"wp-image-13462 size-full\" src=\"http:\/\/www.agromundo.co\/blog\/wp-content\/uploads\/2025\/04\/B-36.jpg\" alt=\"\" width=\"121\" height=\"120\" \/><\/a><p id=\"caption-attachment-13462\" class=\"wp-caption-text\">Ventiladores y extractores de uso agropecuario<\/p><\/div>\n<div id=\"attachment_13463\" style=\"width: 130px\" class=\"wp-caption alignright\"><a href=\"https:\/\/www.agromundo.co\/plastigoma-pisos-de-caucho.html\"><img aria-describedby=\"caption-attachment-13463\" loading=\"lazy\" class=\"wp-image-13463 size-full\" src=\"http:\/\/www.agromundo.co\/blog\/wp-content\/uploads\/2025\/04\/Pisos-para-salas-de-ordeno.jpg\" alt=\"\" width=\"120\" height=\"120\" \/><\/a><p id=\"caption-attachment-13463\" class=\"wp-caption-text\">Pisos de caucho vulcanizado para ganader\u00eda<\/p><\/div>\n","protected":false},"excerpt":{"rendered":"<p>63\u00aa Feria Nacional de la Ganader\u00eda Monter\u00eda, capital del departamento de C\u00f3rdoba, ser\u00e1 nuevamente el epicentro de la ganader\u00eda colombiana al efectuar la 63\u00aa Feria Nacional de la Ganader\u00eda del 13 al 23 de junio de 2025. Este evento que se celebra cada a\u00f1o se consolida como uno de los m\u00e1s importantes en el sector [&hellip;]<\/p>\n","protected":false},"author":1,"featured_media":13597,"comment_status":"open","ping_status":"open","sticky":false,"template":"","format":"standard","meta":[],"categories":[22,7081,3,6],"tags":[7892,2723,2103,1628],"yoast_head":"<!-- This site is optimized with the Yoast SEO plugin v17.3 - https:\/\/yoast.com\/wordpress\/plugins\/seo\/ -->\n<meta name=\"description\" content=\"Del 13 al 23 de junio de 2025 se realizar\u00e1 la 63\u00aa Feria Nacional de la Ganader\u00eda en el Coliseo de Ferias Miguel Villamil Mu\u00f1oz de Monter\u00eda.\" \/>\n<meta name=\"robots\" content=\"index, follow, max-snippet:-1, max-image-preview:large, max-video-preview:-1\" \/>\n<link rel=\"canonical\" href=\"https:\/\/www.agromundo.co\/blog\/63a-feria-nacional-de-la-ganaderia-del-13-al-23-de-junio\/\" \/>\n<meta property=\"og:locale\" content=\"es_ES\" \/>\n<meta property=\"og:type\" content=\"article\" \/>\n<meta property=\"og:title\" content=\"63\u00aa Feria Nacional de la Ganader\u00eda del 13 al 23 de junio - Notiagro\" \/>\n<meta property=\"og:description\" content=\"Del 13 al 23 de junio de 2025 se realizar\u00e1 la 63\u00aa Feria Nacional de la Ganader\u00eda en el Coliseo de Ferias Miguel Villamil Mu\u00f1oz de Monter\u00eda.\" \/>\n<meta property=\"og:url\" content=\"https:\/\/www.agromundo.co\/blog\/63a-feria-nacional-de-la-ganaderia-del-13-al-23-de-junio\/\" \/>\n<meta property=\"og:site_name\" content=\"Notiagro\" \/>\n<meta property=\"article:published_time\" content=\"2025-05-28T18:58:00+00:00\" \/>\n<meta property=\"og:image\" content=\"http:\/\/www.agromundo.co\/blog\/wp-content\/uploads\/2025\/05\/Feria-nacional-de-la-ganaderia.png\" \/>\n\t<meta property=\"og:image:width\" content=\"364\" \/>\n\t<meta property=\"og:image:height\" content=\"205\" \/>\n<meta name=\"twitter:label1\" content=\"Escrito por\" \/>\n\t<meta name=\"twitter:data1\" content=\"admin\" \/>\n\t<meta name=\"twitter:label2\" content=\"Tiempo de lectura\" \/>\n\t<meta name=\"twitter:data2\" content=\"3 minutos\" \/>\n<script type=\"application\/ld+json\" class=\"yoast-schema-graph\">{\"@context\":\"https:\/\/schema.org\",\"@graph\":[{\"@type\":\"WebSite\",\"@id\":\"https:\/\/www.agromundo.co\/blog\/#website\",\"url\":\"https:\/\/www.agromundo.co\/blog\/\",\"name\":\"Notiagro\",\"description\":\"Noticias y eventos sector agropecuario colombiano\",\"potentialAction\":[{\"@type\":\"SearchAction\",\"target\":{\"@type\":\"EntryPoint\",\"urlTemplate\":\"https:\/\/www.agromundo.co\/blog\/?s={search_term_string}\"},\"query-input\":\"required name=search_term_string\"}],\"inLanguage\":\"es\"},{\"@type\":\"ImageObject\",\"@id\":\"https:\/\/www.agromundo.co\/blog\/63a-feria-nacional-de-la-ganaderia-del-13-al-23-de-junio\/#primaryimage\",\"inLanguage\":\"es\",\"url\":\"https:\/\/www.agromundo.co\/blog\/wp-content\/uploads\/2025\/05\/Feria-nacional-de-la-ganaderia.png\",\"contentUrl\":\"https:\/\/www.agromundo.co\/blog\/wp-content\/uploads\/2025\/05\/Feria-nacional-de-la-ganaderia.png\",\"width\":364,\"height\":205},{\"@type\":\"WebPage\",\"@id\":\"https:\/\/www.agromundo.co\/blog\/63a-feria-nacional-de-la-ganaderia-del-13-al-23-de-junio\/#webpage\",\"url\":\"https:\/\/www.agromundo.co\/blog\/63a-feria-nacional-de-la-ganaderia-del-13-al-23-de-junio\/\",\"name\":\"63\\u00aa Feria Nacional de la Ganader\\u00eda del 13 al 23 de junio - Notiagro\",\"isPartOf\":{\"@id\":\"https:\/\/www.agromundo.co\/blog\/#website\"},\"primaryImageOfPage\":{\"@id\":\"https:\/\/www.agromundo.co\/blog\/63a-feria-nacional-de-la-ganaderia-del-13-al-23-de-junio\/#primaryimage\"},\"datePublished\":\"2025-05-28T18:58:00+00:00\",\"dateModified\":\"2025-05-28T18:58:00+00:00\",\"author\":{\"@id\":\"https:\/\/www.agromundo.co\/blog\/#\/schema\/person\/3e07d858c3c7a93ebf4ad3785559d35d\"},\"description\":\"Del 13 al 23 de junio de 2025 se realizar\\u00e1 la 63\\u00aa Feria Nacional de la Ganader\\u00eda en el Coliseo de Ferias Miguel Villamil Mu\\u00f1oz de Monter\\u00eda.\",\"breadcrumb\":{\"@id\":\"https:\/\/www.agromundo.co\/blog\/63a-feria-nacional-de-la-ganaderia-del-13-al-23-de-junio\/#breadcrumb\"},\"inLanguage\":\"es\",\"potentialAction\":[{\"@type\":\"ReadAction\",\"target\":[\"https:\/\/www.agromundo.co\/blog\/63a-feria-nacional-de-la-ganaderia-del-13-al-23-de-junio\/\"]}]},{\"@type\":\"BreadcrumbList\",\"@id\":\"https:\/\/www.agromundo.co\/blog\/63a-feria-nacional-de-la-ganaderia-del-13-al-23-de-junio\/#breadcrumb\",\"itemListElement\":[{\"@type\":\"ListItem\",\"position\":1,\"name\":\"Portada\",\"item\":\"https:\/\/www.agromundo.co\/blog\/\"},{\"@type\":\"ListItem\",\"position\":2,\"name\":\"63\\u00aa Feria Nacional de la Ganader\\u00eda del 13 al 23 de junio\"}]},{\"@type\":\"Person\",\"@id\":\"https:\/\/www.agromundo.co\/blog\/#\/schema\/person\/3e07d858c3c7a93ebf4ad3785559d35d\",\"name\":\"admin\",\"image\":{\"@type\":\"ImageObject\",\"@id\":\"https:\/\/www.agromundo.co\/blog\/#personlogo\",\"inLanguage\":\"es\",\"url\":\"https:\/\/secure.gravatar.com\/avatar\/f990c4c6d966ea7f7bec9cc10bcda5ce?s=96&d=mm&r=g\",\"contentUrl\":\"https:\/\/secure.gravatar.com\/avatar\/f990c4c6d966ea7f7bec9cc10bcda5ce?s=96&d=mm&r=g\",\"caption\":\"admin\"},\"url\":\"https:\/\/www.agromundo.co\/blog\/author\/admin\/\"}]}<\/script>\n<!-- \/ Yoast SEO plugin. -->","yoast_head_json":{"description":"Del 13 al 23 de junio de 2025 se realizar\u00e1 la 63\u00aa Feria Nacional de la Ganader\u00eda en el Coliseo de Ferias Miguel Villamil Mu\u00f1oz de Monter\u00eda.","robots":{"index":"index","follow":"follow","max-snippet":"max-snippet:-1","max-image-preview":"max-image-preview:large","max-video-preview":"max-video-preview:-1"},"canonical":"https:\/\/www.agromundo.co\/blog\/63a-feria-nacional-de-la-ganaderia-del-13-al-23-de-junio\/","og_locale":"es_ES","og_type":"article","og_title":"63\u00aa Feria Nacional de la Ganader\u00eda del 13 al 23 de junio - Notiagro","og_description":"Del 13 al 23 de junio de 2025 se realizar\u00e1 la 63\u00aa Feria Nacional de la Ganader\u00eda en el Coliseo de Ferias Miguel Villamil Mu\u00f1oz de Monter\u00eda.","og_url":"https:\/\/www.agromundo.co\/blog\/63a-feria-nacional-de-la-ganaderia-del-13-al-23-de-junio\/","og_site_name":"Notiagro","article_published_time":"2025-05-28T18:58:00+00:00","og_image":[{"width":364,"height":205,"url":"http:\/\/www.agromundo.co\/blog\/wp-content\/uploads\/2025\/05\/Feria-nacional-de-la-ganaderia.png","type":"image\/png"}],"twitter_misc":{"Escrito por":"admin","Tiempo de lectura":"3 minutos"},"schema":{"@context":"https:\/\/schema.org","@graph":[{"@type":"WebSite","@id":"https:\/\/www.agromundo.co\/blog\/#website","url":"https:\/\/www.agromundo.co\/blog\/","name":"Notiagro","description":"Noticias y eventos sector agropecuario colombiano","potentialAction":[{"@type":"SearchAction","target":{"@type":"EntryPoint","urlTemplate":"https:\/\/www.agromundo.co\/blog\/?s={search_term_string}"},"query-input":"required name=search_term_string"}],"inLanguage":"es"},{"@type":"ImageObject","@id":"https:\/\/www.agromundo.co\/blog\/63a-feria-nacional-de-la-ganaderia-del-13-al-23-de-junio\/#primaryimage","inLanguage":"es","url":"https:\/\/www.agromundo.co\/blog\/wp-content\/uploads\/2025\/05\/Feria-nacional-de-la-ganaderia.png","contentUrl":"https:\/\/www.agromundo.co\/blog\/wp-content\/uploads\/2025\/05\/Feria-nacional-de-la-ganaderia.png","width":364,"height":205},{"@type":"WebPage","@id":"https:\/\/www.agromundo.co\/blog\/63a-feria-nacional-de-la-ganaderia-del-13-al-23-de-junio\/#webpage","url":"https:\/\/www.agromundo.co\/blog\/63a-feria-nacional-de-la-ganaderia-del-13-al-23-de-junio\/","name":"63\u00aa Feria Nacional de la Ganader\u00eda del 13 al 23 de junio - Notiagro","isPartOf":{"@id":"https:\/\/www.agromundo.co\/blog\/#website"},"primaryImageOfPage":{"@id":"https:\/\/www.agromundo.co\/blog\/63a-feria-nacional-de-la-ganaderia-del-13-al-23-de-junio\/#primaryimage"},"datePublished":"2025-05-28T18:58:00+00:00","dateModified":"2025-05-28T18:58:00+00:00","author":{"@id":"https:\/\/www.agromundo.co\/blog\/#\/schema\/person\/3e07d858c3c7a93ebf4ad3785559d35d"},"description":"Del 13 al 23 de junio de 2025 se realizar\u00e1 la 63\u00aa Feria Nacional de la Ganader\u00eda en el Coliseo de Ferias Miguel Villamil Mu\u00f1oz de Monter\u00eda.","breadcrumb":{"@id":"https:\/\/www.agromundo.co\/blog\/63a-feria-nacional-de-la-ganaderia-del-13-al-23-de-junio\/#breadcrumb"},"inLanguage":"es","potentialAction":[{"@type":"ReadAction","target":["https:\/\/www.agromundo.co\/blog\/63a-feria-nacional-de-la-ganaderia-del-13-al-23-de-junio\/"]}]},{"@type":"BreadcrumbList","@id":"https:\/\/www.agromundo.co\/blog\/63a-feria-nacional-de-la-ganaderia-del-13-al-23-de-junio\/#breadcrumb","itemListElement":[{"@type":"ListItem","position":1,"name":"Portada","item":"https:\/\/www.agromundo.co\/blog\/"},{"@type":"ListItem","position":2,"name":"63\u00aa Feria Nacional de la Ganader\u00eda del 13 al 23 de junio"}]},{"@type":"Person","@id":"https:\/\/www.agromundo.co\/blog\/#\/schema\/person\/3e07d858c3c7a93ebf4ad3785559d35d","name":"admin","image":{"@type":"ImageObject","@id":"https:\/\/www.agromundo.co\/blog\/#personlogo","inLanguage":"es","url":"https:\/\/secure.gravatar.com\/avatar\/f990c4c6d966ea7f7bec9cc10bcda5ce?s=96&d=mm&r=g","contentUrl":"https:\/\/secure.gravatar.com\/avatar\/f990c4c6d966ea7f7bec9cc10bcda5ce?s=96&d=mm&r=g","caption":"admin"},"url":"https:\/\/www.agromundo.co\/blog\/author\/admin\/"}]}},"_links":{"self":[{"href":"https:\/\/www.agromundo.co\/blog\/wp-json\/wp\/v2\/posts\/13596"}],"collection":[{"href":"https:\/\/www.agromundo.co\/blog\/wp-json\/wp\/v2\/posts"}],"about":[{"href":"https:\/\/www.agromundo.co\/blog\/wp-json\/wp\/v2\/types\/post"}],"author":[{"embeddable":true,"href":"https:\/\/www.agromundo.co\/blog\/wp-json\/wp\/v2\/users\/1"}],"replies":[{"embeddable":true,"href":"https:\/\/www.agromundo.co\/blog\/wp-json\/wp\/v2\/comments?post=13596"}],"version-history":[{"count":1,"href":"https:\/\/www.agromundo.co\/blog\/wp-json\/wp\/v2\/posts\/13596\/revisions"}],"predecessor-version":[{"id":13598,"href":"https:\/\/www.agromundo.co\/blog\/wp-json\/wp\/v2\/posts\/13596\/revisions\/13598"}],"wp:featuredmedia":[{"embeddable":true,"href":"https:\/\/www.agromundo.co\/blog\/wp-json\/wp\/v2\/media\/13597"}],"wp:attachment":[{"href":"https:\/\/www.agromundo.co\/blog\/wp-json\/wp\/v2\/media?parent=13596"}],"wp:term":[{"taxonomy":"category","embeddable":true,"href":"https:\/\/www.agromundo.co\/blog\/wp-json\/wp\/v2\/categories?post=13596"},{"taxonomy":"post_tag","embeddable":true,"href":"https:\/\/www.agromundo.co\/blog\/wp-json\/wp\/v2\/tags?post=13596"}],"curies":[{"name":"wp","href":"https:\/\/api.w.org\/{rel}","templated":true}]}}