{"id":13642,"date":"2025-06-17T19:51:32","date_gmt":"2025-06-17T19:51:32","guid":{"rendered":"https:\/\/www.agromundo.co\/blog\/?p=13642"},"modified":"2025-06-17T19:51:32","modified_gmt":"2025-06-17T19:51:32","slug":"ventanas-de-siembra-de-pastos-en-colombia","status":"publish","type":"post","link":"https:\/\/www.agromundo.co\/blog\/ventanas-de-siembra-de-pastos-en-colombia\/","title":{"rendered":"Ventanas de siembra de pastos en Colombia"},"content":{"rendered":"<p>Ventanas de siembra<\/p>\n<div id=\"attachment_13643\" style=\"width: 310px\" class=\"wp-caption aligncenter\"><img aria-describedby=\"caption-attachment-13643\" loading=\"lazy\" class=\"wp-image-13643 size-medium\" src=\"http:\/\/www.agromundo.co\/blog\/wp-content\/uploads\/2025\/06\/Ventanas-de-siembra-300x122.png\" alt=\"Ventanas de siembra\" width=\"300\" height=\"122\" srcset=\"https:\/\/www.agromundo.co\/blog\/wp-content\/uploads\/2025\/06\/Ventanas-de-siembra-300x122.png 300w, https:\/\/www.agromundo.co\/blog\/wp-content\/uploads\/2025\/06\/Ventanas-de-siembra.png 504w\" sizes=\"(max-width: 300px) 100vw, 300px\" \/><p id=\"caption-attachment-13643\" class=\"wp-caption-text\">Foto: Fedeg\u00e1n FNG<\/p><\/div>\n<ul>\n<li><em>El \u00e9xito de la producci\u00f3n de leche y carne en el pa\u00eds depende de decisiones claves que inician con el cultivo de los forrajes. Expertos como Ricardo Arenas Ovalle advierten que sembrar sin conocer la altitud, el clima local o el tiempo de suelo puede derivar en costosas p\u00e9rdidas y escasez de alimento para el ganado.<\/em><\/li>\n<\/ul>\n<p>Cada a\u00f1o, miles de ganaderos enfrentan el mismo dilema; \u00bfcu\u00e1ndo y c\u00f3mo sembrar para asegurar el alimento para sus animales? La respuesta est\u00e1 en entender el comportamiento del clima y su impacto en el suelo.<\/p>\n<p>De acuerdo con el m\u00e9dico veterinario Ricardo Arenas Ovalle, presentador del Manual Pr\u00e1ctico Ganadero de Fedeg\u00e1n, en Colombia no se presentan estaciones, pero s\u00ed\u00a0<strong>\u201cventanas de siembra\u201d<\/strong>, en referencia a las 2 grandes temporadas de lluvias que se presentan en el a\u00f1o.<\/p>\n<p>Seg\u00fan expuso, <strong>nuestro clima tropical es bimodal, dependiendo de las lluvias<\/strong>. Y aun cuando no se tienen fen\u00f3menos estacionales, como la nieve, igualmente hace que tengamos unos per\u00edodos o unas ventanas de siembra donde se deben efectuar estos procesos, tanto de siembra como de renovaci\u00f3n de praderas.<\/p>\n<p>Estas ventanas de siembra son, seg\u00fan el experto, una herramienta crucial que determina el \u00e9xito o el fracaso de la alimentaci\u00f3n del ganado. Elegir mal el momento en el calendario de siembra puede arriesgar la producci\u00f3n de leche y carne durante todo el a\u00f1o.<\/p>\n<p>As\u00ed, la siembra de pastos y forrajes no es solo una pr\u00e1ctica agr\u00edcola m\u00e1s, sino una de las labores m\u00e1s sensibles en la cadena ganadera. (Lea en\u00a0<em>CONtexto ganadero<\/em>:\u00a0<strong><a href=\"https:\/\/www.contextoganadero.com\/agricultura\/conozca-pastos-recomendados-para-tropico-alto-y-tropico-bajo\">Conozca pastos recomendados para tr\u00f3pico alto y tr\u00f3pico bajo<\/a><\/strong>)<\/p>\n<h4><strong>\u00c9pocas y regiones:<\/strong><\/h4>\n<p>En t\u00e9rminos generales, la siembra se divide en 2 grandes periodos: de marzo a mayo y de septiembre a noviembre. En estos meses, las lluvias presentan las condiciones ideales de humedad para una buena germinaci\u00f3n.<\/p>\n<p>Seg\u00fan el Manual, la clave est\u00e1 en asegurar una humedad constante durante los primeros 30 d\u00edas tras la siembra. Esa ventana es fundamental, si el suelo se encuentra demasiado seco o encharcado, el desarrollo de la planta ser\u00e1 deficiente, o hasta nulo.<\/p>\n<p>Adem\u00e1s de la \u00e9poca, hay que considerar la localizaci\u00f3n. En regiones como la Amazon\u00eda o la Orinoqu\u00eda, donde las lluvias son generosas, se recomiendan especies como<strong> braquipar\u00e1<\/strong>,\u00a0<strong>humid\u00edcola<\/strong>\u00a0o el\u00a0<strong>h\u00edbrido caim\u00e1n<\/strong>, que son tolerantes al encharcamiento. En contraste, en \u00e1reas m\u00e1s secas de la regi\u00f3n Caribe, se utilizan pastos resistentes a la sequ\u00eda como <strong>savia<\/strong>,\u00a0<strong>h\u00edbrido camello<\/strong>\u00a0o las\u00a0<strong>Brachiarias decumbens<\/strong>.<\/p>\n<p>La temperatura tambi\u00e9n es importante, pues en zonas c\u00e1lidas como los Llanos Orientales, sirven especies tropicales como\u00a0<strong>brachiarias<\/strong>\u00a0o el\u00a0<strong>sorgo forrajero<\/strong>. En cambio, en la regi\u00f3n Andina, con un clima m\u00e1s templado, son m\u00e1s adecuadas,\u00a0<strong>avenas forrajeras,<\/strong> <strong>raigr\u00e1s<\/strong>,\u00a0<strong>tr\u00e9boles<\/strong>\u00a0o\u00a0<strong>kikuyo.<\/strong><\/p>\n<h4><strong>Altura, suelos y t\u00e9cnica:<\/strong><\/h4>\n<p>La altitud tambi\u00e9n modifica las opciones de siembra. Por sobre los 2.500 metros sobre el nivel del mar, las temperaturas m\u00e1s bajas benefician especies como<strong> tr\u00e9boles o<\/strong> las\u00a0<strong>alfalfas<\/strong>. En zonas de altitud baja, predominan las brachiarias, el\u00a0<strong>angleton<\/strong> o el\u00a0<strong>pasto estrella<\/strong>.<\/p>\n<p>Y aunque la altitud y el clima definen las opciones, el tipo de suelo es determinante. Se explica en el Manual que los suelos bien drenados y f\u00e9rtiles son ideales para la siembra de pastos, en tanto que los suelos salinos o compactados pueden limitar el crecimiento.<\/p>\n<p>Por ello, se recomienda\u00a0<strong>efectuar an\u00e1lisis previos<\/strong>, realizar enmiendas y elegir variedades de acuerdo con la fertilidad disponible. En suelos pobres, especies menos exigentes como decumbens<em> o<\/em>\u00a0brachiarias humid\u00edcola\u00a0son una buena alternativa.<\/p>\n<p>En Colombia, las temperaturas elevadas y la humedad relativa dificultan la conservaci\u00f3n de las semillas. Seg\u00fan el Manual, lo ideal es almacenarlas en bodegas secas, frescas y oscuras y\u00a0<strong>sembrarlas lo antes posible<\/strong>.<\/p>\n<p>&nbsp;<\/p>\n<p>Fuente: Adaptado de CONtextoganadero. Autora: Melanny Orozco.<\/p>\n<p>Lo invitamos a ver el siguiente video que muestra el pasto hidrop\u00f3nico:<\/p>\n<p><iframe loading=\"lazy\" title=\"Hidropon\u00eda industrial\" width=\"500\" height=\"281\" src=\"https:\/\/www.youtube.com\/embed\/0XmraDBD04U?feature=oembed\" frameborder=\"0\" allow=\"accelerometer; autoplay; clipboard-write; encrypted-media; gyroscope; picture-in-picture; web-share\" referrerpolicy=\"strict-origin-when-cross-origin\" allowfullscreen><\/iframe><\/p>\n<p>Siga nuestro canal en Youtube para ver las \u00faltimas novedades en el Sector Agropecuario:<br \/>\n<script src=\"https:\/\/apis.google.com\/js\/platform.js\"><\/script><\/p>\n<div class=\"g-ytsubscribe\" data-channel=\"Agromundoco\" data-layout=\"full\" data-count=\"default\"><\/div>\n<p>Con el patrocinio de:<\/p>\n<div id=\"attachment_13462\" style=\"width: 131px\" class=\"wp-caption alignleft\"><a href=\"https:\/\/www.agromundo.co\/ventiladores-industriales-colombia.html\"><img aria-describedby=\"caption-attachment-13462\" loading=\"lazy\" class=\"wp-image-13462 size-full\" src=\"http:\/\/www.agromundo.co\/blog\/wp-content\/uploads\/2025\/04\/B-36.jpg\" alt=\"\" width=\"121\" height=\"120\" \/><\/a><p id=\"caption-attachment-13462\" class=\"wp-caption-text\">Ventiladores y extractores de uso agropecuario<\/p><\/div>\n<div id=\"attachment_13463\" style=\"width: 130px\" class=\"wp-caption alignright\"><a href=\"https:\/\/www.agromundo.co\/plastigoma-pisos-de-caucho.html\"><img aria-describedby=\"caption-attachment-13463\" loading=\"lazy\" class=\"wp-image-13463 size-full\" src=\"http:\/\/www.agromundo.co\/blog\/wp-content\/uploads\/2025\/04\/Pisos-para-salas-de-ordeno.jpg\" alt=\"\" width=\"120\" height=\"120\" \/><\/a><p id=\"caption-attachment-13463\" class=\"wp-caption-text\">Pisos de caucho vulcanizado para ganader\u00eda<\/p><\/div>\n","protected":false},"excerpt":{"rendered":"<p>Ventanas de siembra El \u00e9xito de la producci\u00f3n de leche y carne en el pa\u00eds depende de decisiones claves que inician con el cultivo de los forrajes. Expertos como Ricardo Arenas Ovalle advierten que sembrar sin conocer la altitud, el clima local o el tiempo de suelo puede derivar en costosas p\u00e9rdidas y escasez de [&hellip;]<\/p>\n","protected":false},"author":1,"featured_media":13643,"comment_status":"open","ping_status":"open","sticky":false,"template":"","format":"standard","meta":[],"categories":[5,7081,3,6],"tags":[7922,1628,6972,2284,7060,7921],"yoast_head":"<!-- This site is optimized with the Yoast SEO plugin v17.3 - https:\/\/yoast.com\/wordpress\/plugins\/seo\/ -->\n<meta name=\"description\" content=\"En t\u00e9rminos generales, las ventanas de siembra se dividen en dos grandes periodos: de marzo a mayo y de septiembre a noviembre.\" \/>\n<meta name=\"robots\" content=\"index, follow, max-snippet:-1, max-image-preview:large, max-video-preview:-1\" \/>\n<link rel=\"canonical\" href=\"https:\/\/www.agromundo.co\/blog\/ventanas-de-siembra-de-pastos-en-colombia\/\" \/>\n<meta property=\"og:locale\" content=\"es_ES\" \/>\n<meta property=\"og:type\" content=\"article\" \/>\n<meta property=\"og:title\" content=\"Ventanas de siembra de pastos en Colombia - Notiagro\" \/>\n<meta property=\"og:description\" content=\"En t\u00e9rminos generales, las ventanas de siembra se dividen en dos grandes periodos: de marzo a mayo y de septiembre a noviembre.\" \/>\n<meta property=\"og:url\" content=\"https:\/\/www.agromundo.co\/blog\/ventanas-de-siembra-de-pastos-en-colombia\/\" \/>\n<meta property=\"og:site_name\" content=\"Notiagro\" \/>\n<meta property=\"article:published_time\" content=\"2025-06-17T19:51:32+00:00\" \/>\n<meta property=\"og:image\" content=\"http:\/\/www.agromundo.co\/blog\/wp-content\/uploads\/2025\/06\/Ventanas-de-siembra.png\" \/>\n\t<meta property=\"og:image:width\" content=\"504\" \/>\n\t<meta property=\"og:image:height\" content=\"205\" \/>\n<meta name=\"twitter:label1\" content=\"Escrito por\" \/>\n\t<meta name=\"twitter:data1\" content=\"admin\" \/>\n\t<meta name=\"twitter:label2\" content=\"Tiempo de lectura\" \/>\n\t<meta name=\"twitter:data2\" content=\"4 minutos\" \/>\n<script type=\"application\/ld+json\" class=\"yoast-schema-graph\">{\"@context\":\"https:\/\/schema.org\",\"@graph\":[{\"@type\":\"WebSite\",\"@id\":\"https:\/\/www.agromundo.co\/blog\/#website\",\"url\":\"https:\/\/www.agromundo.co\/blog\/\",\"name\":\"Notiagro\",\"description\":\"Noticias y eventos sector agropecuario colombiano\",\"potentialAction\":[{\"@type\":\"SearchAction\",\"target\":{\"@type\":\"EntryPoint\",\"urlTemplate\":\"https:\/\/www.agromundo.co\/blog\/?s={search_term_string}\"},\"query-input\":\"required name=search_term_string\"}],\"inLanguage\":\"es\"},{\"@type\":\"ImageObject\",\"@id\":\"https:\/\/www.agromundo.co\/blog\/ventanas-de-siembra-de-pastos-en-colombia\/#primaryimage\",\"inLanguage\":\"es\",\"url\":\"https:\/\/www.agromundo.co\/blog\/wp-content\/uploads\/2025\/06\/Ventanas-de-siembra.png\",\"contentUrl\":\"https:\/\/www.agromundo.co\/blog\/wp-content\/uploads\/2025\/06\/Ventanas-de-siembra.png\",\"width\":504,\"height\":205},{\"@type\":\"WebPage\",\"@id\":\"https:\/\/www.agromundo.co\/blog\/ventanas-de-siembra-de-pastos-en-colombia\/#webpage\",\"url\":\"https:\/\/www.agromundo.co\/blog\/ventanas-de-siembra-de-pastos-en-colombia\/\",\"name\":\"Ventanas de siembra de pastos en Colombia - Notiagro\",\"isPartOf\":{\"@id\":\"https:\/\/www.agromundo.co\/blog\/#website\"},\"primaryImageOfPage\":{\"@id\":\"https:\/\/www.agromundo.co\/blog\/ventanas-de-siembra-de-pastos-en-colombia\/#primaryimage\"},\"datePublished\":\"2025-06-17T19:51:32+00:00\",\"dateModified\":\"2025-06-17T19:51:32+00:00\",\"author\":{\"@id\":\"https:\/\/www.agromundo.co\/blog\/#\/schema\/person\/3e07d858c3c7a93ebf4ad3785559d35d\"},\"description\":\"En t\\u00e9rminos generales, las ventanas de siembra se dividen en dos grandes periodos: de marzo a mayo y de septiembre a noviembre.\",\"breadcrumb\":{\"@id\":\"https:\/\/www.agromundo.co\/blog\/ventanas-de-siembra-de-pastos-en-colombia\/#breadcrumb\"},\"inLanguage\":\"es\",\"potentialAction\":[{\"@type\":\"ReadAction\",\"target\":[\"https:\/\/www.agromundo.co\/blog\/ventanas-de-siembra-de-pastos-en-colombia\/\"]}]},{\"@type\":\"BreadcrumbList\",\"@id\":\"https:\/\/www.agromundo.co\/blog\/ventanas-de-siembra-de-pastos-en-colombia\/#breadcrumb\",\"itemListElement\":[{\"@type\":\"ListItem\",\"position\":1,\"name\":\"Portada\",\"item\":\"https:\/\/www.agromundo.co\/blog\/\"},{\"@type\":\"ListItem\",\"position\":2,\"name\":\"Ventanas de siembra de pastos en Colombia\"}]},{\"@type\":\"Person\",\"@id\":\"https:\/\/www.agromundo.co\/blog\/#\/schema\/person\/3e07d858c3c7a93ebf4ad3785559d35d\",\"name\":\"admin\",\"image\":{\"@type\":\"ImageObject\",\"@id\":\"https:\/\/www.agromundo.co\/blog\/#personlogo\",\"inLanguage\":\"es\",\"url\":\"https:\/\/secure.gravatar.com\/avatar\/f990c4c6d966ea7f7bec9cc10bcda5ce?s=96&d=mm&r=g\",\"contentUrl\":\"https:\/\/secure.gravatar.com\/avatar\/f990c4c6d966ea7f7bec9cc10bcda5ce?s=96&d=mm&r=g\",\"caption\":\"admin\"},\"url\":\"https:\/\/www.agromundo.co\/blog\/author\/admin\/\"}]}<\/script>\n<!-- \/ Yoast SEO plugin. -->","yoast_head_json":{"description":"En t\u00e9rminos generales, las ventanas de siembra se dividen en dos grandes periodos: de marzo a mayo y de septiembre a noviembre.","robots":{"index":"index","follow":"follow","max-snippet":"max-snippet:-1","max-image-preview":"max-image-preview:large","max-video-preview":"max-video-preview:-1"},"canonical":"https:\/\/www.agromundo.co\/blog\/ventanas-de-siembra-de-pastos-en-colombia\/","og_locale":"es_ES","og_type":"article","og_title":"Ventanas de siembra de pastos en Colombia - Notiagro","og_description":"En t\u00e9rminos generales, las ventanas de siembra se dividen en dos grandes periodos: de marzo a mayo y de septiembre a noviembre.","og_url":"https:\/\/www.agromundo.co\/blog\/ventanas-de-siembra-de-pastos-en-colombia\/","og_site_name":"Notiagro","article_published_time":"2025-06-17T19:51:32+00:00","og_image":[{"width":504,"height":205,"url":"http:\/\/www.agromundo.co\/blog\/wp-content\/uploads\/2025\/06\/Ventanas-de-siembra.png","type":"image\/png"}],"twitter_misc":{"Escrito por":"admin","Tiempo de lectura":"4 minutos"},"schema":{"@context":"https:\/\/schema.org","@graph":[{"@type":"WebSite","@id":"https:\/\/www.agromundo.co\/blog\/#website","url":"https:\/\/www.agromundo.co\/blog\/","name":"Notiagro","description":"Noticias y eventos sector agropecuario colombiano","potentialAction":[{"@type":"SearchAction","target":{"@type":"EntryPoint","urlTemplate":"https:\/\/www.agromundo.co\/blog\/?s={search_term_string}"},"query-input":"required name=search_term_string"}],"inLanguage":"es"},{"@type":"ImageObject","@id":"https:\/\/www.agromundo.co\/blog\/ventanas-de-siembra-de-pastos-en-colombia\/#primaryimage","inLanguage":"es","url":"https:\/\/www.agromundo.co\/blog\/wp-content\/uploads\/2025\/06\/Ventanas-de-siembra.png","contentUrl":"https:\/\/www.agromundo.co\/blog\/wp-content\/uploads\/2025\/06\/Ventanas-de-siembra.png","width":504,"height":205},{"@type":"WebPage","@id":"https:\/\/www.agromundo.co\/blog\/ventanas-de-siembra-de-pastos-en-colombia\/#webpage","url":"https:\/\/www.agromundo.co\/blog\/ventanas-de-siembra-de-pastos-en-colombia\/","name":"Ventanas de siembra de pastos en Colombia - Notiagro","isPartOf":{"@id":"https:\/\/www.agromundo.co\/blog\/#website"},"primaryImageOfPage":{"@id":"https:\/\/www.agromundo.co\/blog\/ventanas-de-siembra-de-pastos-en-colombia\/#primaryimage"},"datePublished":"2025-06-17T19:51:32+00:00","dateModified":"2025-06-17T19:51:32+00:00","author":{"@id":"https:\/\/www.agromundo.co\/blog\/#\/schema\/person\/3e07d858c3c7a93ebf4ad3785559d35d"},"description":"En t\u00e9rminos generales, las ventanas de siembra se dividen en dos grandes periodos: de marzo a mayo y de septiembre a noviembre.","breadcrumb":{"@id":"https:\/\/www.agromundo.co\/blog\/ventanas-de-siembra-de-pastos-en-colombia\/#breadcrumb"},"inLanguage":"es","potentialAction":[{"@type":"ReadAction","target":["https:\/\/www.agromundo.co\/blog\/ventanas-de-siembra-de-pastos-en-colombia\/"]}]},{"@type":"BreadcrumbList","@id":"https:\/\/www.agromundo.co\/blog\/ventanas-de-siembra-de-pastos-en-colombia\/#breadcrumb","itemListElement":[{"@type":"ListItem","position":1,"name":"Portada","item":"https:\/\/www.agromundo.co\/blog\/"},{"@type":"ListItem","position":2,"name":"Ventanas de siembra de pastos en Colombia"}]},{"@type":"Person","@id":"https:\/\/www.agromundo.co\/blog\/#\/schema\/person\/3e07d858c3c7a93ebf4ad3785559d35d","name":"admin","image":{"@type":"ImageObject","@id":"https:\/\/www.agromundo.co\/blog\/#personlogo","inLanguage":"es","url":"https:\/\/secure.gravatar.com\/avatar\/f990c4c6d966ea7f7bec9cc10bcda5ce?s=96&d=mm&r=g","contentUrl":"https:\/\/secure.gravatar.com\/avatar\/f990c4c6d966ea7f7bec9cc10bcda5ce?s=96&d=mm&r=g","caption":"admin"},"url":"https:\/\/www.agromundo.co\/blog\/author\/admin\/"}]}},"_links":{"self":[{"href":"https:\/\/www.agromundo.co\/blog\/wp-json\/wp\/v2\/posts\/13642"}],"collection":[{"href":"https:\/\/www.agromundo.co\/blog\/wp-json\/wp\/v2\/posts"}],"about":[{"href":"https:\/\/www.agromundo.co\/blog\/wp-json\/wp\/v2\/types\/post"}],"author":[{"embeddable":true,"href":"https:\/\/www.agromundo.co\/blog\/wp-json\/wp\/v2\/users\/1"}],"replies":[{"embeddable":true,"href":"https:\/\/www.agromundo.co\/blog\/wp-json\/wp\/v2\/comments?post=13642"}],"version-history":[{"count":1,"href":"https:\/\/www.agromundo.co\/blog\/wp-json\/wp\/v2\/posts\/13642\/revisions"}],"predecessor-version":[{"id":13644,"href":"https:\/\/www.agromundo.co\/blog\/wp-json\/wp\/v2\/posts\/13642\/revisions\/13644"}],"wp:featuredmedia":[{"embeddable":true,"href":"https:\/\/www.agromundo.co\/blog\/wp-json\/wp\/v2\/media\/13643"}],"wp:attachment":[{"href":"https:\/\/www.agromundo.co\/blog\/wp-json\/wp\/v2\/media?parent=13642"}],"wp:term":[{"taxonomy":"category","embeddable":true,"href":"https:\/\/www.agromundo.co\/blog\/wp-json\/wp\/v2\/categories?post=13642"},{"taxonomy":"post_tag","embeddable":true,"href":"https:\/\/www.agromundo.co\/blog\/wp-json\/wp\/v2\/tags?post=13642"}],"curies":[{"name":"wp","href":"https:\/\/api.w.org\/{rel}","templated":true}]}}