{"id":13676,"date":"2025-07-08T20:03:39","date_gmt":"2025-07-08T20:03:39","guid":{"rendered":"https:\/\/www.agromundo.co\/blog\/?p=13676"},"modified":"2025-07-08T20:03:39","modified_gmt":"2025-07-08T20:03:39","slug":"fedegan-en-agroexpo-2025","status":"publish","type":"post","link":"https:\/\/www.agromundo.co\/blog\/fedegan-en-agroexpo-2025\/","title":{"rendered":"Fedeg\u00e1n en Agroexpo 2025"},"content":{"rendered":"<p>Fedeg\u00e1n<\/p>\n<div id=\"attachment_13677\" style=\"width: 310px\" class=\"wp-caption aligncenter\"><img aria-describedby=\"caption-attachment-13677\" loading=\"lazy\" class=\"wp-image-13677 size-medium\" src=\"http:\/\/www.agromundo.co\/blog\/wp-content\/uploads\/2025\/07\/Fedegan-300x122.png\" alt=\"Fedeg\u00e1n\" width=\"300\" height=\"122\" srcset=\"https:\/\/www.agromundo.co\/blog\/wp-content\/uploads\/2025\/07\/Fedegan-300x122.png 300w, https:\/\/www.agromundo.co\/blog\/wp-content\/uploads\/2025\/07\/Fedegan.png 504w\" sizes=\"(max-width: 300px) 100vw, 300px\" \/><p id=\"caption-attachment-13677\" class=\"wp-caption-text\">Foto: Fedeg\u00e1n FNG<\/p><\/div>\n<ul>\n<li><em>La Federaci\u00f3n Colombiana de Ganaderos (Fedeg\u00e1n) tendr\u00e1 un pabell\u00f3n exclusivo en Agroexpo 2025. All\u00ed abordar\u00e1 temas claves como seguridad rural, sostenibilidad ambiental, transformaci\u00f3n tecnol\u00f3gica y empalme generacional. La programaci\u00f3n acad\u00e9mica estar\u00e1 protagonizada por paneles y charlas con expertos nacionales e internacionales.<\/em><\/li>\n<\/ul>\n<p>En Agroexpo 2025, Fedeg\u00e1n tendr\u00e1 su propio pabell\u00f3n para desarrollar una agenda acad\u00e9mica que plantea sus prioridades para el sector: seguridad, sostenibilidad ambiental, tecnolog\u00eda y relevo generacional. Ser\u00e1n m\u00e1s de 10 d\u00edas de charlas, foros y paneles con especialistas, l\u00edderes de gremios y voces emergentes del campo colombiano.<\/p>\n<p>El presidente de Fedeg\u00e1n Jos\u00e9 F\u00e9lix Lafaurie, participar\u00e1 activamente\u00a0en varios espacios, incluyendo el panel de seguridad ciudadana y el foro sobre mercados internacionales. Junto a \u00e9l, estar\u00e1n directivos como Carlos Rivera, Augusto Beltr\u00e1n Segrera, Olber Ayala, Manuel G\u00f3mez Vivas y Ricardo Arenas, quienes dirigir\u00e1n discusiones sobre los actuales retos del gremio.<\/p>\n<h4><strong>Ganader\u00eda sostenible y mercados verdes.<\/strong><\/h4>\n<p>Buena parte de su programaci\u00f3n, Fedeg\u00e1n la dedicar\u00e1 a la\u00a0<strong>sostenibilidad<\/strong>\u00a0como eje de transformaci\u00f3n ganadera.<\/p>\n<p>Uno de los encuentros centrales lo constituir\u00e1 el foro \u201cGanader\u00eda Sostenible\u201d con la participaci\u00f3n de expertos de organizaciones como el Banco Mundial, Seven Carbon y Audubon USA.<\/p>\n<p>En este espacio se destacar\u00e1 la posibilidad de producir carne de forma sostenible, cuidando los ecosistemas e incrementando la productividad, si se eliminan los mitos sobre la ganader\u00eda y se apuesta a pr\u00e1cticas resilientes. (Lea en\u00a0<em>CONtexto ganadero:<\/em>\u00a0<strong><a href=\"https:\/\/www.contextoganadero.com\/gremialidad\/fedegan-conmemora-500-anos-de-historia-ganadera-en-colombia-comenzando-en-agroexpo\">Fedeg\u00e1n conmemora 500 a\u00f1os de historia ganadera en Colombia comenzando en Agroexpo<\/a><\/strong>)<\/p>\n<p>Otros espacios abordar\u00e1n la cooperaci\u00f3n internacional en zonas como la Amazon\u00eda y la Orinoqu\u00eda, los mercados de carbono en Latinoam\u00e9rica y el lanzamiento del\u00a0<strong>Sello Ambiental Colombiano<\/strong>, que esa entidad promueve como s\u00edmbolo de transformaci\u00f3n responsable.<\/p>\n<h4><strong>Juventud, mujeres y tecnolog\u00eda.<\/strong><\/h4>\n<p>El\u00a0<strong>relevo generacional<\/strong>\u00a0ser\u00e1 otro foco en el pabell\u00f3n de Fedeg\u00e1n.<\/p>\n<p>En el conversatorio \u201cJuventud rural y los desaf\u00edos en una era digital\u201d, se establecer\u00e1 una red nacional de j\u00f3venes campesinos que buscar\u00e1 promover la innovaci\u00f3n y el emprendimiento en el campo. Adem\u00e1s, se discutir\u00e1n herramientas tecnol\u00f3gicas, casos exitosos y propuestas educativas adaptadas al entorno rural.<\/p>\n<p>Tambi\u00e9n se analizar\u00e1 el papel de las mujeres rurales con paneles sobre memoria campesina y liderazgo femenino. \u201cMujeres que lideran el campo: historias que transforman\u201d reunir\u00e1 a ganaderas, empresarias y gremialistas que est\u00e1n abriendo caminos en el sector.<\/p>\n<h4><strong>Seguridad y visi\u00f3n gremial.<\/strong><\/h4>\n<p>La\u00a0seguridad rural\u00a0tambi\u00e9n estar\u00e1 presente en la agenda.<\/p>\n<p>El general (r) Fernando Murillo coordinar\u00e1 escenarios dedicados a analizar la seguridad ciudadana y la protecci\u00f3n del campo en Colombia. Figuras como el presidente de la Corte Constitucional y mandatarios regionales participar\u00e1n en el panel \u201cSeguridad ciudadana: desaf\u00edos y soluciones\u201d.<\/p>\n<p>Fedeg\u00e1n tambi\u00e9n aportar\u00e1 una mirada gremial a asuntos como la seguridad alimentaria, la trazabilidad de los productos ganaderos y el mercado internacional de la carne. Augusto Beltr\u00e1n y Carlos Rivera estar\u00e1n al frente de los\u00a0<strong>debates relacionados con exportaciones y defensa de la producci\u00f3n nacional<\/strong>.<\/p>\n<p>La programaci\u00f3n concluir\u00e1 con una\u00a0<strong>charla sobre los 500 a\u00f1os de la ciudad de Santa Marta como cuna de la ganader\u00eda en Colombia<\/strong>, y un homenaje hist\u00f3rico a los or\u00edgenes del sector.<\/p>\n<p>Agroexpo 2025 promete ser una vitrina de tradici\u00f3n, innovaci\u00f3n y visi\u00f3n estrat\u00e9gica. Y el pabell\u00f3n de Fedeg\u00e1n, epicentro donde el gremio mostrar\u00e1 la capacidad para adaptarse, evolucionar y liderar.<\/p>\n<p>La invitaci\u00f3n a los empresarios ganaderos es\u00a0<strong>a seguir la agenda oficial de Fedeg\u00e1n<\/strong>.<\/p>\n<p>&nbsp;<\/p>\n<p>Fuente: Adaptado de CONtexto ganadero. Autora Angie Barbosa.<\/p>\n<p>Lo invitamos a ver el siguiente video que muestra b\u00e1sculas ganaderas:<\/p>\n<p><iframe loading=\"lazy\" title=\"Basculas para Ganado en la Feria Nacional Ganadera\" width=\"500\" height=\"281\" src=\"https:\/\/www.youtube.com\/embed\/RpTZcnbG54c?list=PLJHhmETq--W8G_SDB5R9y_mcyMUcnBOg4\" frameborder=\"0\" allow=\"accelerometer; autoplay; clipboard-write; encrypted-media; gyroscope; picture-in-picture; web-share\" referrerpolicy=\"strict-origin-when-cross-origin\" allowfullscreen><\/iframe><\/p>\n<p>Siga nuestro canal en Youtube para ver las \u00faltimas novedades en el Sector Agropecuario:<br \/>\n<script src=\"https:\/\/apis.google.com\/js\/platform.js\"><\/script><\/p>\n<div class=\"g-ytsubscribe\" data-channel=\"Agromundoco\" data-layout=\"full\" data-count=\"default\"><\/div>\n<p>Con el patrocinio de:<\/p>\n<div style=\"width: 131px\" class=\"wp-caption alignleft\"><a href=\"https:\/\/www.agromundo.co\/ventiladores-industriales-colombia.html\"><img loading=\"lazy\" class=\"wp-image-13462 size-full\" src=\"http:\/\/www.agromundo.co\/blog\/wp-content\/uploads\/2025\/04\/B-36.jpg\" alt=\"\" width=\"121\" height=\"120\" \/><\/a><p class=\"wp-caption-text\">Ventiladores y extractores de uso agropecuario<\/p><\/div>\n<p>&nbsp;<\/p>\n<\/div>\n<div id=\"attachment_13463\" style=\"width: 130px\" class=\"wp-caption alignright\"><a href=\"https:\/\/www.agromundo.co\/plastigoma-pisos-de-caucho.html\"><img aria-describedby=\"caption-attachment-13463\" loading=\"lazy\" class=\"wp-image-13463 size-full\" src=\"http:\/\/www.agromundo.co\/blog\/wp-content\/uploads\/2025\/04\/Pisos-para-salas-de-ordeno.jpg\" alt=\"\" width=\"120\" height=\"120\" \/><\/a><p id=\"caption-attachment-13463\" class=\"wp-caption-text\">Pisos de caucho vulcanizado para ganader\u00eda<\/p><\/div>\n","protected":false},"excerpt":{"rendered":"<p>Fedeg\u00e1n La Federaci\u00f3n Colombiana de Ganaderos (Fedeg\u00e1n) tendr\u00e1 un pabell\u00f3n exclusivo en Agroexpo 2025. All\u00ed abordar\u00e1 temas claves como seguridad rural, sostenibilidad ambiental, transformaci\u00f3n tecnol\u00f3gica y empalme generacional. La programaci\u00f3n acad\u00e9mica estar\u00e1 protagonizada por paneles y charlas con expertos nacionales e internacionales. En Agroexpo 2025, Fedeg\u00e1n tendr\u00e1 su propio pabell\u00f3n para desarrollar una agenda acad\u00e9mica [&hellip;]<\/p>\n","protected":false},"author":1,"featured_media":13677,"comment_status":"open","ping_status":"open","sticky":false,"template":"","format":"standard","meta":[],"categories":[5,22,7081,3,6],"tags":[7893,2107,2973,2103,390,7945],"yoast_head":"<!-- This site is optimized with the Yoast SEO plugin v17.3 - https:\/\/yoast.com\/wordpress\/plugins\/seo\/ -->\n<meta name=\"description\" content=\"Buena parte de su programaci\u00f3n en Agroexpo 2025, Fedeg\u00e1n la dedicar\u00e1 a la sostenibilidad como eje de transformaci\u00f3n ganadera.\" \/>\n<meta name=\"robots\" content=\"index, follow, max-snippet:-1, max-image-preview:large, max-video-preview:-1\" \/>\n<link rel=\"canonical\" href=\"https:\/\/www.agromundo.co\/blog\/fedegan-en-agroexpo-2025\/\" \/>\n<meta property=\"og:locale\" content=\"es_ES\" \/>\n<meta property=\"og:type\" content=\"article\" \/>\n<meta property=\"og:title\" content=\"Fedeg\u00e1n en Agroexpo 2025 - Notiagro\" \/>\n<meta property=\"og:description\" content=\"Buena parte de su programaci\u00f3n en Agroexpo 2025, Fedeg\u00e1n la dedicar\u00e1 a la sostenibilidad como eje de transformaci\u00f3n ganadera.\" \/>\n<meta property=\"og:url\" content=\"https:\/\/www.agromundo.co\/blog\/fedegan-en-agroexpo-2025\/\" \/>\n<meta property=\"og:site_name\" content=\"Notiagro\" \/>\n<meta property=\"article:published_time\" content=\"2025-07-08T20:03:39+00:00\" \/>\n<meta property=\"og:image\" content=\"http:\/\/www.agromundo.co\/blog\/wp-content\/uploads\/2025\/07\/Fedegan.png\" \/>\n\t<meta property=\"og:image:width\" content=\"504\" \/>\n\t<meta property=\"og:image:height\" content=\"205\" \/>\n<meta name=\"twitter:label1\" content=\"Escrito por\" \/>\n\t<meta name=\"twitter:data1\" content=\"admin\" \/>\n\t<meta name=\"twitter:label2\" content=\"Tiempo de lectura\" \/>\n\t<meta name=\"twitter:data2\" content=\"4 minutos\" \/>\n<script type=\"application\/ld+json\" class=\"yoast-schema-graph\">{\"@context\":\"https:\/\/schema.org\",\"@graph\":[{\"@type\":\"WebSite\",\"@id\":\"https:\/\/www.agromundo.co\/blog\/#website\",\"url\":\"https:\/\/www.agromundo.co\/blog\/\",\"name\":\"Notiagro\",\"description\":\"Noticias y eventos sector agropecuario colombiano\",\"potentialAction\":[{\"@type\":\"SearchAction\",\"target\":{\"@type\":\"EntryPoint\",\"urlTemplate\":\"https:\/\/www.agromundo.co\/blog\/?s={search_term_string}\"},\"query-input\":\"required name=search_term_string\"}],\"inLanguage\":\"es\"},{\"@type\":\"ImageObject\",\"@id\":\"https:\/\/www.agromundo.co\/blog\/fedegan-en-agroexpo-2025\/#primaryimage\",\"inLanguage\":\"es\",\"url\":\"https:\/\/www.agromundo.co\/blog\/wp-content\/uploads\/2025\/07\/Fedegan.png\",\"contentUrl\":\"https:\/\/www.agromundo.co\/blog\/wp-content\/uploads\/2025\/07\/Fedegan.png\",\"width\":504,\"height\":205},{\"@type\":\"WebPage\",\"@id\":\"https:\/\/www.agromundo.co\/blog\/fedegan-en-agroexpo-2025\/#webpage\",\"url\":\"https:\/\/www.agromundo.co\/blog\/fedegan-en-agroexpo-2025\/\",\"name\":\"Fedeg\\u00e1n en Agroexpo 2025 - Notiagro\",\"isPartOf\":{\"@id\":\"https:\/\/www.agromundo.co\/blog\/#website\"},\"primaryImageOfPage\":{\"@id\":\"https:\/\/www.agromundo.co\/blog\/fedegan-en-agroexpo-2025\/#primaryimage\"},\"datePublished\":\"2025-07-08T20:03:39+00:00\",\"dateModified\":\"2025-07-08T20:03:39+00:00\",\"author\":{\"@id\":\"https:\/\/www.agromundo.co\/blog\/#\/schema\/person\/3e07d858c3c7a93ebf4ad3785559d35d\"},\"description\":\"Buena parte de su programaci\\u00f3n en Agroexpo 2025, Fedeg\\u00e1n la dedicar\\u00e1 a la sostenibilidad como eje de transformaci\\u00f3n ganadera.\",\"breadcrumb\":{\"@id\":\"https:\/\/www.agromundo.co\/blog\/fedegan-en-agroexpo-2025\/#breadcrumb\"},\"inLanguage\":\"es\",\"potentialAction\":[{\"@type\":\"ReadAction\",\"target\":[\"https:\/\/www.agromundo.co\/blog\/fedegan-en-agroexpo-2025\/\"]}]},{\"@type\":\"BreadcrumbList\",\"@id\":\"https:\/\/www.agromundo.co\/blog\/fedegan-en-agroexpo-2025\/#breadcrumb\",\"itemListElement\":[{\"@type\":\"ListItem\",\"position\":1,\"name\":\"Portada\",\"item\":\"https:\/\/www.agromundo.co\/blog\/\"},{\"@type\":\"ListItem\",\"position\":2,\"name\":\"Fedeg\\u00e1n en Agroexpo 2025\"}]},{\"@type\":\"Person\",\"@id\":\"https:\/\/www.agromundo.co\/blog\/#\/schema\/person\/3e07d858c3c7a93ebf4ad3785559d35d\",\"name\":\"admin\",\"image\":{\"@type\":\"ImageObject\",\"@id\":\"https:\/\/www.agromundo.co\/blog\/#personlogo\",\"inLanguage\":\"es\",\"url\":\"https:\/\/secure.gravatar.com\/avatar\/f990c4c6d966ea7f7bec9cc10bcda5ce?s=96&d=mm&r=g\",\"contentUrl\":\"https:\/\/secure.gravatar.com\/avatar\/f990c4c6d966ea7f7bec9cc10bcda5ce?s=96&d=mm&r=g\",\"caption\":\"admin\"},\"url\":\"https:\/\/www.agromundo.co\/blog\/author\/admin\/\"}]}<\/script>\n<!-- \/ Yoast SEO plugin. -->","yoast_head_json":{"description":"Buena parte de su programaci\u00f3n en Agroexpo 2025, Fedeg\u00e1n la dedicar\u00e1 a la sostenibilidad como eje de transformaci\u00f3n ganadera.","robots":{"index":"index","follow":"follow","max-snippet":"max-snippet:-1","max-image-preview":"max-image-preview:large","max-video-preview":"max-video-preview:-1"},"canonical":"https:\/\/www.agromundo.co\/blog\/fedegan-en-agroexpo-2025\/","og_locale":"es_ES","og_type":"article","og_title":"Fedeg\u00e1n en Agroexpo 2025 - Notiagro","og_description":"Buena parte de su programaci\u00f3n en Agroexpo 2025, Fedeg\u00e1n la dedicar\u00e1 a la sostenibilidad como eje de transformaci\u00f3n ganadera.","og_url":"https:\/\/www.agromundo.co\/blog\/fedegan-en-agroexpo-2025\/","og_site_name":"Notiagro","article_published_time":"2025-07-08T20:03:39+00:00","og_image":[{"width":504,"height":205,"url":"http:\/\/www.agromundo.co\/blog\/wp-content\/uploads\/2025\/07\/Fedegan.png","type":"image\/png"}],"twitter_misc":{"Escrito por":"admin","Tiempo de lectura":"4 minutos"},"schema":{"@context":"https:\/\/schema.org","@graph":[{"@type":"WebSite","@id":"https:\/\/www.agromundo.co\/blog\/#website","url":"https:\/\/www.agromundo.co\/blog\/","name":"Notiagro","description":"Noticias y eventos sector agropecuario colombiano","potentialAction":[{"@type":"SearchAction","target":{"@type":"EntryPoint","urlTemplate":"https:\/\/www.agromundo.co\/blog\/?s={search_term_string}"},"query-input":"required name=search_term_string"}],"inLanguage":"es"},{"@type":"ImageObject","@id":"https:\/\/www.agromundo.co\/blog\/fedegan-en-agroexpo-2025\/#primaryimage","inLanguage":"es","url":"https:\/\/www.agromundo.co\/blog\/wp-content\/uploads\/2025\/07\/Fedegan.png","contentUrl":"https:\/\/www.agromundo.co\/blog\/wp-content\/uploads\/2025\/07\/Fedegan.png","width":504,"height":205},{"@type":"WebPage","@id":"https:\/\/www.agromundo.co\/blog\/fedegan-en-agroexpo-2025\/#webpage","url":"https:\/\/www.agromundo.co\/blog\/fedegan-en-agroexpo-2025\/","name":"Fedeg\u00e1n en Agroexpo 2025 - Notiagro","isPartOf":{"@id":"https:\/\/www.agromundo.co\/blog\/#website"},"primaryImageOfPage":{"@id":"https:\/\/www.agromundo.co\/blog\/fedegan-en-agroexpo-2025\/#primaryimage"},"datePublished":"2025-07-08T20:03:39+00:00","dateModified":"2025-07-08T20:03:39+00:00","author":{"@id":"https:\/\/www.agromundo.co\/blog\/#\/schema\/person\/3e07d858c3c7a93ebf4ad3785559d35d"},"description":"Buena parte de su programaci\u00f3n en Agroexpo 2025, Fedeg\u00e1n la dedicar\u00e1 a la sostenibilidad como eje de transformaci\u00f3n ganadera.","breadcrumb":{"@id":"https:\/\/www.agromundo.co\/blog\/fedegan-en-agroexpo-2025\/#breadcrumb"},"inLanguage":"es","potentialAction":[{"@type":"ReadAction","target":["https:\/\/www.agromundo.co\/blog\/fedegan-en-agroexpo-2025\/"]}]},{"@type":"BreadcrumbList","@id":"https:\/\/www.agromundo.co\/blog\/fedegan-en-agroexpo-2025\/#breadcrumb","itemListElement":[{"@type":"ListItem","position":1,"name":"Portada","item":"https:\/\/www.agromundo.co\/blog\/"},{"@type":"ListItem","position":2,"name":"Fedeg\u00e1n en Agroexpo 2025"}]},{"@type":"Person","@id":"https:\/\/www.agromundo.co\/blog\/#\/schema\/person\/3e07d858c3c7a93ebf4ad3785559d35d","name":"admin","image":{"@type":"ImageObject","@id":"https:\/\/www.agromundo.co\/blog\/#personlogo","inLanguage":"es","url":"https:\/\/secure.gravatar.com\/avatar\/f990c4c6d966ea7f7bec9cc10bcda5ce?s=96&d=mm&r=g","contentUrl":"https:\/\/secure.gravatar.com\/avatar\/f990c4c6d966ea7f7bec9cc10bcda5ce?s=96&d=mm&r=g","caption":"admin"},"url":"https:\/\/www.agromundo.co\/blog\/author\/admin\/"}]}},"_links":{"self":[{"href":"https:\/\/www.agromundo.co\/blog\/wp-json\/wp\/v2\/posts\/13676"}],"collection":[{"href":"https:\/\/www.agromundo.co\/blog\/wp-json\/wp\/v2\/posts"}],"about":[{"href":"https:\/\/www.agromundo.co\/blog\/wp-json\/wp\/v2\/types\/post"}],"author":[{"embeddable":true,"href":"https:\/\/www.agromundo.co\/blog\/wp-json\/wp\/v2\/users\/1"}],"replies":[{"embeddable":true,"href":"https:\/\/www.agromundo.co\/blog\/wp-json\/wp\/v2\/comments?post=13676"}],"version-history":[{"count":1,"href":"https:\/\/www.agromundo.co\/blog\/wp-json\/wp\/v2\/posts\/13676\/revisions"}],"predecessor-version":[{"id":13678,"href":"https:\/\/www.agromundo.co\/blog\/wp-json\/wp\/v2\/posts\/13676\/revisions\/13678"}],"wp:featuredmedia":[{"embeddable":true,"href":"https:\/\/www.agromundo.co\/blog\/wp-json\/wp\/v2\/media\/13677"}],"wp:attachment":[{"href":"https:\/\/www.agromundo.co\/blog\/wp-json\/wp\/v2\/media?parent=13676"}],"wp:term":[{"taxonomy":"category","embeddable":true,"href":"https:\/\/www.agromundo.co\/blog\/wp-json\/wp\/v2\/categories?post=13676"},{"taxonomy":"post_tag","embeddable":true,"href":"https:\/\/www.agromundo.co\/blog\/wp-json\/wp\/v2\/tags?post=13676"}],"curies":[{"name":"wp","href":"https:\/\/api.w.org\/{rel}","templated":true}]}}