{"id":14058,"date":"2026-01-16T20:19:25","date_gmt":"2026-01-16T20:19:25","guid":{"rendered":"https:\/\/www.agromundo.co\/blog\/?p=14058"},"modified":"2026-01-16T20:19:25","modified_gmt":"2026-01-16T20:19:25","slug":"expomalocas-2026-del-28-de-enero-al-1-de-febrero","status":"publish","type":"post","link":"https:\/\/www.agromundo.co\/blog\/expomalocas-2026-del-28-de-enero-al-1-de-febrero\/","title":{"rendered":"ExpoMalocas 2026 del 28 de enero al 1 de febrero"},"content":{"rendered":"<p>ExpoMalocas 2026<\/p>\n<div id=\"attachment_14059\" style=\"width: 310px\" class=\"wp-caption aligncenter\"><img aria-describedby=\"caption-attachment-14059\" loading=\"lazy\" class=\"wp-image-14059 size-medium\" src=\"http:\/\/www.agromundo.co\/blog\/wp-content\/uploads\/2026\/01\/Expomalocas-2026-300x118.png\" alt=\"ExpoMalocas 2026\" width=\"300\" height=\"118\" srcset=\"https:\/\/www.agromundo.co\/blog\/wp-content\/uploads\/2026\/01\/Expomalocas-2026-300x118.png 300w, https:\/\/www.agromundo.co\/blog\/wp-content\/uploads\/2026\/01\/Expomalocas-2026.png 520w\" sizes=\"(max-width: 300px) 100vw, 300px\" \/><p id=\"caption-attachment-14059\" class=\"wp-caption-text\">Foto: Cortes\u00eda<\/p><\/div>\n<ul>\n<li style=\"text-align: left;\"><em>Con 1.500 animales inscritos y un crecimiento del 7% frente al a\u00f1o 2025, ExpoMalocas 2026 se consolida como la m\u00e1s importante feria ganadera de la Orinoqu\u00eda. Se proyecta superar los $2.900 millones en negocios que se realizaron en la edici\u00f3n pasada.<\/em><\/li>\n<\/ul>\n<p>Muy pronto los ganaderos del pa\u00eds se podr\u00e1n dar cita en la feria de m\u00e1s tradici\u00f3n en el Meta: la Feria Empresarial Agroindustrial, Comercial y Ganadera ExpoMalocas 2026, que el presente a\u00f1o registrar\u00e1 un r\u00e9cord de participaci\u00f3n con 1.500 animales de todas las razas bovinas.<\/p>\n<p>Es una cifra supera ampliamente la lorada en la versi\u00f3n 2025 del evento. Es superior en m\u00e1s del 7% o en su equivalente de 100 animales adicionales, seg\u00fan inform\u00f3\u00a0<strong>Luis Eduardo Arias<\/strong>, productor de amplia trayectoria y gerente del Comit\u00e9 de Ganaderos del Meta.<\/p>\n<p>El evento, de trascendencia para la econom\u00eda de la Orinoquia colombiana, destacar\u00e1 la estirpe de la legendaria actividad ganadera y se realizar\u00e1 en las 30 hect\u00e1reas del centro ferial de Villavicencio durante 5 d\u00edas,\u00a0<strong>entre el 28 de enero y el 1 de febrero de 2026<\/strong>.<\/p>\n<p>Seg\u00fan el Instituto de Turismo del Meta, el 2025 en ExpoMalocas participaron 1.400 bovinos de 16 razas y 230 empresas especializadas en ganader\u00eda. (Lea en\u00a0<em>CONtexto ganadero<\/em>:\u00a0<strong><a href=\"https:\/\/www.contextoganadero.com\/gremialidad\/los-reclamos-de-los-gremios-agropecuarios-al-gobierno\">Los reclamos de los gremios agropecuarios al Gobierno en Expomalocas 2025<\/a><\/strong>)<\/p>\n<p>Sostuvo Arias que es un escenario donde\u00a0<strong>solo en el a\u00f1o 2025 se comercializaron $2.900 millones<\/strong>\u00a0en transacciones de ganader\u00eda bovina. Agreg\u00f3 que esta es la primera feria ganadera regional de Colombia.<\/p>\n<h4><strong>El evento:<\/strong><\/h4>\n<p>Tradici\u00f3n, gen\u00e9tica, innovaci\u00f3n, agroindustria, desarrollo rural y tecnolog\u00eda estar\u00e1n congregados para mostrar lo mejor de esta actividad centenaria de la regi\u00f3n.<\/p>\n<p>El departamento del Meta es el\u00a0<strong>segundo con mayor n\u00famero de bovinos<\/strong>\u00a0en Colombia. Seg\u00fan cifras de Fedeg\u00e1n y el ICA, el departamento tiene\u00a0<strong>cerca de 2,5 millones<\/strong>\u00a0de cabezas de ganado.<\/p>\n<p>Agreg\u00f3 Arias que se tendr\u00e1n exposiciones diferentes al ceb\u00fa:\u00a0<strong>beefmaster, simbrah (doble prop\u00f3sito), simmental, charolais, blanco orejinegro, brangus<\/strong>. En exhibici\u00f3n, tendr\u00e1n otras 6 razas bovinas.<\/p>\n<p>La feria ofrecer\u00e1 adem\u00e1s espacios de capacitaci\u00f3n en actividad equina y bovina, turismo y otras labores que caracterizan la cultura ganadera de la Orinoquia colombiana.<\/p>\n<p>&nbsp;<\/p>\n<p>Fuente: Adaptado de CONtexto ganadero. Autor: Luis Humberto Caballero.<\/p>\n<p>Lo invitamos a ver el siguiente video que muestra un juzgamiento de ganado simmental:<\/p>\n<p><iframe loading=\"lazy\" title=\"CAMPEONA ADULTA SIMMENTAL CORFERIAS 2012\" width=\"500\" height=\"375\" src=\"https:\/\/www.youtube.com\/embed\/jg-dget_tCU?list=PL113515CDCF02BAF2\" frameborder=\"0\" allow=\"accelerometer; autoplay; clipboard-write; encrypted-media; gyroscope; picture-in-picture; web-share\" referrerpolicy=\"strict-origin-when-cross-origin\" allowfullscreen><\/iframe><\/p>\n<p>Siga nuestro canal en Youtube para ver las \u00faltimas novedades en el Sector Agropecuario:<br \/>\n<script src=\"https:\/\/apis.google.com\/js\/platform.js\"><\/script><\/p>\n<div class=\"g-ytsubscribe\" data-channel=\"Agromundoco\" data-layout=\"full\" data-count=\"default\"><\/div>\n<p>Con el patrocinio de:<\/p>\n<div id=\"attachment_13462\" style=\"width: 131px\" class=\"wp-caption alignleft\"><a href=\"https:\/\/www.agromundo.co\/ventiladores-industriales-colombia.html\"><img aria-describedby=\"caption-attachment-13462\" loading=\"lazy\" class=\"wp-image-13462 size-full\" src=\"http:\/\/www.agromundo.co\/blog\/wp-content\/uploads\/2025\/04\/B-36.jpg\" alt=\"\" width=\"121\" height=\"120\" \/><\/a><p id=\"caption-attachment-13462\" class=\"wp-caption-text\">Ventiladores y extractores de uso agropecuario<\/p><\/div>\n<div id=\"attachment_13463\" style=\"width: 130px\" class=\"wp-caption alignright\"><a href=\"https:\/\/www.agromundo.co\/plastigoma-pisos-de-caucho.html\"><img aria-describedby=\"caption-attachment-13463\" loading=\"lazy\" class=\"wp-image-13463 size-full\" src=\"http:\/\/www.agromundo.co\/blog\/wp-content\/uploads\/2025\/04\/Pisos-para-salas-de-ordeno.jpg\" alt=\"\" width=\"120\" height=\"120\" \/><\/a><p id=\"caption-attachment-13463\" class=\"wp-caption-text\">Pisos de caucho vulcanizado para ganader\u00eda<\/p><\/div>\n","protected":false},"excerpt":{"rendered":"<p>ExpoMalocas 2026 Con 1.500 animales inscritos y un crecimiento del 7% frente al a\u00f1o 2025, ExpoMalocas 2026 se consolida como la m\u00e1s importante feria ganadera de la Orinoqu\u00eda. Se proyecta superar los $2.900 millones en negocios que se realizaron en la edici\u00f3n pasada. Muy pronto los ganaderos del pa\u00eds se podr\u00e1n dar cita en la [&hellip;]<\/p>\n","protected":false},"author":1,"featured_media":14059,"comment_status":"open","ping_status":"open","sticky":false,"template":"","format":"standard","meta":[],"categories":[5,22,7081,2843,3,6],"tags":[8215,2107,1515,2198,1628,811],"yoast_head":"<!-- This site is optimized with the Yoast SEO plugin v17.3 - https:\/\/yoast.com\/wordpress\/plugins\/seo\/ -->\n<meta name=\"description\" content=\"Tradici\u00f3n, innovaci\u00f3n, gen\u00e9tica, agroindustria, desarrollo rural y tecnolog\u00eda estar\u00e1n presentes en ExpoMalocas 2026.\" \/>\n<meta name=\"robots\" content=\"index, follow, max-snippet:-1, max-image-preview:large, max-video-preview:-1\" \/>\n<link rel=\"canonical\" href=\"https:\/\/www.agromundo.co\/blog\/expomalocas-2026-del-28-de-enero-al-1-de-febrero\/\" \/>\n<meta property=\"og:locale\" content=\"es_ES\" \/>\n<meta property=\"og:type\" content=\"article\" \/>\n<meta property=\"og:title\" content=\"ExpoMalocas 2026 del 28 de enero al 1 de febrero - Notiagro\" \/>\n<meta property=\"og:description\" content=\"Tradici\u00f3n, innovaci\u00f3n, gen\u00e9tica, agroindustria, desarrollo rural y tecnolog\u00eda estar\u00e1n presentes en ExpoMalocas 2026.\" \/>\n<meta property=\"og:url\" content=\"https:\/\/www.agromundo.co\/blog\/expomalocas-2026-del-28-de-enero-al-1-de-febrero\/\" \/>\n<meta property=\"og:site_name\" content=\"Notiagro\" \/>\n<meta property=\"article:published_time\" content=\"2026-01-16T20:19:25+00:00\" \/>\n<meta property=\"og:image\" content=\"http:\/\/www.agromundo.co\/blog\/wp-content\/uploads\/2026\/01\/Expomalocas-2026.png\" \/>\n\t<meta property=\"og:image:width\" content=\"520\" \/>\n\t<meta property=\"og:image:height\" content=\"205\" \/>\n<meta name=\"twitter:label1\" content=\"Escrito por\" \/>\n\t<meta name=\"twitter:data1\" content=\"admin\" \/>\n\t<meta name=\"twitter:label2\" content=\"Tiempo de lectura\" \/>\n\t<meta name=\"twitter:data2\" content=\"3 minutos\" \/>\n<script type=\"application\/ld+json\" class=\"yoast-schema-graph\">{\"@context\":\"https:\/\/schema.org\",\"@graph\":[{\"@type\":\"WebSite\",\"@id\":\"https:\/\/www.agromundo.co\/blog\/#website\",\"url\":\"https:\/\/www.agromundo.co\/blog\/\",\"name\":\"Notiagro\",\"description\":\"Noticias y eventos sector agropecuario colombiano\",\"potentialAction\":[{\"@type\":\"SearchAction\",\"target\":{\"@type\":\"EntryPoint\",\"urlTemplate\":\"https:\/\/www.agromundo.co\/blog\/?s={search_term_string}\"},\"query-input\":\"required name=search_term_string\"}],\"inLanguage\":\"es\"},{\"@type\":\"ImageObject\",\"@id\":\"https:\/\/www.agromundo.co\/blog\/expomalocas-2026-del-28-de-enero-al-1-de-febrero\/#primaryimage\",\"inLanguage\":\"es\",\"url\":\"https:\/\/www.agromundo.co\/blog\/wp-content\/uploads\/2026\/01\/Expomalocas-2026.png\",\"contentUrl\":\"https:\/\/www.agromundo.co\/blog\/wp-content\/uploads\/2026\/01\/Expomalocas-2026.png\",\"width\":520,\"height\":205},{\"@type\":\"WebPage\",\"@id\":\"https:\/\/www.agromundo.co\/blog\/expomalocas-2026-del-28-de-enero-al-1-de-febrero\/#webpage\",\"url\":\"https:\/\/www.agromundo.co\/blog\/expomalocas-2026-del-28-de-enero-al-1-de-febrero\/\",\"name\":\"ExpoMalocas 2026 del 28 de enero al 1 de febrero - Notiagro\",\"isPartOf\":{\"@id\":\"https:\/\/www.agromundo.co\/blog\/#website\"},\"primaryImageOfPage\":{\"@id\":\"https:\/\/www.agromundo.co\/blog\/expomalocas-2026-del-28-de-enero-al-1-de-febrero\/#primaryimage\"},\"datePublished\":\"2026-01-16T20:19:25+00:00\",\"dateModified\":\"2026-01-16T20:19:25+00:00\",\"author\":{\"@id\":\"https:\/\/www.agromundo.co\/blog\/#\/schema\/person\/3e07d858c3c7a93ebf4ad3785559d35d\"},\"description\":\"Tradici\\u00f3n, innovaci\\u00f3n, gen\\u00e9tica, agroindustria, desarrollo rural y tecnolog\\u00eda estar\\u00e1n presentes en ExpoMalocas 2026.\",\"breadcrumb\":{\"@id\":\"https:\/\/www.agromundo.co\/blog\/expomalocas-2026-del-28-de-enero-al-1-de-febrero\/#breadcrumb\"},\"inLanguage\":\"es\",\"potentialAction\":[{\"@type\":\"ReadAction\",\"target\":[\"https:\/\/www.agromundo.co\/blog\/expomalocas-2026-del-28-de-enero-al-1-de-febrero\/\"]}]},{\"@type\":\"BreadcrumbList\",\"@id\":\"https:\/\/www.agromundo.co\/blog\/expomalocas-2026-del-28-de-enero-al-1-de-febrero\/#breadcrumb\",\"itemListElement\":[{\"@type\":\"ListItem\",\"position\":1,\"name\":\"Portada\",\"item\":\"https:\/\/www.agromundo.co\/blog\/\"},{\"@type\":\"ListItem\",\"position\":2,\"name\":\"ExpoMalocas 2026 del 28 de enero al 1 de febrero\"}]},{\"@type\":\"Person\",\"@id\":\"https:\/\/www.agromundo.co\/blog\/#\/schema\/person\/3e07d858c3c7a93ebf4ad3785559d35d\",\"name\":\"admin\",\"image\":{\"@type\":\"ImageObject\",\"@id\":\"https:\/\/www.agromundo.co\/blog\/#personlogo\",\"inLanguage\":\"es\",\"url\":\"https:\/\/secure.gravatar.com\/avatar\/f990c4c6d966ea7f7bec9cc10bcda5ce?s=96&d=mm&r=g\",\"contentUrl\":\"https:\/\/secure.gravatar.com\/avatar\/f990c4c6d966ea7f7bec9cc10bcda5ce?s=96&d=mm&r=g\",\"caption\":\"admin\"},\"url\":\"https:\/\/www.agromundo.co\/blog\/author\/admin\/\"}]}<\/script>\n<!-- \/ Yoast SEO plugin. -->","yoast_head_json":{"description":"Tradici\u00f3n, innovaci\u00f3n, gen\u00e9tica, agroindustria, desarrollo rural y tecnolog\u00eda estar\u00e1n presentes en ExpoMalocas 2026.","robots":{"index":"index","follow":"follow","max-snippet":"max-snippet:-1","max-image-preview":"max-image-preview:large","max-video-preview":"max-video-preview:-1"},"canonical":"https:\/\/www.agromundo.co\/blog\/expomalocas-2026-del-28-de-enero-al-1-de-febrero\/","og_locale":"es_ES","og_type":"article","og_title":"ExpoMalocas 2026 del 28 de enero al 1 de febrero - Notiagro","og_description":"Tradici\u00f3n, innovaci\u00f3n, gen\u00e9tica, agroindustria, desarrollo rural y tecnolog\u00eda estar\u00e1n presentes en ExpoMalocas 2026.","og_url":"https:\/\/www.agromundo.co\/blog\/expomalocas-2026-del-28-de-enero-al-1-de-febrero\/","og_site_name":"Notiagro","article_published_time":"2026-01-16T20:19:25+00:00","og_image":[{"width":520,"height":205,"url":"http:\/\/www.agromundo.co\/blog\/wp-content\/uploads\/2026\/01\/Expomalocas-2026.png","type":"image\/png"}],"twitter_misc":{"Escrito por":"admin","Tiempo de lectura":"3 minutos"},"schema":{"@context":"https:\/\/schema.org","@graph":[{"@type":"WebSite","@id":"https:\/\/www.agromundo.co\/blog\/#website","url":"https:\/\/www.agromundo.co\/blog\/","name":"Notiagro","description":"Noticias y eventos sector agropecuario colombiano","potentialAction":[{"@type":"SearchAction","target":{"@type":"EntryPoint","urlTemplate":"https:\/\/www.agromundo.co\/blog\/?s={search_term_string}"},"query-input":"required name=search_term_string"}],"inLanguage":"es"},{"@type":"ImageObject","@id":"https:\/\/www.agromundo.co\/blog\/expomalocas-2026-del-28-de-enero-al-1-de-febrero\/#primaryimage","inLanguage":"es","url":"https:\/\/www.agromundo.co\/blog\/wp-content\/uploads\/2026\/01\/Expomalocas-2026.png","contentUrl":"https:\/\/www.agromundo.co\/blog\/wp-content\/uploads\/2026\/01\/Expomalocas-2026.png","width":520,"height":205},{"@type":"WebPage","@id":"https:\/\/www.agromundo.co\/blog\/expomalocas-2026-del-28-de-enero-al-1-de-febrero\/#webpage","url":"https:\/\/www.agromundo.co\/blog\/expomalocas-2026-del-28-de-enero-al-1-de-febrero\/","name":"ExpoMalocas 2026 del 28 de enero al 1 de febrero - Notiagro","isPartOf":{"@id":"https:\/\/www.agromundo.co\/blog\/#website"},"primaryImageOfPage":{"@id":"https:\/\/www.agromundo.co\/blog\/expomalocas-2026-del-28-de-enero-al-1-de-febrero\/#primaryimage"},"datePublished":"2026-01-16T20:19:25+00:00","dateModified":"2026-01-16T20:19:25+00:00","author":{"@id":"https:\/\/www.agromundo.co\/blog\/#\/schema\/person\/3e07d858c3c7a93ebf4ad3785559d35d"},"description":"Tradici\u00f3n, innovaci\u00f3n, gen\u00e9tica, agroindustria, desarrollo rural y tecnolog\u00eda estar\u00e1n presentes en ExpoMalocas 2026.","breadcrumb":{"@id":"https:\/\/www.agromundo.co\/blog\/expomalocas-2026-del-28-de-enero-al-1-de-febrero\/#breadcrumb"},"inLanguage":"es","potentialAction":[{"@type":"ReadAction","target":["https:\/\/www.agromundo.co\/blog\/expomalocas-2026-del-28-de-enero-al-1-de-febrero\/"]}]},{"@type":"BreadcrumbList","@id":"https:\/\/www.agromundo.co\/blog\/expomalocas-2026-del-28-de-enero-al-1-de-febrero\/#breadcrumb","itemListElement":[{"@type":"ListItem","position":1,"name":"Portada","item":"https:\/\/www.agromundo.co\/blog\/"},{"@type":"ListItem","position":2,"name":"ExpoMalocas 2026 del 28 de enero al 1 de febrero"}]},{"@type":"Person","@id":"https:\/\/www.agromundo.co\/blog\/#\/schema\/person\/3e07d858c3c7a93ebf4ad3785559d35d","name":"admin","image":{"@type":"ImageObject","@id":"https:\/\/www.agromundo.co\/blog\/#personlogo","inLanguage":"es","url":"https:\/\/secure.gravatar.com\/avatar\/f990c4c6d966ea7f7bec9cc10bcda5ce?s=96&d=mm&r=g","contentUrl":"https:\/\/secure.gravatar.com\/avatar\/f990c4c6d966ea7f7bec9cc10bcda5ce?s=96&d=mm&r=g","caption":"admin"},"url":"https:\/\/www.agromundo.co\/blog\/author\/admin\/"}]}},"_links":{"self":[{"href":"https:\/\/www.agromundo.co\/blog\/wp-json\/wp\/v2\/posts\/14058"}],"collection":[{"href":"https:\/\/www.agromundo.co\/blog\/wp-json\/wp\/v2\/posts"}],"about":[{"href":"https:\/\/www.agromundo.co\/blog\/wp-json\/wp\/v2\/types\/post"}],"author":[{"embeddable":true,"href":"https:\/\/www.agromundo.co\/blog\/wp-json\/wp\/v2\/users\/1"}],"replies":[{"embeddable":true,"href":"https:\/\/www.agromundo.co\/blog\/wp-json\/wp\/v2\/comments?post=14058"}],"version-history":[{"count":1,"href":"https:\/\/www.agromundo.co\/blog\/wp-json\/wp\/v2\/posts\/14058\/revisions"}],"predecessor-version":[{"id":14060,"href":"https:\/\/www.agromundo.co\/blog\/wp-json\/wp\/v2\/posts\/14058\/revisions\/14060"}],"wp:featuredmedia":[{"embeddable":true,"href":"https:\/\/www.agromundo.co\/blog\/wp-json\/wp\/v2\/media\/14059"}],"wp:attachment":[{"href":"https:\/\/www.agromundo.co\/blog\/wp-json\/wp\/v2\/media?parent=14058"}],"wp:term":[{"taxonomy":"category","embeddable":true,"href":"https:\/\/www.agromundo.co\/blog\/wp-json\/wp\/v2\/categories?post=14058"},{"taxonomy":"post_tag","embeddable":true,"href":"https:\/\/www.agromundo.co\/blog\/wp-json\/wp\/v2\/tags?post=14058"}],"curies":[{"name":"wp","href":"https:\/\/api.w.org\/{rel}","templated":true}]}}