{"id":14187,"date":"2026-03-09T17:47:13","date_gmt":"2026-03-09T17:47:13","guid":{"rendered":"https:\/\/www.agromundo.co\/blog\/?p=14187"},"modified":"2026-03-09T17:47:13","modified_gmt":"2026-03-09T17:47:13","slug":"dia-de-campo-brangus-en-la-finca-el-vergel-de-guaduas","status":"publish","type":"post","link":"https:\/\/www.agromundo.co\/blog\/dia-de-campo-brangus-en-la-finca-el-vergel-de-guaduas\/","title":{"rendered":"D\u00eda de campo brangus en la finca El Vergel de Guaduas"},"content":{"rendered":"<p>D\u00eda de campo brangus<\/p>\n<div id=\"attachment_14188\" style=\"width: 310px\" class=\"wp-caption aligncenter\"><img aria-describedby=\"caption-attachment-14188\" loading=\"lazy\" class=\"wp-image-14188 size-medium\" src=\"http:\/\/www.agromundo.co\/blog\/wp-content\/uploads\/2026\/03\/Dia-de-campo-brangus-300x118.png\" alt=\"D\u00eda de campo Brangus\" width=\"300\" height=\"118\" srcset=\"https:\/\/www.agromundo.co\/blog\/wp-content\/uploads\/2026\/03\/Dia-de-campo-brangus-300x118.png 300w, https:\/\/www.agromundo.co\/blog\/wp-content\/uploads\/2026\/03\/Dia-de-campo-brangus.png 520w\" sizes=\"(max-width: 300px) 100vw, 300px\" \/><p id=\"caption-attachment-14188\" class=\"wp-caption-text\">Foto: Cortes\u00eda<\/p><\/div>\n<ul>\n<li style=\"text-align: left;\"><em>En una regi\u00f3n seca y retadora del Magdalena Medio, una hacienda de 50 hect\u00e1reas demuestra que un cruce bien orientado puede volverse negocio. Productores ganaderos conocer\u00e1n de primera mano c\u00f3mo abastecer a un mercado que ya paga por la calidad.<\/em><\/li>\n<\/ul>\n<p>El s\u00e1bado 11 de abril de 2026, la finca El Vergel, localizada en Guaduas (Cundinamarca), abrir\u00e1 sus puertas para el d\u00eda de campo brangus gratuito, con previa inscripci\u00f3n, convocado por Fedeg\u00e1n, Asociaci\u00f3n Angus &amp; Brangus de Colombia, farmac\u00e9utica Biog\u00e9nesis Bag\u00f3 y aliados regionales.<\/p>\n<p>M\u00e1s que una jornada gremial, con el encuentro se busca mostrar en el terreno un sistema comercial replicable produciendo terneros competitivos para ceba en condiciones ambientales dif\u00edciles y a pocas horas del mercado de Bogot\u00e1.<\/p>\n<p>Guaduas es una zona seca, puerta de entrada al Magdalena Medio, con influencia sobre poblaciones como Honda, Puerto Salgar y La Dorada. All\u00ed, en solo 50 hect\u00e1reas,\u00a0<strong>un asociado ganadero decidi\u00f3 apostarle al cruce con Angus para obtener vientres brangus<\/strong>\u00a0orientados exclusivamente a la cr\u00eda comercial.<\/p>\n<p><strong>El m\u00e9dico veterinario, director ejecutivo de la Asociaci\u00f3n, Juan David Pel\u00e1ez,<\/strong> explic\u00f3\u00a0que es una finca enfocada en cr\u00eda comercial de brangus, no es productor de puro, lo que para \u00e9l lo hace m\u00e1s interesante para tener un d\u00eda de campo. Precis\u00f3 que el \u00e9nfasis no es la gen\u00e9tica de exposici\u00f3n, es la productividad en las condiciones reales.<\/p>\n<p>El sistema muestra vacas producto de cruzamientos que ya son brangus y la venta de terneros destetos como base para ceba.<\/p>\n<p>La propuesta no es dirigida a criadores especializados, sino a\u00a0empresarios <strong>ganaderos comerciales que trabajan con hembras ceb\u00fainas<\/strong>\u00a0y que buscan una alternativa que mejore los indicadores sin transformar radicalmente su sistema productivo.<\/p>\n<h4><strong>Terneros con mercado:<\/strong><\/h4>\n<p>El objetivo del d\u00eda de campo brangus es que los asistentes no solamente observen los lotes de novillas, destetos y vacas paridas, sino que escuchen a quienes ya compran estos animales para ceba. El anfitri\u00f3n llevar\u00e1 clientes quienes explicar\u00e1n\u00a0<strong>c\u00f3mo se comportan los terneros en ganancia diaria de peso<\/strong>\u00a0y c\u00f3mo responde el comercio de los animales.<\/p>\n<p>La cercan\u00eda a Bogot\u00e1 no es menor detalle, pues la capital tiene una demanda creciente por la carne diferenciada, mientras en el pa\u00eds operan al menos 5 o 6 comercializadoras especializadas en adquirir productos nacionales de cruces con angus y brangus para sus nichos premium. Esto evidencia que\u00a0<strong>la calidad dej\u00f3 de ser un discurso y se convirti\u00f3 en oportunidad concreta.<\/strong><\/p>\n<p>Para Pel\u00e1ez, se trata de\u00a0<strong>producir en el pa\u00eds carne capaz de competir con importaciones<\/strong>\u00a0de Uruguay, Estados Unidos o Argentina, pero generando empleo local y valor agregado en la finca.<\/p>\n<h4><strong>30 a\u00f1os consolid\u00e1ndose:<\/strong><\/h4>\n<p>La Asociaci\u00f3n Angus &amp; Brangus de Colombia cumple 3 d\u00e9cadas de trabajo desde su fundaci\u00f3n en 1996.<\/p>\n<p>De acuerdo con su director, hoy cuentan con presencia en diferentes regiones y la apuesta por promover la raza como una alternativa eficiente para la producci\u00f3n de novillos gordos y carne de gran calidad bajo condiciones tropicales.<\/p>\n<p>La agenda contendr\u00e1 la experiencia productiva del anfitri\u00f3n, participaci\u00f3n de Fedeg\u00e1n sobre el trabajo regional, intervenciones t\u00e9cnicas de la Asociaci\u00f3n y aportes de aliados en sanidad y manejo.<\/p>\n<p>El cupo se limitada a 150 personas y el cierre se realizar\u00e1 al completar el aforo.<\/p>\n<p>Los interesados en este evento gratuito se deben inscribir a trav\u00e9s del n\u00famero\u00a0<strong>+57<\/strong>\u00a0<strong>3212328676<\/strong>\u00a0o por medio de este\u00a0<a href=\"https:\/\/forms.gle\/75vpFwdrmpwicd9k7\">enlace<\/a>.<\/p>\n<p>&nbsp;<\/p>\n<p>Fuente: Adaptado de CONteto ganadero. Autora: Melanny Orozco.<\/p>\n<p>Lo invitamos a ver el siguiente video que muestra el nuevo ventilador con aspersi\u00f3n de agua:<\/p>\n<p><iframe loading=\"lazy\" title=\"Ventilador con aspersi\u00f3n o pulverizaci\u00f3n de agua\" width=\"500\" height=\"281\" src=\"https:\/\/www.youtube.com\/embed\/cWbd72-lDSE?feature=oembed\" frameborder=\"0\" allow=\"accelerometer; autoplay; clipboard-write; encrypted-media; gyroscope; picture-in-picture; web-share\" referrerpolicy=\"strict-origin-when-cross-origin\" allowfullscreen><\/iframe><\/p>\n<p>Siga nuestro canal en Youtube para ver las \u00faltimas novedades en el Sector Agropecuario:<br \/>\n<script src=\"https:\/\/apis.google.com\/js\/platform.js\"><\/script><\/p>\n<div class=\"g-ytsubscribe\" data-channel=\"Agromundoco\" data-layout=\"full\" data-count=\"default\"><\/div>\n<p>Con el patrocinio de:<\/p>\n<div id=\"attachment_13462\" style=\"width: 131px\" class=\"wp-caption alignleft\"><a href=\"https:\/\/www.agromundo.co\/ventiladores-industriales-colombia.html\"><img aria-describedby=\"caption-attachment-13462\" loading=\"lazy\" class=\"wp-image-13462 size-full\" src=\"http:\/\/www.agromundo.co\/blog\/wp-content\/uploads\/2025\/04\/B-36.jpg\" alt=\"\" width=\"121\" height=\"120\" \/><\/a><p id=\"caption-attachment-13462\" class=\"wp-caption-text\">Ventiladores y extractores de uso agropecuario<\/p><\/div>\n<div id=\"attachment_13463\" style=\"width: 130px\" class=\"wp-caption alignright\"><a href=\"https:\/\/www.agromundo.co\/plastigoma-pisos-de-caucho.html\"><img aria-describedby=\"caption-attachment-13463\" loading=\"lazy\" class=\"wp-image-13463 size-full\" src=\"http:\/\/www.agromundo.co\/blog\/wp-content\/uploads\/2025\/04\/Pisos-para-salas-de-ordeno.jpg\" alt=\"\" width=\"120\" height=\"120\" \/><\/a><p id=\"caption-attachment-13463\" class=\"wp-caption-text\">https:\/\/www.agromundo.co\/plastigoma-pisos-de-caucho.html<\/p><\/div>\n<p>&nbsp;<\/p>\n","protected":false},"excerpt":{"rendered":"<p>D\u00eda de campo brangus En una regi\u00f3n seca y retadora del Magdalena Medio, una hacienda de 50 hect\u00e1reas demuestra que un cruce bien orientado puede volverse negocio. Productores ganaderos conocer\u00e1n de primera mano c\u00f3mo abastecer a un mercado que ya paga por la calidad. El s\u00e1bado 11 de abril de 2026, la finca El Vergel, [&hellip;]<\/p>\n","protected":false},"author":1,"featured_media":14188,"comment_status":"open","ping_status":"open","sticky":false,"template":"","format":"standard","meta":[],"categories":[22,7081,2843,3,18,6],"tags":[855,8304,3417,2105,2973],"yoast_head":"<!-- This site is optimized with the Yoast SEO plugin v17.3 - https:\/\/yoast.com\/wordpress\/plugins\/seo\/ -->\n<meta name=\"description\" content=\"El objetivo del d\u00eda de campo brangus es que los asistentes escuchen a quienes ya compran esos animales para ceba.\" \/>\n<meta name=\"robots\" content=\"index, follow, max-snippet:-1, max-image-preview:large, max-video-preview:-1\" \/>\n<link rel=\"canonical\" href=\"https:\/\/www.agromundo.co\/blog\/dia-de-campo-brangus-en-la-finca-el-vergel-de-guaduas\/\" \/>\n<meta property=\"og:locale\" content=\"es_ES\" \/>\n<meta property=\"og:type\" content=\"article\" \/>\n<meta property=\"og:title\" content=\"D\u00eda de campo brangus en la finca El Vergel de Guaduas - Notiagro\" \/>\n<meta property=\"og:description\" content=\"El objetivo del d\u00eda de campo brangus es que los asistentes escuchen a quienes ya compran esos animales para ceba.\" \/>\n<meta property=\"og:url\" content=\"https:\/\/www.agromundo.co\/blog\/dia-de-campo-brangus-en-la-finca-el-vergel-de-guaduas\/\" \/>\n<meta property=\"og:site_name\" content=\"Notiagro\" \/>\n<meta property=\"article:published_time\" content=\"2026-03-09T17:47:13+00:00\" \/>\n<meta property=\"og:image\" content=\"http:\/\/www.agromundo.co\/blog\/wp-content\/uploads\/2026\/03\/Dia-de-campo-brangus.png\" \/>\n\t<meta property=\"og:image:width\" content=\"520\" \/>\n\t<meta property=\"og:image:height\" content=\"205\" \/>\n<meta name=\"twitter:label1\" content=\"Escrito por\" \/>\n\t<meta name=\"twitter:data1\" content=\"admin\" \/>\n\t<meta name=\"twitter:label2\" content=\"Tiempo de lectura\" \/>\n\t<meta name=\"twitter:data2\" content=\"4 minutos\" \/>\n<script type=\"application\/ld+json\" class=\"yoast-schema-graph\">{\"@context\":\"https:\/\/schema.org\",\"@graph\":[{\"@type\":\"WebSite\",\"@id\":\"https:\/\/www.agromundo.co\/blog\/#website\",\"url\":\"https:\/\/www.agromundo.co\/blog\/\",\"name\":\"Notiagro\",\"description\":\"Noticias y eventos sector agropecuario colombiano\",\"potentialAction\":[{\"@type\":\"SearchAction\",\"target\":{\"@type\":\"EntryPoint\",\"urlTemplate\":\"https:\/\/www.agromundo.co\/blog\/?s={search_term_string}\"},\"query-input\":\"required name=search_term_string\"}],\"inLanguage\":\"es\"},{\"@type\":\"ImageObject\",\"@id\":\"https:\/\/www.agromundo.co\/blog\/dia-de-campo-brangus-en-la-finca-el-vergel-de-guaduas\/#primaryimage\",\"inLanguage\":\"es\",\"url\":\"https:\/\/www.agromundo.co\/blog\/wp-content\/uploads\/2026\/03\/Dia-de-campo-brangus.png\",\"contentUrl\":\"https:\/\/www.agromundo.co\/blog\/wp-content\/uploads\/2026\/03\/Dia-de-campo-brangus.png\",\"width\":520,\"height\":205},{\"@type\":\"WebPage\",\"@id\":\"https:\/\/www.agromundo.co\/blog\/dia-de-campo-brangus-en-la-finca-el-vergel-de-guaduas\/#webpage\",\"url\":\"https:\/\/www.agromundo.co\/blog\/dia-de-campo-brangus-en-la-finca-el-vergel-de-guaduas\/\",\"name\":\"D\\u00eda de campo brangus en la finca El Vergel de Guaduas - Notiagro\",\"isPartOf\":{\"@id\":\"https:\/\/www.agromundo.co\/blog\/#website\"},\"primaryImageOfPage\":{\"@id\":\"https:\/\/www.agromundo.co\/blog\/dia-de-campo-brangus-en-la-finca-el-vergel-de-guaduas\/#primaryimage\"},\"datePublished\":\"2026-03-09T17:47:13+00:00\",\"dateModified\":\"2026-03-09T17:47:13+00:00\",\"author\":{\"@id\":\"https:\/\/www.agromundo.co\/blog\/#\/schema\/person\/3e07d858c3c7a93ebf4ad3785559d35d\"},\"description\":\"El objetivo del d\\u00eda de campo brangus es que los asistentes escuchen a quienes ya compran esos animales para ceba.\",\"breadcrumb\":{\"@id\":\"https:\/\/www.agromundo.co\/blog\/dia-de-campo-brangus-en-la-finca-el-vergel-de-guaduas\/#breadcrumb\"},\"inLanguage\":\"es\",\"potentialAction\":[{\"@type\":\"ReadAction\",\"target\":[\"https:\/\/www.agromundo.co\/blog\/dia-de-campo-brangus-en-la-finca-el-vergel-de-guaduas\/\"]}]},{\"@type\":\"BreadcrumbList\",\"@id\":\"https:\/\/www.agromundo.co\/blog\/dia-de-campo-brangus-en-la-finca-el-vergel-de-guaduas\/#breadcrumb\",\"itemListElement\":[{\"@type\":\"ListItem\",\"position\":1,\"name\":\"Portada\",\"item\":\"https:\/\/www.agromundo.co\/blog\/\"},{\"@type\":\"ListItem\",\"position\":2,\"name\":\"D\\u00eda de campo brangus en la finca El Vergel de Guaduas\"}]},{\"@type\":\"Person\",\"@id\":\"https:\/\/www.agromundo.co\/blog\/#\/schema\/person\/3e07d858c3c7a93ebf4ad3785559d35d\",\"name\":\"admin\",\"image\":{\"@type\":\"ImageObject\",\"@id\":\"https:\/\/www.agromundo.co\/blog\/#personlogo\",\"inLanguage\":\"es\",\"url\":\"https:\/\/secure.gravatar.com\/avatar\/f990c4c6d966ea7f7bec9cc10bcda5ce?s=96&d=mm&r=g\",\"contentUrl\":\"https:\/\/secure.gravatar.com\/avatar\/f990c4c6d966ea7f7bec9cc10bcda5ce?s=96&d=mm&r=g\",\"caption\":\"admin\"},\"url\":\"https:\/\/www.agromundo.co\/blog\/author\/admin\/\"}]}<\/script>\n<!-- \/ Yoast SEO plugin. -->","yoast_head_json":{"description":"El objetivo del d\u00eda de campo brangus es que los asistentes escuchen a quienes ya compran esos animales para ceba.","robots":{"index":"index","follow":"follow","max-snippet":"max-snippet:-1","max-image-preview":"max-image-preview:large","max-video-preview":"max-video-preview:-1"},"canonical":"https:\/\/www.agromundo.co\/blog\/dia-de-campo-brangus-en-la-finca-el-vergel-de-guaduas\/","og_locale":"es_ES","og_type":"article","og_title":"D\u00eda de campo brangus en la finca El Vergel de Guaduas - Notiagro","og_description":"El objetivo del d\u00eda de campo brangus es que los asistentes escuchen a quienes ya compran esos animales para ceba.","og_url":"https:\/\/www.agromundo.co\/blog\/dia-de-campo-brangus-en-la-finca-el-vergel-de-guaduas\/","og_site_name":"Notiagro","article_published_time":"2026-03-09T17:47:13+00:00","og_image":[{"width":520,"height":205,"url":"http:\/\/www.agromundo.co\/blog\/wp-content\/uploads\/2026\/03\/Dia-de-campo-brangus.png","type":"image\/png"}],"twitter_misc":{"Escrito por":"admin","Tiempo de lectura":"4 minutos"},"schema":{"@context":"https:\/\/schema.org","@graph":[{"@type":"WebSite","@id":"https:\/\/www.agromundo.co\/blog\/#website","url":"https:\/\/www.agromundo.co\/blog\/","name":"Notiagro","description":"Noticias y eventos sector agropecuario colombiano","potentialAction":[{"@type":"SearchAction","target":{"@type":"EntryPoint","urlTemplate":"https:\/\/www.agromundo.co\/blog\/?s={search_term_string}"},"query-input":"required name=search_term_string"}],"inLanguage":"es"},{"@type":"ImageObject","@id":"https:\/\/www.agromundo.co\/blog\/dia-de-campo-brangus-en-la-finca-el-vergel-de-guaduas\/#primaryimage","inLanguage":"es","url":"https:\/\/www.agromundo.co\/blog\/wp-content\/uploads\/2026\/03\/Dia-de-campo-brangus.png","contentUrl":"https:\/\/www.agromundo.co\/blog\/wp-content\/uploads\/2026\/03\/Dia-de-campo-brangus.png","width":520,"height":205},{"@type":"WebPage","@id":"https:\/\/www.agromundo.co\/blog\/dia-de-campo-brangus-en-la-finca-el-vergel-de-guaduas\/#webpage","url":"https:\/\/www.agromundo.co\/blog\/dia-de-campo-brangus-en-la-finca-el-vergel-de-guaduas\/","name":"D\u00eda de campo brangus en la finca El Vergel de Guaduas - Notiagro","isPartOf":{"@id":"https:\/\/www.agromundo.co\/blog\/#website"},"primaryImageOfPage":{"@id":"https:\/\/www.agromundo.co\/blog\/dia-de-campo-brangus-en-la-finca-el-vergel-de-guaduas\/#primaryimage"},"datePublished":"2026-03-09T17:47:13+00:00","dateModified":"2026-03-09T17:47:13+00:00","author":{"@id":"https:\/\/www.agromundo.co\/blog\/#\/schema\/person\/3e07d858c3c7a93ebf4ad3785559d35d"},"description":"El objetivo del d\u00eda de campo brangus es que los asistentes escuchen a quienes ya compran esos animales para ceba.","breadcrumb":{"@id":"https:\/\/www.agromundo.co\/blog\/dia-de-campo-brangus-en-la-finca-el-vergel-de-guaduas\/#breadcrumb"},"inLanguage":"es","potentialAction":[{"@type":"ReadAction","target":["https:\/\/www.agromundo.co\/blog\/dia-de-campo-brangus-en-la-finca-el-vergel-de-guaduas\/"]}]},{"@type":"BreadcrumbList","@id":"https:\/\/www.agromundo.co\/blog\/dia-de-campo-brangus-en-la-finca-el-vergel-de-guaduas\/#breadcrumb","itemListElement":[{"@type":"ListItem","position":1,"name":"Portada","item":"https:\/\/www.agromundo.co\/blog\/"},{"@type":"ListItem","position":2,"name":"D\u00eda de campo brangus en la finca El Vergel de Guaduas"}]},{"@type":"Person","@id":"https:\/\/www.agromundo.co\/blog\/#\/schema\/person\/3e07d858c3c7a93ebf4ad3785559d35d","name":"admin","image":{"@type":"ImageObject","@id":"https:\/\/www.agromundo.co\/blog\/#personlogo","inLanguage":"es","url":"https:\/\/secure.gravatar.com\/avatar\/f990c4c6d966ea7f7bec9cc10bcda5ce?s=96&d=mm&r=g","contentUrl":"https:\/\/secure.gravatar.com\/avatar\/f990c4c6d966ea7f7bec9cc10bcda5ce?s=96&d=mm&r=g","caption":"admin"},"url":"https:\/\/www.agromundo.co\/blog\/author\/admin\/"}]}},"_links":{"self":[{"href":"https:\/\/www.agromundo.co\/blog\/wp-json\/wp\/v2\/posts\/14187"}],"collection":[{"href":"https:\/\/www.agromundo.co\/blog\/wp-json\/wp\/v2\/posts"}],"about":[{"href":"https:\/\/www.agromundo.co\/blog\/wp-json\/wp\/v2\/types\/post"}],"author":[{"embeddable":true,"href":"https:\/\/www.agromundo.co\/blog\/wp-json\/wp\/v2\/users\/1"}],"replies":[{"embeddable":true,"href":"https:\/\/www.agromundo.co\/blog\/wp-json\/wp\/v2\/comments?post=14187"}],"version-history":[{"count":1,"href":"https:\/\/www.agromundo.co\/blog\/wp-json\/wp\/v2\/posts\/14187\/revisions"}],"predecessor-version":[{"id":14189,"href":"https:\/\/www.agromundo.co\/blog\/wp-json\/wp\/v2\/posts\/14187\/revisions\/14189"}],"wp:featuredmedia":[{"embeddable":true,"href":"https:\/\/www.agromundo.co\/blog\/wp-json\/wp\/v2\/media\/14188"}],"wp:attachment":[{"href":"https:\/\/www.agromundo.co\/blog\/wp-json\/wp\/v2\/media?parent=14187"}],"wp:term":[{"taxonomy":"category","embeddable":true,"href":"https:\/\/www.agromundo.co\/blog\/wp-json\/wp\/v2\/categories?post=14187"},{"taxonomy":"post_tag","embeddable":true,"href":"https:\/\/www.agromundo.co\/blog\/wp-json\/wp\/v2\/tags?post=14187"}],"curies":[{"name":"wp","href":"https:\/\/api.w.org\/{rel}","templated":true}]}}