{"id":14193,"date":"2026-03-11T20:21:53","date_gmt":"2026-03-11T20:21:53","guid":{"rendered":"https:\/\/www.agromundo.co\/blog\/?p=14193"},"modified":"2026-03-11T20:21:53","modified_gmt":"2026-03-11T20:21:53","slug":"tertulias-ungana-el-25-de-marzo-de-2026","status":"publish","type":"post","link":"https:\/\/www.agromundo.co\/blog\/tertulias-ungana-el-25-de-marzo-de-2026\/","title":{"rendered":"Tertulias ungana el 25 de marzo de 2026"},"content":{"rendered":"<p>Tertulias ungana<\/p>\n<div id=\"attachment_14194\" style=\"width: 310px\" class=\"wp-caption aligncenter\"><img aria-describedby=\"caption-attachment-14194\" loading=\"lazy\" class=\"wp-image-14194 size-medium\" src=\"http:\/\/www.agromundo.co\/blog\/wp-content\/uploads\/2026\/03\/Tertulia-ungana-300x118.png\" alt=\"Tertulias ungana\" width=\"300\" height=\"118\" srcset=\"https:\/\/www.agromundo.co\/blog\/wp-content\/uploads\/2026\/03\/Tertulia-ungana-300x118.png 300w, https:\/\/www.agromundo.co\/blog\/wp-content\/uploads\/2026\/03\/Tertulia-ungana.png 520w\" sizes=\"(max-width: 300px) 100vw, 300px\" \/><p id=\"caption-attachment-14194\" class=\"wp-caption-text\">Foto: instagram.com\/ungana.co\/<\/p><\/div>\n<ul>\n<li><em>Ganaderos, profesionales y estudiantes podr\u00e1n participar el 25 de marzo pr\u00f3ximo en una nueva versi\u00f3n de las Tertulias Ungana, un encuentro acad\u00e9mico que reunir\u00e1 expertos en gen\u00e9tica, reproducci\u00f3n bovina y biotecnolog\u00eda en Agro Ganaderos Masaf, en la v\u00eda de Caucasia a Nech\u00ed.<\/em><\/li>\n<\/ul>\n<p>El mi\u00e9rcoles 25 de marzo de 2026, desde las 8:00 de la ma\u00f1ana, las instalaciones de Agro Ganaderos Masaf, en el kil\u00f3metro 51 de la v\u00eda de Caucasia a Nech\u00ed, ser\u00e1n el sitio para la tercera edici\u00f3n de las Tertulias Ungana, un espacio para compartir conocimiento y fortalecer la ganader\u00eda del Bajo Cauca antioque\u00f1o.<\/p>\n<p>La jornada reunir\u00e1 a profesionales del sector pecuario, productores y estudiantes interesados en conocer avances cient\u00edficos y experiencias aplicadas en el campo. Con este encuentro se busca fomentar la\u00a0<strong>ganader\u00eda eficiente<\/strong>, promoviendo intercambiar ideas y pr\u00e1cticas entre quienes trabajan en la producci\u00f3n bovina y bufalina.<\/p>\n<p>Desde la organizaci\u00f3n plantearon que este espacio surgi\u00f3 para conectar la academia con la producci\u00f3n del territorio. Se\u00f1alaron los organizadores que las Tertulias Ungana son un escenario en el que el<strong> conocimiento t\u00e9cnico coincide con la experiencia del campo<\/strong>\u00a0para dise\u00f1ar soluciones reales para la ganader\u00eda.<\/p>\n<h4><strong>Un gremio que apuesta por el conocimiento:<\/strong><\/h4>\n<p>La Uni\u00f3n de Ganaderos del Bajo Cauca y Alto San Jorge -Ungana- es una entidad sin \u00e1nimo de lucro que labora por impulsar en la regi\u00f3n el desarrollo de las razas cebu\u00ednas, sus cruces y las bufaleras. (Lea en\u00a0<em>CONtexto ganadero<\/em>:\u00a0<strong><a href=\"https:\/\/www.contextoganadero.com\/regiones\/haciendo-historia-en-el-bajo-cauca-antioquieno-finca-de-57-anos-recibe-certificado-de-bpg\">Haciendo historia en el Bajo Cauca antioque\u00f1o: finca de 57 a\u00f1os recibe certificado de BPG<\/a><\/strong>)<\/p>\n<p>La organizaci\u00f3n re\u00fane a productores de distintos municipios con el prop\u00f3sito de fortalecer el sector mediante la\u00a0<strong>transferencia tecnol\u00f3gica<\/strong>\u00a0y la asociatividad. En este contexto surgieron las Tertulias Ungana, encuentros donde se comparten avances cient\u00edficos, experiencias y estrategias para una mejor productividad.<\/p>\n<p>Seg\u00fan explican desde la entidad, el objetivo de estas jornadas es propiciar espacios de aprendizaje para la identificaci\u00f3n de desaf\u00edos del sector y promover propuestas que impulsen la competitividad de la ganader\u00eda. Destacaron que quieren<strong> construir una comunidad donde circule el conocimiento y cada productor pueda tener herramientas \u00fatiles a sus sistemas productivos.<\/strong><\/p>\n<h4><strong>Gen\u00e9tica y biotecnolog\u00eda para producir mejor:<\/strong><\/h4>\n<p>La agenda acad\u00e9mica estar\u00e1 centrada en 3 temas claves para el futuro de la producci\u00f3n pecuaria:\u00a0biotecnolog\u00eda, <strong>mejoramiento gen\u00e9tico<\/strong> y reproducci\u00f3n asistida.<\/p>\n<p>La jornada iniciar\u00e1 con la conferencia del veterinario Jos\u00e9 Joaqu\u00edn Jara, director t\u00e9cnico de Agro Ganaderos Masaf y especialista en reproducci\u00f3n bovina, titulada \u201cFuturo Gen\u00e9tico: programas de mejoramiento gen\u00e9tico y presi\u00f3n de selecci\u00f3n\u201d. En su intervenci\u00f3n abordar\u00e1 estrategias para la identificaci\u00f3n de animales con alto potencial productivo y reproductivo.<\/p>\n<p>Posteriormente, la m\u00e9dica veterinaria zootecnista Liz Dayana Agudelo R\u00edos, tambi\u00e9n embri\u00f3loga de EmbrionajeLife Masaf, disertar\u00e1 sobre \u201cAvances biotecnol\u00f3gicos en la ganader\u00eda: hacia una producci\u00f3n m\u00e1s eficiente\u201d. All\u00ed explicar\u00e1 c\u00f3mo la ciencia reproductiva puede aportar hacia sistemas m\u00e1s\u00a0<strong>productivos y sostenibles<\/strong>.<\/p>\n<p>El ciclo acad\u00e9mico culminar\u00e1 con la intervenci\u00f3n del m\u00e9dico veterinario y zootecnista Diego Carrillo, doctor en ciencias veterinarias y mag\u00edster en ciencias en biotecnolog\u00eda, quien presentar\u00e1 la conferencia \u201cBiotecnolog\u00edas de reproducci\u00f3n asistida en el contexto de la producci\u00f3n animal: realidades y desaf\u00edos\u201d.<\/p>\n<h4><strong>Un espacio abierto para el sector:<\/strong><\/h4>\n<p>Las Tertulias Ungana son un\u00a0<strong>evento totalmente gratuito,<\/strong>\u00a0pensado en facilitar el conocimiento t\u00e9cnico del sector ganadero.<\/p>\n<p>Quienes quieran confirmar su asistencia pueden hacerlo mediante el n\u00famero\u00a0<strong>321 833 6952<\/strong>.<\/p>\n<p>Concluyeron desde la organizaci\u00f3n que estos espacios muestran que la ganader\u00eda de la regi\u00f3n no solamente produce, sino que tambi\u00e9n capacitan y buscan innovar.<\/p>\n<p>&nbsp;<\/p>\n<p>Fuente: Adaptado de CONtexto ganadero. Autora: Angie Barbosa.<\/p>\n<p>Lo invitamos a ver el siguiente video que muestra el nuevo ventilador con aspersi\u00f3n de agua:<\/p>\n<p><iframe loading=\"lazy\" title=\"Ventilador con aspersi\u00f3n o pulverizaci\u00f3n de agua\" width=\"500\" height=\"281\" src=\"https:\/\/www.youtube.com\/embed\/cWbd72-lDSE?feature=oembed\" frameborder=\"0\" allow=\"accelerometer; autoplay; clipboard-write; encrypted-media; gyroscope; picture-in-picture; web-share\" referrerpolicy=\"strict-origin-when-cross-origin\" allowfullscreen><\/iframe><\/p>\n<p>Siga nuestro canal en Youtube para ver las \u00faltimas novedades en el Sector Agropecuario:<br \/>\n<script src=\"https:\/\/apis.google.com\/js\/platform.js\"><\/script><\/p>\n<div class=\"g-ytsubscribe\" data-channel=\"Agromundoco\" data-layout=\"full\" data-count=\"default\"><\/div>\n<p>Con el patrocinio de:<\/p>\n<div id=\"attachment_13462\" style=\"width: 131px\" class=\"wp-caption alignleft\"><a href=\"https:\/\/www.agromundo.co\/ventiladores-industriales-colombia.html\"><img aria-describedby=\"caption-attachment-13462\" loading=\"lazy\" class=\"wp-image-13462 size-full\" src=\"http:\/\/www.agromundo.co\/blog\/wp-content\/uploads\/2025\/04\/B-36.jpg\" alt=\"\" width=\"121\" height=\"120\" \/><\/a><p id=\"caption-attachment-13462\" class=\"wp-caption-text\">Ventiladores y extractores de uso agropecuario<\/p><\/div>\n<div id=\"attachment_13463\" style=\"width: 130px\" class=\"wp-caption alignright\"><a href=\"https:\/\/www.agromundo.co\/plastigoma-pisos-de-caucho.html\"><img aria-describedby=\"caption-attachment-13463\" loading=\"lazy\" class=\"wp-image-13463 size-full\" src=\"http:\/\/www.agromundo.co\/blog\/wp-content\/uploads\/2025\/04\/Pisos-para-salas-de-ordeno.jpg\" alt=\"\" width=\"120\" height=\"120\" \/><\/a><p id=\"caption-attachment-13463\" class=\"wp-caption-text\">https:\/\/www.agromundo.co\/plastigoma-pisos-de-caucho.html<\/p><\/div>\n","protected":false},"excerpt":{"rendered":"<p>Tertulias ungana Ganaderos, profesionales y estudiantes podr\u00e1n participar el 25 de marzo pr\u00f3ximo en una nueva versi\u00f3n de las Tertulias Ungana, un encuentro acad\u00e9mico que reunir\u00e1 expertos en gen\u00e9tica, reproducci\u00f3n bovina y biotecnolog\u00eda en Agro Ganaderos Masaf, en la v\u00eda de Caucasia a Nech\u00ed. El mi\u00e9rcoles 25 de marzo de 2026, desde las 8:00 de [&hellip;]<\/p>\n","protected":false},"author":1,"featured_media":14194,"comment_status":"open","ping_status":"open","sticky":false,"template":"","format":"standard","meta":[],"categories":[22,7081,3,6],"tags":[4271,811,8309,1118,1149,1112,8308],"yoast_head":"<!-- This site is optimized with the Yoast SEO plugin v17.3 - https:\/\/yoast.com\/wordpress\/plugins\/seo\/ -->\n<meta name=\"description\" content=\"Las tertulias ungana reunien a productores y profesionales del sector interesados en conocer experiencias aplicadas al campo.\" \/>\n<meta name=\"robots\" content=\"index, follow, max-snippet:-1, max-image-preview:large, max-video-preview:-1\" \/>\n<link rel=\"canonical\" href=\"https:\/\/www.agromundo.co\/blog\/tertulias-ungana-el-25-de-marzo-de-2026\/\" \/>\n<meta property=\"og:locale\" content=\"es_ES\" \/>\n<meta property=\"og:type\" content=\"article\" \/>\n<meta property=\"og:title\" content=\"Tertulias ungana el 25 de marzo de 2026 - Notiagro\" \/>\n<meta property=\"og:description\" content=\"Las tertulias ungana reunien a productores y profesionales del sector interesados en conocer experiencias aplicadas al campo.\" \/>\n<meta property=\"og:url\" content=\"https:\/\/www.agromundo.co\/blog\/tertulias-ungana-el-25-de-marzo-de-2026\/\" \/>\n<meta property=\"og:site_name\" content=\"Notiagro\" \/>\n<meta property=\"article:published_time\" content=\"2026-03-11T20:21:53+00:00\" \/>\n<meta property=\"og:image\" content=\"http:\/\/www.agromundo.co\/blog\/wp-content\/uploads\/2026\/03\/Tertulia-ungana.png\" \/>\n\t<meta property=\"og:image:width\" content=\"520\" \/>\n\t<meta property=\"og:image:height\" content=\"205\" \/>\n<meta name=\"twitter:label1\" content=\"Escrito por\" \/>\n\t<meta name=\"twitter:data1\" content=\"admin\" \/>\n\t<meta name=\"twitter:label2\" content=\"Tiempo de lectura\" \/>\n\t<meta name=\"twitter:data2\" content=\"4 minutos\" \/>\n<script type=\"application\/ld+json\" class=\"yoast-schema-graph\">{\"@context\":\"https:\/\/schema.org\",\"@graph\":[{\"@type\":\"WebSite\",\"@id\":\"https:\/\/www.agromundo.co\/blog\/#website\",\"url\":\"https:\/\/www.agromundo.co\/blog\/\",\"name\":\"Notiagro\",\"description\":\"Noticias y eventos sector agropecuario colombiano\",\"potentialAction\":[{\"@type\":\"SearchAction\",\"target\":{\"@type\":\"EntryPoint\",\"urlTemplate\":\"https:\/\/www.agromundo.co\/blog\/?s={search_term_string}\"},\"query-input\":\"required name=search_term_string\"}],\"inLanguage\":\"es\"},{\"@type\":\"ImageObject\",\"@id\":\"https:\/\/www.agromundo.co\/blog\/tertulias-ungana-el-25-de-marzo-de-2026\/#primaryimage\",\"inLanguage\":\"es\",\"url\":\"https:\/\/www.agromundo.co\/blog\/wp-content\/uploads\/2026\/03\/Tertulia-ungana.png\",\"contentUrl\":\"https:\/\/www.agromundo.co\/blog\/wp-content\/uploads\/2026\/03\/Tertulia-ungana.png\",\"width\":520,\"height\":205},{\"@type\":\"WebPage\",\"@id\":\"https:\/\/www.agromundo.co\/blog\/tertulias-ungana-el-25-de-marzo-de-2026\/#webpage\",\"url\":\"https:\/\/www.agromundo.co\/blog\/tertulias-ungana-el-25-de-marzo-de-2026\/\",\"name\":\"Tertulias ungana el 25 de marzo de 2026 - Notiagro\",\"isPartOf\":{\"@id\":\"https:\/\/www.agromundo.co\/blog\/#website\"},\"primaryImageOfPage\":{\"@id\":\"https:\/\/www.agromundo.co\/blog\/tertulias-ungana-el-25-de-marzo-de-2026\/#primaryimage\"},\"datePublished\":\"2026-03-11T20:21:53+00:00\",\"dateModified\":\"2026-03-11T20:21:53+00:00\",\"author\":{\"@id\":\"https:\/\/www.agromundo.co\/blog\/#\/schema\/person\/3e07d858c3c7a93ebf4ad3785559d35d\"},\"description\":\"Las tertulias ungana reunien a productores y profesionales del sector interesados en conocer experiencias aplicadas al campo.\",\"breadcrumb\":{\"@id\":\"https:\/\/www.agromundo.co\/blog\/tertulias-ungana-el-25-de-marzo-de-2026\/#breadcrumb\"},\"inLanguage\":\"es\",\"potentialAction\":[{\"@type\":\"ReadAction\",\"target\":[\"https:\/\/www.agromundo.co\/blog\/tertulias-ungana-el-25-de-marzo-de-2026\/\"]}]},{\"@type\":\"BreadcrumbList\",\"@id\":\"https:\/\/www.agromundo.co\/blog\/tertulias-ungana-el-25-de-marzo-de-2026\/#breadcrumb\",\"itemListElement\":[{\"@type\":\"ListItem\",\"position\":1,\"name\":\"Portada\",\"item\":\"https:\/\/www.agromundo.co\/blog\/\"},{\"@type\":\"ListItem\",\"position\":2,\"name\":\"Tertulias ungana el 25 de marzo de 2026\"}]},{\"@type\":\"Person\",\"@id\":\"https:\/\/www.agromundo.co\/blog\/#\/schema\/person\/3e07d858c3c7a93ebf4ad3785559d35d\",\"name\":\"admin\",\"image\":{\"@type\":\"ImageObject\",\"@id\":\"https:\/\/www.agromundo.co\/blog\/#personlogo\",\"inLanguage\":\"es\",\"url\":\"https:\/\/secure.gravatar.com\/avatar\/f990c4c6d966ea7f7bec9cc10bcda5ce?s=96&d=mm&r=g\",\"contentUrl\":\"https:\/\/secure.gravatar.com\/avatar\/f990c4c6d966ea7f7bec9cc10bcda5ce?s=96&d=mm&r=g\",\"caption\":\"admin\"},\"url\":\"https:\/\/www.agromundo.co\/blog\/author\/admin\/\"}]}<\/script>\n<!-- \/ Yoast SEO plugin. -->","yoast_head_json":{"description":"Las tertulias ungana reunien a productores y profesionales del sector interesados en conocer experiencias aplicadas al campo.","robots":{"index":"index","follow":"follow","max-snippet":"max-snippet:-1","max-image-preview":"max-image-preview:large","max-video-preview":"max-video-preview:-1"},"canonical":"https:\/\/www.agromundo.co\/blog\/tertulias-ungana-el-25-de-marzo-de-2026\/","og_locale":"es_ES","og_type":"article","og_title":"Tertulias ungana el 25 de marzo de 2026 - Notiagro","og_description":"Las tertulias ungana reunien a productores y profesionales del sector interesados en conocer experiencias aplicadas al campo.","og_url":"https:\/\/www.agromundo.co\/blog\/tertulias-ungana-el-25-de-marzo-de-2026\/","og_site_name":"Notiagro","article_published_time":"2026-03-11T20:21:53+00:00","og_image":[{"width":520,"height":205,"url":"http:\/\/www.agromundo.co\/blog\/wp-content\/uploads\/2026\/03\/Tertulia-ungana.png","type":"image\/png"}],"twitter_misc":{"Escrito por":"admin","Tiempo de lectura":"4 minutos"},"schema":{"@context":"https:\/\/schema.org","@graph":[{"@type":"WebSite","@id":"https:\/\/www.agromundo.co\/blog\/#website","url":"https:\/\/www.agromundo.co\/blog\/","name":"Notiagro","description":"Noticias y eventos sector agropecuario colombiano","potentialAction":[{"@type":"SearchAction","target":{"@type":"EntryPoint","urlTemplate":"https:\/\/www.agromundo.co\/blog\/?s={search_term_string}"},"query-input":"required name=search_term_string"}],"inLanguage":"es"},{"@type":"ImageObject","@id":"https:\/\/www.agromundo.co\/blog\/tertulias-ungana-el-25-de-marzo-de-2026\/#primaryimage","inLanguage":"es","url":"https:\/\/www.agromundo.co\/blog\/wp-content\/uploads\/2026\/03\/Tertulia-ungana.png","contentUrl":"https:\/\/www.agromundo.co\/blog\/wp-content\/uploads\/2026\/03\/Tertulia-ungana.png","width":520,"height":205},{"@type":"WebPage","@id":"https:\/\/www.agromundo.co\/blog\/tertulias-ungana-el-25-de-marzo-de-2026\/#webpage","url":"https:\/\/www.agromundo.co\/blog\/tertulias-ungana-el-25-de-marzo-de-2026\/","name":"Tertulias ungana el 25 de marzo de 2026 - Notiagro","isPartOf":{"@id":"https:\/\/www.agromundo.co\/blog\/#website"},"primaryImageOfPage":{"@id":"https:\/\/www.agromundo.co\/blog\/tertulias-ungana-el-25-de-marzo-de-2026\/#primaryimage"},"datePublished":"2026-03-11T20:21:53+00:00","dateModified":"2026-03-11T20:21:53+00:00","author":{"@id":"https:\/\/www.agromundo.co\/blog\/#\/schema\/person\/3e07d858c3c7a93ebf4ad3785559d35d"},"description":"Las tertulias ungana reunien a productores y profesionales del sector interesados en conocer experiencias aplicadas al campo.","breadcrumb":{"@id":"https:\/\/www.agromundo.co\/blog\/tertulias-ungana-el-25-de-marzo-de-2026\/#breadcrumb"},"inLanguage":"es","potentialAction":[{"@type":"ReadAction","target":["https:\/\/www.agromundo.co\/blog\/tertulias-ungana-el-25-de-marzo-de-2026\/"]}]},{"@type":"BreadcrumbList","@id":"https:\/\/www.agromundo.co\/blog\/tertulias-ungana-el-25-de-marzo-de-2026\/#breadcrumb","itemListElement":[{"@type":"ListItem","position":1,"name":"Portada","item":"https:\/\/www.agromundo.co\/blog\/"},{"@type":"ListItem","position":2,"name":"Tertulias ungana el 25 de marzo de 2026"}]},{"@type":"Person","@id":"https:\/\/www.agromundo.co\/blog\/#\/schema\/person\/3e07d858c3c7a93ebf4ad3785559d35d","name":"admin","image":{"@type":"ImageObject","@id":"https:\/\/www.agromundo.co\/blog\/#personlogo","inLanguage":"es","url":"https:\/\/secure.gravatar.com\/avatar\/f990c4c6d966ea7f7bec9cc10bcda5ce?s=96&d=mm&r=g","contentUrl":"https:\/\/secure.gravatar.com\/avatar\/f990c4c6d966ea7f7bec9cc10bcda5ce?s=96&d=mm&r=g","caption":"admin"},"url":"https:\/\/www.agromundo.co\/blog\/author\/admin\/"}]}},"_links":{"self":[{"href":"https:\/\/www.agromundo.co\/blog\/wp-json\/wp\/v2\/posts\/14193"}],"collection":[{"href":"https:\/\/www.agromundo.co\/blog\/wp-json\/wp\/v2\/posts"}],"about":[{"href":"https:\/\/www.agromundo.co\/blog\/wp-json\/wp\/v2\/types\/post"}],"author":[{"embeddable":true,"href":"https:\/\/www.agromundo.co\/blog\/wp-json\/wp\/v2\/users\/1"}],"replies":[{"embeddable":true,"href":"https:\/\/www.agromundo.co\/blog\/wp-json\/wp\/v2\/comments?post=14193"}],"version-history":[{"count":1,"href":"https:\/\/www.agromundo.co\/blog\/wp-json\/wp\/v2\/posts\/14193\/revisions"}],"predecessor-version":[{"id":14195,"href":"https:\/\/www.agromundo.co\/blog\/wp-json\/wp\/v2\/posts\/14193\/revisions\/14195"}],"wp:featuredmedia":[{"embeddable":true,"href":"https:\/\/www.agromundo.co\/blog\/wp-json\/wp\/v2\/media\/14194"}],"wp:attachment":[{"href":"https:\/\/www.agromundo.co\/blog\/wp-json\/wp\/v2\/media?parent=14193"}],"wp:term":[{"taxonomy":"category","embeddable":true,"href":"https:\/\/www.agromundo.co\/blog\/wp-json\/wp\/v2\/categories?post=14193"},{"taxonomy":"post_tag","embeddable":true,"href":"https:\/\/www.agromundo.co\/blog\/wp-json\/wp\/v2\/tags?post=14193"}],"curies":[{"name":"wp","href":"https:\/\/api.w.org\/{rel}","templated":true}]}}