{"id":14201,"date":"2026-03-13T21:06:17","date_gmt":"2026-03-13T21:06:17","guid":{"rendered":"https:\/\/www.agromundo.co\/blog\/?p=14201"},"modified":"2026-03-13T21:06:17","modified_gmt":"2026-03-13T21:06:17","slug":"feria-de-la-dorada-del-25-al-30-de-marzo-de-2026","status":"publish","type":"post","link":"https:\/\/www.agromundo.co\/blog\/feria-de-la-dorada-del-25-al-30-de-marzo-de-2026\/","title":{"rendered":"Feria de La Dorada del 25 al 30 de marzo de 2026"},"content":{"rendered":"<p>Feria de La Dorada<\/p>\n<div id=\"attachment_14202\" style=\"width: 310px\" class=\"wp-caption aligncenter\"><img aria-describedby=\"caption-attachment-14202\" loading=\"lazy\" class=\"wp-image-14202 size-medium\" src=\"http:\/\/www.agromundo.co\/blog\/wp-content\/uploads\/2026\/03\/Feria-de-La-Dorada-300x118.png\" alt=\"Feria de La Dorada\" width=\"300\" height=\"118\" srcset=\"https:\/\/www.agromundo.co\/blog\/wp-content\/uploads\/2026\/03\/Feria-de-La-Dorada-300x118.png 300w, https:\/\/www.agromundo.co\/blog\/wp-content\/uploads\/2026\/03\/Feria-de-La-Dorada.png 520w\" sizes=\"(max-width: 300px) 100vw, 300px\" \/><p id=\"caption-attachment-14202\" class=\"wp-caption-text\">Foto: Cortes\u00eda<\/p><\/div>\n<ul>\n<li><em>Con m\u00e1s de 1.000 ejemplares de alta gen\u00e9tica y una certificaci\u00f3n que lo coloca como el epicentro t\u00e9cnico de la ganader\u00eda colombiana, el certamen caldense se consagra como una vitrina de talla internacional que dinamizar\u00e1 econom\u00eda de la regi\u00f3n. De esta manera, La Dorada entra al grupo selecto de las ferias ganaderas de mayor nivel del pa\u00eds.<\/em><\/li>\n<\/ul>\n<p>La Dorada ya respira el ambiente de feria, pero en esta ocasi\u00f3n el sentimiento es diferente.<\/p>\n<p>Del 25 al 30 de marzo de 2026, el coraz\u00f3n de Caldas no solamente celebrar\u00e1 la edici\u00f3n N\u00b0 28 de su Feria Agroindustrial y Ganadera, sino que estar\u00e1 de gala para estrenar un hito sin precedentes: su certificaci\u00f3n como feria Grado A. Este ascenso constituye el ingreso de La Dorada al c\u00edrculo de las grandes ligas ganaderas de Colombia.<\/p>\n<p>La magnitud del certamen se evidencia en la masiva respuesta de los criadores con una masiva inscripci\u00f3n que ya est\u00e1 superando los 1.000 animales Las pistas de juzgamiento ser\u00e1n escenario de una competencia de alt\u00edsimo nivel.<\/p>\n<p>Ejemplares de las razas gyr y brahman, junto con sus cruces m\u00e1s destacados, mostrar\u00e1n por qu\u00e9 esta regi\u00f3n se considera como una potencia gen\u00e9tica. La participaci\u00f3n de tal cantidad de semovientes garantiza que durante 6 d\u00edas el municipio sea la\u00a0<strong>vitrina m\u00e1s destacada para la exhibici\u00f3n y el comercio de la fuerza pecuaria nacional<\/strong>.<\/p>\n<h4><strong>Trascendencia:<\/strong><\/h4>\n<p>El protagonismo de esta edici\u00f3n radica en su jerarqu\u00eda nueva, pues al ser la primera vez que el evento tiene el Grado A, La Dorada se coloca como referente de excelencia,\u00a0<strong>atrayendo los jueces m\u00e1s rigurosos y los compradores m\u00e1s exigentes<\/strong>\u00a0del mercado.<\/p>\n<p>Este hito hist\u00f3rico es el resultado de muchos a\u00f1os de esfuerzos por elevar los est\u00e1ndares de sanidad, calidad t\u00e9cnica e infraestructura, transformando una tradici\u00f3n local en evento de talla internacional. (Lea en\u00a0<em>CONtexto ganadero<\/em>:\u00a0<strong><a href=\"https:\/\/www.contextoganadero.com\/economia\/precio-del-ganado-semana-del-24-al-30-de-enero-de-2026\">As\u00ed cerraron las subastas en enero: Medell\u00edn, La Dorada y C\u00f3rdoba se alzaron con la corona<\/a><\/strong>)<\/p>\n<p>La Feria de La Dorada 2026 constituye un punto de encuentro en el que\u00a0<strong>la tradici\u00f3n se cruza con la tecnolog\u00eda ganadera<\/strong>, posicionando a Caldas como epicentro de la pujanza agroindustrial.<\/p>\n<p>Con pesebreras llenas y la expectativa en lo alto, el municipio demostrar\u00e1 que el campo colombiano tiene en esta feria la mejor carta de presentaci\u00f3n.<\/p>\n<p>&nbsp;<\/p>\n<p>Fuente: Adaptado de CONtexto ganadero. Autor: \u00c1lvaro Quintana.<\/p>\n<p>Lo invitamos a ver el siguiente video que muestra el nuevo ventilador con aspersi\u00f3n de agua:<\/p>\n<p><iframe loading=\"lazy\" title=\"Ventilador con aspersi\u00f3n o pulverizaci\u00f3n de agua\" width=\"500\" height=\"281\" src=\"https:\/\/www.youtube.com\/embed\/cWbd72-lDSE?feature=oembed\" frameborder=\"0\" allow=\"accelerometer; autoplay; clipboard-write; encrypted-media; gyroscope; picture-in-picture; web-share\" referrerpolicy=\"strict-origin-when-cross-origin\" allowfullscreen><\/iframe><\/p>\n<p>Siga nuestro canal en Youtube para ver las \u00faltimas novedades en el Sector Agropecuario:<br \/>\n<script src=\"https:\/\/apis.google.com\/js\/platform.js\"><\/script><\/p>\n<div class=\"g-ytsubscribe\" data-channel=\"Agromundoco\" data-layout=\"full\" data-count=\"default\"><\/div>\n<p>Con el patrocinio de:<\/p>\n<div id=\"attachment_13462\" style=\"width: 131px\" class=\"wp-caption alignleft\"><a href=\"https:\/\/www.agromundo.co\/ventiladores-industriales-colombia.html\"><img aria-describedby=\"caption-attachment-13462\" loading=\"lazy\" class=\"wp-image-13462 size-full\" src=\"http:\/\/www.agromundo.co\/blog\/wp-content\/uploads\/2025\/04\/B-36.jpg\" alt=\"\" width=\"121\" height=\"120\" \/><\/a><p id=\"caption-attachment-13462\" class=\"wp-caption-text\">Ventiladores y extractores de uso agropecuario<\/p><\/div>\n<div id=\"attachment_13463\" style=\"width: 130px\" class=\"wp-caption alignright\"><a href=\"https:\/\/www.agromundo.co\/plastigoma-pisos-de-caucho.html\"><img aria-describedby=\"caption-attachment-13463\" loading=\"lazy\" class=\"wp-image-13463 size-full\" src=\"http:\/\/www.agromundo.co\/blog\/wp-content\/uploads\/2025\/04\/Pisos-para-salas-de-ordeno.jpg\" alt=\"\" width=\"120\" height=\"120\" \/><\/a><p id=\"caption-attachment-13463\" class=\"wp-caption-text\">Pisos de caucho vulcanizado para ganader\u00eda<\/p><\/div>\n","protected":false},"excerpt":{"rendered":"<p>Feria de La Dorada Con m\u00e1s de 1.000 ejemplares de alta gen\u00e9tica y una certificaci\u00f3n que lo coloca como el epicentro t\u00e9cnico de la ganader\u00eda colombiana, el certamen caldense se consagra como una vitrina de talla internacional que dinamizar\u00e1 econom\u00eda de la regi\u00f3n. De esta manera, La Dorada entra al grupo selecto de las ferias [&hellip;]<\/p>\n","protected":false},"author":1,"featured_media":14202,"comment_status":"open","ping_status":"open","sticky":false,"template":"","format":"standard","meta":[],"categories":[22,7081,2843,3,18,6],"tags":[8316,8317,1515,8315,521,884],"yoast_head":"<!-- This site is optimized with the Yoast SEO plugin v17.3 - https:\/\/yoast.com\/wordpress\/plugins\/seo\/ -->\n<meta name=\"description\" content=\"La Feria de La Dorada abre sus puertas a los mejores exponentes de las razas gyr y brahman elevando su est\u00e1ndar a Grado A.\" \/>\n<meta name=\"robots\" content=\"index, follow, max-snippet:-1, max-image-preview:large, max-video-preview:-1\" \/>\n<link rel=\"canonical\" href=\"https:\/\/www.agromundo.co\/blog\/feria-de-la-dorada-del-25-al-30-de-marzo-de-2026\/\" \/>\n<meta property=\"og:locale\" content=\"es_ES\" \/>\n<meta property=\"og:type\" content=\"article\" \/>\n<meta property=\"og:title\" content=\"Feria de La Dorada del 25 al 30 de marzo de 2026 - Notiagro\" \/>\n<meta property=\"og:description\" content=\"La Feria de La Dorada abre sus puertas a los mejores exponentes de las razas gyr y brahman elevando su est\u00e1ndar a Grado A.\" \/>\n<meta property=\"og:url\" content=\"https:\/\/www.agromundo.co\/blog\/feria-de-la-dorada-del-25-al-30-de-marzo-de-2026\/\" \/>\n<meta property=\"og:site_name\" content=\"Notiagro\" \/>\n<meta property=\"article:published_time\" content=\"2026-03-13T21:06:17+00:00\" \/>\n<meta property=\"og:image\" content=\"http:\/\/www.agromundo.co\/blog\/wp-content\/uploads\/2026\/03\/Feria-de-La-Dorada.png\" \/>\n\t<meta property=\"og:image:width\" content=\"520\" \/>\n\t<meta property=\"og:image:height\" content=\"205\" \/>\n<meta name=\"twitter:label1\" content=\"Escrito por\" \/>\n\t<meta name=\"twitter:data1\" content=\"admin\" \/>\n\t<meta name=\"twitter:label2\" content=\"Tiempo de lectura\" \/>\n\t<meta name=\"twitter:data2\" content=\"3 minutos\" \/>\n<script type=\"application\/ld+json\" class=\"yoast-schema-graph\">{\"@context\":\"https:\/\/schema.org\",\"@graph\":[{\"@type\":\"WebSite\",\"@id\":\"https:\/\/www.agromundo.co\/blog\/#website\",\"url\":\"https:\/\/www.agromundo.co\/blog\/\",\"name\":\"Notiagro\",\"description\":\"Noticias y eventos sector agropecuario colombiano\",\"potentialAction\":[{\"@type\":\"SearchAction\",\"target\":{\"@type\":\"EntryPoint\",\"urlTemplate\":\"https:\/\/www.agromundo.co\/blog\/?s={search_term_string}\"},\"query-input\":\"required name=search_term_string\"}],\"inLanguage\":\"es\"},{\"@type\":\"ImageObject\",\"@id\":\"https:\/\/www.agromundo.co\/blog\/feria-de-la-dorada-del-25-al-30-de-marzo-de-2026\/#primaryimage\",\"inLanguage\":\"es\",\"url\":\"https:\/\/www.agromundo.co\/blog\/wp-content\/uploads\/2026\/03\/Feria-de-La-Dorada.png\",\"contentUrl\":\"https:\/\/www.agromundo.co\/blog\/wp-content\/uploads\/2026\/03\/Feria-de-La-Dorada.png\",\"width\":520,\"height\":205},{\"@type\":\"WebPage\",\"@id\":\"https:\/\/www.agromundo.co\/blog\/feria-de-la-dorada-del-25-al-30-de-marzo-de-2026\/#webpage\",\"url\":\"https:\/\/www.agromundo.co\/blog\/feria-de-la-dorada-del-25-al-30-de-marzo-de-2026\/\",\"name\":\"Feria de La Dorada del 25 al 30 de marzo de 2026 - Notiagro\",\"isPartOf\":{\"@id\":\"https:\/\/www.agromundo.co\/blog\/#website\"},\"primaryImageOfPage\":{\"@id\":\"https:\/\/www.agromundo.co\/blog\/feria-de-la-dorada-del-25-al-30-de-marzo-de-2026\/#primaryimage\"},\"datePublished\":\"2026-03-13T21:06:17+00:00\",\"dateModified\":\"2026-03-13T21:06:17+00:00\",\"author\":{\"@id\":\"https:\/\/www.agromundo.co\/blog\/#\/schema\/person\/3e07d858c3c7a93ebf4ad3785559d35d\"},\"description\":\"La Feria de La Dorada abre sus puertas a los mejores exponentes de las razas gyr y brahman elevando su est\\u00e1ndar a Grado A.\",\"breadcrumb\":{\"@id\":\"https:\/\/www.agromundo.co\/blog\/feria-de-la-dorada-del-25-al-30-de-marzo-de-2026\/#breadcrumb\"},\"inLanguage\":\"es\",\"potentialAction\":[{\"@type\":\"ReadAction\",\"target\":[\"https:\/\/www.agromundo.co\/blog\/feria-de-la-dorada-del-25-al-30-de-marzo-de-2026\/\"]}]},{\"@type\":\"BreadcrumbList\",\"@id\":\"https:\/\/www.agromundo.co\/blog\/feria-de-la-dorada-del-25-al-30-de-marzo-de-2026\/#breadcrumb\",\"itemListElement\":[{\"@type\":\"ListItem\",\"position\":1,\"name\":\"Portada\",\"item\":\"https:\/\/www.agromundo.co\/blog\/\"},{\"@type\":\"ListItem\",\"position\":2,\"name\":\"Feria de La Dorada del 25 al 30 de marzo de 2026\"}]},{\"@type\":\"Person\",\"@id\":\"https:\/\/www.agromundo.co\/blog\/#\/schema\/person\/3e07d858c3c7a93ebf4ad3785559d35d\",\"name\":\"admin\",\"image\":{\"@type\":\"ImageObject\",\"@id\":\"https:\/\/www.agromundo.co\/blog\/#personlogo\",\"inLanguage\":\"es\",\"url\":\"https:\/\/secure.gravatar.com\/avatar\/f990c4c6d966ea7f7bec9cc10bcda5ce?s=96&d=mm&r=g\",\"contentUrl\":\"https:\/\/secure.gravatar.com\/avatar\/f990c4c6d966ea7f7bec9cc10bcda5ce?s=96&d=mm&r=g\",\"caption\":\"admin\"},\"url\":\"https:\/\/www.agromundo.co\/blog\/author\/admin\/\"}]}<\/script>\n<!-- \/ Yoast SEO plugin. -->","yoast_head_json":{"description":"La Feria de La Dorada abre sus puertas a los mejores exponentes de las razas gyr y brahman elevando su est\u00e1ndar a Grado A.","robots":{"index":"index","follow":"follow","max-snippet":"max-snippet:-1","max-image-preview":"max-image-preview:large","max-video-preview":"max-video-preview:-1"},"canonical":"https:\/\/www.agromundo.co\/blog\/feria-de-la-dorada-del-25-al-30-de-marzo-de-2026\/","og_locale":"es_ES","og_type":"article","og_title":"Feria de La Dorada del 25 al 30 de marzo de 2026 - Notiagro","og_description":"La Feria de La Dorada abre sus puertas a los mejores exponentes de las razas gyr y brahman elevando su est\u00e1ndar a Grado A.","og_url":"https:\/\/www.agromundo.co\/blog\/feria-de-la-dorada-del-25-al-30-de-marzo-de-2026\/","og_site_name":"Notiagro","article_published_time":"2026-03-13T21:06:17+00:00","og_image":[{"width":520,"height":205,"url":"http:\/\/www.agromundo.co\/blog\/wp-content\/uploads\/2026\/03\/Feria-de-La-Dorada.png","type":"image\/png"}],"twitter_misc":{"Escrito por":"admin","Tiempo de lectura":"3 minutos"},"schema":{"@context":"https:\/\/schema.org","@graph":[{"@type":"WebSite","@id":"https:\/\/www.agromundo.co\/blog\/#website","url":"https:\/\/www.agromundo.co\/blog\/","name":"Notiagro","description":"Noticias y eventos sector agropecuario colombiano","potentialAction":[{"@type":"SearchAction","target":{"@type":"EntryPoint","urlTemplate":"https:\/\/www.agromundo.co\/blog\/?s={search_term_string}"},"query-input":"required name=search_term_string"}],"inLanguage":"es"},{"@type":"ImageObject","@id":"https:\/\/www.agromundo.co\/blog\/feria-de-la-dorada-del-25-al-30-de-marzo-de-2026\/#primaryimage","inLanguage":"es","url":"https:\/\/www.agromundo.co\/blog\/wp-content\/uploads\/2026\/03\/Feria-de-La-Dorada.png","contentUrl":"https:\/\/www.agromundo.co\/blog\/wp-content\/uploads\/2026\/03\/Feria-de-La-Dorada.png","width":520,"height":205},{"@type":"WebPage","@id":"https:\/\/www.agromundo.co\/blog\/feria-de-la-dorada-del-25-al-30-de-marzo-de-2026\/#webpage","url":"https:\/\/www.agromundo.co\/blog\/feria-de-la-dorada-del-25-al-30-de-marzo-de-2026\/","name":"Feria de La Dorada del 25 al 30 de marzo de 2026 - Notiagro","isPartOf":{"@id":"https:\/\/www.agromundo.co\/blog\/#website"},"primaryImageOfPage":{"@id":"https:\/\/www.agromundo.co\/blog\/feria-de-la-dorada-del-25-al-30-de-marzo-de-2026\/#primaryimage"},"datePublished":"2026-03-13T21:06:17+00:00","dateModified":"2026-03-13T21:06:17+00:00","author":{"@id":"https:\/\/www.agromundo.co\/blog\/#\/schema\/person\/3e07d858c3c7a93ebf4ad3785559d35d"},"description":"La Feria de La Dorada abre sus puertas a los mejores exponentes de las razas gyr y brahman elevando su est\u00e1ndar a Grado A.","breadcrumb":{"@id":"https:\/\/www.agromundo.co\/blog\/feria-de-la-dorada-del-25-al-30-de-marzo-de-2026\/#breadcrumb"},"inLanguage":"es","potentialAction":[{"@type":"ReadAction","target":["https:\/\/www.agromundo.co\/blog\/feria-de-la-dorada-del-25-al-30-de-marzo-de-2026\/"]}]},{"@type":"BreadcrumbList","@id":"https:\/\/www.agromundo.co\/blog\/feria-de-la-dorada-del-25-al-30-de-marzo-de-2026\/#breadcrumb","itemListElement":[{"@type":"ListItem","position":1,"name":"Portada","item":"https:\/\/www.agromundo.co\/blog\/"},{"@type":"ListItem","position":2,"name":"Feria de La Dorada del 25 al 30 de marzo de 2026"}]},{"@type":"Person","@id":"https:\/\/www.agromundo.co\/blog\/#\/schema\/person\/3e07d858c3c7a93ebf4ad3785559d35d","name":"admin","image":{"@type":"ImageObject","@id":"https:\/\/www.agromundo.co\/blog\/#personlogo","inLanguage":"es","url":"https:\/\/secure.gravatar.com\/avatar\/f990c4c6d966ea7f7bec9cc10bcda5ce?s=96&d=mm&r=g","contentUrl":"https:\/\/secure.gravatar.com\/avatar\/f990c4c6d966ea7f7bec9cc10bcda5ce?s=96&d=mm&r=g","caption":"admin"},"url":"https:\/\/www.agromundo.co\/blog\/author\/admin\/"}]}},"_links":{"self":[{"href":"https:\/\/www.agromundo.co\/blog\/wp-json\/wp\/v2\/posts\/14201"}],"collection":[{"href":"https:\/\/www.agromundo.co\/blog\/wp-json\/wp\/v2\/posts"}],"about":[{"href":"https:\/\/www.agromundo.co\/blog\/wp-json\/wp\/v2\/types\/post"}],"author":[{"embeddable":true,"href":"https:\/\/www.agromundo.co\/blog\/wp-json\/wp\/v2\/users\/1"}],"replies":[{"embeddable":true,"href":"https:\/\/www.agromundo.co\/blog\/wp-json\/wp\/v2\/comments?post=14201"}],"version-history":[{"count":1,"href":"https:\/\/www.agromundo.co\/blog\/wp-json\/wp\/v2\/posts\/14201\/revisions"}],"predecessor-version":[{"id":14203,"href":"https:\/\/www.agromundo.co\/blog\/wp-json\/wp\/v2\/posts\/14201\/revisions\/14203"}],"wp:featuredmedia":[{"embeddable":true,"href":"https:\/\/www.agromundo.co\/blog\/wp-json\/wp\/v2\/media\/14202"}],"wp:attachment":[{"href":"https:\/\/www.agromundo.co\/blog\/wp-json\/wp\/v2\/media?parent=14201"}],"wp:term":[{"taxonomy":"category","embeddable":true,"href":"https:\/\/www.agromundo.co\/blog\/wp-json\/wp\/v2\/categories?post=14201"},{"taxonomy":"post_tag","embeddable":true,"href":"https:\/\/www.agromundo.co\/blog\/wp-json\/wp\/v2\/tags?post=14201"}],"curies":[{"name":"wp","href":"https:\/\/api.w.org\/{rel}","templated":true}]}}