{"id":14204,"date":"2026-03-16T21:36:31","date_gmt":"2026-03-16T21:36:31","guid":{"rendered":"https:\/\/www.agromundo.co\/blog\/?p=14204"},"modified":"2026-03-16T21:36:31","modified_gmt":"2026-03-16T21:36:31","slug":"influenza-aviar-detectado-un-brote-en-el-meta","status":"publish","type":"post","link":"https:\/\/www.agromundo.co\/blog\/influenza-aviar-detectado-un-brote-en-el-meta\/","title":{"rendered":"Influenza aviar. Detectado un brote en el Meta"},"content":{"rendered":"<p>Influenza aviar<\/p>\n<div id=\"attachment_14205\" style=\"width: 310px\" class=\"wp-caption aligncenter\"><img aria-describedby=\"caption-attachment-14205\" loading=\"lazy\" class=\"wp-image-14205 size-medium\" src=\"http:\/\/www.agromundo.co\/blog\/wp-content\/uploads\/2026\/03\/Influenza-aviar-300x169.png\" alt=\"Influenza aviar\" width=\"300\" height=\"169\" srcset=\"https:\/\/www.agromundo.co\/blog\/wp-content\/uploads\/2026\/03\/Influenza-aviar-300x169.png 300w, https:\/\/www.agromundo.co\/blog\/wp-content\/uploads\/2026\/03\/Influenza-aviar.png 364w\" sizes=\"(max-width: 300px) 100vw, 300px\" \/><p id=\"caption-attachment-14205\" class=\"wp-caption-text\">Foto: ICA<\/p><\/div>\n<p><strong>El Instituto Colombiano Agropecuario, confirm\u00f3 un brote de influenza aviar en el departamento del Meta<\/strong>, en aves de traspatio de Puerto Concordia.<\/p>\n<p>Tras identificar el foco sanitario,\u00a0<strong>esa entidad activ\u00f3 de inmediato los protocolos definidos en el Sistema Nacional de Vigilancia Epidemiol\u00f3gica Sanitaria<\/strong>\u00a0y puso a marchar las acciones establecidas en el Plan Nacional de Contingencia para la influenza aviar.<\/p>\n<p><strong>Las medidas contienen actividades de inspecci\u00f3n, control, vigilancia y erradicaci\u00f3n con el fin de contener el brote y reducir los riesgos de propagaci\u00f3n del virus en la regi\u00f3n.<\/strong><\/p>\n<p>Para atender la situaci\u00f3n, el ICA despleg\u00f3 un equipo de t\u00e9cnicos especializados integrado por profesionales en extensi\u00f3n agropecuaria, epidemiolog\u00eda veterinaria y sanidad aviar.<\/p>\n<p>Estos expertos adelantan<strong> toma de muestras,<\/strong> labores de\u00a0investigaci\u00f3n epidemiol\u00f3gica,<strong> seguimiento a los predios cercanos considerados en riesgo<\/strong>\u00a0y el acompa\u00f1amiento t\u00e9cnico a los productores av\u00edcolas del departamento.<\/p>\n<p><strong>Las acciones se adelantan en coordinaci\u00f3n con gremios del sector av\u00edcola, autoridades locales y otros actores del sistema sanitario<\/strong>,\u00a0con el prop\u00f3sito de proteger la producci\u00f3n y mantener la seguridad alimentaria.<\/p>\n<p>De acuerdo con los reglamentos de\u00a0<strong>la Organizaci\u00f3n Mundial de Sanidad Animal, la identificaci\u00f3n de casos en aves de traspatio no pone en riesgo el estatus sanitario del pa\u00eds.\u00a0<\/strong>Por lo tanto,\u00a0Colombia mantiene su autodeclaraci\u00f3n\u00a0de territorio libre de influenza aviar altamente pat\u00f3gena.<\/p>\n<p><strong>El ICA tambi\u00e9n aclara que el brote no representa riesgos para el consumo de huevos ni de carne de pollo en el pa\u00eds.<\/strong>\u00a0La entidad solicita a productores y comunidades rurales reportar de forma inmediata cualquier signo cl\u00ednico sospechoso o mortalidad en aves para fortalecer la vigilancia sanitaria.<\/p>\n<h4><strong>Art\u00edculo relacionado: <a href=\"https:\/\/www.agronegocios.co\/finca\/ica-anuncio-que-colombia-finalizo-actividades-de-erradicacion-de-la-influenza-aviar-4059128\">ICA anunci\u00f3 que Colombia finaliz\u00f3 actividades de erradicaci\u00f3n de la influenza aviar<\/a><\/strong><\/h4>\n<p>&nbsp;<\/p>\n<p>Fuente: Adaptado de Agronegocios de La Rep\u00fablica. Autor: Xavier Becerra Silva.<\/p>\n<p>Lo invitamos a ver el siguiente video que muestra el nuevo ventilador con aspersi\u00f3n de agua:<\/p>\n<p><iframe loading=\"lazy\" title=\"Ventilador con aspersi\u00f3n o pulverizaci\u00f3n de agua\" width=\"500\" height=\"281\" src=\"https:\/\/www.youtube.com\/embed\/cWbd72-lDSE?feature=oembed\" frameborder=\"0\" allow=\"accelerometer; autoplay; clipboard-write; encrypted-media; gyroscope; picture-in-picture; web-share\" referrerpolicy=\"strict-origin-when-cross-origin\" allowfullscreen><\/iframe><\/p>\n<p>Siga nuestro canal en Youtube para ver las \u00faltimas novedades en el Sector Agropecuario:<br \/>\n<script src=\"https:\/\/apis.google.com\/js\/platform.js\"><\/script><\/p>\n<div class=\"g-ytsubscribe\" data-channel=\"Agromundoco\" data-layout=\"full\" data-count=\"default\"><\/div>\n<p>Con el patrocinio de:<\/p>\n<div id=\"attachment_13462\" style=\"width: 131px\" class=\"wp-caption alignleft\"><a href=\"https:\/\/www.agromundo.co\/ventiladores-industriales-colombia.html\"><img aria-describedby=\"caption-attachment-13462\" loading=\"lazy\" class=\"wp-image-13462 size-full\" src=\"http:\/\/www.agromundo.co\/blog\/wp-content\/uploads\/2025\/04\/B-36.jpg\" alt=\"\" width=\"121\" height=\"120\" \/><\/a><p id=\"caption-attachment-13462\" class=\"wp-caption-text\">Ventiladores y extractores de uso agropecuario<\/p><\/div>\n<div id=\"attachment_12617\" style=\"width: 171px\" class=\"wp-caption alignright\"><a href=\"https:\/\/www.agromundo.co\/botas-bekina.html\"><img aria-describedby=\"caption-attachment-12617\" loading=\"lazy\" class=\"wp-image-12617 size-full\" src=\"http:\/\/www.agromundo.co\/blog\/wp-content\/uploads\/2024\/04\/Botas-Bekina.jpg\" alt=\"\" width=\"161\" height=\"120\" srcset=\"https:\/\/www.agromundo.co\/blog\/wp-content\/uploads\/2024\/04\/Botas-Bekina.jpg 161w, https:\/\/www.agromundo.co\/blog\/wp-content\/uploads\/2024\/04\/Botas-Bekina-100x75.jpg 100w\" sizes=\"(max-width: 161px) 100vw, 161px\" \/><\/a><p id=\"caption-attachment-12617\" class=\"wp-caption-text\">Botas Bekina<\/p><\/div>\n","protected":false},"excerpt":{"rendered":"<p>Influenza aviar El Instituto Colombiano Agropecuario, confirm\u00f3 un brote de influenza aviar en el departamento del Meta, en aves de traspatio de Puerto Concordia. Tras identificar el foco sanitario,\u00a0esa entidad activ\u00f3 de inmediato los protocolos definidos en el Sistema Nacional de Vigilancia Epidemiol\u00f3gica Sanitaria\u00a0y puso a marchar las acciones establecidas en el Plan Nacional de [&hellip;]<\/p>\n","protected":false},"author":1,"featured_media":14205,"comment_status":"open","ping_status":"open","sticky":false,"template":"","format":"standard","meta":[],"categories":[3,18,6,7],"tags":[8319,633,1928,8320,8318],"yoast_head":"<!-- This site is optimized with the Yoast SEO plugin v17.3 - https:\/\/yoast.com\/wordpress\/plugins\/seo\/ -->\n<meta name=\"description\" content=\"Autoridades confirmaron un foco de influenza aviar en Puerto Concordia y activaron las medidas de vigilancia para evitar su propagaci\u00f3n.\" \/>\n<meta name=\"robots\" content=\"index, follow, max-snippet:-1, max-image-preview:large, max-video-preview:-1\" \/>\n<link rel=\"canonical\" href=\"https:\/\/www.agromundo.co\/blog\/influenza-aviar-detectado-un-brote-en-el-meta\/\" \/>\n<meta property=\"og:locale\" content=\"es_ES\" \/>\n<meta property=\"og:type\" content=\"article\" \/>\n<meta property=\"og:title\" content=\"Influenza aviar. Detectado un brote en el Meta - Notiagro\" \/>\n<meta property=\"og:description\" content=\"Autoridades confirmaron un foco de influenza aviar en Puerto Concordia y activaron las medidas de vigilancia para evitar su propagaci\u00f3n.\" \/>\n<meta property=\"og:url\" content=\"https:\/\/www.agromundo.co\/blog\/influenza-aviar-detectado-un-brote-en-el-meta\/\" \/>\n<meta property=\"og:site_name\" content=\"Notiagro\" \/>\n<meta property=\"article:published_time\" content=\"2026-03-16T21:36:31+00:00\" \/>\n<meta property=\"og:image\" content=\"http:\/\/www.agromundo.co\/blog\/wp-content\/uploads\/2026\/03\/Influenza-aviar.png\" \/>\n\t<meta property=\"og:image:width\" content=\"364\" \/>\n\t<meta property=\"og:image:height\" content=\"205\" \/>\n<meta name=\"twitter:label1\" content=\"Escrito por\" \/>\n\t<meta name=\"twitter:data1\" content=\"admin\" \/>\n\t<meta name=\"twitter:label2\" content=\"Tiempo de lectura\" \/>\n\t<meta name=\"twitter:data2\" content=\"3 minutos\" \/>\n<script type=\"application\/ld+json\" class=\"yoast-schema-graph\">{\"@context\":\"https:\/\/schema.org\",\"@graph\":[{\"@type\":\"WebSite\",\"@id\":\"https:\/\/www.agromundo.co\/blog\/#website\",\"url\":\"https:\/\/www.agromundo.co\/blog\/\",\"name\":\"Notiagro\",\"description\":\"Noticias y eventos sector agropecuario colombiano\",\"potentialAction\":[{\"@type\":\"SearchAction\",\"target\":{\"@type\":\"EntryPoint\",\"urlTemplate\":\"https:\/\/www.agromundo.co\/blog\/?s={search_term_string}\"},\"query-input\":\"required name=search_term_string\"}],\"inLanguage\":\"es\"},{\"@type\":\"ImageObject\",\"@id\":\"https:\/\/www.agromundo.co\/blog\/influenza-aviar-detectado-un-brote-en-el-meta\/#primaryimage\",\"inLanguage\":\"es\",\"url\":\"https:\/\/www.agromundo.co\/blog\/wp-content\/uploads\/2026\/03\/Influenza-aviar.png\",\"contentUrl\":\"https:\/\/www.agromundo.co\/blog\/wp-content\/uploads\/2026\/03\/Influenza-aviar.png\",\"width\":364,\"height\":205},{\"@type\":\"WebPage\",\"@id\":\"https:\/\/www.agromundo.co\/blog\/influenza-aviar-detectado-un-brote-en-el-meta\/#webpage\",\"url\":\"https:\/\/www.agromundo.co\/blog\/influenza-aviar-detectado-un-brote-en-el-meta\/\",\"name\":\"Influenza aviar. Detectado un brote en el Meta - Notiagro\",\"isPartOf\":{\"@id\":\"https:\/\/www.agromundo.co\/blog\/#website\"},\"primaryImageOfPage\":{\"@id\":\"https:\/\/www.agromundo.co\/blog\/influenza-aviar-detectado-un-brote-en-el-meta\/#primaryimage\"},\"datePublished\":\"2026-03-16T21:36:31+00:00\",\"dateModified\":\"2026-03-16T21:36:31+00:00\",\"author\":{\"@id\":\"https:\/\/www.agromundo.co\/blog\/#\/schema\/person\/3e07d858c3c7a93ebf4ad3785559d35d\"},\"description\":\"Autoridades confirmaron un foco de influenza aviar en Puerto Concordia y activaron las medidas de vigilancia para evitar su propagaci\\u00f3n.\",\"breadcrumb\":{\"@id\":\"https:\/\/www.agromundo.co\/blog\/influenza-aviar-detectado-un-brote-en-el-meta\/#breadcrumb\"},\"inLanguage\":\"es\",\"potentialAction\":[{\"@type\":\"ReadAction\",\"target\":[\"https:\/\/www.agromundo.co\/blog\/influenza-aviar-detectado-un-brote-en-el-meta\/\"]}]},{\"@type\":\"BreadcrumbList\",\"@id\":\"https:\/\/www.agromundo.co\/blog\/influenza-aviar-detectado-un-brote-en-el-meta\/#breadcrumb\",\"itemListElement\":[{\"@type\":\"ListItem\",\"position\":1,\"name\":\"Portada\",\"item\":\"https:\/\/www.agromundo.co\/blog\/\"},{\"@type\":\"ListItem\",\"position\":2,\"name\":\"Influenza aviar. Detectado un brote en el Meta\"}]},{\"@type\":\"Person\",\"@id\":\"https:\/\/www.agromundo.co\/blog\/#\/schema\/person\/3e07d858c3c7a93ebf4ad3785559d35d\",\"name\":\"admin\",\"image\":{\"@type\":\"ImageObject\",\"@id\":\"https:\/\/www.agromundo.co\/blog\/#personlogo\",\"inLanguage\":\"es\",\"url\":\"https:\/\/secure.gravatar.com\/avatar\/f990c4c6d966ea7f7bec9cc10bcda5ce?s=96&d=mm&r=g\",\"contentUrl\":\"https:\/\/secure.gravatar.com\/avatar\/f990c4c6d966ea7f7bec9cc10bcda5ce?s=96&d=mm&r=g\",\"caption\":\"admin\"},\"url\":\"https:\/\/www.agromundo.co\/blog\/author\/admin\/\"}]}<\/script>\n<!-- \/ Yoast SEO plugin. -->","yoast_head_json":{"description":"Autoridades confirmaron un foco de influenza aviar en Puerto Concordia y activaron las medidas de vigilancia para evitar su propagaci\u00f3n.","robots":{"index":"index","follow":"follow","max-snippet":"max-snippet:-1","max-image-preview":"max-image-preview:large","max-video-preview":"max-video-preview:-1"},"canonical":"https:\/\/www.agromundo.co\/blog\/influenza-aviar-detectado-un-brote-en-el-meta\/","og_locale":"es_ES","og_type":"article","og_title":"Influenza aviar. Detectado un brote en el Meta - Notiagro","og_description":"Autoridades confirmaron un foco de influenza aviar en Puerto Concordia y activaron las medidas de vigilancia para evitar su propagaci\u00f3n.","og_url":"https:\/\/www.agromundo.co\/blog\/influenza-aviar-detectado-un-brote-en-el-meta\/","og_site_name":"Notiagro","article_published_time":"2026-03-16T21:36:31+00:00","og_image":[{"width":364,"height":205,"url":"http:\/\/www.agromundo.co\/blog\/wp-content\/uploads\/2026\/03\/Influenza-aviar.png","type":"image\/png"}],"twitter_misc":{"Escrito por":"admin","Tiempo de lectura":"3 minutos"},"schema":{"@context":"https:\/\/schema.org","@graph":[{"@type":"WebSite","@id":"https:\/\/www.agromundo.co\/blog\/#website","url":"https:\/\/www.agromundo.co\/blog\/","name":"Notiagro","description":"Noticias y eventos sector agropecuario colombiano","potentialAction":[{"@type":"SearchAction","target":{"@type":"EntryPoint","urlTemplate":"https:\/\/www.agromundo.co\/blog\/?s={search_term_string}"},"query-input":"required name=search_term_string"}],"inLanguage":"es"},{"@type":"ImageObject","@id":"https:\/\/www.agromundo.co\/blog\/influenza-aviar-detectado-un-brote-en-el-meta\/#primaryimage","inLanguage":"es","url":"https:\/\/www.agromundo.co\/blog\/wp-content\/uploads\/2026\/03\/Influenza-aviar.png","contentUrl":"https:\/\/www.agromundo.co\/blog\/wp-content\/uploads\/2026\/03\/Influenza-aviar.png","width":364,"height":205},{"@type":"WebPage","@id":"https:\/\/www.agromundo.co\/blog\/influenza-aviar-detectado-un-brote-en-el-meta\/#webpage","url":"https:\/\/www.agromundo.co\/blog\/influenza-aviar-detectado-un-brote-en-el-meta\/","name":"Influenza aviar. Detectado un brote en el Meta - Notiagro","isPartOf":{"@id":"https:\/\/www.agromundo.co\/blog\/#website"},"primaryImageOfPage":{"@id":"https:\/\/www.agromundo.co\/blog\/influenza-aviar-detectado-un-brote-en-el-meta\/#primaryimage"},"datePublished":"2026-03-16T21:36:31+00:00","dateModified":"2026-03-16T21:36:31+00:00","author":{"@id":"https:\/\/www.agromundo.co\/blog\/#\/schema\/person\/3e07d858c3c7a93ebf4ad3785559d35d"},"description":"Autoridades confirmaron un foco de influenza aviar en Puerto Concordia y activaron las medidas de vigilancia para evitar su propagaci\u00f3n.","breadcrumb":{"@id":"https:\/\/www.agromundo.co\/blog\/influenza-aviar-detectado-un-brote-en-el-meta\/#breadcrumb"},"inLanguage":"es","potentialAction":[{"@type":"ReadAction","target":["https:\/\/www.agromundo.co\/blog\/influenza-aviar-detectado-un-brote-en-el-meta\/"]}]},{"@type":"BreadcrumbList","@id":"https:\/\/www.agromundo.co\/blog\/influenza-aviar-detectado-un-brote-en-el-meta\/#breadcrumb","itemListElement":[{"@type":"ListItem","position":1,"name":"Portada","item":"https:\/\/www.agromundo.co\/blog\/"},{"@type":"ListItem","position":2,"name":"Influenza aviar. Detectado un brote en el Meta"}]},{"@type":"Person","@id":"https:\/\/www.agromundo.co\/blog\/#\/schema\/person\/3e07d858c3c7a93ebf4ad3785559d35d","name":"admin","image":{"@type":"ImageObject","@id":"https:\/\/www.agromundo.co\/blog\/#personlogo","inLanguage":"es","url":"https:\/\/secure.gravatar.com\/avatar\/f990c4c6d966ea7f7bec9cc10bcda5ce?s=96&d=mm&r=g","contentUrl":"https:\/\/secure.gravatar.com\/avatar\/f990c4c6d966ea7f7bec9cc10bcda5ce?s=96&d=mm&r=g","caption":"admin"},"url":"https:\/\/www.agromundo.co\/blog\/author\/admin\/"}]}},"_links":{"self":[{"href":"https:\/\/www.agromundo.co\/blog\/wp-json\/wp\/v2\/posts\/14204"}],"collection":[{"href":"https:\/\/www.agromundo.co\/blog\/wp-json\/wp\/v2\/posts"}],"about":[{"href":"https:\/\/www.agromundo.co\/blog\/wp-json\/wp\/v2\/types\/post"}],"author":[{"embeddable":true,"href":"https:\/\/www.agromundo.co\/blog\/wp-json\/wp\/v2\/users\/1"}],"replies":[{"embeddable":true,"href":"https:\/\/www.agromundo.co\/blog\/wp-json\/wp\/v2\/comments?post=14204"}],"version-history":[{"count":1,"href":"https:\/\/www.agromundo.co\/blog\/wp-json\/wp\/v2\/posts\/14204\/revisions"}],"predecessor-version":[{"id":14206,"href":"https:\/\/www.agromundo.co\/blog\/wp-json\/wp\/v2\/posts\/14204\/revisions\/14206"}],"wp:featuredmedia":[{"embeddable":true,"href":"https:\/\/www.agromundo.co\/blog\/wp-json\/wp\/v2\/media\/14205"}],"wp:attachment":[{"href":"https:\/\/www.agromundo.co\/blog\/wp-json\/wp\/v2\/media?parent=14204"}],"wp:term":[{"taxonomy":"category","embeddable":true,"href":"https:\/\/www.agromundo.co\/blog\/wp-json\/wp\/v2\/categories?post=14204"},{"taxonomy":"post_tag","embeddable":true,"href":"https:\/\/www.agromundo.co\/blog\/wp-json\/wp\/v2\/tags?post=14204"}],"curies":[{"name":"wp","href":"https:\/\/api.w.org\/{rel}","templated":true}]}}