{"id":14291,"date":"2026-04-29T20:16:34","date_gmt":"2026-04-29T20:16:34","guid":{"rendered":"https:\/\/www.agromundo.co\/blog\/?p=14291"},"modified":"2026-04-29T20:16:34","modified_gmt":"2026-04-29T20:16:34","slug":"exportaciones-de-ganado-menor-a-2-anos-seran-suspendidas","status":"publish","type":"post","link":"https:\/\/www.agromundo.co\/blog\/exportaciones-de-ganado-menor-a-2-anos-seran-suspendidas\/","title":{"rendered":"Exportaciones de ganado menor a 2 a\u00f1os ser\u00e1n suspendidas"},"content":{"rendered":"<p>Exportaciones de ganado<\/p>\n<div id=\"attachment_14292\" style=\"width: 310px\" class=\"wp-caption aligncenter\"><img aria-describedby=\"caption-attachment-14292\" loading=\"lazy\" class=\"wp-image-14292 size-medium\" src=\"http:\/\/www.agromundo.co\/blog\/wp-content\/uploads\/2026\/04\/Expoortaciones-de-ganado-300x172.png\" alt=\"Exportaciones de ganado\" width=\"300\" height=\"172\" srcset=\"https:\/\/www.agromundo.co\/blog\/wp-content\/uploads\/2026\/04\/Expoortaciones-de-ganado-300x172.png 300w, https:\/\/www.agromundo.co\/blog\/wp-content\/uploads\/2026\/04\/Expoortaciones-de-ganado.png 357w\" sizes=\"(max-width: 300px) 100vw, 300px\" \/><p id=\"caption-attachment-14292\" class=\"wp-caption-text\">Foto: Bloomberg<\/p><\/div>\n<p>Martha Carvajalino, ministra de Agricultura de Colombia, revel\u00f3 que el Gobierno<strong>\u00a0decidi\u00f3 suspender las exportaciones de ganado en pie, menores de 2 a\u00f1os y las hembras reproductoras.<\/strong><\/p>\n<p>El Ministerio de Comercio, emitir\u00e1 la resoluci\u00f3n en los pr\u00f3ximos d\u00edas para dejar en firme el bloqueo. La medida\u00a0tiene como objetivo proteger el inventario de ganado del pa\u00eds, garantizando que los animales fundamentales para el ciclo reproductivo y el crecimiento sostenido del sector se mantengan en el territorio nacional y de esta manera frenar el encarecimiento de la carne.<\/p>\n<p><strong>La decisi\u00f3n surgi\u00f3 en un contexto inflacionario, donde la carne, uno de los productos claves de la canasta familiar, ha tenido un crecimiento en sus precios, particularmente durante el \u00faltimo a\u00f1o.<\/strong>\u00a0Seg\u00fan el Gobierno, las exportaciones est\u00e1n incidiendo en estos encarecimientos, siendo el sustento de la medida.<\/p>\n<p>La ministra de Agricultura manifest\u00f3 que tenemos un incremento de m\u00e1s de 10% en el precio de la carne, lo que tiene un peso importante en la canasta de los colombianos. Y que ese peso hay que detenerlo.\u00a0<strong>Cuando iniciaron el an\u00e1lisis sobre qu\u00e9 estaba pasando y por qu\u00e9 estaba la carne tan cara, encontraron lo siguiente. Se est\u00e1 exportando ganado en pie, no en canal, son animales entre 1 y 2 a\u00f1os, en etapa reproductiva.<\/strong>\u00a0Cuando analizaron d\u00f3nde estaba el principal indicador que jalona el costo de la carne, lo encontraron en las subastas del ganado en pie. All\u00ed se increment\u00f3 hasta el 19% el valor del animal.<\/p>\n<h4><strong>Las causas:<\/strong><\/h4>\n<p>Seg\u00fan los datos del Sistema de Informaci\u00f3n de Precios y Abastecimiento del Sector Agropecuario del Dane,\u00a0<strong>la carne se ha un encarecido el 5,4% en lo que va del a\u00f1o, pasando de un promedio de $30.179\/kilo en enero a $31.819\/kilo al cierre de abril del 2026.<\/strong>\u00a0Al analizar la variaci\u00f3n interanual, el precio ha aumentado un 15,6% en comparaci\u00f3n con los $27.502\/kilo registrados en abril de 2025.<\/p>\n<p>El jefe de Planeaci\u00f3n e Investigaciones Econ\u00f3micas de Fedeg\u00e1n, \u00d3scar Cubillos, explica que\u00a0<strong>este incremento no se debe a la falta de oferta de animales, sino al aumento significativo de la demanda impulsada por el aumento del ingreso de las familias.<\/strong>\u00a0Seg\u00fan cifras de ese gremio, el sacrificio de bovinos en 2025 fue el mayor en m\u00e1s de una d\u00e9cada, aumentando un 6,3%, y la tendencia ha sido estable durante el presente a\u00f1o.<\/p>\n<p>&nbsp;<\/p>\n<p>Fuente: Adaptado de Agronegocios de La Rep\u00fablica. Autora: Natalia Albor Rojas<\/p>\n<p>Lo invitamos a ver el siguiente video que muestra el nuevo ventilador Cool Fan con pedestal:<\/p>\n<p><iframe loading=\"lazy\" title=\"Ventilador con aspersi\u00f3n o pulverizaci\u00f3n de agua\" width=\"500\" height=\"281\" src=\"https:\/\/www.youtube.com\/embed\/cWbd72-lDSE?feature=oembed\" frameborder=\"0\" allow=\"accelerometer; autoplay; clipboard-write; encrypted-media; gyroscope; picture-in-picture; web-share\" referrerpolicy=\"strict-origin-when-cross-origin\" allowfullscreen><\/iframe><\/p>\n<p>Siga nuestro canal en Youtube para ver las \u00faltimas novedades en el Sector Agropecuario:<br \/>\n<script src=\"https:\/\/apis.google.com\/js\/platform.js\"><\/script><\/p>\n<div class=\"g-ytsubscribe\" data-channel=\"Agromundoco\" data-layout=\"full\" data-count=\"default\"><\/div>\n<p>Con el patrocinio de:<\/p>\n<div id=\"attachment_13462\" style=\"width: 131px\" class=\"wp-caption alignleft\"><a href=\"https:\/\/www.agromundo.co\/ventiladores-industriales-colombia.html\"><img aria-describedby=\"caption-attachment-13462\" loading=\"lazy\" class=\"wp-image-13462 size-full\" src=\"http:\/\/www.agromundo.co\/blog\/wp-content\/uploads\/2025\/04\/B-36.jpg\" alt=\"\" width=\"121\" height=\"120\" \/><\/a><p id=\"caption-attachment-13462\" class=\"wp-caption-text\">Ventiladores y extractores de uso agropecuario<\/p><\/div>\n<div id=\"attachment_13463\" style=\"width: 130px\" class=\"wp-caption alignright\"><a href=\"https:\/\/www.agromundo.co\/plastigoma-pisos-de-caucho.html\"><img aria-describedby=\"caption-attachment-13463\" loading=\"lazy\" class=\"wp-image-13463 size-full\" src=\"http:\/\/www.agromundo.co\/blog\/wp-content\/uploads\/2025\/04\/Pisos-para-salas-de-ordeno.jpg\" alt=\"\" width=\"120\" height=\"120\" \/><\/a><p id=\"caption-attachment-13463\" class=\"wp-caption-text\">Pisos de caucho vulcanizado para ganader\u00eda<\/p><\/div>\n","protected":false},"excerpt":{"rendered":"<p>Exportaciones de ganado Martha Carvajalino, ministra de Agricultura de Colombia, revel\u00f3 que el Gobierno\u00a0decidi\u00f3 suspender las exportaciones de ganado en pie, menores de 2 a\u00f1os y las hembras reproductoras. El Ministerio de Comercio, emitir\u00e1 la resoluci\u00f3n en los pr\u00f3ximos d\u00edas para dejar en firme el bloqueo. La medida\u00a0tiene como objetivo proteger el inventario de ganado [&hellip;]<\/p>\n","protected":false},"author":1,"featured_media":14292,"comment_status":"open","ping_status":"open","sticky":false,"template":"","format":"standard","meta":[],"categories":[7081,3,18,6],"tags":[8391,1048,564,2405,8390],"yoast_head":"<!-- This site is optimized with the Yoast SEO plugin v17.3 - https:\/\/yoast.com\/wordpress\/plugins\/seo\/ -->\n<meta name=\"description\" content=\"El Gobierno de Colombia decidi\u00f3 suspender las exportaciones de ganado en pie con animales menores de 2 a\u00f1os y las hembras reproductoras.\" \/>\n<meta name=\"robots\" content=\"index, follow, max-snippet:-1, max-image-preview:large, max-video-preview:-1\" \/>\n<link rel=\"canonical\" href=\"https:\/\/www.agromundo.co\/blog\/exportaciones-de-ganado-menor-a-2-anos-seran-suspendidas\/\" \/>\n<meta property=\"og:locale\" content=\"es_ES\" \/>\n<meta property=\"og:type\" content=\"article\" \/>\n<meta property=\"og:title\" content=\"Exportaciones de ganado menor a 2 a\u00f1os ser\u00e1n suspendidas - Notiagro\" \/>\n<meta property=\"og:description\" content=\"El Gobierno de Colombia decidi\u00f3 suspender las exportaciones de ganado en pie con animales menores de 2 a\u00f1os y las hembras reproductoras.\" \/>\n<meta property=\"og:url\" content=\"https:\/\/www.agromundo.co\/blog\/exportaciones-de-ganado-menor-a-2-anos-seran-suspendidas\/\" \/>\n<meta property=\"og:site_name\" content=\"Notiagro\" \/>\n<meta property=\"article:published_time\" content=\"2026-04-29T20:16:34+00:00\" \/>\n<meta property=\"og:image\" content=\"http:\/\/www.agromundo.co\/blog\/wp-content\/uploads\/2026\/04\/Expoortaciones-de-ganado.png\" \/>\n\t<meta property=\"og:image:width\" content=\"357\" \/>\n\t<meta property=\"og:image:height\" content=\"205\" \/>\n<meta name=\"twitter:label1\" content=\"Escrito por\" \/>\n\t<meta name=\"twitter:data1\" content=\"admin\" \/>\n\t<meta name=\"twitter:label2\" content=\"Tiempo de lectura\" \/>\n\t<meta name=\"twitter:data2\" content=\"3 minutos\" \/>\n<script type=\"application\/ld+json\" class=\"yoast-schema-graph\">{\"@context\":\"https:\/\/schema.org\",\"@graph\":[{\"@type\":\"WebSite\",\"@id\":\"https:\/\/www.agromundo.co\/blog\/#website\",\"url\":\"https:\/\/www.agromundo.co\/blog\/\",\"name\":\"Notiagro\",\"description\":\"Noticias y eventos sector agropecuario colombiano\",\"potentialAction\":[{\"@type\":\"SearchAction\",\"target\":{\"@type\":\"EntryPoint\",\"urlTemplate\":\"https:\/\/www.agromundo.co\/blog\/?s={search_term_string}\"},\"query-input\":\"required name=search_term_string\"}],\"inLanguage\":\"es\"},{\"@type\":\"ImageObject\",\"@id\":\"https:\/\/www.agromundo.co\/blog\/exportaciones-de-ganado-menor-a-2-anos-seran-suspendidas\/#primaryimage\",\"inLanguage\":\"es\",\"url\":\"https:\/\/www.agromundo.co\/blog\/wp-content\/uploads\/2026\/04\/Expoortaciones-de-ganado.png\",\"contentUrl\":\"https:\/\/www.agromundo.co\/blog\/wp-content\/uploads\/2026\/04\/Expoortaciones-de-ganado.png\",\"width\":357,\"height\":205},{\"@type\":\"WebPage\",\"@id\":\"https:\/\/www.agromundo.co\/blog\/exportaciones-de-ganado-menor-a-2-anos-seran-suspendidas\/#webpage\",\"url\":\"https:\/\/www.agromundo.co\/blog\/exportaciones-de-ganado-menor-a-2-anos-seran-suspendidas\/\",\"name\":\"Exportaciones de ganado menor a 2 a\\u00f1os ser\\u00e1n suspendidas - Notiagro\",\"isPartOf\":{\"@id\":\"https:\/\/www.agromundo.co\/blog\/#website\"},\"primaryImageOfPage\":{\"@id\":\"https:\/\/www.agromundo.co\/blog\/exportaciones-de-ganado-menor-a-2-anos-seran-suspendidas\/#primaryimage\"},\"datePublished\":\"2026-04-29T20:16:34+00:00\",\"dateModified\":\"2026-04-29T20:16:34+00:00\",\"author\":{\"@id\":\"https:\/\/www.agromundo.co\/blog\/#\/schema\/person\/3e07d858c3c7a93ebf4ad3785559d35d\"},\"description\":\"El Gobierno de Colombia decidi\\u00f3 suspender las exportaciones de ganado en pie con animales menores de 2 a\\u00f1os y las hembras reproductoras.\",\"breadcrumb\":{\"@id\":\"https:\/\/www.agromundo.co\/blog\/exportaciones-de-ganado-menor-a-2-anos-seran-suspendidas\/#breadcrumb\"},\"inLanguage\":\"es\",\"potentialAction\":[{\"@type\":\"ReadAction\",\"target\":[\"https:\/\/www.agromundo.co\/blog\/exportaciones-de-ganado-menor-a-2-anos-seran-suspendidas\/\"]}]},{\"@type\":\"BreadcrumbList\",\"@id\":\"https:\/\/www.agromundo.co\/blog\/exportaciones-de-ganado-menor-a-2-anos-seran-suspendidas\/#breadcrumb\",\"itemListElement\":[{\"@type\":\"ListItem\",\"position\":1,\"name\":\"Portada\",\"item\":\"https:\/\/www.agromundo.co\/blog\/\"},{\"@type\":\"ListItem\",\"position\":2,\"name\":\"Exportaciones de ganado menor a 2 a\\u00f1os ser\\u00e1n suspendidas\"}]},{\"@type\":\"Person\",\"@id\":\"https:\/\/www.agromundo.co\/blog\/#\/schema\/person\/3e07d858c3c7a93ebf4ad3785559d35d\",\"name\":\"admin\",\"image\":{\"@type\":\"ImageObject\",\"@id\":\"https:\/\/www.agromundo.co\/blog\/#personlogo\",\"inLanguage\":\"es\",\"url\":\"https:\/\/secure.gravatar.com\/avatar\/f990c4c6d966ea7f7bec9cc10bcda5ce?s=96&d=mm&r=g\",\"contentUrl\":\"https:\/\/secure.gravatar.com\/avatar\/f990c4c6d966ea7f7bec9cc10bcda5ce?s=96&d=mm&r=g\",\"caption\":\"admin\"},\"url\":\"https:\/\/www.agromundo.co\/blog\/author\/admin\/\"}]}<\/script>\n<!-- \/ Yoast SEO plugin. -->","yoast_head_json":{"description":"El Gobierno de Colombia decidi\u00f3 suspender las exportaciones de ganado en pie con animales menores de 2 a\u00f1os y las hembras reproductoras.","robots":{"index":"index","follow":"follow","max-snippet":"max-snippet:-1","max-image-preview":"max-image-preview:large","max-video-preview":"max-video-preview:-1"},"canonical":"https:\/\/www.agromundo.co\/blog\/exportaciones-de-ganado-menor-a-2-anos-seran-suspendidas\/","og_locale":"es_ES","og_type":"article","og_title":"Exportaciones de ganado menor a 2 a\u00f1os ser\u00e1n suspendidas - Notiagro","og_description":"El Gobierno de Colombia decidi\u00f3 suspender las exportaciones de ganado en pie con animales menores de 2 a\u00f1os y las hembras reproductoras.","og_url":"https:\/\/www.agromundo.co\/blog\/exportaciones-de-ganado-menor-a-2-anos-seran-suspendidas\/","og_site_name":"Notiagro","article_published_time":"2026-04-29T20:16:34+00:00","og_image":[{"width":357,"height":205,"url":"http:\/\/www.agromundo.co\/blog\/wp-content\/uploads\/2026\/04\/Expoortaciones-de-ganado.png","type":"image\/png"}],"twitter_misc":{"Escrito por":"admin","Tiempo de lectura":"3 minutos"},"schema":{"@context":"https:\/\/schema.org","@graph":[{"@type":"WebSite","@id":"https:\/\/www.agromundo.co\/blog\/#website","url":"https:\/\/www.agromundo.co\/blog\/","name":"Notiagro","description":"Noticias y eventos sector agropecuario colombiano","potentialAction":[{"@type":"SearchAction","target":{"@type":"EntryPoint","urlTemplate":"https:\/\/www.agromundo.co\/blog\/?s={search_term_string}"},"query-input":"required name=search_term_string"}],"inLanguage":"es"},{"@type":"ImageObject","@id":"https:\/\/www.agromundo.co\/blog\/exportaciones-de-ganado-menor-a-2-anos-seran-suspendidas\/#primaryimage","inLanguage":"es","url":"https:\/\/www.agromundo.co\/blog\/wp-content\/uploads\/2026\/04\/Expoortaciones-de-ganado.png","contentUrl":"https:\/\/www.agromundo.co\/blog\/wp-content\/uploads\/2026\/04\/Expoortaciones-de-ganado.png","width":357,"height":205},{"@type":"WebPage","@id":"https:\/\/www.agromundo.co\/blog\/exportaciones-de-ganado-menor-a-2-anos-seran-suspendidas\/#webpage","url":"https:\/\/www.agromundo.co\/blog\/exportaciones-de-ganado-menor-a-2-anos-seran-suspendidas\/","name":"Exportaciones de ganado menor a 2 a\u00f1os ser\u00e1n suspendidas - Notiagro","isPartOf":{"@id":"https:\/\/www.agromundo.co\/blog\/#website"},"primaryImageOfPage":{"@id":"https:\/\/www.agromundo.co\/blog\/exportaciones-de-ganado-menor-a-2-anos-seran-suspendidas\/#primaryimage"},"datePublished":"2026-04-29T20:16:34+00:00","dateModified":"2026-04-29T20:16:34+00:00","author":{"@id":"https:\/\/www.agromundo.co\/blog\/#\/schema\/person\/3e07d858c3c7a93ebf4ad3785559d35d"},"description":"El Gobierno de Colombia decidi\u00f3 suspender las exportaciones de ganado en pie con animales menores de 2 a\u00f1os y las hembras reproductoras.","breadcrumb":{"@id":"https:\/\/www.agromundo.co\/blog\/exportaciones-de-ganado-menor-a-2-anos-seran-suspendidas\/#breadcrumb"},"inLanguage":"es","potentialAction":[{"@type":"ReadAction","target":["https:\/\/www.agromundo.co\/blog\/exportaciones-de-ganado-menor-a-2-anos-seran-suspendidas\/"]}]},{"@type":"BreadcrumbList","@id":"https:\/\/www.agromundo.co\/blog\/exportaciones-de-ganado-menor-a-2-anos-seran-suspendidas\/#breadcrumb","itemListElement":[{"@type":"ListItem","position":1,"name":"Portada","item":"https:\/\/www.agromundo.co\/blog\/"},{"@type":"ListItem","position":2,"name":"Exportaciones de ganado menor a 2 a\u00f1os ser\u00e1n suspendidas"}]},{"@type":"Person","@id":"https:\/\/www.agromundo.co\/blog\/#\/schema\/person\/3e07d858c3c7a93ebf4ad3785559d35d","name":"admin","image":{"@type":"ImageObject","@id":"https:\/\/www.agromundo.co\/blog\/#personlogo","inLanguage":"es","url":"https:\/\/secure.gravatar.com\/avatar\/f990c4c6d966ea7f7bec9cc10bcda5ce?s=96&d=mm&r=g","contentUrl":"https:\/\/secure.gravatar.com\/avatar\/f990c4c6d966ea7f7bec9cc10bcda5ce?s=96&d=mm&r=g","caption":"admin"},"url":"https:\/\/www.agromundo.co\/blog\/author\/admin\/"}]}},"_links":{"self":[{"href":"https:\/\/www.agromundo.co\/blog\/wp-json\/wp\/v2\/posts\/14291"}],"collection":[{"href":"https:\/\/www.agromundo.co\/blog\/wp-json\/wp\/v2\/posts"}],"about":[{"href":"https:\/\/www.agromundo.co\/blog\/wp-json\/wp\/v2\/types\/post"}],"author":[{"embeddable":true,"href":"https:\/\/www.agromundo.co\/blog\/wp-json\/wp\/v2\/users\/1"}],"replies":[{"embeddable":true,"href":"https:\/\/www.agromundo.co\/blog\/wp-json\/wp\/v2\/comments?post=14291"}],"version-history":[{"count":1,"href":"https:\/\/www.agromundo.co\/blog\/wp-json\/wp\/v2\/posts\/14291\/revisions"}],"predecessor-version":[{"id":14293,"href":"https:\/\/www.agromundo.co\/blog\/wp-json\/wp\/v2\/posts\/14291\/revisions\/14293"}],"wp:featuredmedia":[{"embeddable":true,"href":"https:\/\/www.agromundo.co\/blog\/wp-json\/wp\/v2\/media\/14292"}],"wp:attachment":[{"href":"https:\/\/www.agromundo.co\/blog\/wp-json\/wp\/v2\/media?parent=14291"}],"wp:term":[{"taxonomy":"category","embeddable":true,"href":"https:\/\/www.agromundo.co\/blog\/wp-json\/wp\/v2\/categories?post=14291"},{"taxonomy":"post_tag","embeddable":true,"href":"https:\/\/www.agromundo.co\/blog\/wp-json\/wp\/v2\/tags?post=14291"}],"curies":[{"name":"wp","href":"https:\/\/api.w.org\/{rel}","templated":true}]}}