{"id":14538,"date":"2026-09-01T22:17:03","date_gmt":"2026-09-01T22:17:03","guid":{"rendered":"https:\/\/www.agromundo.co\/blog\/?p=14538"},"modified":"2026-09-01T22:17:03","modified_gmt":"2026-09-01T22:17:03","slug":"feria-nacional-simbrah-y-sus-cruces-en-bucaramanga","status":"publish","type":"post","link":"https:\/\/www.agromundo.co\/blog\/feria-nacional-simbrah-y-sus-cruces-en-bucaramanga\/","title":{"rendered":"Feria Nacional Simbrah y sus cruces en Bucaramanga"},"content":{"rendered":"<p>Feria Nacional Simbrah.<\/p>\n<div id=\"attachment_14539\" style=\"width: 310px\" class=\"wp-caption aligncenter\"><img aria-describedby=\"caption-attachment-14539\" loading=\"lazy\" class=\"wp-image-14539 size-medium\" src=\"http:\/\/www.agromundo.co\/blog\/wp-content\/uploads\/2026\/09\/Feria-Nacional-Simbrah-300x118.png\" alt=\"Feria Nacional Simbra\" width=\"300\" height=\"118\" srcset=\"https:\/\/www.agromundo.co\/blog\/wp-content\/uploads\/2026\/09\/Feria-Nacional-Simbrah-300x118.png 300w, https:\/\/www.agromundo.co\/blog\/wp-content\/uploads\/2026\/09\/Feria-Nacional-Simbrah.png 519w\" sizes=\"(max-width: 300px) 100vw, 300px\" \/><p id=\"caption-attachment-14539\" class=\"wp-caption-text\">Foto: cortes\u00eda<\/p><\/div>\n<ul>\n<li><em>Criadores de esa raza acudir\u00e1n a la capital santandereana para mostrar lo mejor de su gen\u00e9tica durante la 76 Feria Ganadera de Colombia. Se espira a ratificar el crecimiento que viene teniendo la raza en las distintas regiones ganaderas de Colombia.<\/em><\/li>\n<\/ul>\n<p>La raza Simbrah tendr\u00e1 uno de sus eventos m\u00e1s importantes del a\u00f1o en la Feria Nacional Simbrah y sus Cruces. Evento especializado que congregar\u00e1 a destacados criadores y ejemplares de gran calidad gen\u00e9tica procedentes de distintas regiones del pa\u00eds, del 10 al 13 de septiembre de 2026 en Bucaramanga.<\/p>\n<p>Dicho evento se llevar\u00e1 a cabo en la\u00a0<strong>76 Feria Ganadera de Colombia<\/strong>, que se realizar\u00e1 en la ciudad bonita del 11al 20 de septiembre de 2026.<\/p>\n<p>La Feria constituye una oportunidad para destacar los avances en gen\u00e9tica alcanzados por la raza y demostrar su importancia para los sistemas ganaderos de leche y carne que se desarrollan actualmente en Colombia.<\/p>\n<p>El evento con ejemplares de raza Simbrah es promovido por Asosimmental Colombia y se llevar\u00e1 a cabo en las instalaciones de Cenfer.<\/p>\n<p>Para\u00a0<strong>el director ejecutivo de Asosimmental<\/strong>, <strong>Filipo Rapaioli,<\/strong> la realizaci\u00f3n del evento en Santander tiene un especial significado por la importancia de esta regi\u00f3n en la ganader\u00eda Simbrah nacional.<\/p>\n<p>Este evento tendr\u00e1 la participaci\u00f3n de m\u00e1s de 80 ejemplares \u00e9lite, los cuales competir\u00e1n en juzgamientos t\u00e9cnicos dirigidos a evaluar las caracter\u00edsticas morfol\u00f3gicas y productivas de la raza.<\/p>\n<p>Adem\u00e1s de convertirse en vitrina para exhibir gen\u00e9tica de alto nivel, la feria busca estimular la transferencia de conocimiento entre t\u00e9cnicos, productores y visitantes interesados en el conocimiento sobre las ventajas de una raza que viene ganando protagonismo en las zonas tropicales del pa\u00eds.<\/p>\n<p>Los animales participantes ser\u00e1n evaluados por el\u00a0<strong>juez Andr\u00e9s Torres<\/strong>.<\/p>\n<h4>\u00a0<strong>Adaptada al tr\u00f3pico.<\/strong><\/h4>\n<p>El Simbrah es una raza sint\u00e9tica como resultado del cruce entre Brahman y Simmental, en una proporci\u00f3n de 3\/8 Brahman y 5\/8 Simmental.<\/p>\n<p>Esta combinaci\u00f3n permite\u00a0<strong>aprovechar las condiciones productivas de ambas razas<\/strong>. Integran la capacidad lechera y c\u00e1rnica del Simmental con la rusticidad, adaptaci\u00f3n y resistencia al clima del Brahman.<\/p>\n<p>Seg\u00fan Asosimmental, son animales con pelo fino y pigmentaci\u00f3n roja en los cascos, lo que favorece su adaptaci\u00f3n a las zonas c\u00e1lidas y contribuyen a su desempe\u00f1o frente a temperaturas altas y desaf\u00edos sanitarios propios del tr\u00f3pico.<\/p>\n<p>Una de las fortalezas principales de la raza es que puede\u00a0<strong>tener niveles de producci\u00f3n de leche comparables con las razas europeas en los climas m\u00e1s fr\u00edos<\/strong>, mientras produce animales con muy buenas caracter\u00edsticas para carne de calidad.<\/p>\n<h4><strong>Trabajo gen\u00e9tico nacional:<\/strong><\/h4>\n<p>En los \u00faltimos a\u00f1os, Asosimmental ha centrado sus esfuerzos en adaptar las razas Simbrah y Simmental a las condiciones geogr\u00e1ficas de Colombia.<\/p>\n<p>El objetivo ha sido el desarrollo\u00a0de <strong>animales m\u00e1s productivos y eficientes tanto en carne como en leche<\/strong>.<\/p>\n<p>En la producci\u00f3n lechera, el trabajo se ha centrado en gen\u00e9tica de origen europeo, mientras que para el fortalecimiento de las caracter\u00edsticas c\u00e1rnicas se han incluido l\u00edneas americanas de reconocido desempe\u00f1o.<\/p>\n<p>Estas estrategias han desarrollado programas de mejoramiento gen\u00e9tico, promoci\u00f3n de tecnolog\u00edas reproductivas y evaluaci\u00f3n de reproductores que permitan tener animales competitivos en las diferentes regiones ganaderas del pa\u00eds.<\/p>\n<h4><strong>La<\/strong><strong>\u00a076 Feria:<\/strong><\/h4>\n<p>La Feria Nacional Simbrah y sus Cruces se realizar\u00e1 de forma simult\u00e1nea en los primeros d\u00edas de la 76 Feria Ganadera de Colombia.<\/p>\n<p>Durante 10 d\u00edas, el evento reunir\u00e1 a productores, expositores, empresarios, visitantes y familiares alrededor de una agenda enfocada en la promoci\u00f3n de las actividades agropecuarias.<\/p>\n<p>Adem\u00e1s de la participaci\u00f3n de la raza Simbrah, la programaci\u00f3n contempla competencias y exhibiciones de diferentes\u00a0<strong>razas bovinas, caprinas y equinas<\/strong>, acompa\u00f1adas por una amplia agenda cultural, en la tradicional Feria Bonita de Colombia.<\/p>\n<p>&nbsp;<\/p>\n<p>Fuente: Adaptado de CONtextoganadero. Autor: Luis Humberto Caballero.<\/p>\n<p>Los invitamos a ver el siguiente video que muestra el nuevo ventilador Cool Fan con pedestal:<\/p>\n<p><iframe loading=\"lazy\" title=\"Ventilador con aspersi\u00f3n o pulverizaci\u00f3n de agua\" width=\"500\" height=\"281\" src=\"https:\/\/www.youtube.com\/embed\/cWbd72-lDSE?feature=oembed\" frameborder=\"0\" allow=\"accelerometer; autoplay; clipboard-write; encrypted-media; gyroscope; picture-in-picture; web-share\" referrerpolicy=\"strict-origin-when-cross-origin\" allowfullscreen><\/iframe><\/p>\n<p>Siga nuestro canal de YouTube para estar al d\u00eda de las \u00faltimas noticias del sector agropecuario:<br \/>\n<script src=\"https:\/\/apis.google.com\/js\/platform.js\"><\/script><\/p>\n<div class=\"g-ytsubscribe\" data-channel=\"Agromundoco\" data-layout=\"full\" data-count=\"default\"><\/div>\n<p>Con el patrocinio de:<\/p>\n<div id=\"attachment_13462\" style=\"width: 131px\" class=\"wp-caption alignleft\"><a href=\"https:\/\/www.agromundo.co\/ventiladores-industriales-colombia.html\"><img aria-describedby=\"caption-attachment-13462\" loading=\"lazy\" class=\"wp-image-13462 size-full\" src=\"http:\/\/www.agromundo.co\/blog\/wp-content\/uploads\/2025\/04\/B-36.jpg\" alt=\"\" width=\"121\" height=\"120\" \/><\/a><p id=\"caption-attachment-13462\" class=\"wp-caption-text\">Ventiladores y extractores de uso agropecuario<\/p><\/div>\n<div id=\"attachment_13463\" style=\"width: 130px\" class=\"wp-caption alignright\"><a href=\"https:\/\/www.agromundo.co\/plastigoma-pisos-de-caucho.html\"><img aria-describedby=\"caption-attachment-13463\" loading=\"lazy\" class=\"wp-image-13463 size-full\" src=\"http:\/\/www.agromundo.co\/blog\/wp-content\/uploads\/2025\/04\/Pisos-para-salas-de-ordeno.jpg\" alt=\"\" width=\"120\" height=\"120\" \/><\/a><p id=\"caption-attachment-13463\" class=\"wp-caption-text\">Pisos de caucho vulcanizado para ganader\u00eda<\/p><\/div>\n","protected":false},"excerpt":{"rendered":"<p>Feria Nacional Simbrah. Criadores de esa raza acudir\u00e1n a la capital santandereana para mostrar lo mejor de su gen\u00e9tica durante la 76 Feria Ganadera de Colombia. Se espira a ratificar el crecimiento que viene teniendo la raza en las distintas regiones ganaderas de Colombia. La raza Simbrah tendr\u00e1 uno de sus eventos m\u00e1s importantes del [&hellip;]<\/p>\n","protected":false},"author":1,"featured_media":14539,"comment_status":"open","ping_status":"open","sticky":false,"template":"","format":"standard","meta":[],"categories":[22,7081,2843,3,6],"tags":[7550,4367,1515,8535,2103,810,8536],"yoast_head":"<!-- This site is optimized with the Yoast SEO plugin v17.3 - https:\/\/yoast.com\/wordpress\/plugins\/seo\/ -->\n<meta name=\"description\" content=\"La Feria Nacional Simbrah fomentar\u00e1 la transferencia de conocimientos y las ventajas productivas de la raza.\" \/>\n<meta name=\"robots\" content=\"index, follow, max-snippet:-1, max-image-preview:large, max-video-preview:-1\" \/>\n<link rel=\"canonical\" href=\"https:\/\/www.agromundo.co\/blog\/feria-nacional-simbrah-y-sus-cruces-en-bucaramanga\/\" \/>\n<meta property=\"og:locale\" content=\"es_ES\" \/>\n<meta property=\"og:type\" content=\"article\" \/>\n<meta property=\"og:title\" content=\"Feria Nacional Simbrah y sus cruces en Bucaramanga - Notiagro\" \/>\n<meta property=\"og:description\" content=\"La Feria Nacional Simbrah fomentar\u00e1 la transferencia de conocimientos y las ventajas productivas de la raza.\" \/>\n<meta property=\"og:url\" content=\"https:\/\/www.agromundo.co\/blog\/feria-nacional-simbrah-y-sus-cruces-en-bucaramanga\/\" \/>\n<meta property=\"og:site_name\" content=\"Notiagro\" \/>\n<meta property=\"article:published_time\" content=\"2026-09-01T22:17:03+00:00\" \/>\n<meta property=\"og:image\" content=\"http:\/\/www.agromundo.co\/blog\/wp-content\/uploads\/2026\/09\/Feria-Nacional-Simbrah.png\" \/>\n\t<meta property=\"og:image:width\" content=\"519\" \/>\n\t<meta property=\"og:image:height\" content=\"205\" \/>\n<meta name=\"twitter:label1\" content=\"Escrito por\" \/>\n\t<meta name=\"twitter:data1\" content=\"admin\" \/>\n\t<meta name=\"twitter:label2\" content=\"Tiempo de lectura\" \/>\n\t<meta name=\"twitter:data2\" content=\"4 minutos\" \/>\n<script type=\"application\/ld+json\" class=\"yoast-schema-graph\">{\"@context\":\"https:\/\/schema.org\",\"@graph\":[{\"@type\":\"WebSite\",\"@id\":\"https:\/\/www.agromundo.co\/blog\/#website\",\"url\":\"https:\/\/www.agromundo.co\/blog\/\",\"name\":\"Notiagro\",\"description\":\"Noticias y eventos sector agropecuario colombiano\",\"potentialAction\":[{\"@type\":\"SearchAction\",\"target\":{\"@type\":\"EntryPoint\",\"urlTemplate\":\"https:\/\/www.agromundo.co\/blog\/?s={search_term_string}\"},\"query-input\":\"required name=search_term_string\"}],\"inLanguage\":\"es\"},{\"@type\":\"ImageObject\",\"@id\":\"https:\/\/www.agromundo.co\/blog\/feria-nacional-simbrah-y-sus-cruces-en-bucaramanga\/#primaryimage\",\"inLanguage\":\"es\",\"url\":\"https:\/\/www.agromundo.co\/blog\/wp-content\/uploads\/2026\/09\/Feria-Nacional-Simbrah.png\",\"contentUrl\":\"https:\/\/www.agromundo.co\/blog\/wp-content\/uploads\/2026\/09\/Feria-Nacional-Simbrah.png\",\"width\":519,\"height\":205},{\"@type\":\"WebPage\",\"@id\":\"https:\/\/www.agromundo.co\/blog\/feria-nacional-simbrah-y-sus-cruces-en-bucaramanga\/#webpage\",\"url\":\"https:\/\/www.agromundo.co\/blog\/feria-nacional-simbrah-y-sus-cruces-en-bucaramanga\/\",\"name\":\"Feria Nacional Simbrah y sus cruces en Bucaramanga - Notiagro\",\"isPartOf\":{\"@id\":\"https:\/\/www.agromundo.co\/blog\/#website\"},\"primaryImageOfPage\":{\"@id\":\"https:\/\/www.agromundo.co\/blog\/feria-nacional-simbrah-y-sus-cruces-en-bucaramanga\/#primaryimage\"},\"datePublished\":\"2026-09-01T22:17:03+00:00\",\"dateModified\":\"2026-09-01T22:17:03+00:00\",\"author\":{\"@id\":\"https:\/\/www.agromundo.co\/blog\/#\/schema\/person\/3e07d858c3c7a93ebf4ad3785559d35d\"},\"description\":\"La Feria Nacional Simbrah fomentar\\u00e1 la transferencia de conocimientos y las ventajas productivas de la raza.\",\"breadcrumb\":{\"@id\":\"https:\/\/www.agromundo.co\/blog\/feria-nacional-simbrah-y-sus-cruces-en-bucaramanga\/#breadcrumb\"},\"inLanguage\":\"es\",\"potentialAction\":[{\"@type\":\"ReadAction\",\"target\":[\"https:\/\/www.agromundo.co\/blog\/feria-nacional-simbrah-y-sus-cruces-en-bucaramanga\/\"]}]},{\"@type\":\"BreadcrumbList\",\"@id\":\"https:\/\/www.agromundo.co\/blog\/feria-nacional-simbrah-y-sus-cruces-en-bucaramanga\/#breadcrumb\",\"itemListElement\":[{\"@type\":\"ListItem\",\"position\":1,\"name\":\"Portada\",\"item\":\"https:\/\/www.agromundo.co\/blog\/\"},{\"@type\":\"ListItem\",\"position\":2,\"name\":\"Feria Nacional Simbrah y sus cruces en Bucaramanga\"}]},{\"@type\":\"Person\",\"@id\":\"https:\/\/www.agromundo.co\/blog\/#\/schema\/person\/3e07d858c3c7a93ebf4ad3785559d35d\",\"name\":\"admin\",\"image\":{\"@type\":\"ImageObject\",\"@id\":\"https:\/\/www.agromundo.co\/blog\/#personlogo\",\"inLanguage\":\"es\",\"url\":\"https:\/\/secure.gravatar.com\/avatar\/f990c4c6d966ea7f7bec9cc10bcda5ce?s=96&d=mm&r=g\",\"contentUrl\":\"https:\/\/secure.gravatar.com\/avatar\/f990c4c6d966ea7f7bec9cc10bcda5ce?s=96&d=mm&r=g\",\"caption\":\"admin\"},\"url\":\"https:\/\/www.agromundo.co\/blog\/author\/admin\/\"}]}<\/script>\n<!-- \/ Yoast SEO plugin. -->","yoast_head_json":{"description":"La Feria Nacional Simbrah fomentar\u00e1 la transferencia de conocimientos y las ventajas productivas de la raza.","robots":{"index":"index","follow":"follow","max-snippet":"max-snippet:-1","max-image-preview":"max-image-preview:large","max-video-preview":"max-video-preview:-1"},"canonical":"https:\/\/www.agromundo.co\/blog\/feria-nacional-simbrah-y-sus-cruces-en-bucaramanga\/","og_locale":"es_ES","og_type":"article","og_title":"Feria Nacional Simbrah y sus cruces en Bucaramanga - Notiagro","og_description":"La Feria Nacional Simbrah fomentar\u00e1 la transferencia de conocimientos y las ventajas productivas de la raza.","og_url":"https:\/\/www.agromundo.co\/blog\/feria-nacional-simbrah-y-sus-cruces-en-bucaramanga\/","og_site_name":"Notiagro","article_published_time":"2026-09-01T22:17:03+00:00","og_image":[{"width":519,"height":205,"url":"http:\/\/www.agromundo.co\/blog\/wp-content\/uploads\/2026\/09\/Feria-Nacional-Simbrah.png","type":"image\/png"}],"twitter_misc":{"Escrito por":"admin","Tiempo de lectura":"4 minutos"},"schema":{"@context":"https:\/\/schema.org","@graph":[{"@type":"WebSite","@id":"https:\/\/www.agromundo.co\/blog\/#website","url":"https:\/\/www.agromundo.co\/blog\/","name":"Notiagro","description":"Noticias y eventos sector agropecuario colombiano","potentialAction":[{"@type":"SearchAction","target":{"@type":"EntryPoint","urlTemplate":"https:\/\/www.agromundo.co\/blog\/?s={search_term_string}"},"query-input":"required name=search_term_string"}],"inLanguage":"es"},{"@type":"ImageObject","@id":"https:\/\/www.agromundo.co\/blog\/feria-nacional-simbrah-y-sus-cruces-en-bucaramanga\/#primaryimage","inLanguage":"es","url":"https:\/\/www.agromundo.co\/blog\/wp-content\/uploads\/2026\/09\/Feria-Nacional-Simbrah.png","contentUrl":"https:\/\/www.agromundo.co\/blog\/wp-content\/uploads\/2026\/09\/Feria-Nacional-Simbrah.png","width":519,"height":205},{"@type":"WebPage","@id":"https:\/\/www.agromundo.co\/blog\/feria-nacional-simbrah-y-sus-cruces-en-bucaramanga\/#webpage","url":"https:\/\/www.agromundo.co\/blog\/feria-nacional-simbrah-y-sus-cruces-en-bucaramanga\/","name":"Feria Nacional Simbrah y sus cruces en Bucaramanga - Notiagro","isPartOf":{"@id":"https:\/\/www.agromundo.co\/blog\/#website"},"primaryImageOfPage":{"@id":"https:\/\/www.agromundo.co\/blog\/feria-nacional-simbrah-y-sus-cruces-en-bucaramanga\/#primaryimage"},"datePublished":"2026-09-01T22:17:03+00:00","dateModified":"2026-09-01T22:17:03+00:00","author":{"@id":"https:\/\/www.agromundo.co\/blog\/#\/schema\/person\/3e07d858c3c7a93ebf4ad3785559d35d"},"description":"La Feria Nacional Simbrah fomentar\u00e1 la transferencia de conocimientos y las ventajas productivas de la raza.","breadcrumb":{"@id":"https:\/\/www.agromundo.co\/blog\/feria-nacional-simbrah-y-sus-cruces-en-bucaramanga\/#breadcrumb"},"inLanguage":"es","potentialAction":[{"@type":"ReadAction","target":["https:\/\/www.agromundo.co\/blog\/feria-nacional-simbrah-y-sus-cruces-en-bucaramanga\/"]}]},{"@type":"BreadcrumbList","@id":"https:\/\/www.agromundo.co\/blog\/feria-nacional-simbrah-y-sus-cruces-en-bucaramanga\/#breadcrumb","itemListElement":[{"@type":"ListItem","position":1,"name":"Portada","item":"https:\/\/www.agromundo.co\/blog\/"},{"@type":"ListItem","position":2,"name":"Feria Nacional Simbrah y sus cruces en Bucaramanga"}]},{"@type":"Person","@id":"https:\/\/www.agromundo.co\/blog\/#\/schema\/person\/3e07d858c3c7a93ebf4ad3785559d35d","name":"admin","image":{"@type":"ImageObject","@id":"https:\/\/www.agromundo.co\/blog\/#personlogo","inLanguage":"es","url":"https:\/\/secure.gravatar.com\/avatar\/f990c4c6d966ea7f7bec9cc10bcda5ce?s=96&d=mm&r=g","contentUrl":"https:\/\/secure.gravatar.com\/avatar\/f990c4c6d966ea7f7bec9cc10bcda5ce?s=96&d=mm&r=g","caption":"admin"},"url":"https:\/\/www.agromundo.co\/blog\/author\/admin\/"}]}},"_links":{"self":[{"href":"https:\/\/www.agromundo.co\/blog\/wp-json\/wp\/v2\/posts\/14538"}],"collection":[{"href":"https:\/\/www.agromundo.co\/blog\/wp-json\/wp\/v2\/posts"}],"about":[{"href":"https:\/\/www.agromundo.co\/blog\/wp-json\/wp\/v2\/types\/post"}],"author":[{"embeddable":true,"href":"https:\/\/www.agromundo.co\/blog\/wp-json\/wp\/v2\/users\/1"}],"replies":[{"embeddable":true,"href":"https:\/\/www.agromundo.co\/blog\/wp-json\/wp\/v2\/comments?post=14538"}],"version-history":[{"count":1,"href":"https:\/\/www.agromundo.co\/blog\/wp-json\/wp\/v2\/posts\/14538\/revisions"}],"predecessor-version":[{"id":14540,"href":"https:\/\/www.agromundo.co\/blog\/wp-json\/wp\/v2\/posts\/14538\/revisions\/14540"}],"wp:featuredmedia":[{"embeddable":true,"href":"https:\/\/www.agromundo.co\/blog\/wp-json\/wp\/v2\/media\/14539"}],"wp:attachment":[{"href":"https:\/\/www.agromundo.co\/blog\/wp-json\/wp\/v2\/media?parent=14538"}],"wp:term":[{"taxonomy":"category","embeddable":true,"href":"https:\/\/www.agromundo.co\/blog\/wp-json\/wp\/v2\/categories?post=14538"},{"taxonomy":"post_tag","embeddable":true,"href":"https:\/\/www.agromundo.co\/blog\/wp-json\/wp\/v2\/tags?post=14538"}],"curies":[{"name":"wp","href":"https:\/\/api.w.org\/{rel}","templated":true}]}}