{"id":14541,"date":"2026-09-02T17:35:13","date_gmt":"2026-09-02T17:35:13","guid":{"rendered":"https:\/\/www.agromundo.co\/blog\/?p=14541"},"modified":"2026-09-02T17:35:13","modified_gmt":"2026-09-02T17:35:13","slug":"estrellas-del-magdalena-medio-remate-en-la-dorada-caldas","status":"publish","type":"post","link":"https:\/\/www.agromundo.co\/blog\/estrellas-del-magdalena-medio-remate-en-la-dorada-caldas\/","title":{"rendered":"Estrellas del Magdalena Medio. Remate en La Dorada (Caldas)"},"content":{"rendered":"<p>Estrellas del Magdalena Medio.<\/p>\n<div id=\"attachment_14542\" style=\"width: 310px\" class=\"wp-caption aligncenter\"><img aria-describedby=\"caption-attachment-14542\" loading=\"lazy\" class=\"wp-image-14542 size-medium\" src=\"http:\/\/www.agromundo.co\/blog\/wp-content\/uploads\/2026\/09\/Estrellas-del-Magdalena-Medio-300x118.png\" alt=\"Estrellas del Magdalena Medio\" width=\"300\" height=\"118\" srcset=\"https:\/\/www.agromundo.co\/blog\/wp-content\/uploads\/2026\/09\/Estrellas-del-Magdalena-Medio-300x118.png 300w, https:\/\/www.agromundo.co\/blog\/wp-content\/uploads\/2026\/09\/Estrellas-del-Magdalena-Medio.png 519w\" sizes=\"(max-width: 300px) 100vw, 300px\" \/><p id=\"caption-attachment-14542\" class=\"wp-caption-text\">Foto: cortes\u00eda<\/p><\/div>\n<ul>\n<li><em>El evento se llevar\u00e1 a cabo el viernes 25 de septiembre a las 4:00 p.m. en DoradaExpo, en La Dorada (Caldas). \u00a0Habr\u00e1 ejemplares de razas como Girolando, Gyr, Nelore, Brahman, Brangus, Guzerat, Wagyu y b\u00fafalos.<\/em><\/li>\n<\/ul>\n<p>TVgan prepara el Remate Estrellas del Magdalena Medio, la jornada comercial que ser\u00e1 parte del cierre de la 20\u00aa Gira T\u00e9cnica Ganadera de Fedeg\u00e1n. El encuentro se realizar\u00e1 el 25 de septiembre, a partir de las 4:00 p.m., en las instalaciones de DoradaExpo, de La Dorada, Caldas.<\/p>\n<p>La actividad tendr\u00e1 la participaci\u00f3n de\u00a0<strong>13 ganader\u00edas<\/strong>\u00a0de diferentes zonas del pa\u00eds, que tendr\u00e1n en escena 47 lotes conformados con 83 animales. La diversidad gen\u00e9tica ser\u00e1 uno de los atractivos principales de la jornada, con ejemplares de diferentes razas y orientaciones productivas.<\/p>\n<p>El remate lo operar\u00e1 <strong>TVgan<\/strong>\u00a0y tendr\u00e1 el respaldo de aliados como Sugaberrio, Nissan y DoradaExpo, adem\u00e1s del apoyo de Fedeg\u00e1n. La propuesta pretende convertir el encuentro en un espacio para adquirir y conocer gen\u00e9tica de gran inter\u00e9s para los productores.<\/p>\n<h4><strong>Gen\u00e9tica por regiones:<\/strong><\/h4>\n<p>Entre las ganader\u00edas participantes estar\u00e1 Las Camelias, ubicada en Guarinocito, que llevar\u00e1 5 lotes con 6 animales Wagyu y Brahman rojo. Desde Puerto Berr\u00edo, Monterrey participar\u00e1 con 6 lotes y 10 ejemplares Brahman rojo.<\/p>\n<p>Puerto Boyac\u00e1 tendr\u00e1 representaci\u00f3n con Ca\u00f1a Dulce, que presentar\u00e1 3 lotes de 4 animales Gyr, y San Felipe, que llevar\u00e1 2 lotes con 22 b\u00fafalos. Tasmania, ubicada en Puerto Triunfo, participar\u00e1 con 3 lotes de 3 ejemplares Brahman.<\/p>\n<p>En Guarinocito tambi\u00e9n estar\u00e1n Ganamedio, con 5 lotes y 7 animales Gyr y Girolando, y La Zulia, con 4 lotes y 4 ejemplares Brahman rojo y Gyr. Por su parte, San Marcos, en La Victoria, llegar\u00e1 con 4 lotes y 7 animales de las razas Gyr y Girolando.<\/p>\n<p>La oferta se completa conBoga, de Armenia, con 3 lotes de 4 ejemplares Brangus. El Tesoro, de La Dorada, con 2 lotes de 2 animales Gyr; La Judea, de Cartago, con 2 lotes de 6 ejemplares Girolando; y La Cruz, de Puerto As\u00eds, con 2 lotes de 2 animales Gyr.<\/p>\n<p>Desde Aracataca, Omega participar\u00e1 con 6 lotes y 6 ejemplares Nelore y Gusera, mientras que la n\u00f3mina tambi\u00e9n incluye a\u00a0<strong>La Cruz<\/strong>, presentada en la pieza promocional entre las ganader\u00edas participantes.<\/p>\n<h4><strong>Una oferta diversa:<\/strong><\/h4>\n<p>La diversidad de razas es un elemento que distingue la convocatoria. El cat\u00e1logo contempla\u00a0<strong>Gyr, Nelore, Girolando, Gusera, Brangus, Brahman gris, Brahman rojo, Wagyu y b\u00fafalos<\/strong>, lo que permitir\u00e1 mostrar en una misma jornada opciones gen\u00e9ticas para diferentes objetivos productivos.<\/p>\n<p>El evento se presenta bajo el eslogan\u00a0<strong>\u2018Estrellas del Magdalena Medio\u2019<\/strong>, una denominaci\u00f3n que pretende destacar el potencial ganadero de la regi\u00f3n y reunir ejemplares procedentes de explotaciones con distintos sistemas y l\u00edneas gen\u00e9ticas.<\/p>\n<p>Javier Andr\u00e9s S\u00e1nchez y Ricardo Barreneche ser\u00e1n los\u00a0<strong>martillos del remate<\/strong>, encargados de dirigir la jornada comercial en DoradaExpo.<\/p>\n<p>La cita del 25 de septiembre cierra la gira t\u00e9cnica con un espacio para la comercializaci\u00f3n de gen\u00e9tica y el encuentro entre productores.<\/p>\n<p>Con 47 lotes y 83 animales ya confirmados para el evento, TVgan busca una jornada que combine<strong> comercializaci\u00f3n<\/strong>\u00a0y\u00a0<strong>gen\u00e9tica <\/strong>para una de las actividades ganaderas del Magdalena Medio.<\/p>\n<p>&nbsp;<\/p>\n<p>Fuente: Adaptado de CONtextoganadeo. Autora: Angie Barbosa.<\/p>\n<p>Los invitamos a ver el siguiente video que muestra el nuevo ventilador Cool Fan con pedestal:<\/p>\n<p><iframe loading=\"lazy\" title=\"Ventilador con aspersi\u00f3n o pulverizaci\u00f3n de agua\" width=\"500\" height=\"281\" src=\"https:\/\/www.youtube.com\/embed\/cWbd72-lDSE?feature=oembed\" frameborder=\"0\" allow=\"accelerometer; autoplay; clipboard-write; encrypted-media; gyroscope; picture-in-picture; web-share\" referrerpolicy=\"strict-origin-when-cross-origin\" allowfullscreen><\/iframe><\/p>\n<p>Siga nuestro canal de YouTube para estar al d\u00eda de las \u00faltimas noticias del sector agropecuario:<br \/>\n<script src=\"https:\/\/apis.google.com\/js\/platform.js\"><\/script><\/p>\n<div class=\"g-ytsubscribe\" data-channel=\"Agromundoco\" data-layout=\"full\" data-count=\"default\"><\/div>\n<p>Con el patrocinio de:<\/p>\n<div id=\"attachment_13462\" style=\"width: 131px\" class=\"wp-caption alignleft\"><a href=\"https:\/\/www.agromundo.co\/ventiladores-industriales-colombia.html\"><img aria-describedby=\"caption-attachment-13462\" loading=\"lazy\" class=\"wp-image-13462 size-full\" src=\"http:\/\/www.agromundo.co\/blog\/wp-content\/uploads\/2025\/04\/B-36.jpg\" alt=\"\" width=\"121\" height=\"120\" \/><\/a><p id=\"caption-attachment-13462\" class=\"wp-caption-text\">Ventiladores y extractores de uso agropecuario<\/p><\/div>\n<div id=\"attachment_13463\" style=\"width: 130px\" class=\"wp-caption alignright\"><a href=\"https:\/\/www.agromundo.co\/plastigoma-pisos-de-caucho.html\"><img aria-describedby=\"caption-attachment-13463\" loading=\"lazy\" class=\"wp-image-13463 size-full\" src=\"http:\/\/www.agromundo.co\/blog\/wp-content\/uploads\/2025\/04\/Pisos-para-salas-de-ordeno.jpg\" alt=\"\" width=\"120\" height=\"120\" \/><\/a><p id=\"caption-attachment-13463\" class=\"wp-caption-text\">Pisos de caucho vulcanizado para ganader\u00eda<\/p><\/div>\n","protected":false},"excerpt":{"rendered":"<p>Estrellas del Magdalena Medio. El evento se llevar\u00e1 a cabo el viernes 25 de septiembre a las 4:00 p.m. en DoradaExpo, en La Dorada (Caldas). \u00a0Habr\u00e1 ejemplares de razas como Girolando, Gyr, Nelore, Brahman, Brangus, Guzerat, Wagyu y b\u00fafalos. TVgan prepara el Remate Estrellas del Magdalena Medio, la jornada comercial que ser\u00e1 parte del cierre [&hellip;]<\/p>\n","protected":false},"author":1,"featured_media":14542,"comment_status":"open","ping_status":"open","sticky":false,"template":"","format":"standard","meta":[],"categories":[22,7081,2843,3,18,6],"tags":[8538,8537,339,860,4579],"yoast_head":"<!-- This site is optimized with the Yoast SEO plugin v17.3 - https:\/\/yoast.com\/wordpress\/plugins\/seo\/ -->\n<meta name=\"description\" content=\"La amplitud de razas es uno de los aspectos que caracterizan al Remate Estrellas del Magdalena Medio de La Dorada.\" \/>\n<meta name=\"robots\" content=\"index, follow, max-snippet:-1, max-image-preview:large, max-video-preview:-1\" \/>\n<link rel=\"canonical\" href=\"https:\/\/www.agromundo.co\/blog\/estrellas-del-magdalena-medio-remate-en-la-dorada-caldas\/\" \/>\n<meta property=\"og:locale\" content=\"es_ES\" \/>\n<meta property=\"og:type\" content=\"article\" \/>\n<meta property=\"og:title\" content=\"Estrellas del Magdalena Medio. Remate en La Dorada (Caldas) - Notiagro\" \/>\n<meta property=\"og:description\" content=\"La amplitud de razas es uno de los aspectos que caracterizan al Remate Estrellas del Magdalena Medio de La Dorada.\" \/>\n<meta property=\"og:url\" content=\"https:\/\/www.agromundo.co\/blog\/estrellas-del-magdalena-medio-remate-en-la-dorada-caldas\/\" \/>\n<meta property=\"og:site_name\" content=\"Notiagro\" \/>\n<meta property=\"article:published_time\" content=\"2026-09-02T17:35:13+00:00\" \/>\n<meta property=\"og:image\" content=\"http:\/\/www.agromundo.co\/blog\/wp-content\/uploads\/2026\/09\/Estrellas-del-Magdalena-Medio.png\" \/>\n\t<meta property=\"og:image:width\" content=\"519\" \/>\n\t<meta property=\"og:image:height\" content=\"205\" \/>\n<meta name=\"twitter:label1\" content=\"Escrito por\" \/>\n\t<meta name=\"twitter:data1\" content=\"admin\" \/>\n\t<meta name=\"twitter:label2\" content=\"Tiempo de lectura\" \/>\n\t<meta name=\"twitter:data2\" content=\"4 minutos\" \/>\n<script type=\"application\/ld+json\" class=\"yoast-schema-graph\">{\"@context\":\"https:\/\/schema.org\",\"@graph\":[{\"@type\":\"WebSite\",\"@id\":\"https:\/\/www.agromundo.co\/blog\/#website\",\"url\":\"https:\/\/www.agromundo.co\/blog\/\",\"name\":\"Notiagro\",\"description\":\"Noticias y eventos sector agropecuario colombiano\",\"potentialAction\":[{\"@type\":\"SearchAction\",\"target\":{\"@type\":\"EntryPoint\",\"urlTemplate\":\"https:\/\/www.agromundo.co\/blog\/?s={search_term_string}\"},\"query-input\":\"required name=search_term_string\"}],\"inLanguage\":\"es\"},{\"@type\":\"ImageObject\",\"@id\":\"https:\/\/www.agromundo.co\/blog\/estrellas-del-magdalena-medio-remate-en-la-dorada-caldas\/#primaryimage\",\"inLanguage\":\"es\",\"url\":\"https:\/\/www.agromundo.co\/blog\/wp-content\/uploads\/2026\/09\/Estrellas-del-Magdalena-Medio.png\",\"contentUrl\":\"https:\/\/www.agromundo.co\/blog\/wp-content\/uploads\/2026\/09\/Estrellas-del-Magdalena-Medio.png\",\"width\":519,\"height\":205},{\"@type\":\"WebPage\",\"@id\":\"https:\/\/www.agromundo.co\/blog\/estrellas-del-magdalena-medio-remate-en-la-dorada-caldas\/#webpage\",\"url\":\"https:\/\/www.agromundo.co\/blog\/estrellas-del-magdalena-medio-remate-en-la-dorada-caldas\/\",\"name\":\"Estrellas del Magdalena Medio. Remate en La Dorada (Caldas) - Notiagro\",\"isPartOf\":{\"@id\":\"https:\/\/www.agromundo.co\/blog\/#website\"},\"primaryImageOfPage\":{\"@id\":\"https:\/\/www.agromundo.co\/blog\/estrellas-del-magdalena-medio-remate-en-la-dorada-caldas\/#primaryimage\"},\"datePublished\":\"2026-09-02T17:35:13+00:00\",\"dateModified\":\"2026-09-02T17:35:13+00:00\",\"author\":{\"@id\":\"https:\/\/www.agromundo.co\/blog\/#\/schema\/person\/3e07d858c3c7a93ebf4ad3785559d35d\"},\"description\":\"La amplitud de razas es uno de los aspectos que caracterizan al Remate Estrellas del Magdalena Medio de La Dorada.\",\"breadcrumb\":{\"@id\":\"https:\/\/www.agromundo.co\/blog\/estrellas-del-magdalena-medio-remate-en-la-dorada-caldas\/#breadcrumb\"},\"inLanguage\":\"es\",\"potentialAction\":[{\"@type\":\"ReadAction\",\"target\":[\"https:\/\/www.agromundo.co\/blog\/estrellas-del-magdalena-medio-remate-en-la-dorada-caldas\/\"]}]},{\"@type\":\"BreadcrumbList\",\"@id\":\"https:\/\/www.agromundo.co\/blog\/estrellas-del-magdalena-medio-remate-en-la-dorada-caldas\/#breadcrumb\",\"itemListElement\":[{\"@type\":\"ListItem\",\"position\":1,\"name\":\"Portada\",\"item\":\"https:\/\/www.agromundo.co\/blog\/\"},{\"@type\":\"ListItem\",\"position\":2,\"name\":\"Estrellas del Magdalena Medio. Remate en La Dorada (Caldas)\"}]},{\"@type\":\"Person\",\"@id\":\"https:\/\/www.agromundo.co\/blog\/#\/schema\/person\/3e07d858c3c7a93ebf4ad3785559d35d\",\"name\":\"admin\",\"image\":{\"@type\":\"ImageObject\",\"@id\":\"https:\/\/www.agromundo.co\/blog\/#personlogo\",\"inLanguage\":\"es\",\"url\":\"https:\/\/secure.gravatar.com\/avatar\/f990c4c6d966ea7f7bec9cc10bcda5ce?s=96&d=mm&r=g\",\"contentUrl\":\"https:\/\/secure.gravatar.com\/avatar\/f990c4c6d966ea7f7bec9cc10bcda5ce?s=96&d=mm&r=g\",\"caption\":\"admin\"},\"url\":\"https:\/\/www.agromundo.co\/blog\/author\/admin\/\"}]}<\/script>\n<!-- \/ Yoast SEO plugin. -->","yoast_head_json":{"description":"La amplitud de razas es uno de los aspectos que caracterizan al Remate Estrellas del Magdalena Medio de La Dorada.","robots":{"index":"index","follow":"follow","max-snippet":"max-snippet:-1","max-image-preview":"max-image-preview:large","max-video-preview":"max-video-preview:-1"},"canonical":"https:\/\/www.agromundo.co\/blog\/estrellas-del-magdalena-medio-remate-en-la-dorada-caldas\/","og_locale":"es_ES","og_type":"article","og_title":"Estrellas del Magdalena Medio. Remate en La Dorada (Caldas) - Notiagro","og_description":"La amplitud de razas es uno de los aspectos que caracterizan al Remate Estrellas del Magdalena Medio de La Dorada.","og_url":"https:\/\/www.agromundo.co\/blog\/estrellas-del-magdalena-medio-remate-en-la-dorada-caldas\/","og_site_name":"Notiagro","article_published_time":"2026-09-02T17:35:13+00:00","og_image":[{"width":519,"height":205,"url":"http:\/\/www.agromundo.co\/blog\/wp-content\/uploads\/2026\/09\/Estrellas-del-Magdalena-Medio.png","type":"image\/png"}],"twitter_misc":{"Escrito por":"admin","Tiempo de lectura":"4 minutos"},"schema":{"@context":"https:\/\/schema.org","@graph":[{"@type":"WebSite","@id":"https:\/\/www.agromundo.co\/blog\/#website","url":"https:\/\/www.agromundo.co\/blog\/","name":"Notiagro","description":"Noticias y eventos sector agropecuario colombiano","potentialAction":[{"@type":"SearchAction","target":{"@type":"EntryPoint","urlTemplate":"https:\/\/www.agromundo.co\/blog\/?s={search_term_string}"},"query-input":"required name=search_term_string"}],"inLanguage":"es"},{"@type":"ImageObject","@id":"https:\/\/www.agromundo.co\/blog\/estrellas-del-magdalena-medio-remate-en-la-dorada-caldas\/#primaryimage","inLanguage":"es","url":"https:\/\/www.agromundo.co\/blog\/wp-content\/uploads\/2026\/09\/Estrellas-del-Magdalena-Medio.png","contentUrl":"https:\/\/www.agromundo.co\/blog\/wp-content\/uploads\/2026\/09\/Estrellas-del-Magdalena-Medio.png","width":519,"height":205},{"@type":"WebPage","@id":"https:\/\/www.agromundo.co\/blog\/estrellas-del-magdalena-medio-remate-en-la-dorada-caldas\/#webpage","url":"https:\/\/www.agromundo.co\/blog\/estrellas-del-magdalena-medio-remate-en-la-dorada-caldas\/","name":"Estrellas del Magdalena Medio. Remate en La Dorada (Caldas) - Notiagro","isPartOf":{"@id":"https:\/\/www.agromundo.co\/blog\/#website"},"primaryImageOfPage":{"@id":"https:\/\/www.agromundo.co\/blog\/estrellas-del-magdalena-medio-remate-en-la-dorada-caldas\/#primaryimage"},"datePublished":"2026-09-02T17:35:13+00:00","dateModified":"2026-09-02T17:35:13+00:00","author":{"@id":"https:\/\/www.agromundo.co\/blog\/#\/schema\/person\/3e07d858c3c7a93ebf4ad3785559d35d"},"description":"La amplitud de razas es uno de los aspectos que caracterizan al Remate Estrellas del Magdalena Medio de La Dorada.","breadcrumb":{"@id":"https:\/\/www.agromundo.co\/blog\/estrellas-del-magdalena-medio-remate-en-la-dorada-caldas\/#breadcrumb"},"inLanguage":"es","potentialAction":[{"@type":"ReadAction","target":["https:\/\/www.agromundo.co\/blog\/estrellas-del-magdalena-medio-remate-en-la-dorada-caldas\/"]}]},{"@type":"BreadcrumbList","@id":"https:\/\/www.agromundo.co\/blog\/estrellas-del-magdalena-medio-remate-en-la-dorada-caldas\/#breadcrumb","itemListElement":[{"@type":"ListItem","position":1,"name":"Portada","item":"https:\/\/www.agromundo.co\/blog\/"},{"@type":"ListItem","position":2,"name":"Estrellas del Magdalena Medio. Remate en La Dorada (Caldas)"}]},{"@type":"Person","@id":"https:\/\/www.agromundo.co\/blog\/#\/schema\/person\/3e07d858c3c7a93ebf4ad3785559d35d","name":"admin","image":{"@type":"ImageObject","@id":"https:\/\/www.agromundo.co\/blog\/#personlogo","inLanguage":"es","url":"https:\/\/secure.gravatar.com\/avatar\/f990c4c6d966ea7f7bec9cc10bcda5ce?s=96&d=mm&r=g","contentUrl":"https:\/\/secure.gravatar.com\/avatar\/f990c4c6d966ea7f7bec9cc10bcda5ce?s=96&d=mm&r=g","caption":"admin"},"url":"https:\/\/www.agromundo.co\/blog\/author\/admin\/"}]}},"_links":{"self":[{"href":"https:\/\/www.agromundo.co\/blog\/wp-json\/wp\/v2\/posts\/14541"}],"collection":[{"href":"https:\/\/www.agromundo.co\/blog\/wp-json\/wp\/v2\/posts"}],"about":[{"href":"https:\/\/www.agromundo.co\/blog\/wp-json\/wp\/v2\/types\/post"}],"author":[{"embeddable":true,"href":"https:\/\/www.agromundo.co\/blog\/wp-json\/wp\/v2\/users\/1"}],"replies":[{"embeddable":true,"href":"https:\/\/www.agromundo.co\/blog\/wp-json\/wp\/v2\/comments?post=14541"}],"version-history":[{"count":1,"href":"https:\/\/www.agromundo.co\/blog\/wp-json\/wp\/v2\/posts\/14541\/revisions"}],"predecessor-version":[{"id":14543,"href":"https:\/\/www.agromundo.co\/blog\/wp-json\/wp\/v2\/posts\/14541\/revisions\/14543"}],"wp:featuredmedia":[{"embeddable":true,"href":"https:\/\/www.agromundo.co\/blog\/wp-json\/wp\/v2\/media\/14542"}],"wp:attachment":[{"href":"https:\/\/www.agromundo.co\/blog\/wp-json\/wp\/v2\/media?parent=14541"}],"wp:term":[{"taxonomy":"category","embeddable":true,"href":"https:\/\/www.agromundo.co\/blog\/wp-json\/wp\/v2\/categories?post=14541"},{"taxonomy":"post_tag","embeddable":true,"href":"https:\/\/www.agromundo.co\/blog\/wp-json\/wp\/v2\/tags?post=14541"}],"curies":[{"name":"wp","href":"https:\/\/api.w.org\/{rel}","templated":true}]}}