{"id":14544,"date":"2026-09-03T21:30:05","date_gmt":"2026-09-03T21:30:05","guid":{"rendered":"https:\/\/www.agromundo.co\/blog\/?p=14544"},"modified":"2026-09-03T21:30:05","modified_gmt":"2026-09-03T21:30:05","slug":"expo-palermo-2026-en-paipa-boyaca","status":"publish","type":"post","link":"https:\/\/www.agromundo.co\/blog\/expo-palermo-2026-en-paipa-boyaca\/","title":{"rendered":"Expo Palermo 2026 en Paipa (Boyac\u00e1)"},"content":{"rendered":"<p>Expo Palermo.<\/p>\n<div id=\"attachment_14545\" style=\"width: 310px\" class=\"wp-caption aligncenter\"><img aria-describedby=\"caption-attachment-14545\" loading=\"lazy\" class=\"wp-image-14545 size-medium\" src=\"http:\/\/www.agromundo.co\/blog\/wp-content\/uploads\/2026\/09\/Expo-Palermo-300x118.png\" alt=\"Expo Palermo\" width=\"300\" height=\"118\" srcset=\"https:\/\/www.agromundo.co\/blog\/wp-content\/uploads\/2026\/09\/Expo-Palermo-300x118.png 300w, https:\/\/www.agromundo.co\/blog\/wp-content\/uploads\/2026\/09\/Expo-Palermo.png 519w\" sizes=\"(max-width: 300px) 100vw, 300px\" \/><p id=\"caption-attachment-14545\" class=\"wp-caption-text\">Foto: cortes\u00eda<\/p><\/div>\n<ul>\n<li><em>El corregimiento de Paipa tendr\u00e1 sus ferias y fiestas con la exhibici\u00f3n de m\u00e1s de 100 bovinos de razas lecheras y c\u00e1rnicas. Tambi\u00e9n se contar\u00e1 con especies menores y mulares. Se busca fomentar la producci\u00f3n pecuaria regional, adem\u00e1s de proyectarse hacia el futuro como una feria departamental.<\/em><\/li>\n<\/ul>\n<p>M\u00e1s de 50 ganaderos y de 120 a150 ejemplares se preparan para participar, durante el pr\u00f3ximo fin de semana, en Expo Palermo 2026. Esta es una feria que pretende convertirse en vitrina para las labores gen\u00e9ticas y productivas de los productores del corregimiento de Palermo, en Paipa (Boyac\u00e1).<\/p>\n<p>El m\u00e9dico veterinario, miembro del Comit\u00e9 Organizador del evento,<strong> Edwin David Benavides,<\/strong> explic\u00f3 que esta feria es parte de las tradicionales fiestas y ferias del corregimiento, localizado a 32 kil\u00f3metros de Paipa, lim\u00edtrofe con el municipio de G\u00e1mbita, de Santander.<\/p>\n<p>Asegur\u00f3 que Palermo tiene la ventaja de tender una biodiversidad clim\u00e1tica muy amplia. Se pasa desde el clima fr\u00edo, en el p\u00e1ramo, hasta bajar a uno m\u00e1s templado, m\u00e1s tibio. Gracias a esto\u00a0<strong>tienen diversidad ganadera<\/strong>.<\/p>\n<p>De esta manera, el evento tendr\u00e1 ganado de razas c\u00e1rnicas como el brahman y cruces con bovinos criollos, adem\u00e1s de lecheras y de doble prop\u00f3sito como normando, Holstein, jersey y simmental, presentes especialmente en la parte alta del corregimiento.<\/p>\n<h4><strong>El bovino m\u00e1s pesado y otras competencias:<\/strong><\/h4>\n<p>La jornada inicia el\u00a0<strong>viernes 4 de septiembre<\/strong>\u00a0con la\u00a0<strong>exhibici\u00f3n de especies menores<\/strong>\u00a0y una muestra de cabras productoras de leche, as\u00ed como remate y stand de productos derivados de leche de cabra. Tambi\u00e9n se tendr\u00e1 exposici\u00f3n de equinos y mulares.<\/p>\n<p><strong>El s\u00e1bado 5<\/strong>, se efectuar\u00e1 el juzgamiento de razas ganaderas, a cargo del equipo de la Secretar\u00eda de Agricultura de Paipa. En \u00e9l. participar\u00e1n diferentes razas y saldr\u00e1 un\u00a0<strong>campe\u00f3n supremo de la feria<\/strong>. Benavides adem\u00e1s destac\u00f3 actividades complementarias propias de la ganader\u00eda de la regi\u00f3n.<\/p>\n<p>Indic\u00f3 que realizan algunas competencias, por ejemplo,\u00a0<strong>el ejemplar m\u00e1s pesado<\/strong>\u00a0que acude a la feria, entonces la gente baja toros bastante pesados para participar en la competencia. Tambi\u00e9n tienen el\u00a0<strong>concurso de la vaca campesina<\/strong>, donde los ganaderos bajan su vaca con su ternero, la orde\u00f1an y van a juzgar y premiar el esfuerzo que hace la gente.<\/p>\n<p>La programaci\u00f3n tambi\u00e9n incluye venta de ganado y remates, adem\u00e1s de competencias particulares que reconocen caracter\u00edsticas productivas de los animales.<\/p>\n<h4><strong>Evento local:<\/strong><\/h4>\n<p>Diferente de otras exposiciones de mayor alcance, Expo Palermo tiene el prop\u00f3sito principal de fortalecer la actividad ganadera del corregimiento, aunque tambi\u00e9n se extiende a otras veredas del municipio de G\u00e1mbita (Santander).<\/p>\n<p>Indic\u00f3 que es una feria exposici\u00f3n local y lo que desean es fomentar la ganader\u00eda en el corregimiento, por lo que han tratado de limitar a que sean productores del corregimiento de Palermo.<\/p>\n<p><strong>Feria departamental:<\/strong><\/p>\n<p>La meta es que Expo Palermo se pueda convertir alg\u00fan d\u00eda en una\u00a0<strong>feria departamental<\/strong>, con productores y ejemplares procedentes de diferentes municipios de Boyac\u00e1 y otras regiones.<\/p>\n<p>Remat\u00f3 Benavides afirmando que la proyecci\u00f3n es que alg\u00fan d\u00eda puedan tener una feria departamental en el corregimiento de Palermo, con participaci\u00f3n para competir y\u00a0<strong>darle mucho m\u00e1s nivel a esta maravillosa feria que tienen.<\/strong><\/p>\n<p><strong>\u00a0<\/strong><\/p>\n<p>Fuente: Adaptado de CONtexto ganadero. Autor: Pedro Fonseca.<\/p>\n<p>Los invitamos a ver el siguiente video que muestra el nuevo ventilador Cool Fan con pedestal:<\/p>\n<p><iframe loading=\"lazy\" title=\"Ventilador con aspersi\u00f3n o pulverizaci\u00f3n de agua\" width=\"500\" height=\"281\" src=\"https:\/\/www.youtube.com\/embed\/cWbd72-lDSE?feature=oembed\" frameborder=\"0\" allow=\"accelerometer; autoplay; clipboard-write; encrypted-media; gyroscope; picture-in-picture; web-share\" referrerpolicy=\"strict-origin-when-cross-origin\" allowfullscreen><\/iframe><\/p>\n<p>Siga nuestro canal de YouTube para estar al d\u00eda de las \u00faltimas noticias del sector agropecuario:<br \/>\n<script src=\"https:\/\/apis.google.com\/js\/platform.js\"><\/script><\/p>\n<div class=\"g-ytsubscribe\" data-channel=\"Agromundoco\" data-layout=\"full\" data-count=\"default\"><\/div>\n<p>Con el patrocinio de:<\/p>\n<div id=\"attachment_13462\" style=\"width: 131px\" class=\"wp-caption alignleft\"><a href=\"https:\/\/www.agromundo.co\/ventiladores-industriales-colombia.html\"><img aria-describedby=\"caption-attachment-13462\" loading=\"lazy\" class=\"wp-image-13462 size-full\" src=\"http:\/\/www.agromundo.co\/blog\/wp-content\/uploads\/2025\/04\/B-36.jpg\" alt=\"\" width=\"121\" height=\"120\" \/><\/a><p id=\"caption-attachment-13462\" class=\"wp-caption-text\">Ventiladores y extractores de uso agropecuario<\/p><\/div>\n<div id=\"attachment_13463\" style=\"width: 130px\" class=\"wp-caption alignright\"><a href=\"https:\/\/www.agromundo.co\/plastigoma-pisos-de-caucho.html\"><img aria-describedby=\"caption-attachment-13463\" loading=\"lazy\" class=\"wp-image-13463 size-full\" src=\"http:\/\/www.agromundo.co\/blog\/wp-content\/uploads\/2025\/04\/Pisos-para-salas-de-ordeno.jpg\" alt=\"\" width=\"120\" height=\"120\" \/><\/a><p id=\"caption-attachment-13463\" class=\"wp-caption-text\">Pisos de caucho vulcanizado para ganader\u00eda<\/p><\/div>\n","protected":false},"excerpt":{"rendered":"<p>Expo Palermo. El corregimiento de Paipa tendr\u00e1 sus ferias y fiestas con la exhibici\u00f3n de m\u00e1s de 100 bovinos de razas lecheras y c\u00e1rnicas. Tambi\u00e9n se contar\u00e1 con especies menores y mulares. Se busca fomentar la producci\u00f3n pecuaria regional, adem\u00e1s de proyectarse hacia el futuro como una feria departamental. M\u00e1s de 50 ganaderos y de [&hellip;]<\/p>\n","protected":false},"author":1,"featured_media":14545,"comment_status":"open","ping_status":"open","sticky":false,"template":"","format":"standard","meta":[],"categories":[22,7081,3,18,6],"tags":[766,8539,2103,384,856],"yoast_head":"<!-- This site is optimized with the Yoast SEO plugin v17.3 - https:\/\/yoast.com\/wordpress\/plugins\/seo\/ -->\n<meta name=\"description\" content=\"Ejemplares de razas lecheras y c\u00e1rnicas se preparan para Expo Palermo 2026, la feria tradicional del corregimiento de Palermo, en Paipa.\" \/>\n<meta name=\"robots\" content=\"index, follow, max-snippet:-1, max-image-preview:large, max-video-preview:-1\" \/>\n<link rel=\"canonical\" href=\"https:\/\/www.agromundo.co\/blog\/expo-palermo-2026-en-paipa-boyaca\/\" \/>\n<meta property=\"og:locale\" content=\"es_ES\" \/>\n<meta property=\"og:type\" content=\"article\" \/>\n<meta property=\"og:title\" content=\"Expo Palermo 2026 en Paipa (Boyac\u00e1) - Notiagro\" \/>\n<meta property=\"og:description\" content=\"Ejemplares de razas lecheras y c\u00e1rnicas se preparan para Expo Palermo 2026, la feria tradicional del corregimiento de Palermo, en Paipa.\" \/>\n<meta property=\"og:url\" content=\"https:\/\/www.agromundo.co\/blog\/expo-palermo-2026-en-paipa-boyaca\/\" \/>\n<meta property=\"og:site_name\" content=\"Notiagro\" \/>\n<meta property=\"article:published_time\" content=\"2026-09-03T21:30:05+00:00\" \/>\n<meta property=\"og:image\" content=\"http:\/\/www.agromundo.co\/blog\/wp-content\/uploads\/2026\/09\/Expo-Palermo.png\" \/>\n\t<meta property=\"og:image:width\" content=\"519\" \/>\n\t<meta property=\"og:image:height\" content=\"205\" \/>\n<meta name=\"twitter:label1\" content=\"Escrito por\" \/>\n\t<meta name=\"twitter:data1\" content=\"admin\" \/>\n\t<meta name=\"twitter:label2\" content=\"Tiempo de lectura\" \/>\n\t<meta name=\"twitter:data2\" content=\"4 minutos\" \/>\n<script type=\"application\/ld+json\" class=\"yoast-schema-graph\">{\"@context\":\"https:\/\/schema.org\",\"@graph\":[{\"@type\":\"WebSite\",\"@id\":\"https:\/\/www.agromundo.co\/blog\/#website\",\"url\":\"https:\/\/www.agromundo.co\/blog\/\",\"name\":\"Notiagro\",\"description\":\"Noticias y eventos sector agropecuario colombiano\",\"potentialAction\":[{\"@type\":\"SearchAction\",\"target\":{\"@type\":\"EntryPoint\",\"urlTemplate\":\"https:\/\/www.agromundo.co\/blog\/?s={search_term_string}\"},\"query-input\":\"required name=search_term_string\"}],\"inLanguage\":\"es\"},{\"@type\":\"ImageObject\",\"@id\":\"https:\/\/www.agromundo.co\/blog\/expo-palermo-2026-en-paipa-boyaca\/#primaryimage\",\"inLanguage\":\"es\",\"url\":\"https:\/\/www.agromundo.co\/blog\/wp-content\/uploads\/2026\/09\/Expo-Palermo.png\",\"contentUrl\":\"https:\/\/www.agromundo.co\/blog\/wp-content\/uploads\/2026\/09\/Expo-Palermo.png\",\"width\":519,\"height\":205},{\"@type\":\"WebPage\",\"@id\":\"https:\/\/www.agromundo.co\/blog\/expo-palermo-2026-en-paipa-boyaca\/#webpage\",\"url\":\"https:\/\/www.agromundo.co\/blog\/expo-palermo-2026-en-paipa-boyaca\/\",\"name\":\"Expo Palermo 2026 en Paipa (Boyac\\u00e1) - Notiagro\",\"isPartOf\":{\"@id\":\"https:\/\/www.agromundo.co\/blog\/#website\"},\"primaryImageOfPage\":{\"@id\":\"https:\/\/www.agromundo.co\/blog\/expo-palermo-2026-en-paipa-boyaca\/#primaryimage\"},\"datePublished\":\"2026-09-03T21:30:05+00:00\",\"dateModified\":\"2026-09-03T21:30:05+00:00\",\"author\":{\"@id\":\"https:\/\/www.agromundo.co\/blog\/#\/schema\/person\/3e07d858c3c7a93ebf4ad3785559d35d\"},\"description\":\"Ejemplares de razas lecheras y c\\u00e1rnicas se preparan para Expo Palermo 2026, la feria tradicional del corregimiento de Palermo, en Paipa.\",\"breadcrumb\":{\"@id\":\"https:\/\/www.agromundo.co\/blog\/expo-palermo-2026-en-paipa-boyaca\/#breadcrumb\"},\"inLanguage\":\"es\",\"potentialAction\":[{\"@type\":\"ReadAction\",\"target\":[\"https:\/\/www.agromundo.co\/blog\/expo-palermo-2026-en-paipa-boyaca\/\"]}]},{\"@type\":\"BreadcrumbList\",\"@id\":\"https:\/\/www.agromundo.co\/blog\/expo-palermo-2026-en-paipa-boyaca\/#breadcrumb\",\"itemListElement\":[{\"@type\":\"ListItem\",\"position\":1,\"name\":\"Portada\",\"item\":\"https:\/\/www.agromundo.co\/blog\/\"},{\"@type\":\"ListItem\",\"position\":2,\"name\":\"Expo Palermo 2026 en Paipa (Boyac\\u00e1)\"}]},{\"@type\":\"Person\",\"@id\":\"https:\/\/www.agromundo.co\/blog\/#\/schema\/person\/3e07d858c3c7a93ebf4ad3785559d35d\",\"name\":\"admin\",\"image\":{\"@type\":\"ImageObject\",\"@id\":\"https:\/\/www.agromundo.co\/blog\/#personlogo\",\"inLanguage\":\"es\",\"url\":\"https:\/\/secure.gravatar.com\/avatar\/f990c4c6d966ea7f7bec9cc10bcda5ce?s=96&d=mm&r=g\",\"contentUrl\":\"https:\/\/secure.gravatar.com\/avatar\/f990c4c6d966ea7f7bec9cc10bcda5ce?s=96&d=mm&r=g\",\"caption\":\"admin\"},\"url\":\"https:\/\/www.agromundo.co\/blog\/author\/admin\/\"}]}<\/script>\n<!-- \/ Yoast SEO plugin. -->","yoast_head_json":{"description":"Ejemplares de razas lecheras y c\u00e1rnicas se preparan para Expo Palermo 2026, la feria tradicional del corregimiento de Palermo, en Paipa.","robots":{"index":"index","follow":"follow","max-snippet":"max-snippet:-1","max-image-preview":"max-image-preview:large","max-video-preview":"max-video-preview:-1"},"canonical":"https:\/\/www.agromundo.co\/blog\/expo-palermo-2026-en-paipa-boyaca\/","og_locale":"es_ES","og_type":"article","og_title":"Expo Palermo 2026 en Paipa (Boyac\u00e1) - Notiagro","og_description":"Ejemplares de razas lecheras y c\u00e1rnicas se preparan para Expo Palermo 2026, la feria tradicional del corregimiento de Palermo, en Paipa.","og_url":"https:\/\/www.agromundo.co\/blog\/expo-palermo-2026-en-paipa-boyaca\/","og_site_name":"Notiagro","article_published_time":"2026-09-03T21:30:05+00:00","og_image":[{"width":519,"height":205,"url":"http:\/\/www.agromundo.co\/blog\/wp-content\/uploads\/2026\/09\/Expo-Palermo.png","type":"image\/png"}],"twitter_misc":{"Escrito por":"admin","Tiempo de lectura":"4 minutos"},"schema":{"@context":"https:\/\/schema.org","@graph":[{"@type":"WebSite","@id":"https:\/\/www.agromundo.co\/blog\/#website","url":"https:\/\/www.agromundo.co\/blog\/","name":"Notiagro","description":"Noticias y eventos sector agropecuario colombiano","potentialAction":[{"@type":"SearchAction","target":{"@type":"EntryPoint","urlTemplate":"https:\/\/www.agromundo.co\/blog\/?s={search_term_string}"},"query-input":"required name=search_term_string"}],"inLanguage":"es"},{"@type":"ImageObject","@id":"https:\/\/www.agromundo.co\/blog\/expo-palermo-2026-en-paipa-boyaca\/#primaryimage","inLanguage":"es","url":"https:\/\/www.agromundo.co\/blog\/wp-content\/uploads\/2026\/09\/Expo-Palermo.png","contentUrl":"https:\/\/www.agromundo.co\/blog\/wp-content\/uploads\/2026\/09\/Expo-Palermo.png","width":519,"height":205},{"@type":"WebPage","@id":"https:\/\/www.agromundo.co\/blog\/expo-palermo-2026-en-paipa-boyaca\/#webpage","url":"https:\/\/www.agromundo.co\/blog\/expo-palermo-2026-en-paipa-boyaca\/","name":"Expo Palermo 2026 en Paipa (Boyac\u00e1) - Notiagro","isPartOf":{"@id":"https:\/\/www.agromundo.co\/blog\/#website"},"primaryImageOfPage":{"@id":"https:\/\/www.agromundo.co\/blog\/expo-palermo-2026-en-paipa-boyaca\/#primaryimage"},"datePublished":"2026-09-03T21:30:05+00:00","dateModified":"2026-09-03T21:30:05+00:00","author":{"@id":"https:\/\/www.agromundo.co\/blog\/#\/schema\/person\/3e07d858c3c7a93ebf4ad3785559d35d"},"description":"Ejemplares de razas lecheras y c\u00e1rnicas se preparan para Expo Palermo 2026, la feria tradicional del corregimiento de Palermo, en Paipa.","breadcrumb":{"@id":"https:\/\/www.agromundo.co\/blog\/expo-palermo-2026-en-paipa-boyaca\/#breadcrumb"},"inLanguage":"es","potentialAction":[{"@type":"ReadAction","target":["https:\/\/www.agromundo.co\/blog\/expo-palermo-2026-en-paipa-boyaca\/"]}]},{"@type":"BreadcrumbList","@id":"https:\/\/www.agromundo.co\/blog\/expo-palermo-2026-en-paipa-boyaca\/#breadcrumb","itemListElement":[{"@type":"ListItem","position":1,"name":"Portada","item":"https:\/\/www.agromundo.co\/blog\/"},{"@type":"ListItem","position":2,"name":"Expo Palermo 2026 en Paipa (Boyac\u00e1)"}]},{"@type":"Person","@id":"https:\/\/www.agromundo.co\/blog\/#\/schema\/person\/3e07d858c3c7a93ebf4ad3785559d35d","name":"admin","image":{"@type":"ImageObject","@id":"https:\/\/www.agromundo.co\/blog\/#personlogo","inLanguage":"es","url":"https:\/\/secure.gravatar.com\/avatar\/f990c4c6d966ea7f7bec9cc10bcda5ce?s=96&d=mm&r=g","contentUrl":"https:\/\/secure.gravatar.com\/avatar\/f990c4c6d966ea7f7bec9cc10bcda5ce?s=96&d=mm&r=g","caption":"admin"},"url":"https:\/\/www.agromundo.co\/blog\/author\/admin\/"}]}},"_links":{"self":[{"href":"https:\/\/www.agromundo.co\/blog\/wp-json\/wp\/v2\/posts\/14544"}],"collection":[{"href":"https:\/\/www.agromundo.co\/blog\/wp-json\/wp\/v2\/posts"}],"about":[{"href":"https:\/\/www.agromundo.co\/blog\/wp-json\/wp\/v2\/types\/post"}],"author":[{"embeddable":true,"href":"https:\/\/www.agromundo.co\/blog\/wp-json\/wp\/v2\/users\/1"}],"replies":[{"embeddable":true,"href":"https:\/\/www.agromundo.co\/blog\/wp-json\/wp\/v2\/comments?post=14544"}],"version-history":[{"count":1,"href":"https:\/\/www.agromundo.co\/blog\/wp-json\/wp\/v2\/posts\/14544\/revisions"}],"predecessor-version":[{"id":14546,"href":"https:\/\/www.agromundo.co\/blog\/wp-json\/wp\/v2\/posts\/14544\/revisions\/14546"}],"wp:featuredmedia":[{"embeddable":true,"href":"https:\/\/www.agromundo.co\/blog\/wp-json\/wp\/v2\/media\/14545"}],"wp:attachment":[{"href":"https:\/\/www.agromundo.co\/blog\/wp-json\/wp\/v2\/media?parent=14544"}],"wp:term":[{"taxonomy":"category","embeddable":true,"href":"https:\/\/www.agromundo.co\/blog\/wp-json\/wp\/v2\/categories?post=14544"},{"taxonomy":"post_tag","embeddable":true,"href":"https:\/\/www.agromundo.co\/blog\/wp-json\/wp\/v2\/tags?post=14544"}],"curies":[{"name":"wp","href":"https:\/\/api.w.org\/{rel}","templated":true}]}}