{"id":14547,"date":"2026-09-04T20:33:12","date_gmt":"2026-09-04T20:33:12","guid":{"rendered":"https:\/\/www.agromundo.co\/blog\/?p=14547"},"modified":"2026-09-04T20:33:12","modified_gmt":"2026-09-04T20:33:12","slug":"76-feria-ganadera-de-colombia-en-bucaramanga","status":"publish","type":"post","link":"https:\/\/www.agromundo.co\/blog\/76-feria-ganadera-de-colombia-en-bucaramanga\/","title":{"rendered":"76 Feria Ganadera de Colombia en Bucaramanga"},"content":{"rendered":"<p>76 Feria Ganadera de Colombia.<\/p>\n<div id=\"attachment_14548\" style=\"width: 310px\" class=\"wp-caption aligncenter\"><img aria-describedby=\"caption-attachment-14548\" loading=\"lazy\" class=\"wp-image-14548 size-medium\" src=\"http:\/\/www.agromundo.co\/blog\/wp-content\/uploads\/2026\/09\/Feria-Ganadera-de-Colombia-300x118.png\" alt=\"76 Feria Ganadera de Colombia\" width=\"300\" height=\"118\" srcset=\"https:\/\/www.agromundo.co\/blog\/wp-content\/uploads\/2026\/09\/Feria-Ganadera-de-Colombia-300x118.png 300w, https:\/\/www.agromundo.co\/blog\/wp-content\/uploads\/2026\/09\/Feria-Ganadera-de-Colombia.png 519w\" sizes=\"(max-width: 300px) 100vw, 300px\" \/><p id=\"caption-attachment-14548\" class=\"wp-caption-text\">Foto: cortes\u00eda<\/p><\/div>\n<ul>\n<li><em>En la 76<\/em> Feria Ganadera de Colombia<em> competir\u00e1n bovinos cebuinos brahman y gyr, as\u00ed como ejemplares beefmaster. Los asistentes tambi\u00e9n podr\u00e1n apreciar la exhibici\u00f3n de las razas orejinegro y chino santandereano.<\/em><\/li>\n<\/ul>\n<p>M\u00e1s de 60.000 metros cuadrados albergar\u00e1n la 76 Feria Ganadera de Colombia, del 11 al 20 de septiembre, en el recinto de Cenfer de Bucaramanga. All\u00ed habr\u00e1 juzgamiento de 700 bovinos, concurso lechero, subastas de 50 lotes de razas cebunas y juzgamientos de 400 equinos Grado A.<\/p>\n<p>En esta versi\u00f3n del tradicional certamen agropecuario se espera superar los $18.000 millones en negocios que se realizaron en el a\u00f1o 2025.<\/p>\n<p><strong>La directora de la Feria Ganadera de Colombia<\/strong><strong>, Omaira Ballesteros,<\/strong> se\u00f1al\u00f3 que el objetivo es la promoci\u00f3n de la econom\u00eda regional y la generaci\u00f3n de oportunidades de negocio para los actores de la cadena agropecuaria.<\/p>\n<p>El primer fin de semana, del 11 al 13 de septiembre, se efectuar\u00e1 el juzgamiento de 400 equinos Grado A. Ser\u00e1 una actividad que re\u00fane destacados criadores del pa\u00eds y que se ha convertido como uno de los m\u00e1s representativos eventos de la programaci\u00f3n ferial.<\/p>\n<p>En esta oportunidad, la feria reunir\u00e1 cerca de 70.000 visitantes, consolid\u00e1ndose una vez m\u00e1s, como uno de los principales escenarios de gen\u00e9tica, negocios y promoci\u00f3n del sector ganadero colombiano.<\/p>\n<p>Productores, empresarios, criadores y t\u00e9cnicos de diferentes regiones se dar\u00e1n cita en Cenfer para participar en una feria que incluye competencias, exposiciones, remates y actividades comerciales.<\/p>\n<h4><strong>Juzgamiento:<\/strong><\/h4>\n<p>El 17 de septiembre la agenda contiene el juzgamiento de hembras y machos de ganado brahman rojo y gris.<\/p>\n<p>Es uno de los mayores atractivos de la feria. En esa competencia tambi\u00e9n estar\u00e1n ejemplares de las razas beefmaster y gyr.<\/p>\n<p>Los animales se evaluar\u00e1n por jueces especializados, quienes analizar\u00e1n sus caracter\u00edsticas, productivas, reproductivas y raciales para seleccionar los mejores ejemplares de cada categor\u00eda.<\/p>\n<p>La raza beefmaster tendr\u00e1 un destacado papel en la feria con sus competencias, su exposici\u00f3n especializada y la tradicional Parada de Campeones, donde el gremio de esta raza mostrar\u00e1 los avances gen\u00e9ticos y productivos logrados por sus criadores.<\/p>\n<p>La raza chino santandereano tendr\u00e1 presencia con una muestra de 6 animales durante algunos d\u00edas de la feria.<\/p>\n<p><strong>Concurso lechero:<\/strong><\/p>\n<p>El concurso lechero se efectuar\u00e1 del 15 al 17 de septiembre. Esta es una de las actividades que despierta m\u00e1s atenci\u00f3n, tanto entre los ganaderos como en el p\u00fablico en general.<\/p>\n<p>El concurso mide y compara la producci\u00f3n de los animales participantes en jornadas de orde\u00f1o y la evaluaci\u00f3n t\u00e9cnica especializada.<\/p>\n<p><strong>Remate el 19:<\/strong><\/p>\n<p>Para los ganaderos, otro de los momentos m\u00e1s importantes ser\u00e1 el remate del 19 de septiembre, que ser\u00e1 operado por el Comit\u00e9 Cebuista y Sugaberr\u00edo.<\/p>\n<p>En el remate se esperan 50 lotes de ganado, que pueden superar f\u00e1cilmente los 100 bovinos de gran nivel gen\u00e9tico sometidos a la comercializaci\u00f3n.<\/p>\n<h4><strong>Otras exhibiciones:<\/strong><\/h4>\n<p>La agenda tambi\u00e9n incluye exhibiciones de ganado caprino y ovino, adem\u00e1s de una amplia muestra comercial de empresas de nutrici\u00f3n animal, gen\u00e9tica, tecnolog\u00eda, insumos agropecuarios y maquinaria, con espacios para emprendedores y artesanos.<\/p>\n<p>Como complemento, los asistentes encontrar\u00e1n presentaciones musicales, oferta gastron\u00f3mica y espect\u00e1culos para la familia. Entre ellos se destaca \u201cHuellas de Am\u00e9rica\u201d, la producci\u00f3n de Finkana que relata la historia del continente a trav\u00e9s del caballo, combinando tradici\u00f3n, cultura y destreza ecuestre.<\/p>\n<p>Tras registrar negocios de $18.000 millones en la edici\u00f3n del 2025, la 76 Feria Ganadera de Colombia se proyecta como una de las mayores vitrinas agropecuarias de Colombia: un escenario clave para el impulso de la gen\u00e9tica bovina y el fortalecimiento de la actividad ganadera nacional.<\/p>\n<p>&nbsp;<\/p>\n<p>Fuente: Adaptado de CONtextoganadero. Autor: Luis Humberto Caballero.<\/p>\n<p>Los invitamos a ver el siguiente video que muestra el nuevo ventilador Cool Fan con pedestal:<\/p>\n<p><iframe loading=\"lazy\" title=\"Ventilador con aspersi\u00f3n o pulverizaci\u00f3n de agua\" width=\"500\" height=\"281\" src=\"https:\/\/www.youtube.com\/embed\/cWbd72-lDSE?feature=oembed\" frameborder=\"0\" allow=\"accelerometer; autoplay; clipboard-write; encrypted-media; gyroscope; picture-in-picture; web-share\" referrerpolicy=\"strict-origin-when-cross-origin\" allowfullscreen><\/iframe><\/p>\n<p>Siga nuestro canal de YouTube para estar al d\u00eda de las \u00faltimas noticias del sector agropecuario:<br \/>\n<script src=\"https:\/\/apis.google.com\/js\/platform.js\"><\/script><\/p>\n<div class=\"g-ytsubscribe\" data-channel=\"Agromundoco\" data-layout=\"full\" data-count=\"default\"><\/div>\n<p>Con el patrocinio de:<\/p>\n<div id=\"attachment_13462\" style=\"width: 131px\" class=\"wp-caption alignleft\"><a href=\"https:\/\/www.agromundo.co\/ventiladores-industriales-colombia.html\"><img aria-describedby=\"caption-attachment-13462\" loading=\"lazy\" class=\"wp-image-13462 size-full\" src=\"http:\/\/www.agromundo.co\/blog\/wp-content\/uploads\/2025\/04\/B-36.jpg\" alt=\"\" width=\"121\" height=\"120\" \/><\/a><p id=\"caption-attachment-13462\" class=\"wp-caption-text\">Ventiladores y extractores de uso agropecuario<\/p><\/div>\n<div id=\"attachment_13463\" style=\"width: 130px\" class=\"wp-caption alignright\"><a href=\"https:\/\/www.agromundo.co\/plastigoma-pisos-de-caucho.html\"><img aria-describedby=\"caption-attachment-13463\" loading=\"lazy\" class=\"wp-image-13463 size-full\" src=\"http:\/\/www.agromundo.co\/blog\/wp-content\/uploads\/2025\/04\/Pisos-para-salas-de-ordeno.jpg\" alt=\"\" width=\"120\" height=\"120\" \/><\/a><p id=\"caption-attachment-13463\" class=\"wp-caption-text\">https:\/\/www.agromundo.co\/plastigoma-pisos-de-caucho.html<\/p><\/div>\n","protected":false},"excerpt":{"rendered":"<p>76 Feria Ganadera de Colombia. En la 76 Feria Ganadera de Colombia competir\u00e1n bovinos cebuinos brahman y gyr, as\u00ed como ejemplares beefmaster. Los asistentes tambi\u00e9n podr\u00e1n apreciar la exhibici\u00f3n de las razas orejinegro y chino santandereano. M\u00e1s de 60.000 metros cuadrados albergar\u00e1n la 76 Feria Ganadera de Colombia, del 11 al 20 de septiembre, en [&hellip;]<\/p>\n","protected":false},"author":1,"featured_media":14548,"comment_status":"open","ping_status":"open","sticky":false,"template":"","format":"standard","meta":[],"categories":[5,22,7081,3,18,6],"tags":[8540,600,2311,2107,2103,8541,853],"yoast_head":"<!-- This site is optimized with the Yoast SEO plugin v17.3 - https:\/\/yoast.com\/wordpress\/plugins\/seo\/ -->\n<meta name=\"description\" content=\"Uno de los momentos m\u00e1s importantes de la 76 Feria Ganadera de Colombia ser\u00e1 el remate programado para el 19 de septiembre.\" \/>\n<meta name=\"robots\" content=\"index, follow, max-snippet:-1, max-image-preview:large, max-video-preview:-1\" \/>\n<link rel=\"canonical\" href=\"https:\/\/www.agromundo.co\/blog\/76-feria-ganadera-de-colombia-en-bucaramanga\/\" \/>\n<meta property=\"og:locale\" content=\"es_ES\" \/>\n<meta property=\"og:type\" content=\"article\" \/>\n<meta property=\"og:title\" content=\"76 Feria Ganadera de Colombia en Bucaramanga - Notiagro\" \/>\n<meta property=\"og:description\" content=\"Uno de los momentos m\u00e1s importantes de la 76 Feria Ganadera de Colombia ser\u00e1 el remate programado para el 19 de septiembre.\" \/>\n<meta property=\"og:url\" content=\"https:\/\/www.agromundo.co\/blog\/76-feria-ganadera-de-colombia-en-bucaramanga\/\" \/>\n<meta property=\"og:site_name\" content=\"Notiagro\" \/>\n<meta property=\"article:published_time\" content=\"2026-09-04T20:33:12+00:00\" \/>\n<meta property=\"og:image\" content=\"http:\/\/www.agromundo.co\/blog\/wp-content\/uploads\/2026\/09\/Feria-Ganadera-de-Colombia.png\" \/>\n\t<meta property=\"og:image:width\" content=\"519\" \/>\n\t<meta property=\"og:image:height\" content=\"205\" \/>\n<meta name=\"twitter:label1\" content=\"Escrito por\" \/>\n\t<meta name=\"twitter:data1\" content=\"admin\" \/>\n\t<meta name=\"twitter:label2\" content=\"Tiempo de lectura\" \/>\n\t<meta name=\"twitter:data2\" content=\"4 minutos\" \/>\n<script type=\"application\/ld+json\" class=\"yoast-schema-graph\">{\"@context\":\"https:\/\/schema.org\",\"@graph\":[{\"@type\":\"WebSite\",\"@id\":\"https:\/\/www.agromundo.co\/blog\/#website\",\"url\":\"https:\/\/www.agromundo.co\/blog\/\",\"name\":\"Notiagro\",\"description\":\"Noticias y eventos sector agropecuario colombiano\",\"potentialAction\":[{\"@type\":\"SearchAction\",\"target\":{\"@type\":\"EntryPoint\",\"urlTemplate\":\"https:\/\/www.agromundo.co\/blog\/?s={search_term_string}\"},\"query-input\":\"required name=search_term_string\"}],\"inLanguage\":\"es\"},{\"@type\":\"ImageObject\",\"@id\":\"https:\/\/www.agromundo.co\/blog\/76-feria-ganadera-de-colombia-en-bucaramanga\/#primaryimage\",\"inLanguage\":\"es\",\"url\":\"https:\/\/www.agromundo.co\/blog\/wp-content\/uploads\/2026\/09\/Feria-Ganadera-de-Colombia.png\",\"contentUrl\":\"https:\/\/www.agromundo.co\/blog\/wp-content\/uploads\/2026\/09\/Feria-Ganadera-de-Colombia.png\",\"width\":519,\"height\":205},{\"@type\":\"WebPage\",\"@id\":\"https:\/\/www.agromundo.co\/blog\/76-feria-ganadera-de-colombia-en-bucaramanga\/#webpage\",\"url\":\"https:\/\/www.agromundo.co\/blog\/76-feria-ganadera-de-colombia-en-bucaramanga\/\",\"name\":\"76 Feria Ganadera de Colombia en Bucaramanga - Notiagro\",\"isPartOf\":{\"@id\":\"https:\/\/www.agromundo.co\/blog\/#website\"},\"primaryImageOfPage\":{\"@id\":\"https:\/\/www.agromundo.co\/blog\/76-feria-ganadera-de-colombia-en-bucaramanga\/#primaryimage\"},\"datePublished\":\"2026-09-04T20:33:12+00:00\",\"dateModified\":\"2026-09-04T20:33:12+00:00\",\"author\":{\"@id\":\"https:\/\/www.agromundo.co\/blog\/#\/schema\/person\/3e07d858c3c7a93ebf4ad3785559d35d\"},\"description\":\"Uno de los momentos m\\u00e1s importantes de la 76 Feria Ganadera de Colombia ser\\u00e1 el remate programado para el 19 de septiembre.\",\"breadcrumb\":{\"@id\":\"https:\/\/www.agromundo.co\/blog\/76-feria-ganadera-de-colombia-en-bucaramanga\/#breadcrumb\"},\"inLanguage\":\"es\",\"potentialAction\":[{\"@type\":\"ReadAction\",\"target\":[\"https:\/\/www.agromundo.co\/blog\/76-feria-ganadera-de-colombia-en-bucaramanga\/\"]}]},{\"@type\":\"BreadcrumbList\",\"@id\":\"https:\/\/www.agromundo.co\/blog\/76-feria-ganadera-de-colombia-en-bucaramanga\/#breadcrumb\",\"itemListElement\":[{\"@type\":\"ListItem\",\"position\":1,\"name\":\"Portada\",\"item\":\"https:\/\/www.agromundo.co\/blog\/\"},{\"@type\":\"ListItem\",\"position\":2,\"name\":\"76 Feria Ganadera de Colombia en Bucaramanga\"}]},{\"@type\":\"Person\",\"@id\":\"https:\/\/www.agromundo.co\/blog\/#\/schema\/person\/3e07d858c3c7a93ebf4ad3785559d35d\",\"name\":\"admin\",\"image\":{\"@type\":\"ImageObject\",\"@id\":\"https:\/\/www.agromundo.co\/blog\/#personlogo\",\"inLanguage\":\"es\",\"url\":\"https:\/\/secure.gravatar.com\/avatar\/f990c4c6d966ea7f7bec9cc10bcda5ce?s=96&d=mm&r=g\",\"contentUrl\":\"https:\/\/secure.gravatar.com\/avatar\/f990c4c6d966ea7f7bec9cc10bcda5ce?s=96&d=mm&r=g\",\"caption\":\"admin\"},\"url\":\"https:\/\/www.agromundo.co\/blog\/author\/admin\/\"}]}<\/script>\n<!-- \/ Yoast SEO plugin. -->","yoast_head_json":{"description":"Uno de los momentos m\u00e1s importantes de la 76 Feria Ganadera de Colombia ser\u00e1 el remate programado para el 19 de septiembre.","robots":{"index":"index","follow":"follow","max-snippet":"max-snippet:-1","max-image-preview":"max-image-preview:large","max-video-preview":"max-video-preview:-1"},"canonical":"https:\/\/www.agromundo.co\/blog\/76-feria-ganadera-de-colombia-en-bucaramanga\/","og_locale":"es_ES","og_type":"article","og_title":"76 Feria Ganadera de Colombia en Bucaramanga - Notiagro","og_description":"Uno de los momentos m\u00e1s importantes de la 76 Feria Ganadera de Colombia ser\u00e1 el remate programado para el 19 de septiembre.","og_url":"https:\/\/www.agromundo.co\/blog\/76-feria-ganadera-de-colombia-en-bucaramanga\/","og_site_name":"Notiagro","article_published_time":"2026-09-04T20:33:12+00:00","og_image":[{"width":519,"height":205,"url":"http:\/\/www.agromundo.co\/blog\/wp-content\/uploads\/2026\/09\/Feria-Ganadera-de-Colombia.png","type":"image\/png"}],"twitter_misc":{"Escrito por":"admin","Tiempo de lectura":"4 minutos"},"schema":{"@context":"https:\/\/schema.org","@graph":[{"@type":"WebSite","@id":"https:\/\/www.agromundo.co\/blog\/#website","url":"https:\/\/www.agromundo.co\/blog\/","name":"Notiagro","description":"Noticias y eventos sector agropecuario colombiano","potentialAction":[{"@type":"SearchAction","target":{"@type":"EntryPoint","urlTemplate":"https:\/\/www.agromundo.co\/blog\/?s={search_term_string}"},"query-input":"required name=search_term_string"}],"inLanguage":"es"},{"@type":"ImageObject","@id":"https:\/\/www.agromundo.co\/blog\/76-feria-ganadera-de-colombia-en-bucaramanga\/#primaryimage","inLanguage":"es","url":"https:\/\/www.agromundo.co\/blog\/wp-content\/uploads\/2026\/09\/Feria-Ganadera-de-Colombia.png","contentUrl":"https:\/\/www.agromundo.co\/blog\/wp-content\/uploads\/2026\/09\/Feria-Ganadera-de-Colombia.png","width":519,"height":205},{"@type":"WebPage","@id":"https:\/\/www.agromundo.co\/blog\/76-feria-ganadera-de-colombia-en-bucaramanga\/#webpage","url":"https:\/\/www.agromundo.co\/blog\/76-feria-ganadera-de-colombia-en-bucaramanga\/","name":"76 Feria Ganadera de Colombia en Bucaramanga - Notiagro","isPartOf":{"@id":"https:\/\/www.agromundo.co\/blog\/#website"},"primaryImageOfPage":{"@id":"https:\/\/www.agromundo.co\/blog\/76-feria-ganadera-de-colombia-en-bucaramanga\/#primaryimage"},"datePublished":"2026-09-04T20:33:12+00:00","dateModified":"2026-09-04T20:33:12+00:00","author":{"@id":"https:\/\/www.agromundo.co\/blog\/#\/schema\/person\/3e07d858c3c7a93ebf4ad3785559d35d"},"description":"Uno de los momentos m\u00e1s importantes de la 76 Feria Ganadera de Colombia ser\u00e1 el remate programado para el 19 de septiembre.","breadcrumb":{"@id":"https:\/\/www.agromundo.co\/blog\/76-feria-ganadera-de-colombia-en-bucaramanga\/#breadcrumb"},"inLanguage":"es","potentialAction":[{"@type":"ReadAction","target":["https:\/\/www.agromundo.co\/blog\/76-feria-ganadera-de-colombia-en-bucaramanga\/"]}]},{"@type":"BreadcrumbList","@id":"https:\/\/www.agromundo.co\/blog\/76-feria-ganadera-de-colombia-en-bucaramanga\/#breadcrumb","itemListElement":[{"@type":"ListItem","position":1,"name":"Portada","item":"https:\/\/www.agromundo.co\/blog\/"},{"@type":"ListItem","position":2,"name":"76 Feria Ganadera de Colombia en Bucaramanga"}]},{"@type":"Person","@id":"https:\/\/www.agromundo.co\/blog\/#\/schema\/person\/3e07d858c3c7a93ebf4ad3785559d35d","name":"admin","image":{"@type":"ImageObject","@id":"https:\/\/www.agromundo.co\/blog\/#personlogo","inLanguage":"es","url":"https:\/\/secure.gravatar.com\/avatar\/f990c4c6d966ea7f7bec9cc10bcda5ce?s=96&d=mm&r=g","contentUrl":"https:\/\/secure.gravatar.com\/avatar\/f990c4c6d966ea7f7bec9cc10bcda5ce?s=96&d=mm&r=g","caption":"admin"},"url":"https:\/\/www.agromundo.co\/blog\/author\/admin\/"}]}},"_links":{"self":[{"href":"https:\/\/www.agromundo.co\/blog\/wp-json\/wp\/v2\/posts\/14547"}],"collection":[{"href":"https:\/\/www.agromundo.co\/blog\/wp-json\/wp\/v2\/posts"}],"about":[{"href":"https:\/\/www.agromundo.co\/blog\/wp-json\/wp\/v2\/types\/post"}],"author":[{"embeddable":true,"href":"https:\/\/www.agromundo.co\/blog\/wp-json\/wp\/v2\/users\/1"}],"replies":[{"embeddable":true,"href":"https:\/\/www.agromundo.co\/blog\/wp-json\/wp\/v2\/comments?post=14547"}],"version-history":[{"count":1,"href":"https:\/\/www.agromundo.co\/blog\/wp-json\/wp\/v2\/posts\/14547\/revisions"}],"predecessor-version":[{"id":14549,"href":"https:\/\/www.agromundo.co\/blog\/wp-json\/wp\/v2\/posts\/14547\/revisions\/14549"}],"wp:featuredmedia":[{"embeddable":true,"href":"https:\/\/www.agromundo.co\/blog\/wp-json\/wp\/v2\/media\/14548"}],"wp:attachment":[{"href":"https:\/\/www.agromundo.co\/blog\/wp-json\/wp\/v2\/media?parent=14547"}],"wp:term":[{"taxonomy":"category","embeddable":true,"href":"https:\/\/www.agromundo.co\/blog\/wp-json\/wp\/v2\/categories?post=14547"},{"taxonomy":"post_tag","embeddable":true,"href":"https:\/\/www.agromundo.co\/blog\/wp-json\/wp\/v2\/tags?post=14547"}],"curies":[{"name":"wp","href":"https:\/\/api.w.org\/{rel}","templated":true}]}}