{"id":1850,"date":"2013-08-04T21:37:45","date_gmt":"2013-08-04T21:37:45","guid":{"rendered":"http:\/\/www.agromundo.co\/blog\/?p=1850"},"modified":"2013-08-04T21:37:45","modified_gmt":"2013-08-04T21:37:45","slug":"videoconferencia-aspectos-tecnicos-y-economicos-de-la-lombricultura","status":"publish","type":"post","link":"https:\/\/www.agromundo.co\/blog\/videoconferencia-aspectos-tecnicos-y-economicos-de-la-lombricultura\/","title":{"rendered":"Videoconferencia \u201cAspectos t\u00e9cnicos y econ\u00f3micos de la lombricultura\u201d"},"content":{"rendered":"<p>\u00a0<a href=\"http:\/\/www.agromundo.co\/blog\/wp-content\/uploads\/2013\/08\/1278120858_103045049_1-Fotos-de-Produccion-de-Abonos-Organicos-utilizando-la-Lombricultura.jpg\"><img loading=\"lazy\" class=\"aligncenter size-full wp-image-1851\" alt=\"1278120858_103045049_1-Fotos-de--Produccion-de-Abonos-Organicos-utilizando-la-Lombricultura\" src=\"http:\/\/www.agromundo.co\/blog\/wp-content\/uploads\/2013\/08\/1278120858_103045049_1-Fotos-de-Produccion-de-Abonos-Organicos-utilizando-la-Lombricultura.jpg\" width=\"216\" height=\"166\" \/><\/a><\/p>\n<p>El d\u00eda 6 de agosto de 2013, la empresa Lombricol S.A.S., dar\u00e1 inicio a un ciclo de videoconferencias informativas en temas relacionados con la producci\u00f3n agropecuaria ecol\u00f3gica.<\/p>\n<p>Para ese d\u00eda se tiene programada la videoconferencia \u201cAspectos t\u00e9cnicos y econ\u00f3micos de la lombricultura\u201d, a cargo del ingeniero Diego Cata\u00f1o, cuya emisi\u00f3n se originar\u00e1 en las instalaciones del SENA de la ciudad de Pereira entre las 08.00 y las 10.00 de la ma\u00f1ana.<\/p>\n<p>Lombricol S.A.S, est\u00e1 invitando a las personas interesadas \u00a0pueden tener acceso a la videoconferencia acudiendo a las instalaciones del SENA en los siguientes sitios:<\/p>\n<table border=\"0\" cellspacing=\"0\" cellpadding=\"0\">\n<tbody>\n<tr>\n<td valign=\"top\" width=\"567\">Pereira \u00a0&#8211; Regional Risaralda<\/td>\n<\/tr>\n<tr>\n<td valign=\"top\" width=\"567\">Garzon \u00a0&#8211; Centro Agroempresarial y Desarrollo Pecuario del Huila.<br \/>\nLa Plata &#8211; Centro de Desarrollo Agroempresarial y Tur\u00edstico del Huila<br \/>\nPitalito \u00a0&#8211; Centro de Gesti\u00f3n y Desarrollo Sostenible Surcolombiano.<br \/>\nFonseca\u00a0 &#8211; Centro Multisectorial de Fonseca (Centro Agroempresarial y Acu\u00edcola).<br \/>\nGaira \u00a0&#8211; Centro Acu\u00edcola y Agroindustrial de Gaira.<br \/>\nVillavicencio\u00a0 &#8211; Centro Agroindustrial del Meta.<br \/>\nArmenia\u00a0 &#8211; Regional Quind\u00edo.<br \/>\nPereira \u00a0&#8211; Tecnoparque Colombia Nodo Pereira.<br \/>\nPiedecuesta\u00a0 &#8211; Centro Atenci\u00f3n Sector Agropecuario.<br \/>\nSan Gil\u00a0 &#8211; Centro Agrotur\u00edstico.<br \/>\nM\u00e1laga\u00a0 &#8211; Centro Agroempresarial y Tur\u00edsitico de Los Andes.<br \/>\nV\u00e9lez\u00a0 &#8211; Centro De Gesti\u00f3n Agroempresarial del Oriente.<br \/>\nEspinal \u00a0&#8211; Tecnoparque Colombia Nodo la Granja.<br \/>\nBuga\u00a0 &#8211; Centro Agropecuario de Buga.<br \/>\nCartago \u00a0&#8211; Centro de Tecnolog\u00edas Agroindustriales.<br \/>\nPalmira\u00a0 &#8211; Centro de Biotecnolog\u00eda \u00a0Industrial.<br \/>\nTulu\u00e1 \u00a0&#8211; Centro Latinoamericano de Especies Menores.<br \/>\nPuerto In\u00edrida\u00a0 &#8211; Regional Guain\u00eda.<br \/>\nSan Jos\u00e9 del Guaviare \u00a0&#8211; Regional Guaviare.<br \/>\nMit\u00fa\u00a0 &#8211; Regional Vaup\u00e9s.<br \/>\nPuerto Carre\u00f1o \u00a0&#8211; Regional Vichada.<br \/>\nChiricana\u00a0 &#8211; Centro Agroindustrial y Pesquero de la Costa Pac\u00edfica.<br \/>\nBarranquilla \u00a0&#8211; Regional Atl\u00e1ntico.<br \/>\nCartagena\u00a0 &#8211; Regional Bol\u00edvar.<br \/>\nDuitama\u00a0 &#8211; Centro de Desarrollo Agropecuario y Agroindustrial.<br \/>\nManizales \u00a0&#8211; Regional Caldas.<br \/>\nDorada \u00a0&#8211; Centro Pecuario y Agroempresarial.<br \/>\nFlorencia\u00a0 &#8211; Regional Caquet\u00e1.<br \/>\nPopay\u00e1n \u00a0&#8211; Centro Agropecuario.<br \/>\nValledupar\u00a0 &#8211; Centro Biotecnol\u00f3gico del Caribe.Aguachica \u00a0&#8211; Centro Agroempresarial.<br \/>\nMonter\u00eda \u00a0&#8211; Centro Agropecuario y de Biotecnolog\u00eda El Porvenir.<br \/>\nVilleta &#8211; Centro de Desarrollo Agroindustrial y Empresarial.<br \/>\nFusagasug\u00e1\u00a0 &#8211; Centro Agroecol\u00f3gico y Empresarial.<br \/>\nMosquera\u00a0 &#8211; Centro De Biotecnolog\u00eda Agropecuaria.<br \/>\nCh\u00eda\u00a0 &#8211; Centro de Desarrollo Agroempresarial.<\/td>\n<\/tr>\n<\/tbody>\n<\/table>\n<p>Nota patrocinada por:<\/p>\n<p><a href=\"http:\/\/www.agromundo.co\/plastigoma-pisos-de-caucho.html\"><img loading=\"lazy\" class=\"size-full wp-image-1334 alignleft\" alt=\"Pisos Pesebreras[1]\" src=\"http:\/\/www.agromundo.co\/blog\/wp-content\/uploads\/2013\/05\/Pisos-Pesebreras1.jpg\" width=\"189\" height=\"120\" \/><\/a><\/p>\n<p>\u00a0<a href=\"http:\/\/www.agromundo.co\/aqua-fan-sas.html\"><img loading=\"lazy\" class=\"aligncenter size-full wp-image-1313\" alt=\"Aquafan\" src=\"http:\/\/www.agromundo.co\/blog\/wp-content\/uploads\/2013\/04\/Aquafan.jpg\" width=\"120\" height=\"120\" \/><\/a><\/p>\n","protected":false},"excerpt":{"rendered":"<p>\u00a0 El d\u00eda 6 de agosto de 2013, la empresa Lombricol S.A.S., dar\u00e1 inicio a un ciclo de videoconferencias informativas en temas relacionados con la producci\u00f3n agropecuaria ecol\u00f3gica. Para ese d\u00eda se tiene programada la videoconferencia \u201cAspectos t\u00e9cnicos y econ\u00f3micos de la lombricultura\u201d, a cargo del ingeniero Diego Cata\u00f1o, cuya emisi\u00f3n se originar\u00e1 en las [&hellip;]<\/p>\n","protected":false},"author":1,"featured_media":1851,"comment_status":"open","ping_status":"open","sticky":false,"template":"","format":"standard","meta":[],"categories":[5,34,9,3,32],"tags":[717,901,922,923,924],"yoast_head":"<!-- This site is optimized with the Yoast SEO plugin v17.3 - https:\/\/yoast.com\/wordpress\/plugins\/seo\/ -->\n<meta name=\"description\" content=\"El d\u00eda 6 de agosto de 2013, la empresa Lombricol S.A.S.presenta la videoconferencia \u201cAspectos t\u00e9cnicos y econ\u00f3micos de la lombricultura\u201d\" \/>\n<meta name=\"robots\" content=\"index, follow, max-snippet:-1, max-image-preview:large, max-video-preview:-1\" \/>\n<meta property=\"og:locale\" content=\"es_ES\" \/>\n<meta property=\"og:type\" content=\"article\" \/>\n<meta property=\"og:title\" content=\"Videoconferencia \u201cAspectos t\u00e9cnicos y econ\u00f3micos de la ...\" \/>\n<meta property=\"og:description\" content=\"El d\u00eda 6 de agosto de 2013, la empresa Lombricol S.A.S.presenta la videoconferencia \u201cAspectos t\u00e9cnicos y econ\u00f3micos de la lombricultura\u201d\" \/>\n<meta property=\"og:site_name\" content=\"Notiagro\" \/>\n<meta property=\"article:published_time\" content=\"2013-08-04T21:37:45+00:00\" \/>\n<meta property=\"og:image\" content=\"http:\/\/www.agromundo.co\/blog\/wp-content\/uploads\/2013\/08\/1278120858_103045049_1-Fotos-de-Produccion-de-Abonos-Organicos-utilizando-la-Lombricultura.jpg\" \/>\n\t<meta property=\"og:image:width\" content=\"216\" \/>\n\t<meta property=\"og:image:height\" content=\"166\" \/>\n<meta name=\"twitter:label1\" content=\"Escrito por\" \/>\n\t<meta name=\"twitter:data1\" content=\"admin\" \/>\n\t<meta name=\"twitter:label2\" content=\"Tiempo de lectura\" \/>\n\t<meta name=\"twitter:data2\" content=\"2 minutos\" \/>\n<script type=\"application\/ld+json\" class=\"yoast-schema-graph\">{\"@context\":\"https:\/\/schema.org\",\"@graph\":[{\"@type\":\"WebSite\",\"@id\":\"https:\/\/www.agromundo.co\/blog\/#website\",\"url\":\"https:\/\/www.agromundo.co\/blog\/\",\"name\":\"Notiagro\",\"description\":\"Noticias y eventos sector agropecuario colombiano\",\"potentialAction\":[{\"@type\":\"SearchAction\",\"target\":{\"@type\":\"EntryPoint\",\"urlTemplate\":\"https:\/\/www.agromundo.co\/blog\/?s={search_term_string}\"},\"query-input\":\"required name=search_term_string\"}],\"inLanguage\":\"es\"},{\"@type\":\"ImageObject\",\"@id\":\"#primaryimage\",\"inLanguage\":\"es\",\"url\":\"https:\/\/www.agromundo.co\/blog\/wp-content\/uploads\/2013\/08\/1278120858_103045049_1-Fotos-de-Produccion-de-Abonos-Organicos-utilizando-la-Lombricultura.jpg\",\"contentUrl\":\"https:\/\/www.agromundo.co\/blog\/wp-content\/uploads\/2013\/08\/1278120858_103045049_1-Fotos-de-Produccion-de-Abonos-Organicos-utilizando-la-Lombricultura.jpg\",\"width\":216,\"height\":166},{\"@type\":\"WebPage\",\"@id\":\"#webpage\",\"url\":null,\"name\":\"Videoconferencia \\u201cAspectos t\\u00e9cnicos y econ\\u00f3micos de la ...\",\"isPartOf\":{\"@id\":\"https:\/\/www.agromundo.co\/blog\/#website\"},\"primaryImageOfPage\":{\"@id\":\"#primaryimage\"},\"datePublished\":\"2013-08-04T21:37:45+00:00\",\"dateModified\":\"2013-08-04T21:37:45+00:00\",\"author\":{\"@id\":\"https:\/\/www.agromundo.co\/blog\/#\/schema\/person\/3e07d858c3c7a93ebf4ad3785559d35d\"},\"description\":\"El d\\u00eda 6 de agosto de 2013, la empresa Lombricol S.A.S.presenta la videoconferencia \\u201cAspectos t\\u00e9cnicos y econ\\u00f3micos de la lombricultura\\u201d\",\"breadcrumb\":{\"@id\":\"#breadcrumb\"},\"inLanguage\":\"es\",\"potentialAction\":[{\"@type\":\"ReadAction\",\"target\":[null]}]},{\"@type\":\"BreadcrumbList\",\"@id\":\"#breadcrumb\",\"itemListElement\":[{\"@type\":\"ListItem\",\"position\":1,\"name\":\"Portada\",\"item\":\"https:\/\/www.agromundo.co\/blog\/\"},{\"@type\":\"ListItem\",\"position\":2,\"name\":\"Videoconferencia \\u201cAspectos t\\u00e9cnicos y econ\\u00f3micos de la lombricultura\\u201d\"}]},{\"@type\":\"Person\",\"@id\":\"https:\/\/www.agromundo.co\/blog\/#\/schema\/person\/3e07d858c3c7a93ebf4ad3785559d35d\",\"name\":\"admin\",\"image\":{\"@type\":\"ImageObject\",\"@id\":\"https:\/\/www.agromundo.co\/blog\/#personlogo\",\"inLanguage\":\"es\",\"url\":\"https:\/\/secure.gravatar.com\/avatar\/f990c4c6d966ea7f7bec9cc10bcda5ce?s=96&d=mm&r=g\",\"contentUrl\":\"https:\/\/secure.gravatar.com\/avatar\/f990c4c6d966ea7f7bec9cc10bcda5ce?s=96&d=mm&r=g\",\"caption\":\"admin\"},\"url\":\"https:\/\/www.agromundo.co\/blog\/author\/admin\/\"}]}<\/script>\n<!-- \/ Yoast SEO plugin. -->","yoast_head_json":{"description":"El d\u00eda 6 de agosto de 2013, la empresa Lombricol S.A.S.presenta la videoconferencia \u201cAspectos t\u00e9cnicos y econ\u00f3micos de la lombricultura\u201d","robots":{"index":"index","follow":"follow","max-snippet":"max-snippet:-1","max-image-preview":"max-image-preview:large","max-video-preview":"max-video-preview:-1"},"og_locale":"es_ES","og_type":"article","og_title":"Videoconferencia \u201cAspectos t\u00e9cnicos y econ\u00f3micos de la ...","og_description":"El d\u00eda 6 de agosto de 2013, la empresa Lombricol S.A.S.presenta la videoconferencia \u201cAspectos t\u00e9cnicos y econ\u00f3micos de la lombricultura\u201d","og_site_name":"Notiagro","article_published_time":"2013-08-04T21:37:45+00:00","og_image":[{"width":216,"height":166,"url":"http:\/\/www.agromundo.co\/blog\/wp-content\/uploads\/2013\/08\/1278120858_103045049_1-Fotos-de-Produccion-de-Abonos-Organicos-utilizando-la-Lombricultura.jpg","type":"image\/jpeg"}],"twitter_misc":{"Escrito por":"admin","Tiempo de lectura":"2 minutos"},"schema":{"@context":"https:\/\/schema.org","@graph":[{"@type":"WebSite","@id":"https:\/\/www.agromundo.co\/blog\/#website","url":"https:\/\/www.agromundo.co\/blog\/","name":"Notiagro","description":"Noticias y eventos sector agropecuario colombiano","potentialAction":[{"@type":"SearchAction","target":{"@type":"EntryPoint","urlTemplate":"https:\/\/www.agromundo.co\/blog\/?s={search_term_string}"},"query-input":"required name=search_term_string"}],"inLanguage":"es"},{"@type":"ImageObject","@id":"#primaryimage","inLanguage":"es","url":"https:\/\/www.agromundo.co\/blog\/wp-content\/uploads\/2013\/08\/1278120858_103045049_1-Fotos-de-Produccion-de-Abonos-Organicos-utilizando-la-Lombricultura.jpg","contentUrl":"https:\/\/www.agromundo.co\/blog\/wp-content\/uploads\/2013\/08\/1278120858_103045049_1-Fotos-de-Produccion-de-Abonos-Organicos-utilizando-la-Lombricultura.jpg","width":216,"height":166},{"@type":"WebPage","@id":"#webpage","url":null,"name":"Videoconferencia \u201cAspectos t\u00e9cnicos y econ\u00f3micos de la ...","isPartOf":{"@id":"https:\/\/www.agromundo.co\/blog\/#website"},"primaryImageOfPage":{"@id":"#primaryimage"},"datePublished":"2013-08-04T21:37:45+00:00","dateModified":"2013-08-04T21:37:45+00:00","author":{"@id":"https:\/\/www.agromundo.co\/blog\/#\/schema\/person\/3e07d858c3c7a93ebf4ad3785559d35d"},"description":"El d\u00eda 6 de agosto de 2013, la empresa Lombricol S.A.S.presenta la videoconferencia \u201cAspectos t\u00e9cnicos y econ\u00f3micos de la lombricultura\u201d","breadcrumb":{"@id":"#breadcrumb"},"inLanguage":"es","potentialAction":[{"@type":"ReadAction","target":[null]}]},{"@type":"BreadcrumbList","@id":"#breadcrumb","itemListElement":[{"@type":"ListItem","position":1,"name":"Portada","item":"https:\/\/www.agromundo.co\/blog\/"},{"@type":"ListItem","position":2,"name":"Videoconferencia \u201cAspectos t\u00e9cnicos y econ\u00f3micos de la lombricultura\u201d"}]},{"@type":"Person","@id":"https:\/\/www.agromundo.co\/blog\/#\/schema\/person\/3e07d858c3c7a93ebf4ad3785559d35d","name":"admin","image":{"@type":"ImageObject","@id":"https:\/\/www.agromundo.co\/blog\/#personlogo","inLanguage":"es","url":"https:\/\/secure.gravatar.com\/avatar\/f990c4c6d966ea7f7bec9cc10bcda5ce?s=96&d=mm&r=g","contentUrl":"https:\/\/secure.gravatar.com\/avatar\/f990c4c6d966ea7f7bec9cc10bcda5ce?s=96&d=mm&r=g","caption":"admin"},"url":"https:\/\/www.agromundo.co\/blog\/author\/admin\/"}]}},"_links":{"self":[{"href":"https:\/\/www.agromundo.co\/blog\/wp-json\/wp\/v2\/posts\/1850"}],"collection":[{"href":"https:\/\/www.agromundo.co\/blog\/wp-json\/wp\/v2\/posts"}],"about":[{"href":"https:\/\/www.agromundo.co\/blog\/wp-json\/wp\/v2\/types\/post"}],"author":[{"embeddable":true,"href":"https:\/\/www.agromundo.co\/blog\/wp-json\/wp\/v2\/users\/1"}],"replies":[{"embeddable":true,"href":"https:\/\/www.agromundo.co\/blog\/wp-json\/wp\/v2\/comments?post=1850"}],"version-history":[{"count":9,"href":"https:\/\/www.agromundo.co\/blog\/wp-json\/wp\/v2\/posts\/1850\/revisions"}],"predecessor-version":[{"id":1860,"href":"https:\/\/www.agromundo.co\/blog\/wp-json\/wp\/v2\/posts\/1850\/revisions\/1860"}],"wp:featuredmedia":[{"embeddable":true,"href":"https:\/\/www.agromundo.co\/blog\/wp-json\/wp\/v2\/media\/1851"}],"wp:attachment":[{"href":"https:\/\/www.agromundo.co\/blog\/wp-json\/wp\/v2\/media?parent=1850"}],"wp:term":[{"taxonomy":"category","embeddable":true,"href":"https:\/\/www.agromundo.co\/blog\/wp-json\/wp\/v2\/categories?post=1850"},{"taxonomy":"post_tag","embeddable":true,"href":"https:\/\/www.agromundo.co\/blog\/wp-json\/wp\/v2\/tags?post=1850"}],"curies":[{"name":"wp","href":"https:\/\/api.w.org\/{rel}","templated":true}]}}