{"id":1950,"date":"2013-08-19T22:07:56","date_gmt":"2013-08-19T22:07:56","guid":{"rendered":"http:\/\/www.agromundo.co\/blog\/?p=1950"},"modified":"2013-08-19T22:07:56","modified_gmt":"2013-08-19T22:07:56","slug":"la-artritis-canina-tratamientos","status":"publish","type":"post","link":"https:\/\/www.agromundo.co\/blog\/la-artritis-canina-tratamientos\/","title":{"rendered":"La artritis canina. Tratamientos"},"content":{"rendered":"<p><a href=\"http:\/\/www.agromundo.co\/blog\/wp-content\/uploads\/2013\/08\/AIS9SA9CAJ0I3IICALYZCUFCAECPUAQCABPGI95CARSZSIKCADH8JC5CAC8NB96CAQIGY9BCA0RLOSBCA7KIQT2CATLERRLCAVTLZ7QCAJIVLEWCAZJSDO9CATT7S4XCA2C5EW5CAKP4RB9CAU64GG7CAA78SOW.jpg\"><img loading=\"lazy\" class=\"aligncenter size-full wp-image-1956\" alt=\"AIS9SA9CAJ0I3IICALYZCUFCAECPUAQCABPGI95CARSZSIKCADH8JC5CAC8NB96CAQIGY9BCA0RLOSBCA7KIQT2CATLERRLCAVTLZ7QCAJIVLEWCAZJSDO9CATT7S4XCA2C5EW5CAKP4RB9CAU64GG7CAA78SOW\" src=\"http:\/\/www.agromundo.co\/blog\/wp-content\/uploads\/2013\/08\/AIS9SA9CAJ0I3IICALYZCUFCAECPUAQCABPGI95CARSZSIKCADH8JC5CAC8NB96CAQIGY9BCA0RLOSBCA7KIQT2CATLERRLCAVTLZ7QCAJIVLEWCAZJSDO9CATT7S4XCA2C5EW5CAKP4RB9CAU64GG7CAA78SOW.jpg\" width=\"201\" height=\"185\" \/><\/a><\/p>\n<p>La publicaci\u00f3n Agronegocios del diario La Rep\u00fablica, en su edici\u00f3n del 14 de agosto de 2013, presenta un art\u00edculo sobre la artritis canina y sus tratamientos.<\/p>\n<p>La artritis canina es la degeneraci\u00f3n progresiva de los cart\u00edlagos y la presencia de malformaciones \u00f3seas anormales en los bordes de las articulaciones denominados osteofitos.<\/p>\n<p>Puede presentarse en una o en todas las articulaciones del cuerpo, ya sea en las extremidades o en la columna vertebral y provocan un intenso dolor que impide que el animal se pueda \u00a0mover con facilidad.<\/p>\n<p>M\u00e1s de la mitad de los casos de artritis canina se presentan en perros de entre 8 y13 a\u00f1os de edad. El 45% de los que la padecen pertenecen a razas grandes, el 28% son de tama\u00f1o medio y el 27% son peque\u00f1os.<\/p>\n<p>La artritis canina se debe atender una vez que el amo detecte su s\u00edntoma cl\u00e1sico que es la cojera. Las patolog\u00edas var\u00edan dependiendo de los sitios de afecci\u00f3n pero se hace evidente cuando el perro se pone en marcha luego de permanecer mucho tiempo inm\u00f3vil. En ocasiones, la mascota se queja al hacer determinados movimientos e inclusive, puede mostrarse irascible y ser agresivo si se le manipula el miembro afectado. En casos avanzados, puede presentarse un deterioro importante de la musculatura.<\/p>\n<p>De acuerdo con el m\u00e9dico veterinario y\u00a0\u00a0 zootecnista,\u00a0 Juan Manuel V\u00e1squez Sarmiento, los tratamientos puedan realizarse de diferentes maneras dependiendo de la lesi\u00f3n que tenga; con homeopat\u00eda tienen valores aproximados de $ 250.000 mensuales, con vitaminas y analg\u00e9sicos \u00a0cuesta mensualmente $150.000. Las terapias oscilan entre los $50.000 y$80.000 pesos por cada cesi\u00f3n.<\/p>\n<p><b>Tipos de artritis canina:<\/b><\/p>\n<p>La primaria, afecta por lo general a los perros de avanzada edad y aparece debido al envejecimiento natural que sufren las articulaciones y la secundaria que puede ser producida por obesidad o por un trauma. En realidad, el organismo del perro est\u00e1 dise\u00f1ado para soportar un l\u00edmite de peso m\u00e1ximo, y a diferencia de la primaria, la secundaria se puede presentar en perros de cualquier edad.<\/p>\n<p>Se estima que la artritis afecta a uno de cada cinco perros adultos mayores de un a\u00f1o. Se presenta en animales de cualquier raza, edad y tama\u00f1o, pero se presenta con mayor incidencia en perros viejos y en razas como Pastor Alem\u00e1n, Labrador, \u00a0Pastor Belga, Gran Dan\u00e9s, Samoyedo Rottweiller, y San Bernardo.<\/p>\n<p><b>Tratamiento<\/b><\/p>\n<p>Los procesos inician con un cambio del ritmo de vida, por lo que la limitaci\u00f3n \u00a0del ejercicio para la disminuci\u00f3n de peso es fundamental, sin suprimirlo totalmente.<\/p>\n<p>Los tratamientos m\u00e9dicos, seg\u00fan los veterinarios, deben\u00a0 incluir anti-inflamatorios para disminuir la inflamaci\u00f3n y el dolor en las articulaciones. La medicina alternativa y la fisioterapia producen excelentes resultados sin tener efectos secundarios.\u00a0<\/p>\n<p>Fuente: Agronegocios.<\/p>\n<p>Nota patrocinada por:<\/p>\n<p><a href=\"http:\/\/www.agromundo.co\/laboratorio-veterinario-ganacol.html\"><img loading=\"lazy\" class=\"size-full wp-image-1951 alignleft\" alt=\"1571\" src=\"http:\/\/www.agromundo.co\/blog\/wp-content\/uploads\/2013\/08\/1571.jpg\" width=\"120\" height=\"120\" \/><\/a><a href=\"http:\/\/www.agromundo.co\/bully-concentrado-para-perros.html\"><img loading=\"lazy\" class=\"size-full wp-image-1954 alignright\" alt=\"1570\" src=\"http:\/\/www.agromundo.co\/blog\/wp-content\/uploads\/2013\/08\/15701.jpg\" width=\"133\" height=\"119\" \/><\/a><\/p>\n","protected":false},"excerpt":{"rendered":"<p>La publicaci\u00f3n Agronegocios del diario La Rep\u00fablica, en su edici\u00f3n del 14 de agosto de 2013, presenta un art\u00edculo sobre la artritis canina y sus tratamientos. La artritis canina es la degeneraci\u00f3n progresiva de los cart\u00edlagos y la presencia de malformaciones \u00f3seas anormales en los bordes de las articulaciones denominados osteofitos. Puede presentarse en una [&hellip;]<\/p>\n","protected":false},"author":1,"featured_media":1956,"comment_status":"open","ping_status":"open","sticky":false,"template":"","format":"standard","meta":[],"categories":[8,3,7],"tags":[948,950,949,83,126,951],"yoast_head":"<!-- This site is optimized with the Yoast SEO plugin v17.3 - https:\/\/yoast.com\/wordpress\/plugins\/seo\/ -->\n<meta name=\"description\" content=\"La artritis canina es la degeneraci\u00f3n progresiva de los cart\u00edlagos y la presencia de malformaciones \u00f3seas anormales en los bordes de las articulaciones.\" \/>\n<meta name=\"robots\" content=\"index, follow, max-snippet:-1, max-image-preview:large, max-video-preview:-1\" \/>\n<meta property=\"og:locale\" content=\"es_ES\" \/>\n<meta property=\"og:type\" content=\"article\" \/>\n<meta property=\"og:title\" content=\"La artritis canina. Tratamientos - Notiagro\" \/>\n<meta property=\"og:description\" content=\"La artritis canina es la degeneraci\u00f3n progresiva de los cart\u00edlagos y la presencia de malformaciones \u00f3seas anormales en los bordes de las articulaciones.\" \/>\n<meta property=\"og:site_name\" content=\"Notiagro\" \/>\n<meta property=\"article:published_time\" content=\"2013-08-19T22:07:56+00:00\" \/>\n<meta property=\"og:image\" content=\"http:\/\/www.agromundo.co\/blog\/wp-content\/uploads\/2013\/08\/AIS9SA9CAJ0I3IICALYZCUFCAECPUAQCABPGI95CARSZSIKCADH8JC5CAC8NB96CAQIGY9BCA0RLOSBCA7KIQT2CATLERRLCAVTLZ7QCAJIVLEWCAZJSDO9CATT7S4XCA2C5EW5CAKP4RB9CAU64GG7CAA78SOW.jpg\" \/>\n\t<meta property=\"og:image:width\" content=\"250\" \/>\n\t<meta property=\"og:image:height\" content=\"202\" \/>\n<meta name=\"twitter:label1\" content=\"Escrito por\" \/>\n\t<meta name=\"twitter:data1\" content=\"admin\" \/>\n\t<meta name=\"twitter:label2\" content=\"Tiempo de lectura\" \/>\n\t<meta name=\"twitter:data2\" content=\"2 minutos\" \/>\n<script type=\"application\/ld+json\" class=\"yoast-schema-graph\">{\"@context\":\"https:\/\/schema.org\",\"@graph\":[{\"@type\":\"WebSite\",\"@id\":\"https:\/\/www.agromundo.co\/blog\/#website\",\"url\":\"https:\/\/www.agromundo.co\/blog\/\",\"name\":\"Notiagro\",\"description\":\"Noticias y eventos sector agropecuario colombiano\",\"potentialAction\":[{\"@type\":\"SearchAction\",\"target\":{\"@type\":\"EntryPoint\",\"urlTemplate\":\"https:\/\/www.agromundo.co\/blog\/?s={search_term_string}\"},\"query-input\":\"required name=search_term_string\"}],\"inLanguage\":\"es\"},{\"@type\":\"ImageObject\",\"@id\":\"#primaryimage\",\"inLanguage\":\"es\",\"url\":\"https:\/\/www.agromundo.co\/blog\/wp-content\/uploads\/2013\/08\/AIS9SA9CAJ0I3IICALYZCUFCAECPUAQCABPGI95CARSZSIKCADH8JC5CAC8NB96CAQIGY9BCA0RLOSBCA7KIQT2CATLERRLCAVTLZ7QCAJIVLEWCAZJSDO9CATT7S4XCA2C5EW5CAKP4RB9CAU64GG7CAA78SOW.jpg\",\"contentUrl\":\"https:\/\/www.agromundo.co\/blog\/wp-content\/uploads\/2013\/08\/AIS9SA9CAJ0I3IICALYZCUFCAECPUAQCABPGI95CARSZSIKCADH8JC5CAC8NB96CAQIGY9BCA0RLOSBCA7KIQT2CATLERRLCAVTLZ7QCAJIVLEWCAZJSDO9CATT7S4XCA2C5EW5CAKP4RB9CAU64GG7CAA78SOW.jpg\",\"width\":250,\"height\":202},{\"@type\":\"WebPage\",\"@id\":\"#webpage\",\"url\":null,\"name\":\"La artritis canina. Tratamientos - Notiagro\",\"isPartOf\":{\"@id\":\"https:\/\/www.agromundo.co\/blog\/#website\"},\"primaryImageOfPage\":{\"@id\":\"#primaryimage\"},\"datePublished\":\"2013-08-19T22:07:56+00:00\",\"dateModified\":\"2013-08-19T22:07:56+00:00\",\"author\":{\"@id\":\"https:\/\/www.agromundo.co\/blog\/#\/schema\/person\/3e07d858c3c7a93ebf4ad3785559d35d\"},\"description\":\"La artritis canina es la degeneraci\\u00f3n progresiva de los cart\\u00edlagos y la presencia de malformaciones \\u00f3seas anormales en los bordes de las articulaciones.\",\"breadcrumb\":{\"@id\":\"#breadcrumb\"},\"inLanguage\":\"es\",\"potentialAction\":[{\"@type\":\"ReadAction\",\"target\":[null]}]},{\"@type\":\"BreadcrumbList\",\"@id\":\"#breadcrumb\",\"itemListElement\":[{\"@type\":\"ListItem\",\"position\":1,\"name\":\"Portada\",\"item\":\"https:\/\/www.agromundo.co\/blog\/\"},{\"@type\":\"ListItem\",\"position\":2,\"name\":\"La artritis canina. Tratamientos\"}]},{\"@type\":\"Person\",\"@id\":\"https:\/\/www.agromundo.co\/blog\/#\/schema\/person\/3e07d858c3c7a93ebf4ad3785559d35d\",\"name\":\"admin\",\"image\":{\"@type\":\"ImageObject\",\"@id\":\"https:\/\/www.agromundo.co\/blog\/#personlogo\",\"inLanguage\":\"es\",\"url\":\"https:\/\/secure.gravatar.com\/avatar\/f990c4c6d966ea7f7bec9cc10bcda5ce?s=96&d=mm&r=g\",\"contentUrl\":\"https:\/\/secure.gravatar.com\/avatar\/f990c4c6d966ea7f7bec9cc10bcda5ce?s=96&d=mm&r=g\",\"caption\":\"admin\"},\"url\":\"https:\/\/www.agromundo.co\/blog\/author\/admin\/\"}]}<\/script>\n<!-- \/ Yoast SEO plugin. -->","yoast_head_json":{"description":"La artritis canina es la degeneraci\u00f3n progresiva de los cart\u00edlagos y la presencia de malformaciones \u00f3seas anormales en los bordes de las articulaciones.","robots":{"index":"index","follow":"follow","max-snippet":"max-snippet:-1","max-image-preview":"max-image-preview:large","max-video-preview":"max-video-preview:-1"},"og_locale":"es_ES","og_type":"article","og_title":"La artritis canina. Tratamientos - Notiagro","og_description":"La artritis canina es la degeneraci\u00f3n progresiva de los cart\u00edlagos y la presencia de malformaciones \u00f3seas anormales en los bordes de las articulaciones.","og_site_name":"Notiagro","article_published_time":"2013-08-19T22:07:56+00:00","og_image":[{"width":250,"height":202,"url":"http:\/\/www.agromundo.co\/blog\/wp-content\/uploads\/2013\/08\/AIS9SA9CAJ0I3IICALYZCUFCAECPUAQCABPGI95CARSZSIKCADH8JC5CAC8NB96CAQIGY9BCA0RLOSBCA7KIQT2CATLERRLCAVTLZ7QCAJIVLEWCAZJSDO9CATT7S4XCA2C5EW5CAKP4RB9CAU64GG7CAA78SOW.jpg","type":"image\/jpeg"}],"twitter_misc":{"Escrito por":"admin","Tiempo de lectura":"2 minutos"},"schema":{"@context":"https:\/\/schema.org","@graph":[{"@type":"WebSite","@id":"https:\/\/www.agromundo.co\/blog\/#website","url":"https:\/\/www.agromundo.co\/blog\/","name":"Notiagro","description":"Noticias y eventos sector agropecuario colombiano","potentialAction":[{"@type":"SearchAction","target":{"@type":"EntryPoint","urlTemplate":"https:\/\/www.agromundo.co\/blog\/?s={search_term_string}"},"query-input":"required name=search_term_string"}],"inLanguage":"es"},{"@type":"ImageObject","@id":"#primaryimage","inLanguage":"es","url":"https:\/\/www.agromundo.co\/blog\/wp-content\/uploads\/2013\/08\/AIS9SA9CAJ0I3IICALYZCUFCAECPUAQCABPGI95CARSZSIKCADH8JC5CAC8NB96CAQIGY9BCA0RLOSBCA7KIQT2CATLERRLCAVTLZ7QCAJIVLEWCAZJSDO9CATT7S4XCA2C5EW5CAKP4RB9CAU64GG7CAA78SOW.jpg","contentUrl":"https:\/\/www.agromundo.co\/blog\/wp-content\/uploads\/2013\/08\/AIS9SA9CAJ0I3IICALYZCUFCAECPUAQCABPGI95CARSZSIKCADH8JC5CAC8NB96CAQIGY9BCA0RLOSBCA7KIQT2CATLERRLCAVTLZ7QCAJIVLEWCAZJSDO9CATT7S4XCA2C5EW5CAKP4RB9CAU64GG7CAA78SOW.jpg","width":250,"height":202},{"@type":"WebPage","@id":"#webpage","url":null,"name":"La artritis canina. Tratamientos - Notiagro","isPartOf":{"@id":"https:\/\/www.agromundo.co\/blog\/#website"},"primaryImageOfPage":{"@id":"#primaryimage"},"datePublished":"2013-08-19T22:07:56+00:00","dateModified":"2013-08-19T22:07:56+00:00","author":{"@id":"https:\/\/www.agromundo.co\/blog\/#\/schema\/person\/3e07d858c3c7a93ebf4ad3785559d35d"},"description":"La artritis canina es la degeneraci\u00f3n progresiva de los cart\u00edlagos y la presencia de malformaciones \u00f3seas anormales en los bordes de las articulaciones.","breadcrumb":{"@id":"#breadcrumb"},"inLanguage":"es","potentialAction":[{"@type":"ReadAction","target":[null]}]},{"@type":"BreadcrumbList","@id":"#breadcrumb","itemListElement":[{"@type":"ListItem","position":1,"name":"Portada","item":"https:\/\/www.agromundo.co\/blog\/"},{"@type":"ListItem","position":2,"name":"La artritis canina. Tratamientos"}]},{"@type":"Person","@id":"https:\/\/www.agromundo.co\/blog\/#\/schema\/person\/3e07d858c3c7a93ebf4ad3785559d35d","name":"admin","image":{"@type":"ImageObject","@id":"https:\/\/www.agromundo.co\/blog\/#personlogo","inLanguage":"es","url":"https:\/\/secure.gravatar.com\/avatar\/f990c4c6d966ea7f7bec9cc10bcda5ce?s=96&d=mm&r=g","contentUrl":"https:\/\/secure.gravatar.com\/avatar\/f990c4c6d966ea7f7bec9cc10bcda5ce?s=96&d=mm&r=g","caption":"admin"},"url":"https:\/\/www.agromundo.co\/blog\/author\/admin\/"}]}},"_links":{"self":[{"href":"https:\/\/www.agromundo.co\/blog\/wp-json\/wp\/v2\/posts\/1950"}],"collection":[{"href":"https:\/\/www.agromundo.co\/blog\/wp-json\/wp\/v2\/posts"}],"about":[{"href":"https:\/\/www.agromundo.co\/blog\/wp-json\/wp\/v2\/types\/post"}],"author":[{"embeddable":true,"href":"https:\/\/www.agromundo.co\/blog\/wp-json\/wp\/v2\/users\/1"}],"replies":[{"embeddable":true,"href":"https:\/\/www.agromundo.co\/blog\/wp-json\/wp\/v2\/comments?post=1950"}],"version-history":[{"count":5,"href":"https:\/\/www.agromundo.co\/blog\/wp-json\/wp\/v2\/posts\/1950\/revisions"}],"predecessor-version":[{"id":1959,"href":"https:\/\/www.agromundo.co\/blog\/wp-json\/wp\/v2\/posts\/1950\/revisions\/1959"}],"wp:featuredmedia":[{"embeddable":true,"href":"https:\/\/www.agromundo.co\/blog\/wp-json\/wp\/v2\/media\/1956"}],"wp:attachment":[{"href":"https:\/\/www.agromundo.co\/blog\/wp-json\/wp\/v2\/media?parent=1950"}],"wp:term":[{"taxonomy":"category","embeddable":true,"href":"https:\/\/www.agromundo.co\/blog\/wp-json\/wp\/v2\/categories?post=1950"},{"taxonomy":"post_tag","embeddable":true,"href":"https:\/\/www.agromundo.co\/blog\/wp-json\/wp\/v2\/tags?post=1950"}],"curies":[{"name":"wp","href":"https:\/\/api.w.org\/{rel}","templated":true}]}}