{"id":1985,"date":"2013-08-23T15:25:58","date_gmt":"2013-08-23T15:25:58","guid":{"rendered":"http:\/\/www.agromundo.co\/blog\/?p=1985"},"modified":"2013-08-23T15:25:58","modified_gmt":"2013-08-23T15:25:58","slug":"palma-de-cera-del-quindio-se-estudian-las-causas-de-las-enfermedades-que-las-estan-afectando","status":"publish","type":"post","link":"https:\/\/www.agromundo.co\/blog\/palma-de-cera-del-quindio-se-estudian-las-causas-de-las-enfermedades-que-las-estan-afectando\/","title":{"rendered":"Palma de cera del Quind\u00edo: Se estudian las causas de las enfermedades que las est\u00e1n afectando"},"content":{"rendered":"<p><a href=\"http:\/\/www.agromundo.co\/blog\/wp-content\/uploads\/2013\/08\/cocora-1.jpg\"><img loading=\"lazy\" class=\"aligncenter size-full wp-image-1986\" alt=\"cocora-1\" src=\"http:\/\/www.agromundo.co\/blog\/wp-content\/uploads\/2013\/08\/cocora-1.jpg\" width=\"238\" height=\"158\" \/><\/a><\/p>\n<p>El Instituto Colombiano Agropecuario -ICA-, en asocio con la Corporaci\u00f3n Aut\u00f3noma Regional del Quind\u00edo -CRQ-, realiz\u00f3 la inspecci\u00f3n de los cultivos de palma de cera localizados en el municipio de Salento en el departamento de Quind\u00edo, con el objeto de identificar las causas de los problemas fitosanitarios que est\u00e1n afectando a esos parques naturales.<\/p>\n<p>Por medio de un trabajo en campo y\u00a0a trav\u00e9s de un diagn\u00f3stico cient\u00edfico realizado en la red de laboratorios del ICA, se logr\u00f3 establecer que dicha especie viene siendo afectada por tres enfermedades conocidas como Phytophthora spp ( Pudrici\u00f3n Blanda), Erwinia sp ( Pudrici\u00f3n Suave), y\u00a0el Ceratocystis sp (Mal de Machete).<\/p>\n<p>Como lo manifest\u00f3 Teresita Beltr\u00e1n Ospina, \u00a0Gerente General del ICA, una de las causas por las cuales esta especie est\u00e1 siendo afectada por dichas enfermedades , se origina en el constante pisoteo de equinos y bovinos en estos suelos, ocasionando heridas en las ra\u00edces de las plantas y dej\u00e1ndolas vulnerables a problemas fitosanitarios.<\/p>\n<p>Ante la situaci\u00f3n presentada, el Instituto hace un llamado a los diferentes productores y pobladores de la regi\u00f3n, con el fin de establecer medidas fitosanitarias que reduzcan la presencia de plagas \u00a0y enfermedades, tales como: proteger mediante cercas los lugares de las palmas para evitar el ingreso de animales; evitar la utilizaci\u00f3n de plaguicidas de manera indiscriminada; aplicar material\u00a0org\u00e1nico\u00a0compostado en el plato de las plantas como medio de repoblamiento de palmas; recolectar las palmas que han crecido espont\u00e1neamente y reubicarlas en otros espacios en los que se han perdido estas siembras, entre otros.<\/p>\n<p>Adicionalmente, insisti\u00f3 en la necesidad de que los visitantes a esta zona del pa\u00eds, se concienticen sobre el adecuado cuidado de los bosques. As\u00ed mismo, lograr que los usuarios y propietarios de los equinos no aten sus animales al tronco de las palmas, pues la cera de esta parte de la planta constituye el medio de defensa de los ataques de plagas y enfermedade.<\/p>\n<p>Finalmente, se recomienda la realizaci\u00f3n de inspecciones permanentes con personal de la CRQ, a fin de determinar los momentos en los cuales la planta se torna m\u00e1s\u00a0susceptible\u00a0a la\u00a0afectaci\u00f3n\u00a0por los\u00a0pat\u00f3genos\u00a0y llevar a cabo pruebas de campo mediante la\u00a0aplicaci\u00f3n\u00a0de bioinsumos, evaluando sus respuestas.<\/p>\n<p>Fuente: Instituto Colombiano Agropecuario.<\/p>\n<p>Nota patrocinada por:<\/p>\n<p><a href=\"http:\/\/www.agromundo.co\/plastigoma-pisos-de-caucho\/classifieds.html\"><img loading=\"lazy\" class=\"size-full wp-image-1334 alignleft\" alt=\"Pisos Pesebreras[1]\" src=\"http:\/\/www.agromundo.co\/blog\/wp-content\/uploads\/2013\/05\/Pisos-Pesebreras1.jpg\" width=\"189\" height=\"120\" \/><\/a><a href=\"http:\/\/www.agromundo.co\/aqua-fan-sas.html\"><img loading=\"lazy\" class=\"size-full wp-image-1313 alignright\" alt=\"Aquafan\" src=\"http:\/\/www.agromundo.co\/blog\/wp-content\/uploads\/2013\/04\/Aquafan.jpg\" width=\"120\" height=\"120\" \/><\/a><\/p>\n","protected":false},"excerpt":{"rendered":"<p>El Instituto Colombiano Agropecuario -ICA-, en asocio con la Corporaci\u00f3n Aut\u00f3noma Regional del Quind\u00edo -CRQ-, realiz\u00f3 la inspecci\u00f3n de los cultivos de palma de cera localizados en el municipio de Salento en el departamento de Quind\u00edo, con el objeto de identificar las causas de los problemas fitosanitarios que est\u00e1n afectando a esos parques naturales. Por [&hellip;]<\/p>\n","protected":false},"author":1,"featured_media":1986,"comment_status":"open","ping_status":"open","sticky":false,"template":"","format":"standard","meta":[],"categories":[5,9,11,6],"tags":[966,969,962,967,968,965,964],"yoast_head":"<!-- This site is optimized with the Yoast SEO plugin v17.3 - https:\/\/yoast.com\/wordpress\/plugins\/seo\/ -->\n<meta name=\"description\" content=\"La Palma de cera del Quind\u00edo viene siendo afectada por tres enfermedades conocidas como Pudrici\u00f3n Blanda, Pudrici\u00f3n Suave y Mal de Machete.\" \/>\n<meta name=\"robots\" content=\"index, follow, max-snippet:-1, max-image-preview:large, max-video-preview:-1\" \/>\n<link rel=\"canonical\" href=\"https:\/\/www.agromundo.co\/blog\/palma-de-cera-del-quindio-se-estudian-las-causas-de-las-enfermedades-que-las-estan-afectando\/\" \/>\n<meta property=\"og:locale\" content=\"es_ES\" \/>\n<meta property=\"og:type\" content=\"article\" \/>\n<meta property=\"og:title\" content=\"Palma de cera del Quind\u00edo: Se estudian las causas de las ...\" \/>\n<meta property=\"og:description\" content=\"La Palma de cera del Quind\u00edo viene siendo afectada por tres enfermedades conocidas como Pudrici\u00f3n Blanda, Pudrici\u00f3n Suave y Mal de Machete.\" \/>\n<meta property=\"og:url\" content=\"https:\/\/www.agromundo.co\/blog\/palma-de-cera-del-quindio-se-estudian-las-causas-de-las-enfermedades-que-las-estan-afectando\/\" \/>\n<meta property=\"og:site_name\" content=\"Notiagro\" \/>\n<meta property=\"article:published_time\" content=\"2013-08-23T15:25:58+00:00\" \/>\n<meta property=\"og:image\" content=\"http:\/\/www.agromundo.co\/blog\/wp-content\/uploads\/2013\/08\/cocora-1.jpg\" \/>\n\t<meta property=\"og:image:width\" content=\"238\" \/>\n\t<meta property=\"og:image:height\" content=\"158\" \/>\n<meta name=\"twitter:label1\" content=\"Escrito por\" \/>\n\t<meta name=\"twitter:data1\" content=\"admin\" \/>\n\t<meta name=\"twitter:label2\" content=\"Tiempo de lectura\" \/>\n\t<meta name=\"twitter:data2\" content=\"2 minutos\" \/>\n<script type=\"application\/ld+json\" class=\"yoast-schema-graph\">{\"@context\":\"https:\/\/schema.org\",\"@graph\":[{\"@type\":\"WebSite\",\"@id\":\"https:\/\/www.agromundo.co\/blog\/#website\",\"url\":\"https:\/\/www.agromundo.co\/blog\/\",\"name\":\"Notiagro\",\"description\":\"Noticias y eventos sector agropecuario colombiano\",\"potentialAction\":[{\"@type\":\"SearchAction\",\"target\":{\"@type\":\"EntryPoint\",\"urlTemplate\":\"https:\/\/www.agromundo.co\/blog\/?s={search_term_string}\"},\"query-input\":\"required name=search_term_string\"}],\"inLanguage\":\"es\"},{\"@type\":\"ImageObject\",\"@id\":\"https:\/\/www.agromundo.co\/blog\/palma-de-cera-del-quindio-se-estudian-las-causas-de-las-enfermedades-que-las-estan-afectando\/#primaryimage\",\"inLanguage\":\"es\",\"url\":\"https:\/\/www.agromundo.co\/blog\/wp-content\/uploads\/2013\/08\/cocora-1.jpg\",\"contentUrl\":\"https:\/\/www.agromundo.co\/blog\/wp-content\/uploads\/2013\/08\/cocora-1.jpg\",\"width\":238,\"height\":158},{\"@type\":\"WebPage\",\"@id\":\"https:\/\/www.agromundo.co\/blog\/palma-de-cera-del-quindio-se-estudian-las-causas-de-las-enfermedades-que-las-estan-afectando\/#webpage\",\"url\":\"https:\/\/www.agromundo.co\/blog\/palma-de-cera-del-quindio-se-estudian-las-causas-de-las-enfermedades-que-las-estan-afectando\/\",\"name\":\"Palma de cera del Quind\\u00edo: Se estudian las causas de las ...\",\"isPartOf\":{\"@id\":\"https:\/\/www.agromundo.co\/blog\/#website\"},\"primaryImageOfPage\":{\"@id\":\"https:\/\/www.agromundo.co\/blog\/palma-de-cera-del-quindio-se-estudian-las-causas-de-las-enfermedades-que-las-estan-afectando\/#primaryimage\"},\"datePublished\":\"2013-08-23T15:25:58+00:00\",\"dateModified\":\"2013-08-23T15:25:58+00:00\",\"author\":{\"@id\":\"https:\/\/www.agromundo.co\/blog\/#\/schema\/person\/3e07d858c3c7a93ebf4ad3785559d35d\"},\"description\":\"La Palma de cera del Quind\\u00edo viene siendo afectada por tres enfermedades conocidas como Pudrici\\u00f3n Blanda, Pudrici\\u00f3n Suave y Mal de Machete.\",\"breadcrumb\":{\"@id\":\"https:\/\/www.agromundo.co\/blog\/palma-de-cera-del-quindio-se-estudian-las-causas-de-las-enfermedades-que-las-estan-afectando\/#breadcrumb\"},\"inLanguage\":\"es\",\"potentialAction\":[{\"@type\":\"ReadAction\",\"target\":[\"https:\/\/www.agromundo.co\/blog\/palma-de-cera-del-quindio-se-estudian-las-causas-de-las-enfermedades-que-las-estan-afectando\/\"]}]},{\"@type\":\"BreadcrumbList\",\"@id\":\"https:\/\/www.agromundo.co\/blog\/palma-de-cera-del-quindio-se-estudian-las-causas-de-las-enfermedades-que-las-estan-afectando\/#breadcrumb\",\"itemListElement\":[{\"@type\":\"ListItem\",\"position\":1,\"name\":\"Portada\",\"item\":\"https:\/\/www.agromundo.co\/blog\/\"},{\"@type\":\"ListItem\",\"position\":2,\"name\":\"Palma de cera del Quind\\u00edo: Se estudian las causas de las enfermedades que las est\\u00e1n afectando\"}]},{\"@type\":\"Person\",\"@id\":\"https:\/\/www.agromundo.co\/blog\/#\/schema\/person\/3e07d858c3c7a93ebf4ad3785559d35d\",\"name\":\"admin\",\"image\":{\"@type\":\"ImageObject\",\"@id\":\"https:\/\/www.agromundo.co\/blog\/#personlogo\",\"inLanguage\":\"es\",\"url\":\"https:\/\/secure.gravatar.com\/avatar\/f990c4c6d966ea7f7bec9cc10bcda5ce?s=96&d=mm&r=g\",\"contentUrl\":\"https:\/\/secure.gravatar.com\/avatar\/f990c4c6d966ea7f7bec9cc10bcda5ce?s=96&d=mm&r=g\",\"caption\":\"admin\"},\"url\":\"https:\/\/www.agromundo.co\/blog\/author\/admin\/\"}]}<\/script>\n<!-- \/ Yoast SEO plugin. -->","yoast_head_json":{"description":"La Palma de cera del Quind\u00edo viene siendo afectada por tres enfermedades conocidas como Pudrici\u00f3n Blanda, Pudrici\u00f3n Suave y Mal de Machete.","robots":{"index":"index","follow":"follow","max-snippet":"max-snippet:-1","max-image-preview":"max-image-preview:large","max-video-preview":"max-video-preview:-1"},"canonical":"https:\/\/www.agromundo.co\/blog\/palma-de-cera-del-quindio-se-estudian-las-causas-de-las-enfermedades-que-las-estan-afectando\/","og_locale":"es_ES","og_type":"article","og_title":"Palma de cera del Quind\u00edo: Se estudian las causas de las ...","og_description":"La Palma de cera del Quind\u00edo viene siendo afectada por tres enfermedades conocidas como Pudrici\u00f3n Blanda, Pudrici\u00f3n Suave y Mal de Machete.","og_url":"https:\/\/www.agromundo.co\/blog\/palma-de-cera-del-quindio-se-estudian-las-causas-de-las-enfermedades-que-las-estan-afectando\/","og_site_name":"Notiagro","article_published_time":"2013-08-23T15:25:58+00:00","og_image":[{"width":238,"height":158,"url":"http:\/\/www.agromundo.co\/blog\/wp-content\/uploads\/2013\/08\/cocora-1.jpg","type":"image\/jpeg"}],"twitter_misc":{"Escrito por":"admin","Tiempo de lectura":"2 minutos"},"schema":{"@context":"https:\/\/schema.org","@graph":[{"@type":"WebSite","@id":"https:\/\/www.agromundo.co\/blog\/#website","url":"https:\/\/www.agromundo.co\/blog\/","name":"Notiagro","description":"Noticias y eventos sector agropecuario colombiano","potentialAction":[{"@type":"SearchAction","target":{"@type":"EntryPoint","urlTemplate":"https:\/\/www.agromundo.co\/blog\/?s={search_term_string}"},"query-input":"required name=search_term_string"}],"inLanguage":"es"},{"@type":"ImageObject","@id":"https:\/\/www.agromundo.co\/blog\/palma-de-cera-del-quindio-se-estudian-las-causas-de-las-enfermedades-que-las-estan-afectando\/#primaryimage","inLanguage":"es","url":"https:\/\/www.agromundo.co\/blog\/wp-content\/uploads\/2013\/08\/cocora-1.jpg","contentUrl":"https:\/\/www.agromundo.co\/blog\/wp-content\/uploads\/2013\/08\/cocora-1.jpg","width":238,"height":158},{"@type":"WebPage","@id":"https:\/\/www.agromundo.co\/blog\/palma-de-cera-del-quindio-se-estudian-las-causas-de-las-enfermedades-que-las-estan-afectando\/#webpage","url":"https:\/\/www.agromundo.co\/blog\/palma-de-cera-del-quindio-se-estudian-las-causas-de-las-enfermedades-que-las-estan-afectando\/","name":"Palma de cera del Quind\u00edo: Se estudian las causas de las ...","isPartOf":{"@id":"https:\/\/www.agromundo.co\/blog\/#website"},"primaryImageOfPage":{"@id":"https:\/\/www.agromundo.co\/blog\/palma-de-cera-del-quindio-se-estudian-las-causas-de-las-enfermedades-que-las-estan-afectando\/#primaryimage"},"datePublished":"2013-08-23T15:25:58+00:00","dateModified":"2013-08-23T15:25:58+00:00","author":{"@id":"https:\/\/www.agromundo.co\/blog\/#\/schema\/person\/3e07d858c3c7a93ebf4ad3785559d35d"},"description":"La Palma de cera del Quind\u00edo viene siendo afectada por tres enfermedades conocidas como Pudrici\u00f3n Blanda, Pudrici\u00f3n Suave y Mal de Machete.","breadcrumb":{"@id":"https:\/\/www.agromundo.co\/blog\/palma-de-cera-del-quindio-se-estudian-las-causas-de-las-enfermedades-que-las-estan-afectando\/#breadcrumb"},"inLanguage":"es","potentialAction":[{"@type":"ReadAction","target":["https:\/\/www.agromundo.co\/blog\/palma-de-cera-del-quindio-se-estudian-las-causas-de-las-enfermedades-que-las-estan-afectando\/"]}]},{"@type":"BreadcrumbList","@id":"https:\/\/www.agromundo.co\/blog\/palma-de-cera-del-quindio-se-estudian-las-causas-de-las-enfermedades-que-las-estan-afectando\/#breadcrumb","itemListElement":[{"@type":"ListItem","position":1,"name":"Portada","item":"https:\/\/www.agromundo.co\/blog\/"},{"@type":"ListItem","position":2,"name":"Palma de cera del Quind\u00edo: Se estudian las causas de las enfermedades que las est\u00e1n afectando"}]},{"@type":"Person","@id":"https:\/\/www.agromundo.co\/blog\/#\/schema\/person\/3e07d858c3c7a93ebf4ad3785559d35d","name":"admin","image":{"@type":"ImageObject","@id":"https:\/\/www.agromundo.co\/blog\/#personlogo","inLanguage":"es","url":"https:\/\/secure.gravatar.com\/avatar\/f990c4c6d966ea7f7bec9cc10bcda5ce?s=96&d=mm&r=g","contentUrl":"https:\/\/secure.gravatar.com\/avatar\/f990c4c6d966ea7f7bec9cc10bcda5ce?s=96&d=mm&r=g","caption":"admin"},"url":"https:\/\/www.agromundo.co\/blog\/author\/admin\/"}]}},"_links":{"self":[{"href":"https:\/\/www.agromundo.co\/blog\/wp-json\/wp\/v2\/posts\/1985"}],"collection":[{"href":"https:\/\/www.agromundo.co\/blog\/wp-json\/wp\/v2\/posts"}],"about":[{"href":"https:\/\/www.agromundo.co\/blog\/wp-json\/wp\/v2\/types\/post"}],"author":[{"embeddable":true,"href":"https:\/\/www.agromundo.co\/blog\/wp-json\/wp\/v2\/users\/1"}],"replies":[{"embeddable":true,"href":"https:\/\/www.agromundo.co\/blog\/wp-json\/wp\/v2\/comments?post=1985"}],"version-history":[{"count":4,"href":"https:\/\/www.agromundo.co\/blog\/wp-json\/wp\/v2\/posts\/1985\/revisions"}],"predecessor-version":[{"id":1990,"href":"https:\/\/www.agromundo.co\/blog\/wp-json\/wp\/v2\/posts\/1985\/revisions\/1990"}],"wp:featuredmedia":[{"embeddable":true,"href":"https:\/\/www.agromundo.co\/blog\/wp-json\/wp\/v2\/media\/1986"}],"wp:attachment":[{"href":"https:\/\/www.agromundo.co\/blog\/wp-json\/wp\/v2\/media?parent=1985"}],"wp:term":[{"taxonomy":"category","embeddable":true,"href":"https:\/\/www.agromundo.co\/blog\/wp-json\/wp\/v2\/categories?post=1985"},{"taxonomy":"post_tag","embeddable":true,"href":"https:\/\/www.agromundo.co\/blog\/wp-json\/wp\/v2\/tags?post=1985"}],"curies":[{"name":"wp","href":"https:\/\/api.w.org\/{rel}","templated":true}]}}