{"id":2147,"date":"2013-09-26T14:02:06","date_gmt":"2013-09-26T14:02:06","guid":{"rendered":"http:\/\/www.agromundo.co\/blog\/?p=2147"},"modified":"2013-09-26T14:02:06","modified_gmt":"2013-09-26T14:02:06","slug":"adios-a-los-vehiculos-de-traccion-animal-en-manizales","status":"publish","type":"post","link":"https:\/\/www.agromundo.co\/blog\/adios-a-los-vehiculos-de-traccion-animal-en-manizales\/","title":{"rendered":"Adi\u00f3s a los veh\u00edculos de tracci\u00f3n animal en Manizales"},"content":{"rendered":"<p><a href=\"http:\/\/www.agromundo.co\/blog\/wp-content\/uploads\/2013\/09\/carretilleros-desfile_intercambop_de_caballo_por_moto_carro-fa-s428.jpg\"><img loading=\"lazy\" class=\"aligncenter size-full wp-image-2152\" alt=\"carretilleros-desfile_intercambop_de_caballo_por_moto_carro-fa-s428\" src=\"http:\/\/www.agromundo.co\/blog\/wp-content\/uploads\/2013\/09\/carretilleros-desfile_intercambop_de_caballo_por_moto_carro-fa-s428.jpg\" width=\"186\" height=\"124\" \/><\/a><\/p>\n<p>El diario LA PATRIA de la ciudad de Manizales en su edici\u00f3n del d\u00eda de hoy 26 de septiembre de 2013 inform\u00f3 que \u00a0se ha terminado \u00a0el tiempo para los veh\u00edculos de tracci\u00f3n animal, conocidos como carretillas o zorras en las calles de Manizales .En efecto, durante el d\u00eda de ayer, \u00a025 de septiembre, se llev\u00f3 a cabo \u00a0la\u00a0 segunda y \u00faltima etapa del \u201cPrograma de Sustituci\u00f3n de Carretillas\u201d, llevado a cabo por la Secretar\u00eda de Tr\u00e1nsito Municipal, con el que se cumple la prohibici\u00f3n\u00a0 de la circulaci\u00f3n de esta clase de veh\u00edculos en la ciudad.<br \/>\nCaras sonrientes, alegres y hasta ojos llorosos se vieron en las instalaciones del coliseo de ferias y exposiciones (Expoferias), donde se efectu\u00f3 la entrega de equinos y carretas. Jhon Jarvi Arias y su caballo \u201cConfite\u201d, \u00a0encabezaron, desde la Plaza Alfonso L\u00f3pez, la caravana de 49 zorreros, \u00a0que a\u00fan faltaban por retirarse. \u00abConfitico, hasta aqu\u00ed llegamos usted y yo\u00bb, le dijo Jhon Jarvi al equino que lo acompa\u00f1\u00f3 por siete a\u00f1os.<\/p>\n<p>Tan pronto hizo entrega de su caballo a los veterinarios que hacen parte del programa, Jhon Jarvi se dirigi\u00f3 hacia el parqueadero a recibir su motocarro, que recibi\u00f3 a cambio de la carretilla.\u00a0 Cada veh\u00edculo se encontraba marcado con el nombre del beneficiario. \u00abNo lo puedo creer. Dios quiera que nos vaya bien\u00bb, manifest\u00f3.<\/p>\n<p>El alcalde de la ciudad, Jorge Eduardo Rojas expres\u00f3 los agradecimientos a los carretilleros por acogerse al programa y por su participaci\u00f3n en los programas de capacitaci\u00f3n. Por su parte, el Secretario de Tr\u00e1nsito municipal, Juan Felipe \u00c1lvarez, \u00a0agreg\u00f3 que se ha logrado un hecho hist\u00f3rico, Manizales es la segunda ciudad de Colombia, luego de Medell\u00edn, en eliminar la circulaci\u00f3n de los veh\u00edculos de tracci\u00f3n animal.<\/p>\n<p>Y agreg\u00f3 que \u00a0se han invertido $1.238 millones hasta el momento, para la entrega de 42 motocarros y 7 unidades productivas, los que se suman a los recursos invertidos para los 36 veh\u00edculos y 4 unidades productivas que fueron asignados el 18 de diciembre del a\u00f1o 2012.<\/p>\n<p>Desde ayer, 25 de septiembre de 2013, empez\u00f3 regir el decreto que proh\u00edbe la circulaci\u00f3n de los veh\u00edculos de tracci\u00f3n animal en Manizales. Los infractores ser\u00e1n sancionados con una multa de $78.600 y la inmovilizaci\u00f3n de la carreta y el caballo. La Secretar\u00eda de Tr\u00e1nsito invita a la comunidad a informar a las autoridades si observan transitar alguna carretilla, lo que se podr\u00e1 hacer en la l\u00ednea 123 de la Polic\u00eda Nacional o en el tel\u00e9fono 8801156 de esa ciudad.<\/p>\n<p>Fuente: LA PATRIA<\/p>\n<p>Nota patrocinada por:<\/p>\n<p><a href=\"http:\/\/www.agromundo.co\/bully-concentrado-para-perros.html\"><img loading=\"lazy\" class=\"size-full wp-image-2148 alignleft\" alt=\"1570\" src=\"http:\/\/www.agromundo.co\/blog\/wp-content\/uploads\/2013\/09\/1570.jpg\" width=\"125\" height=\"123\" \/><\/a><a href=\"http:\/\/www.agromundo.co\/laboratorio-veterinario-ganacol.html\"><img loading=\"lazy\" class=\"size-full wp-image-2150 alignright\" alt=\"1571\" src=\"http:\/\/www.agromundo.co\/blog\/wp-content\/uploads\/2013\/09\/1571.jpg\" width=\"120\" height=\"120\" \/><\/a><\/p>\n","protected":false},"excerpt":{"rendered":"<p>El diario LA PATRIA de la ciudad de Manizales en su edici\u00f3n del d\u00eda de hoy 26 de septiembre de 2013 inform\u00f3 que \u00a0se ha terminado \u00a0el tiempo para los veh\u00edculos de tracci\u00f3n animal, conocidos como carretillas o zorras en las calles de Manizales .En efecto, durante el d\u00eda de ayer, \u00a025 de septiembre, se [&hellip;]<\/p>\n","protected":false},"author":1,"featured_media":2152,"comment_status":"open","ping_status":"open","sticky":false,"template":"","format":"standard","meta":[],"categories":[21,22,9,3,18,6],"tags":[293,1061,615,1062,1060,444,294],"yoast_head":"<!-- This site is optimized with the Yoast SEO plugin v17.3 - https:\/\/yoast.com\/wordpress\/plugins\/seo\/ -->\n<meta name=\"description\" content=\"Se ha terminado el tiempo para los veh\u00edculos de tracci\u00f3n animal, conocidos como carretillas o zorras en las calles de Manizales\" \/>\n<meta name=\"robots\" content=\"index, follow, max-snippet:-1, max-image-preview:large, max-video-preview:-1\" \/>\n<meta property=\"og:locale\" content=\"es_ES\" \/>\n<meta property=\"og:type\" content=\"article\" \/>\n<meta property=\"og:title\" content=\"Adi\u00f3s a los veh\u00edculos de tracci\u00f3n animal en Manizales - Notiagro\" \/>\n<meta property=\"og:description\" content=\"Se ha terminado el tiempo para los veh\u00edculos de tracci\u00f3n animal, conocidos como carretillas o zorras en las calles de Manizales\" \/>\n<meta property=\"og:site_name\" content=\"Notiagro\" \/>\n<meta property=\"article:published_time\" content=\"2013-09-26T14:02:06+00:00\" \/>\n<meta property=\"og:image\" content=\"http:\/\/www.agromundo.co\/blog\/wp-content\/uploads\/2013\/09\/carretilleros-desfile_intercambop_de_caballo_por_moto_carro-fa-s428.jpg\" \/>\n\t<meta property=\"og:image:width\" content=\"186\" \/>\n\t<meta property=\"og:image:height\" content=\"124\" \/>\n<meta name=\"twitter:label1\" content=\"Escrito por\" \/>\n\t<meta name=\"twitter:data1\" content=\"admin\" \/>\n\t<meta name=\"twitter:label2\" content=\"Tiempo de lectura\" \/>\n\t<meta name=\"twitter:data2\" content=\"2 minutos\" \/>\n<script type=\"application\/ld+json\" class=\"yoast-schema-graph\">{\"@context\":\"https:\/\/schema.org\",\"@graph\":[{\"@type\":\"WebSite\",\"@id\":\"https:\/\/www.agromundo.co\/blog\/#website\",\"url\":\"https:\/\/www.agromundo.co\/blog\/\",\"name\":\"Notiagro\",\"description\":\"Noticias y eventos sector agropecuario colombiano\",\"potentialAction\":[{\"@type\":\"SearchAction\",\"target\":{\"@type\":\"EntryPoint\",\"urlTemplate\":\"https:\/\/www.agromundo.co\/blog\/?s={search_term_string}\"},\"query-input\":\"required name=search_term_string\"}],\"inLanguage\":\"es\"},{\"@type\":\"ImageObject\",\"@id\":\"#primaryimage\",\"inLanguage\":\"es\",\"url\":\"https:\/\/www.agromundo.co\/blog\/wp-content\/uploads\/2013\/09\/carretilleros-desfile_intercambop_de_caballo_por_moto_carro-fa-s428.jpg\",\"contentUrl\":\"https:\/\/www.agromundo.co\/blog\/wp-content\/uploads\/2013\/09\/carretilleros-desfile_intercambop_de_caballo_por_moto_carro-fa-s428.jpg\",\"width\":186,\"height\":124},{\"@type\":\"WebPage\",\"@id\":\"#webpage\",\"url\":null,\"name\":\"Adi\\u00f3s a los veh\\u00edculos de tracci\\u00f3n animal en Manizales - Notiagro\",\"isPartOf\":{\"@id\":\"https:\/\/www.agromundo.co\/blog\/#website\"},\"primaryImageOfPage\":{\"@id\":\"#primaryimage\"},\"datePublished\":\"2013-09-26T14:02:06+00:00\",\"dateModified\":\"2013-09-26T14:02:06+00:00\",\"author\":{\"@id\":\"https:\/\/www.agromundo.co\/blog\/#\/schema\/person\/3e07d858c3c7a93ebf4ad3785559d35d\"},\"description\":\"Se ha terminado el tiempo para los veh\\u00edculos de tracci\\u00f3n animal, conocidos como carretillas o zorras en las calles de Manizales\",\"breadcrumb\":{\"@id\":\"#breadcrumb\"},\"inLanguage\":\"es\",\"potentialAction\":[{\"@type\":\"ReadAction\",\"target\":[null]}]},{\"@type\":\"BreadcrumbList\",\"@id\":\"#breadcrumb\",\"itemListElement\":[{\"@type\":\"ListItem\",\"position\":1,\"name\":\"Portada\",\"item\":\"https:\/\/www.agromundo.co\/blog\/\"},{\"@type\":\"ListItem\",\"position\":2,\"name\":\"Adi\\u00f3s a los veh\\u00edculos de tracci\\u00f3n animal en Manizales\"}]},{\"@type\":\"Person\",\"@id\":\"https:\/\/www.agromundo.co\/blog\/#\/schema\/person\/3e07d858c3c7a93ebf4ad3785559d35d\",\"name\":\"admin\",\"image\":{\"@type\":\"ImageObject\",\"@id\":\"https:\/\/www.agromundo.co\/blog\/#personlogo\",\"inLanguage\":\"es\",\"url\":\"https:\/\/secure.gravatar.com\/avatar\/f990c4c6d966ea7f7bec9cc10bcda5ce?s=96&d=mm&r=g\",\"contentUrl\":\"https:\/\/secure.gravatar.com\/avatar\/f990c4c6d966ea7f7bec9cc10bcda5ce?s=96&d=mm&r=g\",\"caption\":\"admin\"},\"url\":\"https:\/\/www.agromundo.co\/blog\/author\/admin\/\"}]}<\/script>\n<!-- \/ Yoast SEO plugin. -->","yoast_head_json":{"description":"Se ha terminado el tiempo para los veh\u00edculos de tracci\u00f3n animal, conocidos como carretillas o zorras en las calles de Manizales","robots":{"index":"index","follow":"follow","max-snippet":"max-snippet:-1","max-image-preview":"max-image-preview:large","max-video-preview":"max-video-preview:-1"},"og_locale":"es_ES","og_type":"article","og_title":"Adi\u00f3s a los veh\u00edculos de tracci\u00f3n animal en Manizales - Notiagro","og_description":"Se ha terminado el tiempo para los veh\u00edculos de tracci\u00f3n animal, conocidos como carretillas o zorras en las calles de Manizales","og_site_name":"Notiagro","article_published_time":"2013-09-26T14:02:06+00:00","og_image":[{"width":186,"height":124,"url":"http:\/\/www.agromundo.co\/blog\/wp-content\/uploads\/2013\/09\/carretilleros-desfile_intercambop_de_caballo_por_moto_carro-fa-s428.jpg","type":"image\/jpeg"}],"twitter_misc":{"Escrito por":"admin","Tiempo de lectura":"2 minutos"},"schema":{"@context":"https:\/\/schema.org","@graph":[{"@type":"WebSite","@id":"https:\/\/www.agromundo.co\/blog\/#website","url":"https:\/\/www.agromundo.co\/blog\/","name":"Notiagro","description":"Noticias y eventos sector agropecuario colombiano","potentialAction":[{"@type":"SearchAction","target":{"@type":"EntryPoint","urlTemplate":"https:\/\/www.agromundo.co\/blog\/?s={search_term_string}"},"query-input":"required name=search_term_string"}],"inLanguage":"es"},{"@type":"ImageObject","@id":"#primaryimage","inLanguage":"es","url":"https:\/\/www.agromundo.co\/blog\/wp-content\/uploads\/2013\/09\/carretilleros-desfile_intercambop_de_caballo_por_moto_carro-fa-s428.jpg","contentUrl":"https:\/\/www.agromundo.co\/blog\/wp-content\/uploads\/2013\/09\/carretilleros-desfile_intercambop_de_caballo_por_moto_carro-fa-s428.jpg","width":186,"height":124},{"@type":"WebPage","@id":"#webpage","url":null,"name":"Adi\u00f3s a los veh\u00edculos de tracci\u00f3n animal en Manizales - Notiagro","isPartOf":{"@id":"https:\/\/www.agromundo.co\/blog\/#website"},"primaryImageOfPage":{"@id":"#primaryimage"},"datePublished":"2013-09-26T14:02:06+00:00","dateModified":"2013-09-26T14:02:06+00:00","author":{"@id":"https:\/\/www.agromundo.co\/blog\/#\/schema\/person\/3e07d858c3c7a93ebf4ad3785559d35d"},"description":"Se ha terminado el tiempo para los veh\u00edculos de tracci\u00f3n animal, conocidos como carretillas o zorras en las calles de Manizales","breadcrumb":{"@id":"#breadcrumb"},"inLanguage":"es","potentialAction":[{"@type":"ReadAction","target":[null]}]},{"@type":"BreadcrumbList","@id":"#breadcrumb","itemListElement":[{"@type":"ListItem","position":1,"name":"Portada","item":"https:\/\/www.agromundo.co\/blog\/"},{"@type":"ListItem","position":2,"name":"Adi\u00f3s a los veh\u00edculos de tracci\u00f3n animal en Manizales"}]},{"@type":"Person","@id":"https:\/\/www.agromundo.co\/blog\/#\/schema\/person\/3e07d858c3c7a93ebf4ad3785559d35d","name":"admin","image":{"@type":"ImageObject","@id":"https:\/\/www.agromundo.co\/blog\/#personlogo","inLanguage":"es","url":"https:\/\/secure.gravatar.com\/avatar\/f990c4c6d966ea7f7bec9cc10bcda5ce?s=96&d=mm&r=g","contentUrl":"https:\/\/secure.gravatar.com\/avatar\/f990c4c6d966ea7f7bec9cc10bcda5ce?s=96&d=mm&r=g","caption":"admin"},"url":"https:\/\/www.agromundo.co\/blog\/author\/admin\/"}]}},"_links":{"self":[{"href":"https:\/\/www.agromundo.co\/blog\/wp-json\/wp\/v2\/posts\/2147"}],"collection":[{"href":"https:\/\/www.agromundo.co\/blog\/wp-json\/wp\/v2\/posts"}],"about":[{"href":"https:\/\/www.agromundo.co\/blog\/wp-json\/wp\/v2\/types\/post"}],"author":[{"embeddable":true,"href":"https:\/\/www.agromundo.co\/blog\/wp-json\/wp\/v2\/users\/1"}],"replies":[{"embeddable":true,"href":"https:\/\/www.agromundo.co\/blog\/wp-json\/wp\/v2\/comments?post=2147"}],"version-history":[{"count":5,"href":"https:\/\/www.agromundo.co\/blog\/wp-json\/wp\/v2\/posts\/2147\/revisions"}],"predecessor-version":[{"id":2155,"href":"https:\/\/www.agromundo.co\/blog\/wp-json\/wp\/v2\/posts\/2147\/revisions\/2155"}],"wp:featuredmedia":[{"embeddable":true,"href":"https:\/\/www.agromundo.co\/blog\/wp-json\/wp\/v2\/media\/2152"}],"wp:attachment":[{"href":"https:\/\/www.agromundo.co\/blog\/wp-json\/wp\/v2\/media?parent=2147"}],"wp:term":[{"taxonomy":"category","embeddable":true,"href":"https:\/\/www.agromundo.co\/blog\/wp-json\/wp\/v2\/categories?post=2147"},{"taxonomy":"post_tag","embeddable":true,"href":"https:\/\/www.agromundo.co\/blog\/wp-json\/wp\/v2\/tags?post=2147"}],"curies":[{"name":"wp","href":"https:\/\/api.w.org\/{rel}","templated":true}]}}