{"id":2387,"date":"2013-11-13T16:44:00","date_gmt":"2013-11-13T16:44:00","guid":{"rendered":"http:\/\/www.agromundo.co\/blog\/?p=2387"},"modified":"2013-11-13T16:44:00","modified_gmt":"2013-11-13T16:44:00","slug":"xi-feria-equina-de-mariquita-tolima-y-feria-agroindustrial","status":"publish","type":"post","link":"https:\/\/www.agromundo.co\/blog\/xi-feria-equina-de-mariquita-tolima-y-feria-agroindustrial\/","title":{"rendered":"XI Feria  equina de Mariquita (Tolima) y feria agroindustrial"},"content":{"rendered":"<p><a href=\"http:\/\/www.agromundo.co\/blog\/wp-content\/uploads\/2013\/11\/mariquita2.jpg\"><img loading=\"lazy\" class=\"aligncenter size-full wp-image-2388\" alt=\"mariquita2\" src=\"http:\/\/www.agromundo.co\/blog\/wp-content\/uploads\/2013\/11\/mariquita2.jpg\" width=\"200\" height=\"160\" \/><\/a><\/p>\n<p>.<\/p>\n<p>La Junta de Ferias Equina y Comercial Ganadera, en coordinaci\u00f3n con la alcald\u00eda de San Sebasti\u00e1n de Mariquita, est\u00e1n invitando a la XI Feria equina de Mariquita\u00a0 y agroindustrial que se llevar\u00e1 a cabo en esa ciudad durante los d\u00edas 15, 16 y 17 de noviembre de 2013 y paralelamente a la feria comercial ganadera los d\u00edas 14 y 15 del mismo mes.<\/p>\n<p>El evento se iniciar\u00e1 con la gran cabalgata el d\u00eda 15 de noviembre a partir de las 03:00 p.m.<\/p>\n<p><b>Programaci\u00f3n:<\/b><\/p>\n<ul>\n<li>Jueves 14 de noviembre. Complejo Ferial Humatepa.<\/li>\n<\/ul>\n<p>08:00 a.m. Feria comercial ganadera.<\/p>\n<ul>\n<li>Viernes 15 de noviembre. Granja Municipal Carpa Coliseo.<\/li>\n<\/ul>\n<p>08:00 a.m. Entrada de ejemplares.<\/p>\n<p>03:00 p.m. Cabalgata: Salida: Complejo Ferial Humatepa. Llegada: Granja Municipal.<\/p>\n<p>07:00 p.m. Coctel y fiesta de bienvenida a expositores y caballistas.<\/p>\n<ul>\n<li>S\u00e1bado 16 de noviembre: Granja Municipal Carpa Coliseo.<\/li>\n<\/ul>\n<p>11:00 a.m. Juzgamiento mulares y asnales.<\/p>\n<p>\u00a0\u00a0\u00a0\u00a0\u00a0 Juzgamiento Trote y Galope.<\/p>\n<p>\u00a0\u00a0\u00a0\u00a0\u00a0 Juzgamiento Trocha y Galope.<\/p>\n<ul>\n<li>Domingo 17 de noviembre: Granja Municipal Carpa Coliseo.<\/li>\n<\/ul>\n<p>08:00 a.m. Exposici\u00f3n canina.<\/p>\n<p>10.00 a.m. Chalaner\u00eda infantil.<\/p>\n<p>01:00 p.m. Juzgamiento Paso Fino Colombiano.<\/p>\n<p>\u00a0\u00a0\u00a0\u00a0\u00a0\u00a0\u00a0\u00a0\u00a0\u00a0\u00a0\u00a0\u00a0\u00a0\u00a0\u00a0 Juzgamiento Trocha.<\/p>\n<p><b>Requisitos:<\/b><\/p>\n<ul>\n<li>Registro original expedido por una asociaci\u00f3n federada.<b><\/b><\/li>\n<li>Genotipificaci\u00f3n por DNA.<b><\/b><\/li>\n<li>Identificaci\u00f3n del ejemplar con microchip.<b><\/b><\/li>\n<li>Certificado m\u00e9dico veterinario (validez 5 d\u00edas).<b><\/b><\/li>\n<li>Certificado negativo de prueba A.I.E. Convenio ICA \u2013 Fedequinas (120 d\u00edas de validez)<b><\/b><\/li>\n<li>Licencia de movilizaci\u00f3n del ICA.<b><\/b><\/li>\n<li>Certificado de vacunaci\u00f3n vigente contra Encefalitis Equina Venezolana con m\u00e1s de 15 d\u00edas de vacunado (validez 2 a\u00f1os).<b><\/b><\/li>\n<li>Certificado de vacunaci\u00f3n contra Influenza Equina, con m\u00e1s de 15 d\u00edas de vacunado (validez 1 a\u00f1o).<b><\/b><\/li>\n<\/ul>\n<p><b>Valor inscripci\u00f3n: $65.000.<\/b><\/p>\n<p><b>Informes: Cel. 313 394 9290 \u2013 313 390 5958<\/b><\/p>\n<p>Nota patrocinada por:<\/p>\n<p><a href=\"http:\/\/www.agromundo.co\/plastigoma-pisos-de-caucho.html\"><img loading=\"lazy\" class=\"size-full wp-image-1334 alignleft\" alt=\"Pisos Pesebreras[1]\" src=\"http:\/\/www.agromundo.co\/blog\/wp-content\/uploads\/2013\/05\/Pisos-Pesebreras1.jpg\" width=\"189\" height=\"120\" \/><\/a><a href=\"http:\/\/www.agromundo.co\/aqua-fan-sas.html\"><img loading=\"lazy\" class=\"size-full wp-image-1313 alignright\" alt=\"Aquafan\" src=\"http:\/\/www.agromundo.co\/blog\/wp-content\/uploads\/2013\/04\/Aquafan.jpg\" width=\"120\" height=\"120\" \/><\/a><\/p>\n","protected":false},"excerpt":{"rendered":"<p>. La Junta de Ferias Equina y Comercial Ganadera, en coordinaci\u00f3n con la alcald\u00eda de San Sebasti\u00e1n de Mariquita, est\u00e1n invitando a la XI Feria equina de Mariquita\u00a0 y agroindustrial que se llevar\u00e1 a cabo en esa ciudad durante los d\u00edas 15, 16 y 17 de noviembre de 2013 y paralelamente a la feria comercial [&hellip;]<\/p>\n","protected":false},"author":1,"featured_media":2388,"comment_status":"open","ping_status":"open","sticky":false,"template":"","format":"standard","meta":[],"categories":[22,8,6],"tags":[692,212,1230,451,784,370,327,328],"yoast_head":"<!-- This site is optimized with the Yoast SEO plugin v17.3 - https:\/\/yoast.com\/wordpress\/plugins\/seo\/ -->\n<meta name=\"description\" content=\"La XI Feria equina de Mariquita y agroindustrial se llevar\u00e1 a cabo entre los d\u00edas 15 y 17 de noviembre de 2013 y paralelamente a la feria comercial ganadera\" \/>\n<meta name=\"robots\" content=\"index, follow, max-snippet:-1, max-image-preview:large, max-video-preview:-1\" \/>\n<meta property=\"og:locale\" content=\"es_ES\" \/>\n<meta property=\"og:type\" content=\"article\" \/>\n<meta property=\"og:title\" content=\"XI Feria equina de Mariquita (Tolima) y feria agroindustrial - ...\" \/>\n<meta property=\"og:description\" content=\"La XI Feria equina de Mariquita y agroindustrial se llevar\u00e1 a cabo entre los d\u00edas 15 y 17 de noviembre de 2013 y paralelamente a la feria comercial ganadera\" \/>\n<meta property=\"og:site_name\" content=\"Notiagro\" \/>\n<meta property=\"article:published_time\" content=\"2013-11-13T16:44:00+00:00\" \/>\n<meta property=\"og:image\" content=\"http:\/\/www.agromundo.co\/blog\/wp-content\/uploads\/2013\/11\/mariquita2.jpg\" \/>\n\t<meta property=\"og:image:width\" content=\"200\" \/>\n\t<meta property=\"og:image:height\" content=\"160\" \/>\n<meta name=\"twitter:label1\" content=\"Escrito por\" \/>\n\t<meta name=\"twitter:data1\" content=\"admin\" \/>\n\t<meta name=\"twitter:label2\" content=\"Tiempo de lectura\" \/>\n\t<meta name=\"twitter:data2\" content=\"1 minuto\" \/>\n<script type=\"application\/ld+json\" class=\"yoast-schema-graph\">{\"@context\":\"https:\/\/schema.org\",\"@graph\":[{\"@type\":\"WebSite\",\"@id\":\"https:\/\/www.agromundo.co\/blog\/#website\",\"url\":\"https:\/\/www.agromundo.co\/blog\/\",\"name\":\"Notiagro\",\"description\":\"Noticias y eventos sector agropecuario colombiano\",\"potentialAction\":[{\"@type\":\"SearchAction\",\"target\":{\"@type\":\"EntryPoint\",\"urlTemplate\":\"https:\/\/www.agromundo.co\/blog\/?s={search_term_string}\"},\"query-input\":\"required name=search_term_string\"}],\"inLanguage\":\"es\"},{\"@type\":\"ImageObject\",\"@id\":\"#primaryimage\",\"inLanguage\":\"es\",\"url\":\"https:\/\/www.agromundo.co\/blog\/wp-content\/uploads\/2013\/11\/mariquita2.jpg\",\"contentUrl\":\"https:\/\/www.agromundo.co\/blog\/wp-content\/uploads\/2013\/11\/mariquita2.jpg\",\"width\":200,\"height\":160},{\"@type\":\"WebPage\",\"@id\":\"#webpage\",\"url\":null,\"name\":\"XI Feria equina de Mariquita (Tolima) y feria agroindustrial - ...\",\"isPartOf\":{\"@id\":\"https:\/\/www.agromundo.co\/blog\/#website\"},\"primaryImageOfPage\":{\"@id\":\"#primaryimage\"},\"datePublished\":\"2013-11-13T16:44:00+00:00\",\"dateModified\":\"2013-11-13T16:44:00+00:00\",\"author\":{\"@id\":\"https:\/\/www.agromundo.co\/blog\/#\/schema\/person\/3e07d858c3c7a93ebf4ad3785559d35d\"},\"description\":\"La XI Feria equina de Mariquita y agroindustrial se llevar\\u00e1 a cabo entre los d\\u00edas 15 y 17 de noviembre de 2013 y paralelamente a la feria comercial ganadera\",\"breadcrumb\":{\"@id\":\"#breadcrumb\"},\"inLanguage\":\"es\",\"potentialAction\":[{\"@type\":\"ReadAction\",\"target\":[null]}]},{\"@type\":\"BreadcrumbList\",\"@id\":\"#breadcrumb\",\"itemListElement\":[{\"@type\":\"ListItem\",\"position\":1,\"name\":\"Portada\",\"item\":\"https:\/\/www.agromundo.co\/blog\/\"},{\"@type\":\"ListItem\",\"position\":2,\"name\":\"XI Feria equina de Mariquita (Tolima) y feria agroindustrial\"}]},{\"@type\":\"Person\",\"@id\":\"https:\/\/www.agromundo.co\/blog\/#\/schema\/person\/3e07d858c3c7a93ebf4ad3785559d35d\",\"name\":\"admin\",\"image\":{\"@type\":\"ImageObject\",\"@id\":\"https:\/\/www.agromundo.co\/blog\/#personlogo\",\"inLanguage\":\"es\",\"url\":\"https:\/\/secure.gravatar.com\/avatar\/f990c4c6d966ea7f7bec9cc10bcda5ce?s=96&d=mm&r=g\",\"contentUrl\":\"https:\/\/secure.gravatar.com\/avatar\/f990c4c6d966ea7f7bec9cc10bcda5ce?s=96&d=mm&r=g\",\"caption\":\"admin\"},\"url\":\"https:\/\/www.agromundo.co\/blog\/author\/admin\/\"}]}<\/script>\n<!-- \/ Yoast SEO plugin. -->","yoast_head_json":{"description":"La XI Feria equina de Mariquita y agroindustrial se llevar\u00e1 a cabo entre los d\u00edas 15 y 17 de noviembre de 2013 y paralelamente a la feria comercial ganadera","robots":{"index":"index","follow":"follow","max-snippet":"max-snippet:-1","max-image-preview":"max-image-preview:large","max-video-preview":"max-video-preview:-1"},"og_locale":"es_ES","og_type":"article","og_title":"XI Feria equina de Mariquita (Tolima) y feria agroindustrial - ...","og_description":"La XI Feria equina de Mariquita y agroindustrial se llevar\u00e1 a cabo entre los d\u00edas 15 y 17 de noviembre de 2013 y paralelamente a la feria comercial ganadera","og_site_name":"Notiagro","article_published_time":"2013-11-13T16:44:00+00:00","og_image":[{"width":200,"height":160,"url":"http:\/\/www.agromundo.co\/blog\/wp-content\/uploads\/2013\/11\/mariquita2.jpg","type":"image\/jpeg"}],"twitter_misc":{"Escrito por":"admin","Tiempo de lectura":"1 minuto"},"schema":{"@context":"https:\/\/schema.org","@graph":[{"@type":"WebSite","@id":"https:\/\/www.agromundo.co\/blog\/#website","url":"https:\/\/www.agromundo.co\/blog\/","name":"Notiagro","description":"Noticias y eventos sector agropecuario colombiano","potentialAction":[{"@type":"SearchAction","target":{"@type":"EntryPoint","urlTemplate":"https:\/\/www.agromundo.co\/blog\/?s={search_term_string}"},"query-input":"required name=search_term_string"}],"inLanguage":"es"},{"@type":"ImageObject","@id":"#primaryimage","inLanguage":"es","url":"https:\/\/www.agromundo.co\/blog\/wp-content\/uploads\/2013\/11\/mariquita2.jpg","contentUrl":"https:\/\/www.agromundo.co\/blog\/wp-content\/uploads\/2013\/11\/mariquita2.jpg","width":200,"height":160},{"@type":"WebPage","@id":"#webpage","url":null,"name":"XI Feria equina de Mariquita (Tolima) y feria agroindustrial - ...","isPartOf":{"@id":"https:\/\/www.agromundo.co\/blog\/#website"},"primaryImageOfPage":{"@id":"#primaryimage"},"datePublished":"2013-11-13T16:44:00+00:00","dateModified":"2013-11-13T16:44:00+00:00","author":{"@id":"https:\/\/www.agromundo.co\/blog\/#\/schema\/person\/3e07d858c3c7a93ebf4ad3785559d35d"},"description":"La XI Feria equina de Mariquita y agroindustrial se llevar\u00e1 a cabo entre los d\u00edas 15 y 17 de noviembre de 2013 y paralelamente a la feria comercial ganadera","breadcrumb":{"@id":"#breadcrumb"},"inLanguage":"es","potentialAction":[{"@type":"ReadAction","target":[null]}]},{"@type":"BreadcrumbList","@id":"#breadcrumb","itemListElement":[{"@type":"ListItem","position":1,"name":"Portada","item":"https:\/\/www.agromundo.co\/blog\/"},{"@type":"ListItem","position":2,"name":"XI Feria equina de Mariquita (Tolima) y feria agroindustrial"}]},{"@type":"Person","@id":"https:\/\/www.agromundo.co\/blog\/#\/schema\/person\/3e07d858c3c7a93ebf4ad3785559d35d","name":"admin","image":{"@type":"ImageObject","@id":"https:\/\/www.agromundo.co\/blog\/#personlogo","inLanguage":"es","url":"https:\/\/secure.gravatar.com\/avatar\/f990c4c6d966ea7f7bec9cc10bcda5ce?s=96&d=mm&r=g","contentUrl":"https:\/\/secure.gravatar.com\/avatar\/f990c4c6d966ea7f7bec9cc10bcda5ce?s=96&d=mm&r=g","caption":"admin"},"url":"https:\/\/www.agromundo.co\/blog\/author\/admin\/"}]}},"_links":{"self":[{"href":"https:\/\/www.agromundo.co\/blog\/wp-json\/wp\/v2\/posts\/2387"}],"collection":[{"href":"https:\/\/www.agromundo.co\/blog\/wp-json\/wp\/v2\/posts"}],"about":[{"href":"https:\/\/www.agromundo.co\/blog\/wp-json\/wp\/v2\/types\/post"}],"author":[{"embeddable":true,"href":"https:\/\/www.agromundo.co\/blog\/wp-json\/wp\/v2\/users\/1"}],"replies":[{"embeddable":true,"href":"https:\/\/www.agromundo.co\/blog\/wp-json\/wp\/v2\/comments?post=2387"}],"version-history":[{"count":3,"href":"https:\/\/www.agromundo.co\/blog\/wp-json\/wp\/v2\/posts\/2387\/revisions"}],"predecessor-version":[{"id":2391,"href":"https:\/\/www.agromundo.co\/blog\/wp-json\/wp\/v2\/posts\/2387\/revisions\/2391"}],"wp:featuredmedia":[{"embeddable":true,"href":"https:\/\/www.agromundo.co\/blog\/wp-json\/wp\/v2\/media\/2388"}],"wp:attachment":[{"href":"https:\/\/www.agromundo.co\/blog\/wp-json\/wp\/v2\/media?parent=2387"}],"wp:term":[{"taxonomy":"category","embeddable":true,"href":"https:\/\/www.agromundo.co\/blog\/wp-json\/wp\/v2\/categories?post=2387"},{"taxonomy":"post_tag","embeddable":true,"href":"https:\/\/www.agromundo.co\/blog\/wp-json\/wp\/v2\/tags?post=2387"}],"curies":[{"name":"wp","href":"https:\/\/api.w.org\/{rel}","templated":true}]}}