{"id":2492,"date":"2013-12-09T15:43:42","date_gmt":"2013-12-09T15:43:42","guid":{"rendered":"http:\/\/www.agromundo.co\/blog\/?p=2492"},"modified":"2013-12-09T15:43:42","modified_gmt":"2013-12-09T15:43:42","slug":"restriccion-vehicular-temporada-de-fin-de-ano","status":"publish","type":"post","link":"https:\/\/www.agromundo.co\/blog\/restriccion-vehicular-temporada-de-fin-de-ano\/","title":{"rendered":"Restricci\u00f3n vehicular temporada de fin de a\u00f1o"},"content":{"rendered":"<p><a href=\"http:\/\/www.agromundo.co\/blog\/wp-content\/uploads\/2013\/12\/043n1soc-11.jpg\"><img loading=\"lazy\" class=\"aligncenter size-full wp-image-2496\" alt=\"043n1soc-1\" src=\"http:\/\/www.agromundo.co\/blog\/wp-content\/uploads\/2013\/12\/043n1soc-11.jpg\" width=\"180\" height=\"119\" \/><\/a><\/p>\n<p>Restricci\u00f3n vehicular:<\/p>\n<p>Dando cumplimiento a lo establecido en el art\u00edculo 3.3 \u00a0de la Resoluci\u00f3n 3226 del 25 de mayo de 2012, \u201cTEMPORADAS DE NAVIDAD &#8211; A\u00d1O NUEVO Y REYES\u201d 2013 &#8211; 2014, el Ministerio de Transporte comunica a las asociaciones del sector transporte, gremios, usuarios de la red vial nacional e interesados, que\u00a0\u00a0una vez analizado el comportamiento\u00a0 del volumen de tr\u00e1fico de veh\u00edculos\u00a0presentado en la red vial nacional el d\u00eda viernes 6 de diciembre y durante las primeras hora del\u00a0 s\u00e1bado 7,\u00a0se\u00a0 modifica la restricci\u00f3n de circulaci\u00f3n de \u00a0veh\u00edculos de carga, quedando de la siguiente manera :<\/p>\n<div align=\"center\">\n<table width=\"603\" border=\"1\" cellspacing=\"0\" cellpadding=\"0\">\n<tbody>\n<tr>\n<td colspan=\"3\" width=\"697\">\n<p align=\"center\">\u00a0FECHAS, HORAS Y CORREDORES VIALES \u00a0QUE SER\u00c1N OBJETO DE LA RESTRICCI\u00d3N VEHICULAR PARA EL TR\u00c1NSITO DE VEH\u00cdCULOS DE CARGA CON CAPACIDAD SUPERIOR A 3.4 TONELADAS EN CUNDINAMARCA Y OTROS DEPARTAMENTOS.<\/p>\n<\/td>\n<\/tr>\n<tr>\n<td width=\"140\">\n<p align=\"center\">S\u00e1bado<\/p>\n<\/td>\n<td width=\"197\">\n<p align=\"center\">7 De Diciembre<\/p>\n<\/td>\n<td width=\"361\">\n<p align=\"center\">07:00 A 14:00 HORAS<\/p>\n<\/td>\n<\/tr>\n<tr>\n<td width=\"140\">\n<p align=\"center\">Domingo<\/p>\n<\/td>\n<td width=\"197\">\n<p align=\"center\">8 De Diciembre<\/p>\n<\/td>\n<td width=\"361\">\n<p align=\"center\">12:00 A 23:00 HORAS<\/p>\n<\/td>\n<\/tr>\n<tr>\n<td width=\"140\">\n<p align=\"center\">Viernes<\/p>\n<\/td>\n<td width=\"197\">\n<p align=\"center\">20 De Diciembre<\/p>\n<\/td>\n<td width=\"361\">\n<p align=\"center\">16:00 A 21:00 HORAS<\/p>\n<\/td>\n<\/tr>\n<tr>\n<td width=\"140\">\n<p align=\"center\">S\u00e1bado<\/p>\n<\/td>\n<td width=\"197\">\n<p align=\"center\">21 De Diciembre<\/p>\n<\/td>\n<td width=\"361\">\n<p align=\"center\">06:00 A 18:00 HORAS<\/p>\n<\/td>\n<\/tr>\n<tr>\n<td width=\"140\">\n<p align=\"center\">Martes<\/p>\n<\/td>\n<td width=\"197\">\n<p align=\"center\">24 De Diciembre<\/p>\n<\/td>\n<td width=\"361\">\n<p align=\"center\">12:00 A 21:00 \u00a0HORAS<\/p>\n<\/td>\n<\/tr>\n<tr>\n<td width=\"140\">\n<p align=\"center\">Mi\u00e9rcoles<\/p>\n<\/td>\n<td width=\"197\">\n<p align=\"center\">25 De Diciembre<\/p>\n<\/td>\n<td width=\"361\">\n<p align=\"center\">11:00 A 23:00 \u00a0HORAS<\/p>\n<\/td>\n<\/tr>\n<tr>\n<td width=\"140\">\n<p align=\"center\">Viernes<\/p>\n<\/td>\n<td width=\"197\">\n<p align=\"center\">27 De Diciembre<\/p>\n<\/td>\n<td width=\"361\">\n<p align=\"center\">16:00 A 21:00 HORAS<\/p>\n<\/td>\n<\/tr>\n<tr>\n<td width=\"140\">\n<p align=\"center\">S\u00e1bado<\/p>\n<\/td>\n<td width=\"197\">\n<p align=\"center\">28 De Diciembre<\/p>\n<\/td>\n<td width=\"361\">\n<p align=\"center\">07:00 A 18:00 HORAS<\/p>\n<\/td>\n<\/tr>\n<tr>\n<td width=\"140\">\n<p align=\"center\">Martes<\/p>\n<\/td>\n<td width=\"197\">\n<p align=\"center\">31 De Diciembre<\/p>\n<\/td>\n<td width=\"361\">\n<p align=\"center\">12:00 A 21:00 \u00a0HORAS<\/p>\n<\/td>\n<\/tr>\n<tr>\n<td width=\"140\">\n<p align=\"center\">Mi\u00e9rcoles<\/p>\n<\/td>\n<td width=\"197\">\n<p align=\"center\">1 De Enero<\/p>\n<\/td>\n<td width=\"361\">\n<p align=\"center\">11:00 A 23:00 \u00a0HORAS<\/p>\n<\/td>\n<\/tr>\n<tr>\n<td width=\"140\">\n<p align=\"center\">Viernes<\/p>\n<\/td>\n<td width=\"197\">\n<p align=\"center\">3 De Enero<\/p>\n<\/td>\n<td width=\"361\">\n<p align=\"center\">16:00 A 21:00 HORAS<\/p>\n<\/td>\n<\/tr>\n<tr>\n<td width=\"140\">\n<p align=\"center\">S\u00e1bado<\/p>\n<\/td>\n<td width=\"197\">\n<p align=\"center\">4 De Enero<\/p>\n<\/td>\n<td width=\"361\">\n<p align=\"center\">06:00 A 22:00 HORAS<\/p>\n<\/td>\n<\/tr>\n<tr>\n<td width=\"140\">\n<p align=\"center\">Domingo<\/p>\n<\/td>\n<td width=\"197\">\n<p align=\"center\">5 De Enero<\/p>\n<\/td>\n<td width=\"361\">\n<p align=\"center\">12:00 A 23:00 \u00a0HORAS<\/p>\n<\/td>\n<\/tr>\n<tr>\n<td width=\"140\">\n<p align=\"center\">Lunes<\/p>\n<\/td>\n<td width=\"197\">\n<p align=\"center\">6 De Enero<\/p>\n<\/td>\n<td width=\"361\">\n<p align=\"center\">09:00 A 23:00 \u00a0HORAS<\/p>\n<\/td>\n<\/tr>\n<tr>\n<td colspan=\"3\" width=\"697\">\n<p style=\"text-align: left;\" align=\"center\">\u00a0<b>V\u00edas a restringir:<\/b><\/p>\n<p style=\"text-align: left;\">1.\u00a0\u00a0\u00a0\u00a0 BOGOT\u00c1 \u2013 LA VEGA \u2013 VILLETA \u2013 HONDA.<\/p>\n<p style=\"text-align: left;\">2.\u00a0\u00a0\u00a0\u00a0 BOGOT\u00c1 \u2013 FUSAGASUG\u00c1 \u2013 MELGAR \u2013 IBAGU\u00c9.<\/p>\n<p style=\"text-align: left;\">3.\u00a0\u00a0\u00a0\u00a0 BOGOT\u00c1 \u2013 TUNJA.<\/p>\n<p style=\"text-align: left;\">4.\u00a0\u00a0\u00a0\u00a0 BOGOT\u00c1 \u2013 CH\u00cdA \u2013 CAJIC\u00c1 \u2013 UBAT\u00c9 \u2013 CHIQUINQUIR\u00c1 \u2013 BARBOSA \u2013 SAN GIL \u2013 BUCARAMANGA.<\/p>\n<p style=\"text-align: left;\">5.\u00a0\u00a0\u00a0\u00a0 BOGOT\u00c1 \u2013 LA MESA \u2013 GIRARDOT.<\/p>\n<p style=\"text-align: left;\">6.\u00a0\u00a0\u00a0\u00a0 BOGOT\u00c1 \u2013 VILLAVICENCIO \u2013 ACAC\u00cdAS.<\/p>\n<p style=\"text-align: left;\">7.\u00a0\u00a0\u00a0\u00a0 MEDELL\u00ccN \u2013 SANTA FE DE ANTIOQUIA.<\/p>\n<p style=\"text-align: left;\">8.\u00a0\u00a0\u00a0\u00a0 BOGOT\u00c1\u00a0 &#8211; CHOACHI.<\/p>\n<p style=\"text-align: left;\">9.\u00a0\u00a0\u00a0\u00a0 BARRANQUILLA \u2013 CARTAGENA (V\u00cdA AL MAR)<\/p>\n<p style=\"text-align: left;\">10.\u00a0 IBAGU\u00c9 \u2013 ARMENIA \u2013 CALI.<\/p>\n<p style=\"text-align: left;\">11.\u00a0 NEIVA \u2013 ESPINAL \u2013 GIRARDOT.<\/p>\n<p style=\"text-align: left;\">12.\u00a0 PASTO \u2013 CHACHAG\u00dcI.<\/p>\n<p style=\"text-align: left;\">13.\u00a0 BOGOT\u00c1-MOSQUERA-FACATATIV\u00c1- SASAIMA- VILLETA<\/p>\n<p style=\"text-align: left;\">14.\u00a0 BOGOT\u00c1-LA CALERA-GUASCA-GUATAVITA<\/p>\n<p style=\"text-align: left;\">15.\u00a0 SIBATE- ALTO DE SAN MIGUEL-FUSAGASUG\u00c1<\/p>\n<p style=\"text-align: left;\">16.\u00a0 CH\u00cdA- COTA-MOSQUERA-LA MESA-GIRARDOT<\/p>\n<p style=\"text-align: left;\">17.\u00a0 ARMENIA-MONTENEGRO-QUIMBAYA<\/p>\n<p style=\"text-align: left;\">18.\u00a0 BUCARAMANGA- SAN ALBERTO<\/p>\n<p style=\"text-align: left;\">19.\u00a0 BUCARAMANGA \u2013LA LIZAMA<\/p>\n<p style=\"text-align: left;\">20.\u00a0 VILLAVICENCIO \u2013PUERTO L\u00d3PEZ<\/p>\n<p style=\"text-align: left;\">21.\u00a0 HONDA-DORADAL-MEDELL\u00cdN<\/p>\n<p style=\"text-align: left;\">22.\u00a0 SANTA MARTA-BARRANQUILLA<\/p>\n<p style=\"text-align: left;\">23.\u00a0 MONTER\u00cdA -TOL\u00da- COVE\u00d1AS<\/p>\n<p style=\"text-align: left;\">24.\u00a0 BUCARAMANGA-PAMPLONA-C\u00daCUTA<\/p>\n<p style=\"text-align: left;\">25.\u00a0 TUNJA \u2013CHIQUINQUIR\u00c1<\/p>\n<p style=\"text-align: left;\">26.\u00a0 TUNJA-DUITAMA-SOGAMOSO<\/p>\n<p style=\"text-align: left;\">27.\u00a0 TUNJA-BARBOSA<\/p>\n<p style=\"text-align: left;\">28.\u00a0 MEDELL\u00cdN-PRIMAVERA-LA PINTADA<\/p>\n<p style=\"text-align: left;\">29.\u00a0 MEDELL\u00cdN-HATILLO-YARUMAL<\/p>\n<p style=\"text-align: left;\">30.\u00a0 HATILLO-BARBOSA<\/p>\n<p style=\"text-align: left;\">31.\u00a0 MANIZALES-MARIQUITA-ARMERO<\/p>\n<p style=\"text-align: left;\">32.\u00a0 MANIZALES-LA MANUELA-LA FELISA-LA PINTADA<\/p>\n<p style=\"text-align: left;\">33.\u00a0 MANIZALES-CHINCHINA-SANTAROSA-PEREIRA<\/p>\n<p style=\"text-align: left;\">34.\u00a0 PEREIRA-ARMENIA-RIOSUCIO<\/p>\n<p style=\"text-align: left;\">35.\u00a0 PEREIRA-CARTAGO-LA PAILA<\/p>\n<p style=\"text-align: left;\">36.\u00a0 CALI-YUMBO-YOTOCO<\/p>\n<p style=\"text-align: left;\">37.\u00a0 NEIVA-GARZ\u00d3N<\/p>\n<p style=\"text-align: left;\">38.\u00a0 IBAGU\u00c9-HONDA<\/p>\n<p style=\"text-align: left;\">39.\u00a0 PUERTO ARAUJO-PUERTO BOYAC\u00c1<\/p>\n<p style=\"text-align: left;\">40.\u00a0 BOSCONIA-ZAMBRANO-CARMEN DE BOL\u00cdVAR-CRUZ DEL VISO-TURBACO-CARTAGENA<\/p>\n<p style=\"text-align: left;\">41.\u00a0 SANTA MARTA-FUNDACI\u00d3N-SAN ROQUE-AGUACHICA<\/p>\n<p style=\"text-align: left;\">42.\u00a0 BARRANQUILLA-CALAMAR-CARRETO<\/p>\n<p style=\"text-align: left;\">43.\u00a0 MONTER\u00cdA-CERETE-LORICA-COVE\u00d1AS-TOL\u00da-TOLUVIEJO-CRUZ DEL VISO (BOL\u00cdVAR)<\/p>\n<p style=\"text-align: left;\">44.\u00a0\u00a0 VILLAVICENCIO-CUMARAL<\/p>\n<\/td>\n<\/tr>\n<\/tbody>\n<\/table>\n<\/div>\n<p><b>NOTA ESPECIAL<\/b>: De requerisre la activaci\u00f3n del reversible u otra medida de manejo del tr\u00e1fico, en un horario diferente al establecido, por necesidades de descongesti\u00f3n\u00a0 en las v\u00edas mencionadas, la Direcci\u00f3n de Tr\u00e1nsito y Transporte de la Polic\u00eda Nacional informar\u00e1 en las v\u00edas a los usuarios y har\u00e1 uso de cualquiera de estas medidas.<\/p>\n<p>En los dem\u00e1s anillos viales que se realizan en el Departamento de Cundinamarca se iniciar\u00e1 su implementaci\u00f3n de la siguiente manera:<\/p>\n<p>V\u00eda LA VEGA \u2013 BOGOT\u00c1: Desde12:00 horas.<\/p>\n<p>V\u00eda LA MESA (sector de la Gran v\u00eda) \u2013 BOGOT\u00c1: Desde 12:00 horas.<\/p>\n<p><b>NOTA 1:<\/b> Las restricciones de los d\u00edas viernes 6, 20 y 27\u00a0 diciembre de 2013 y 3 de enero de 2014,\u00a0 se aplicar\u00e1 \u00fanicamente\u00a0 a los veh\u00edculos de carga\u00a0 que salen de la ciudad de Bogot\u00e1.\u00a0<\/p>\n<p><b>NOTA 2:<\/b> El Instituto Nacional de V\u00edas \u00a0(INVIAS) y la Agencia Nacional de Infraestructura (ANI)\u00a0 coordinar\u00e1n con el comandante\u00a0 del \u00e1rea de la Direcci\u00f3n de Tr\u00e1nsito y Transporte de la Polic\u00eda Nacional,\u00a0 las medidas que\u00a0 se deben adoptar para\u00a0 garantizar movilidad en los planes de manejo de tr\u00e1fico de las obras p\u00fablicas.\u00a0<\/p>\n<p><b>NOTA 3:<\/b><b> <\/b>Los veh\u00edculos que transportan cargas extra-dimensionadas o extra-pesadas, se someter\u00e1n a las mismas restricciones establecidas para los veh\u00edculos de carga descritos en la presente comunicaci\u00f3n.<\/p>\n<p><b>NOTA 4<\/b>.\u00a0Los domingos 22 y 29 de diciembre de 20013,\u00a0 no se aplican las restricciones contemplada en la resoluci\u00f3n 3226 de 2012 para los d\u00edas domingos.\u00a0<\/p>\n<p><b>NOTA 5<\/b><b>:<\/b> En situaciones de \u00a0caso fortuito o fuerza mayor sobre la red vial nacional, la Polic\u00eda Nacional a trav\u00e9s de la Direcci\u00f3n de Tr\u00e1nsito y Transporte, autorizar\u00e1 la movilizaci\u00f3n de carga y maquinaria para atender las eventos presentados.\u00a0<\/p>\n<p><b>NOTA 6<\/b>: Las excepciones para el movimiento de carga, durante la vigencia de la presente comunicaci\u00f3n estar\u00e1n sujetas a lo establecido en el art\u00edculo 6 de la resoluci\u00f3n 3226.<\/p>\n<p>Fuente: Ministerio de Transporte.<\/p>\n<p>Nota patrocinada por:<\/p>\n<p><a href=\"http:\/\/www.agromundo.co\/aqua-fan-sas.html\"><img loading=\"lazy\" class=\"size-full wp-image-2421 alignleft\" alt=\"Aquafan\" src=\"http:\/\/www.agromundo.co\/blog\/wp-content\/uploads\/2013\/11\/Aquafan.jpg\" width=\"120\" height=\"120\" \/><\/a><a href=\"http:\/\/www.agromundo.co\/plastigoma-pisos-de-caucho.html\"><img loading=\"lazy\" class=\"size-full wp-image-2420 alignright\" alt=\"Pisos Pesebreras[1]\" src=\"http:\/\/www.agromundo.co\/blog\/wp-content\/uploads\/2013\/11\/Pisos-Pesebreras1.jpg\" width=\"189\" height=\"120\" \/><\/a><\/p>\n","protected":false},"excerpt":{"rendered":"<p>Restricci\u00f3n vehicular: Dando cumplimiento a lo establecido en el art\u00edculo 3.3 \u00a0de la Resoluci\u00f3n 3226 del 25 de mayo de 2012, \u201cTEMPORADAS DE NAVIDAD &#8211; A\u00d1O NUEVO Y REYES\u201d 2013 &#8211; 2014, el Ministerio de Transporte comunica a las asociaciones del sector transporte, gremios, usuarios de la red vial nacional e interesados, que\u00a0\u00a0una vez analizado [&hellip;]<\/p>\n","protected":false},"author":1,"featured_media":2496,"comment_status":"open","ping_status":"open","sticky":false,"template":"","format":"standard","meta":[],"categories":[5,9,3,18,6,10],"tags":[311,1286,269,240,1285,1288,1287,1284,268],"yoast_head":"<!-- This site is optimized with the Yoast SEO plugin v17.3 - https:\/\/yoast.com\/wordpress\/plugins\/seo\/ -->\n<meta name=\"description\" content=\"El Ministerio de Transporte comunica la restricci\u00f3n vehicular de circulaci\u00f3n para los veh\u00edculos pesados durante la tempodrada de fin de a\u00f1o y principios de 2014.\" \/>\n<meta name=\"robots\" content=\"index, follow, max-snippet:-1, max-image-preview:large, max-video-preview:-1\" \/>\n<meta property=\"og:locale\" content=\"es_ES\" \/>\n<meta property=\"og:type\" content=\"article\" \/>\n<meta property=\"og:title\" content=\"Restricci\u00f3n vehicular temporada de fin de a\u00f1o - Notiagro\" \/>\n<meta property=\"og:description\" content=\"El Ministerio de Transporte comunica la restricci\u00f3n vehicular de circulaci\u00f3n para los veh\u00edculos pesados durante la tempodrada de fin de a\u00f1o y principios de 2014.\" \/>\n<meta property=\"og:site_name\" content=\"Notiagro\" \/>\n<meta property=\"article:published_time\" content=\"2013-12-09T15:43:42+00:00\" \/>\n<meta property=\"og:image\" content=\"https:\/\/www.agromundo.co\/blog\/wp-content\/uploads\/2013\/12\/043n1soc-11.jpg\" \/>\n\t<meta property=\"og:image:width\" content=\"180\" \/>\n\t<meta property=\"og:image:height\" content=\"119\" \/>\n<meta name=\"twitter:label1\" content=\"Escrito por\" \/>\n\t<meta name=\"twitter:data1\" content=\"admin\" \/>\n\t<meta name=\"twitter:label2\" content=\"Tiempo de lectura\" \/>\n\t<meta name=\"twitter:data2\" content=\"3 minutos\" \/>\n<script type=\"application\/ld+json\" class=\"yoast-schema-graph\">{\"@context\":\"https:\/\/schema.org\",\"@graph\":[{\"@type\":\"WebSite\",\"@id\":\"https:\/\/www.agromundo.co\/blog\/#website\",\"url\":\"https:\/\/www.agromundo.co\/blog\/\",\"name\":\"Notiagro\",\"description\":\"Noticias y eventos sector agropecuario colombiano\",\"potentialAction\":[{\"@type\":\"SearchAction\",\"target\":{\"@type\":\"EntryPoint\",\"urlTemplate\":\"https:\/\/www.agromundo.co\/blog\/?s={search_term_string}\"},\"query-input\":\"required name=search_term_string\"}],\"inLanguage\":\"es\"},{\"@type\":\"ImageObject\",\"@id\":\"#primaryimage\",\"inLanguage\":\"es\",\"url\":\"https:\/\/www.agromundo.co\/blog\/wp-content\/uploads\/2013\/12\/043n1soc-11.jpg\",\"contentUrl\":\"https:\/\/www.agromundo.co\/blog\/wp-content\/uploads\/2013\/12\/043n1soc-11.jpg\",\"width\":180,\"height\":119},{\"@type\":\"WebPage\",\"@id\":\"#webpage\",\"url\":null,\"name\":\"Restricci\\u00f3n vehicular temporada de fin de a\\u00f1o - Notiagro\",\"isPartOf\":{\"@id\":\"https:\/\/www.agromundo.co\/blog\/#website\"},\"primaryImageOfPage\":{\"@id\":\"#primaryimage\"},\"datePublished\":\"2013-12-09T15:43:42+00:00\",\"dateModified\":\"2013-12-09T15:43:42+00:00\",\"author\":{\"@id\":\"https:\/\/www.agromundo.co\/blog\/#\/schema\/person\/3e07d858c3c7a93ebf4ad3785559d35d\"},\"description\":\"El Ministerio de Transporte comunica la restricci\\u00f3n vehicular de circulaci\\u00f3n para los veh\\u00edculos pesados durante la tempodrada de fin de a\\u00f1o y principios de 2014.\",\"breadcrumb\":{\"@id\":\"#breadcrumb\"},\"inLanguage\":\"es\",\"potentialAction\":[{\"@type\":\"ReadAction\",\"target\":[null]}]},{\"@type\":\"BreadcrumbList\",\"@id\":\"#breadcrumb\",\"itemListElement\":[{\"@type\":\"ListItem\",\"position\":1,\"name\":\"Portada\",\"item\":\"https:\/\/www.agromundo.co\/blog\/\"},{\"@type\":\"ListItem\",\"position\":2,\"name\":\"Restricci\\u00f3n vehicular temporada de fin de a\\u00f1o\"}]},{\"@type\":\"Person\",\"@id\":\"https:\/\/www.agromundo.co\/blog\/#\/schema\/person\/3e07d858c3c7a93ebf4ad3785559d35d\",\"name\":\"admin\",\"image\":{\"@type\":\"ImageObject\",\"@id\":\"https:\/\/www.agromundo.co\/blog\/#personlogo\",\"inLanguage\":\"es\",\"url\":\"https:\/\/secure.gravatar.com\/avatar\/f990c4c6d966ea7f7bec9cc10bcda5ce?s=96&d=mm&r=g\",\"contentUrl\":\"https:\/\/secure.gravatar.com\/avatar\/f990c4c6d966ea7f7bec9cc10bcda5ce?s=96&d=mm&r=g\",\"caption\":\"admin\"},\"url\":\"https:\/\/www.agromundo.co\/blog\/author\/admin\/\"}]}<\/script>\n<!-- \/ Yoast SEO plugin. -->","yoast_head_json":{"description":"El Ministerio de Transporte comunica la restricci\u00f3n vehicular de circulaci\u00f3n para los veh\u00edculos pesados durante la tempodrada de fin de a\u00f1o y principios de 2014.","robots":{"index":"index","follow":"follow","max-snippet":"max-snippet:-1","max-image-preview":"max-image-preview:large","max-video-preview":"max-video-preview:-1"},"og_locale":"es_ES","og_type":"article","og_title":"Restricci\u00f3n vehicular temporada de fin de a\u00f1o - Notiagro","og_description":"El Ministerio de Transporte comunica la restricci\u00f3n vehicular de circulaci\u00f3n para los veh\u00edculos pesados durante la tempodrada de fin de a\u00f1o y principios de 2014.","og_site_name":"Notiagro","article_published_time":"2013-12-09T15:43:42+00:00","og_image":[{"width":180,"height":119,"url":"https:\/\/www.agromundo.co\/blog\/wp-content\/uploads\/2013\/12\/043n1soc-11.jpg","type":"image\/jpeg"}],"twitter_misc":{"Escrito por":"admin","Tiempo de lectura":"3 minutos"},"schema":{"@context":"https:\/\/schema.org","@graph":[{"@type":"WebSite","@id":"https:\/\/www.agromundo.co\/blog\/#website","url":"https:\/\/www.agromundo.co\/blog\/","name":"Notiagro","description":"Noticias y eventos sector agropecuario colombiano","potentialAction":[{"@type":"SearchAction","target":{"@type":"EntryPoint","urlTemplate":"https:\/\/www.agromundo.co\/blog\/?s={search_term_string}"},"query-input":"required name=search_term_string"}],"inLanguage":"es"},{"@type":"ImageObject","@id":"#primaryimage","inLanguage":"es","url":"https:\/\/www.agromundo.co\/blog\/wp-content\/uploads\/2013\/12\/043n1soc-11.jpg","contentUrl":"https:\/\/www.agromundo.co\/blog\/wp-content\/uploads\/2013\/12\/043n1soc-11.jpg","width":180,"height":119},{"@type":"WebPage","@id":"#webpage","url":null,"name":"Restricci\u00f3n vehicular temporada de fin de a\u00f1o - Notiagro","isPartOf":{"@id":"https:\/\/www.agromundo.co\/blog\/#website"},"primaryImageOfPage":{"@id":"#primaryimage"},"datePublished":"2013-12-09T15:43:42+00:00","dateModified":"2013-12-09T15:43:42+00:00","author":{"@id":"https:\/\/www.agromundo.co\/blog\/#\/schema\/person\/3e07d858c3c7a93ebf4ad3785559d35d"},"description":"El Ministerio de Transporte comunica la restricci\u00f3n vehicular de circulaci\u00f3n para los veh\u00edculos pesados durante la tempodrada de fin de a\u00f1o y principios de 2014.","breadcrumb":{"@id":"#breadcrumb"},"inLanguage":"es","potentialAction":[{"@type":"ReadAction","target":[null]}]},{"@type":"BreadcrumbList","@id":"#breadcrumb","itemListElement":[{"@type":"ListItem","position":1,"name":"Portada","item":"https:\/\/www.agromundo.co\/blog\/"},{"@type":"ListItem","position":2,"name":"Restricci\u00f3n vehicular temporada de fin de a\u00f1o"}]},{"@type":"Person","@id":"https:\/\/www.agromundo.co\/blog\/#\/schema\/person\/3e07d858c3c7a93ebf4ad3785559d35d","name":"admin","image":{"@type":"ImageObject","@id":"https:\/\/www.agromundo.co\/blog\/#personlogo","inLanguage":"es","url":"https:\/\/secure.gravatar.com\/avatar\/f990c4c6d966ea7f7bec9cc10bcda5ce?s=96&d=mm&r=g","contentUrl":"https:\/\/secure.gravatar.com\/avatar\/f990c4c6d966ea7f7bec9cc10bcda5ce?s=96&d=mm&r=g","caption":"admin"},"url":"https:\/\/www.agromundo.co\/blog\/author\/admin\/"}]}},"_links":{"self":[{"href":"https:\/\/www.agromundo.co\/blog\/wp-json\/wp\/v2\/posts\/2492"}],"collection":[{"href":"https:\/\/www.agromundo.co\/blog\/wp-json\/wp\/v2\/posts"}],"about":[{"href":"https:\/\/www.agromundo.co\/blog\/wp-json\/wp\/v2\/types\/post"}],"author":[{"embeddable":true,"href":"https:\/\/www.agromundo.co\/blog\/wp-json\/wp\/v2\/users\/1"}],"replies":[{"embeddable":true,"href":"https:\/\/www.agromundo.co\/blog\/wp-json\/wp\/v2\/comments?post=2492"}],"version-history":[{"count":5,"href":"https:\/\/www.agromundo.co\/blog\/wp-json\/wp\/v2\/posts\/2492\/revisions"}],"predecessor-version":[{"id":2499,"href":"https:\/\/www.agromundo.co\/blog\/wp-json\/wp\/v2\/posts\/2492\/revisions\/2499"}],"wp:featuredmedia":[{"embeddable":true,"href":"https:\/\/www.agromundo.co\/blog\/wp-json\/wp\/v2\/media\/2496"}],"wp:attachment":[{"href":"https:\/\/www.agromundo.co\/blog\/wp-json\/wp\/v2\/media?parent=2492"}],"wp:term":[{"taxonomy":"category","embeddable":true,"href":"https:\/\/www.agromundo.co\/blog\/wp-json\/wp\/v2\/categories?post=2492"},{"taxonomy":"post_tag","embeddable":true,"href":"https:\/\/www.agromundo.co\/blog\/wp-json\/wp\/v2\/tags?post=2492"}],"curies":[{"name":"wp","href":"https:\/\/api.w.org\/{rel}","templated":true}]}}