{"id":2516,"date":"2013-12-17T16:54:39","date_gmt":"2013-12-17T16:54:39","guid":{"rendered":"http:\/\/www.agromundo.co\/blog\/?p=2516"},"modified":"2013-12-17T16:54:39","modified_gmt":"2013-12-17T16:54:39","slug":"principales-festividades-colombianas-de-principio-de-2014","status":"publish","type":"post","link":"https:\/\/www.agromundo.co\/blog\/principales-festividades-colombianas-de-principio-de-2014\/","title":{"rendered":"Principales festividades colombianas de principio de 2014"},"content":{"rendered":"<p><a href=\"http:\/\/www.agromundo.co\/blog\/wp-content\/uploads\/2013\/12\/panoramica.jpg\"><img loading=\"lazy\" class=\"aligncenter size-full wp-image-2518\" alt=\"panoramica\" src=\"http:\/\/www.agromundo.co\/blog\/wp-content\/uploads\/2013\/12\/panoramica.jpg\" width=\"239\" height=\"155\" \/><\/a><\/p>\n<p>Principales eventos y festividades colombianas de principio de a\u00f1o:<\/p>\n<div align=\"center\">\n<table width=\"515\" border=\"1\" cellspacing=\"0\" cellpadding=\"0\">\n<tbody>\n<tr>\n<td width=\"513\">\n<p align=\"center\"><b>Enero<\/b><\/p>\n<\/td>\n<\/tr>\n<tr>\n<td valign=\"top\" width=\"513\">\n<p style=\"text-align: left;\"><b>PRINCIPALES EVENTOS <\/b><b><\/p>\n<p><\/b><b>Caldas:<\/b><b><br \/>\n<\/b>\u2013<b> <\/b>Feria de Manizales:<b> <\/b>Del 5 al 12 de enero de 2014.\u00a0 Comienzo de la temporada taurina<br \/>\n<b>Nari\u00f1o<\/b><b><br \/>\n<\/b>\u2013<b> <\/b>Carnaval de blancos y<b> <\/b>negros \u00a0en Pasto. Del 2 al 7 de enero de 2014.<br \/>\nBogot\u00e1:<br \/>\n<b>\u2013 <\/b>Temporada taurina (en el mes de febrero.)<b><br \/>\n<\/b><b>Antioquia<\/b><b>:<br \/>\n<\/b>\u2013 Feria taurina de La Macarena en Medell\u00edn, (el mes de febrero.)<b><br \/>\n<\/b><b>Valle del Cauca<\/b><b>:<br \/>\n<\/b>\u2013 Temporada taurina de Cali.<br \/>\n<b><br \/>\n<\/b><b>OTROS EVENTOS Y FESTIVIDADES<\/b><b><\/p>\n<p><\/b><b>Antioquia<\/b><b>:<br \/>\n<\/b>\u2013 Colombiatex Medell\u00edn.<br \/>\n\u2013 Fiesta de las Rosas en Jard\u00edn.<b><br \/>\n<\/b><b>Bol\u00edvar<\/b><b>:<br \/>\n<\/b>\u2013 Feria taurina ; HAY Festival del 24 al 27 de enero, 2013; \u00a0Campeonato de voleibol playa en Cartagena.<br \/>\n\u2013 Encuentro del Retorno ; Encuentro de compositores coste\u00f1os en Magangu\u00e9.<b><br \/>\n<\/b><b>Boyac\u00e1<\/b><b>:<br \/>\n<\/b>\u2013 Peregrinaci\u00f3n al Alto de Pe\u00f1a Negra para venerar a la Sant\u00edsima Trinidad.<br \/>\n\u2013 Ferias y fiestas en Duitama.<b><br \/>\n<\/b><b>Caldas<\/b><b>:<br \/>\n<\/b>\u2013 Reinado internacional del caf\u00e9; \u00a0Festival nacional de la trova ; Festival folcl\u00f3rico nacional ; \u00a0Mercado nacional artesanal en Manizales.<b><br \/>\nCasanare:<\/b><b><br \/>\n<\/b>\u2013 Festival del arroz en Aguazul.<br \/>\n\u2013 Peregrinaci\u00f3n para venerarla Virgen de Manare en Paz de Ariporo.<b><br \/>\n<\/b><b>Cesar<\/b><b>:<br \/>\n<\/b>\u2013 Carnaval de Valledupar <b><br \/>\n<\/b><b>Choc\u00f3:<\/b><b><br \/>\n<\/b>\u2013Fiesta de la Virgen de la Candelaria.<b><br \/>\n<\/b><b>Cundinamarca: <\/b><b><br \/>\n<\/b>\u2013 Reinado departamental de la panela en Villeta.<b><br \/>\n<\/b><b>La Guajira:<\/b><b><br \/>\n<\/b>\u2013 Festival vallenato Francisco El Hombre, \u00a0en Riohacha.<b><br \/>\n<\/b><b>Magdalena<\/b><b>:<br \/>\n<\/b>\u2013 Fiestas del Caim\u00e1n en Ci\u00e9naga Grande y en Santa Marta.<b><br \/>\n<\/b><b>Meta<\/b><b>:<br \/>\n<\/b>\u2013 Feria agroindustrial bovina y tur\u00edstica en Catama, Villavicencio.<br \/>\n\u2013 Festival de coleo de verano en San Mart\u00edn.<br \/>\n\u2013 Festival del Retorno ; Torneo nacional de m\u00fasica llanera y de toros coleados, en Acacias.<br \/>\n\u2013 Festival internacional de Verano en Granada (Primer puente de enero).<br \/>\n\u2013Festival del Verano en Puerto Gaitan<b><br \/>\n<\/b><b>Nari\u00f1o<\/b><b>:<br \/>\n<\/b>\u2013 Feria exposici\u00f3n de artesan\u00edas en Pasto.<b><br \/>\n<\/b><b>Quind\u00edo<\/b><b>:<br \/>\n<\/b>\u2013 Feria taurina en Armenia. <b><br \/>\n<\/b><b>Norte de Santander:<\/b><b><br \/>\n<\/b>\u2013 Carnavales de Oca\u00f1a<b>.<br \/>\n<\/b><b>Santander<\/b><b>:<br \/>\n<\/b>\u2013 Fiestas de San Jer\u00f3nimo en M\u00e1laga.<b><br \/>\n<\/b>\u2013 Festival de la miel en Oiba.<b><br \/>\n<\/b><b>Sucre: <\/b><b><br \/>\n<\/b>\u2013 Fiestas de corralejas en Sincelejo.<br \/>\n\u2013 Fiestas del Dulce Nombre de Jes\u00fas.<br \/>\n\u2013 Sirenato del Mar en Tol\u00fa.<b> <\/b><\/p>\n<\/td>\n<\/tr>\n<\/tbody>\n<\/table>\n<\/div>\n<p>&nbsp;<\/p>\n<p>Nota patrocinada por:<\/p>\n<p><a href=\"http:\/\/www.agromundo.co\/plastigoma-pisos-de-caucho.html\"><img loading=\"lazy\" class=\"size-full wp-image-2420 alignleft\" alt=\"Pisos Pesebreras[1]\" src=\"http:\/\/www.agromundo.co\/blog\/wp-content\/uploads\/2013\/11\/Pisos-Pesebreras1.jpg\" width=\"189\" height=\"120\" \/><\/a><a href=\"http:\/\/www.agromundo.co\/aqua-fan-sas.html\"><img loading=\"lazy\" class=\" wp-image-2421 alignright\" alt=\"Aquafan\" src=\"http:\/\/www.agromundo.co\/blog\/wp-content\/uploads\/2013\/11\/Aquafan.jpg\" width=\"120\" height=\"120\" \/><\/a><\/p>\n","protected":false},"excerpt":{"rendered":"<p>Principales eventos y festividades colombianas de principio de a\u00f1o: Enero PRINCIPALES EVENTOS Caldas: \u2013 Feria de Manizales: Del 5 al 12 de enero de 2014.\u00a0 Comienzo de la temporada taurina Nari\u00f1o \u2013 Carnaval de blancos y negros \u00a0en Pasto. Del 2 al 7 de enero de 2014. Bogot\u00e1: \u2013 Temporada taurina (en el mes de [&hellip;]<\/p>\n","protected":false},"author":1,"featured_media":2518,"comment_status":"open","ping_status":"open","sticky":false,"template":"","format":"standard","meta":[],"categories":[22,3],"tags":[1301,1300,283,1299,1298,348,1302,1303,300,268],"yoast_head":"<!-- This site is optimized with the Yoast SEO plugin v17.3 - https:\/\/yoast.com\/wordpress\/plugins\/seo\/ -->\n<meta name=\"description\" content=\"Principales eventos y festividades colombianas de principio de a\u00f1o:\" \/>\n<meta name=\"robots\" content=\"index, follow, max-snippet:-1, max-image-preview:large, max-video-preview:-1\" \/>\n<meta property=\"og:locale\" content=\"es_ES\" \/>\n<meta property=\"og:type\" content=\"article\" \/>\n<meta property=\"og:title\" content=\"Principales festividades colombianas de principio de 2014 - Notiagro\" \/>\n<meta property=\"og:description\" content=\"Principales eventos y festividades colombianas de principio de a\u00f1o:\" \/>\n<meta property=\"og:site_name\" content=\"Notiagro\" \/>\n<meta property=\"article:published_time\" content=\"2013-12-17T16:54:39+00:00\" \/>\n<meta property=\"og:image\" content=\"https:\/\/www.agromundo.co\/blog\/wp-content\/uploads\/2013\/12\/panoramica.jpg\" \/>\n\t<meta property=\"og:image:width\" content=\"239\" \/>\n\t<meta property=\"og:image:height\" content=\"155\" \/>\n<meta name=\"twitter:label1\" content=\"Escrito por\" \/>\n\t<meta name=\"twitter:data1\" content=\"admin\" \/>\n\t<meta name=\"twitter:label2\" content=\"Tiempo de lectura\" \/>\n\t<meta name=\"twitter:data2\" content=\"2 minutos\" \/>\n<script type=\"application\/ld+json\" class=\"yoast-schema-graph\">{\"@context\":\"https:\/\/schema.org\",\"@graph\":[{\"@type\":\"WebSite\",\"@id\":\"https:\/\/www.agromundo.co\/blog\/#website\",\"url\":\"https:\/\/www.agromundo.co\/blog\/\",\"name\":\"Notiagro\",\"description\":\"Noticias y eventos sector agropecuario colombiano\",\"potentialAction\":[{\"@type\":\"SearchAction\",\"target\":{\"@type\":\"EntryPoint\",\"urlTemplate\":\"https:\/\/www.agromundo.co\/blog\/?s={search_term_string}\"},\"query-input\":\"required name=search_term_string\"}],\"inLanguage\":\"es\"},{\"@type\":\"ImageObject\",\"@id\":\"#primaryimage\",\"inLanguage\":\"es\",\"url\":\"https:\/\/www.agromundo.co\/blog\/wp-content\/uploads\/2013\/12\/panoramica.jpg\",\"contentUrl\":\"https:\/\/www.agromundo.co\/blog\/wp-content\/uploads\/2013\/12\/panoramica.jpg\",\"width\":239,\"height\":155},{\"@type\":\"WebPage\",\"@id\":\"#webpage\",\"url\":null,\"name\":\"Principales festividades colombianas de principio de 2014 - Notiagro\",\"isPartOf\":{\"@id\":\"https:\/\/www.agromundo.co\/blog\/#website\"},\"primaryImageOfPage\":{\"@id\":\"#primaryimage\"},\"datePublished\":\"2013-12-17T16:54:39+00:00\",\"dateModified\":\"2013-12-17T16:54:39+00:00\",\"author\":{\"@id\":\"https:\/\/www.agromundo.co\/blog\/#\/schema\/person\/3e07d858c3c7a93ebf4ad3785559d35d\"},\"description\":\"Principales eventos y festividades colombianas de principio de a\\u00f1o:\",\"breadcrumb\":{\"@id\":\"#breadcrumb\"},\"inLanguage\":\"es\",\"potentialAction\":[{\"@type\":\"ReadAction\",\"target\":[null]}]},{\"@type\":\"BreadcrumbList\",\"@id\":\"#breadcrumb\",\"itemListElement\":[{\"@type\":\"ListItem\",\"position\":1,\"name\":\"Portada\",\"item\":\"https:\/\/www.agromundo.co\/blog\/\"},{\"@type\":\"ListItem\",\"position\":2,\"name\":\"Principales festividades colombianas de principio de 2014\"}]},{\"@type\":\"Person\",\"@id\":\"https:\/\/www.agromundo.co\/blog\/#\/schema\/person\/3e07d858c3c7a93ebf4ad3785559d35d\",\"name\":\"admin\",\"image\":{\"@type\":\"ImageObject\",\"@id\":\"https:\/\/www.agromundo.co\/blog\/#personlogo\",\"inLanguage\":\"es\",\"url\":\"https:\/\/secure.gravatar.com\/avatar\/f990c4c6d966ea7f7bec9cc10bcda5ce?s=96&d=mm&r=g\",\"contentUrl\":\"https:\/\/secure.gravatar.com\/avatar\/f990c4c6d966ea7f7bec9cc10bcda5ce?s=96&d=mm&r=g\",\"caption\":\"admin\"},\"url\":\"https:\/\/www.agromundo.co\/blog\/author\/admin\/\"}]}<\/script>\n<!-- \/ Yoast SEO plugin. -->","yoast_head_json":{"description":"Principales eventos y festividades colombianas de principio de a\u00f1o:","robots":{"index":"index","follow":"follow","max-snippet":"max-snippet:-1","max-image-preview":"max-image-preview:large","max-video-preview":"max-video-preview:-1"},"og_locale":"es_ES","og_type":"article","og_title":"Principales festividades colombianas de principio de 2014 - Notiagro","og_description":"Principales eventos y festividades colombianas de principio de a\u00f1o:","og_site_name":"Notiagro","article_published_time":"2013-12-17T16:54:39+00:00","og_image":[{"width":239,"height":155,"url":"https:\/\/www.agromundo.co\/blog\/wp-content\/uploads\/2013\/12\/panoramica.jpg","type":"image\/jpeg"}],"twitter_misc":{"Escrito por":"admin","Tiempo de lectura":"2 minutos"},"schema":{"@context":"https:\/\/schema.org","@graph":[{"@type":"WebSite","@id":"https:\/\/www.agromundo.co\/blog\/#website","url":"https:\/\/www.agromundo.co\/blog\/","name":"Notiagro","description":"Noticias y eventos sector agropecuario colombiano","potentialAction":[{"@type":"SearchAction","target":{"@type":"EntryPoint","urlTemplate":"https:\/\/www.agromundo.co\/blog\/?s={search_term_string}"},"query-input":"required name=search_term_string"}],"inLanguage":"es"},{"@type":"ImageObject","@id":"#primaryimage","inLanguage":"es","url":"https:\/\/www.agromundo.co\/blog\/wp-content\/uploads\/2013\/12\/panoramica.jpg","contentUrl":"https:\/\/www.agromundo.co\/blog\/wp-content\/uploads\/2013\/12\/panoramica.jpg","width":239,"height":155},{"@type":"WebPage","@id":"#webpage","url":null,"name":"Principales festividades colombianas de principio de 2014 - Notiagro","isPartOf":{"@id":"https:\/\/www.agromundo.co\/blog\/#website"},"primaryImageOfPage":{"@id":"#primaryimage"},"datePublished":"2013-12-17T16:54:39+00:00","dateModified":"2013-12-17T16:54:39+00:00","author":{"@id":"https:\/\/www.agromundo.co\/blog\/#\/schema\/person\/3e07d858c3c7a93ebf4ad3785559d35d"},"description":"Principales eventos y festividades colombianas de principio de a\u00f1o:","breadcrumb":{"@id":"#breadcrumb"},"inLanguage":"es","potentialAction":[{"@type":"ReadAction","target":[null]}]},{"@type":"BreadcrumbList","@id":"#breadcrumb","itemListElement":[{"@type":"ListItem","position":1,"name":"Portada","item":"https:\/\/www.agromundo.co\/blog\/"},{"@type":"ListItem","position":2,"name":"Principales festividades colombianas de principio de 2014"}]},{"@type":"Person","@id":"https:\/\/www.agromundo.co\/blog\/#\/schema\/person\/3e07d858c3c7a93ebf4ad3785559d35d","name":"admin","image":{"@type":"ImageObject","@id":"https:\/\/www.agromundo.co\/blog\/#personlogo","inLanguage":"es","url":"https:\/\/secure.gravatar.com\/avatar\/f990c4c6d966ea7f7bec9cc10bcda5ce?s=96&d=mm&r=g","contentUrl":"https:\/\/secure.gravatar.com\/avatar\/f990c4c6d966ea7f7bec9cc10bcda5ce?s=96&d=mm&r=g","caption":"admin"},"url":"https:\/\/www.agromundo.co\/blog\/author\/admin\/"}]}},"_links":{"self":[{"href":"https:\/\/www.agromundo.co\/blog\/wp-json\/wp\/v2\/posts\/2516"}],"collection":[{"href":"https:\/\/www.agromundo.co\/blog\/wp-json\/wp\/v2\/posts"}],"about":[{"href":"https:\/\/www.agromundo.co\/blog\/wp-json\/wp\/v2\/types\/post"}],"author":[{"embeddable":true,"href":"https:\/\/www.agromundo.co\/blog\/wp-json\/wp\/v2\/users\/1"}],"replies":[{"embeddable":true,"href":"https:\/\/www.agromundo.co\/blog\/wp-json\/wp\/v2\/comments?post=2516"}],"version-history":[{"count":2,"href":"https:\/\/www.agromundo.co\/blog\/wp-json\/wp\/v2\/posts\/2516\/revisions"}],"predecessor-version":[{"id":2519,"href":"https:\/\/www.agromundo.co\/blog\/wp-json\/wp\/v2\/posts\/2516\/revisions\/2519"}],"wp:featuredmedia":[{"embeddable":true,"href":"https:\/\/www.agromundo.co\/blog\/wp-json\/wp\/v2\/media\/2518"}],"wp:attachment":[{"href":"https:\/\/www.agromundo.co\/blog\/wp-json\/wp\/v2\/media?parent=2516"}],"wp:term":[{"taxonomy":"category","embeddable":true,"href":"https:\/\/www.agromundo.co\/blog\/wp-json\/wp\/v2\/categories?post=2516"},{"taxonomy":"post_tag","embeddable":true,"href":"https:\/\/www.agromundo.co\/blog\/wp-json\/wp\/v2\/tags?post=2516"}],"curies":[{"name":"wp","href":"https:\/\/api.w.org\/{rel}","templated":true}]}}