{"id":2801,"date":"2014-04-09T18:51:19","date_gmt":"2014-04-09T18:51:19","guid":{"rendered":"http:\/\/www.agromundo.co\/blog\/?p=2801"},"modified":"2014-04-09T18:51:19","modified_gmt":"2014-04-09T18:51:19","slug":"restriccion-de-vehiculos-de-carga-para-semana-santa-2014","status":"publish","type":"post","link":"https:\/\/www.agromundo.co\/blog\/restriccion-de-vehiculos-de-carga-para-semana-santa-2014\/","title":{"rendered":"Restricci\u00f3n de veh\u00edculos de carga para semana santa 2014"},"content":{"rendered":"<p><a href=\"http:\/\/www.agromundo.co\/blog\/wp-content\/uploads\/2014\/04\/CAMIONES_2.jpg\"><img loading=\"lazy\" class=\"aligncenter size-full wp-image-2803\" alt=\"CAMIONES_2\" src=\"http:\/\/www.agromundo.co\/blog\/wp-content\/uploads\/2014\/04\/CAMIONES_2.jpg\" width=\"170\" height=\"125\" srcset=\"https:\/\/www.agromundo.co\/blog\/wp-content\/uploads\/2014\/04\/CAMIONES_2.jpg 170w, https:\/\/www.agromundo.co\/blog\/wp-content\/uploads\/2014\/04\/CAMIONES_2-100x75.jpg 100w\" sizes=\"(max-width: 170px) 100vw, 170px\" \/><\/a><\/p>\n<p>Restricci\u00f3n de veh\u00edculos de carga:<\/p>\n<p>En cumplimiento de lo establecido en la Resoluci\u00f3n 3226 del 25 de mayo de 2012, la Direcci\u00f3n de Tr\u00e1nsito y Transporte del Ministerio de Defensa Nacional, el d\u00eda 3 de abril de 2014 expidi\u00f3 el comunicado en el que se establecen las restricciones a la circulaci\u00f3n de veh\u00edculos de carga con capacidad igual o superior a 3,4 toneladas, durante la temporada vacacional de semana santa de 2014 en la red vial nacional, de la siguiente manera:<\/p>\n<p><b>Horario\u00a0 de restricci\u00f3n<\/b>:<span style=\"line-height: 1.5em;\">restricciones a la circulaci\u00f3n de veh\u00edculos de carga con capacidad igual o superior a 3,4 toneladas, durante la temporada vacacional de semana santa de 2014 en la red vial nacional<\/span><\/p>\n<p>Viernes 11 de abril. 16:00 a 21:00 horas<\/p>\n<p>S\u00e1bado 12 de abril. 07:00 a 20:00 horas<\/p>\n<p>Domingo 13 de abril. 12:00 a 20:00 horas<\/p>\n<p>Mi\u00e9rcoles 16 de abril. 10:00 a 24:00 horas<\/p>\n<p>Jueves 17 de abril. 07:00 a 14:00 horas<\/p>\n<p>S\u00e1bado 19 de abril. 12:00 a 22:00 horas<\/p>\n<p>Domingo 20 de abril. 07:00 a 24:00 horas<\/p>\n<p><b>V\u00edas a restringir:<\/b><\/p>\n<p>1. Bogot\u00e1 &#8211; La Vega &#8211; Villeta &#8211; Honda.<\/p>\n<p>2. Bogot\u00e1 &#8211; Fusagasug\u00e1 &#8211; Melgar &#8211; Ibagu\u00e9.<\/p>\n<p>3. Bogot\u00e1- Tunja.<\/p>\n<p>4. Bogot\u00e1 &#8211; Ch\u00eda &#8211; Cajic\u00e1 &#8211; Ubat\u00e9 &#8211; Chiquinquir\u00e1 &#8211; Barbosa &#8211; San Gil &#8211; Bucaramanga.<\/p>\n<p>5. Bogot\u00e1 &#8211; La Mesa &#8211; Girardot.<\/p>\n<p>6. Bogot\u00e1 &#8211; Villavicencio &#8211; Acac\u00edas.<\/p>\n<p>7. Medell\u00edn &#8211; Santa Fe de Antioquia.<\/p>\n<p>8. Bogot\u00e1 &#8211; Choach\u00ed.<\/p>\n<p>9. Barranquilla &#8211; Cartagena (V\u00eda al mar)<\/p>\n<p>10. Ibagu\u00e9 &#8211; Armenia &#8211; Cali.<\/p>\n<p>11. Neiva &#8211; Espinal &#8211; Girardot.<\/p>\n<p>12. Pasto &#8211; Chachag\u00fc\u00ed.<\/p>\n<p>13. Bogot\u00e1- Mosquera- Facatativ\u00e1 \u2013 Sasaima \u2013 Villeta.<\/p>\n<p>14. Bogot\u00e1 &#8211; La Calera \u2013 Guasca \u2013 Guatavita.<\/p>\n<p>15. Sibat\u00e9 &#8211; Alto de San Miguel \u2013 Fusagasug\u00e1.<\/p>\n<p>16. Ch\u00eda \u2013 Cota \u2013 Mosquera &#8211; La Mesa \u2013 Girardot.<\/p>\n<p>17. Armenia \u2013 Montenegro \u2013 Quimbaya.<\/p>\n<p>18. Bucaramanga &#8211; San Alberto.<\/p>\n<p>19. Bucaramanga &#8211; La Lizama.<\/p>\n<p>20. Villavicencio &#8211; Puerto L\u00f3pez.<\/p>\n<p>21. Honda \u2013 Dorada \u2013 Medell\u00edn.<\/p>\n<p>22. Santa Marta \u2013 Barranquilla.<\/p>\n<p>23. Monter\u00eda \u2013 Tol\u00fa \u2013 Cove\u00f1as.<\/p>\n<p>24. Bucaramanga \u2013 Pamplona \u2013 C\u00facuta.<\/p>\n<p>25. Tunja \u2013 Chiquinquir\u00e1.<\/p>\n<p>26. Tunja \u2013 Duitama \u2013 Sogamoso.<\/p>\n<p>27. Tunja \u2013 Barbosa.<\/p>\n<p>28. Medell\u00edn \u2013 Primavera &#8211; La Pintada.<\/p>\n<p>29. Medell\u00edn \u2013 Hatillo \u2013 Yarumal.<\/p>\n<p>30. Hatillo \u2013 Barbosa.<\/p>\n<p>31. Manizales \u2013 Mariquita \u2013 Armero.<\/p>\n<p>32. Manizales &#8211; La Manuela &#8211; La Felisa &#8211; La Pintada.<\/p>\n<p>33. Manizales \u2013 Chinchin\u00e1 \u2013 Santa Rosa \u2013 Pereira.<\/p>\n<p>34. Pereira \u2013 Armenia \u2013 Riosucio.<\/p>\n<p>35. Pereira \u2013 Cartago &#8211; La Paila<\/p>\n<p>36. Cali \u2013 Yumbo \u2013 Yotoco.<\/p>\n<p>37. Neiva \u2013 Garz\u00f3n \u2013 Pitallto \u2013 Mocoa.<\/p>\n<p>38. Ibagu\u00e9 \u2013 Honda.<\/p>\n<p>39. Puerto Ara\u00fajo &#8211; Puerto Boyac\u00e1.<\/p>\n<p>40. Bosconia \u2013 Zambrano &#8211; Carmen de Bol\u00edvar &#8211; Cruz del Viso \u2013 Turbaco &#8211;\u00a0 Cartagena.<\/p>\n<p>41. Santa Marta \u2013 Fundaci\u00f3n &#8211; San Roque \u2013 Aguachica.<\/p>\n<p>42. Barranquilla \u2013 Calamar \u2013 Carreto.<\/p>\n<p>43. Monter\u00eda \u2013 Ceret\u00e9 \u2013 Lorica \u2013 Cove\u00f1as \u2013 Tol\u00fa \u2013 Toluviejo &#8211; Cruz del Viso (Bol\u00edvar).<\/p>\n<p>44. Villavicencio \u2013 Cumaral.<\/p>\n<p>45. Popay\u00e1n \u2013 Cali.<\/p>\n<p>46. Palmira \u2013 Candelaria \u2013 Villa\u00a0 Rica \u2013 Popay\u00e1n.<\/p>\n<p><b>NOTA ESPECIAL:<\/b><b> <\/b>De ser necesaria la activaci\u00f3n de reversibles u otra medida de manejo de tr\u00e1fico en horarios diferentes a los establecidos, por necesidad de descongesti\u00f3n de las v\u00edas antes mencionadas, la Direcci\u00f3n de Tr\u00e1nsito y Transporte de la Polic\u00eda Nacional informar\u00e1 en la v\u00eda a los usuarios y utilizar\u00e1 cualquiera de estas medidas.<\/p>\n<p>En los dem\u00e1s anillos viales que se realizan en el Departamento de Cundinamarca iniciar\u00e1n su implementaci\u00f3n as\u00ed:<\/p>\n<p>V\u00eda La Vega &#8211; Bogot\u00e1: a partir de las 12:00 horas.<\/p>\n<p>V\u00eda La Mesa (sector La Gran V\u00eda) &#8211; Bogot\u00e1: a partir de las 12:00 horas.<\/p>\n<p>NOTA 1: El viernes 11 de abril, la restricci\u00f3n \u00fanicamente ser\u00e1 aplicada a los veh\u00edculos de carga que salgan de la ciudad de Bogot\u00e1.<\/p>\n<p>NOTA 2: El mi\u00e9rcoles 16 de abril, la restricci\u00f3n se aplicar\u00e1 sin excepci\u00f3n alguna a todos los veh\u00edculos de carga con capacidad igualo mayor a 3,4 toneladas.<\/p>\n<p>Nota patrocinada por:<a href=\"http:\/\/www.agromundo.co\/plastigoma-pisos-de-caucho.html\"><img loading=\"lazy\" class=\"size-full wp-image-2641 alignright\" alt=\"Pisos Pesebreras[1]\" src=\"http:\/\/www.agromundo.co\/blog\/wp-content\/uploads\/2014\/02\/Pisos-Pesebreras1.jpg\" width=\"189\" height=\"120\" \/><\/a><\/p>\n<p><a href=\"http:\/\/www.agromundo.co\/aqua-fan-sas.html\"><img loading=\"lazy\" class=\"size-full wp-image-2642 alignleft\" alt=\"Aquafan\" src=\"http:\/\/www.agromundo.co\/blog\/wp-content\/uploads\/2014\/02\/Aquafan.jpg\" width=\"120\" height=\"120\" \/><\/a><\/p>\n","protected":false},"excerpt":{"rendered":"<p>Restricci\u00f3n de veh\u00edculos de carga: En cumplimiento de lo establecido en la Resoluci\u00f3n 3226 del 25 de mayo de 2012, la Direcci\u00f3n de Tr\u00e1nsito y Transporte del Ministerio de Defensa Nacional, el d\u00eda 3 de abril de 2014 expidi\u00f3 el comunicado en el que se establecen las restricciones a la circulaci\u00f3n de veh\u00edculos de carga [&hellip;]<\/p>\n","protected":false},"author":1,"featured_media":2803,"comment_status":"open","ping_status":"open","sticky":false,"template":"","format":"standard","meta":[],"categories":[5,3,11,6,10],"tags":[1286,1463,1465,1464,1287,1466],"yoast_head":"<!-- This site is optimized with the Yoast SEO plugin v17.3 - https:\/\/yoast.com\/wordpress\/plugins\/seo\/ -->\n<meta name=\"description\" content=\"Restricci\u00f3n de veh\u00edculos de carga con capacidad igual o superior a 3,4 toneladas, durante la temporada vacacional de semana santa de 2014 en Colombia.\" \/>\n<meta name=\"robots\" content=\"index, follow, max-snippet:-1, max-image-preview:large, max-video-preview:-1\" \/>\n<meta property=\"og:locale\" content=\"es_ES\" \/>\n<meta property=\"og:type\" content=\"article\" \/>\n<meta property=\"og:title\" content=\"Restricci\u00f3n de veh\u00edculos de carga para semana santa 2014 - Notiagro\" \/>\n<meta property=\"og:description\" content=\"Restricci\u00f3n de veh\u00edculos de carga con capacidad igual o superior a 3,4 toneladas, durante la temporada vacacional de semana santa de 2014 en Colombia.\" \/>\n<meta property=\"og:site_name\" content=\"Notiagro\" \/>\n<meta property=\"article:published_time\" content=\"2014-04-09T18:51:19+00:00\" \/>\n<meta property=\"og:image\" content=\"http:\/\/www.agromundo.co\/blog\/wp-content\/uploads\/2014\/04\/CAMIONES_2.jpg\" \/>\n\t<meta property=\"og:image:width\" content=\"170\" \/>\n\t<meta property=\"og:image:height\" content=\"125\" \/>\n<meta name=\"twitter:label1\" content=\"Escrito por\" \/>\n\t<meta name=\"twitter:data1\" content=\"admin\" \/>\n\t<meta name=\"twitter:label2\" content=\"Tiempo de lectura\" \/>\n\t<meta name=\"twitter:data2\" content=\"3 minutos\" \/>\n<script type=\"application\/ld+json\" class=\"yoast-schema-graph\">{\"@context\":\"https:\/\/schema.org\",\"@graph\":[{\"@type\":\"WebSite\",\"@id\":\"https:\/\/www.agromundo.co\/blog\/#website\",\"url\":\"https:\/\/www.agromundo.co\/blog\/\",\"name\":\"Notiagro\",\"description\":\"Noticias y eventos sector agropecuario colombiano\",\"potentialAction\":[{\"@type\":\"SearchAction\",\"target\":{\"@type\":\"EntryPoint\",\"urlTemplate\":\"https:\/\/www.agromundo.co\/blog\/?s={search_term_string}\"},\"query-input\":\"required name=search_term_string\"}],\"inLanguage\":\"es\"},{\"@type\":\"ImageObject\",\"@id\":\"#primaryimage\",\"inLanguage\":\"es\",\"url\":\"https:\/\/www.agromundo.co\/blog\/wp-content\/uploads\/2014\/04\/CAMIONES_2.jpg\",\"contentUrl\":\"https:\/\/www.agromundo.co\/blog\/wp-content\/uploads\/2014\/04\/CAMIONES_2.jpg\",\"width\":170,\"height\":125},{\"@type\":\"WebPage\",\"@id\":\"#webpage\",\"url\":null,\"name\":\"Restricci\\u00f3n de veh\\u00edculos de carga para semana santa 2014 - Notiagro\",\"isPartOf\":{\"@id\":\"https:\/\/www.agromundo.co\/blog\/#website\"},\"primaryImageOfPage\":{\"@id\":\"#primaryimage\"},\"datePublished\":\"2014-04-09T18:51:19+00:00\",\"dateModified\":\"2014-04-09T18:51:19+00:00\",\"author\":{\"@id\":\"https:\/\/www.agromundo.co\/blog\/#\/schema\/person\/3e07d858c3c7a93ebf4ad3785559d35d\"},\"description\":\"Restricci\\u00f3n de veh\\u00edculos de carga con capacidad igual o superior a 3,4 toneladas, durante la temporada vacacional de semana santa de 2014 en Colombia.\",\"breadcrumb\":{\"@id\":\"#breadcrumb\"},\"inLanguage\":\"es\",\"potentialAction\":[{\"@type\":\"ReadAction\",\"target\":[null]}]},{\"@type\":\"BreadcrumbList\",\"@id\":\"#breadcrumb\",\"itemListElement\":[{\"@type\":\"ListItem\",\"position\":1,\"name\":\"Portada\",\"item\":\"https:\/\/www.agromundo.co\/blog\/\"},{\"@type\":\"ListItem\",\"position\":2,\"name\":\"Restricci\\u00f3n de veh\\u00edculos de carga para semana santa 2014\"}]},{\"@type\":\"Person\",\"@id\":\"https:\/\/www.agromundo.co\/blog\/#\/schema\/person\/3e07d858c3c7a93ebf4ad3785559d35d\",\"name\":\"admin\",\"image\":{\"@type\":\"ImageObject\",\"@id\":\"https:\/\/www.agromundo.co\/blog\/#personlogo\",\"inLanguage\":\"es\",\"url\":\"https:\/\/secure.gravatar.com\/avatar\/f990c4c6d966ea7f7bec9cc10bcda5ce?s=96&d=mm&r=g\",\"contentUrl\":\"https:\/\/secure.gravatar.com\/avatar\/f990c4c6d966ea7f7bec9cc10bcda5ce?s=96&d=mm&r=g\",\"caption\":\"admin\"},\"url\":\"https:\/\/www.agromundo.co\/blog\/author\/admin\/\"}]}<\/script>\n<!-- \/ Yoast SEO plugin. -->","yoast_head_json":{"description":"Restricci\u00f3n de veh\u00edculos de carga con capacidad igual o superior a 3,4 toneladas, durante la temporada vacacional de semana santa de 2014 en Colombia.","robots":{"index":"index","follow":"follow","max-snippet":"max-snippet:-1","max-image-preview":"max-image-preview:large","max-video-preview":"max-video-preview:-1"},"og_locale":"es_ES","og_type":"article","og_title":"Restricci\u00f3n de veh\u00edculos de carga para semana santa 2014 - Notiagro","og_description":"Restricci\u00f3n de veh\u00edculos de carga con capacidad igual o superior a 3,4 toneladas, durante la temporada vacacional de semana santa de 2014 en Colombia.","og_site_name":"Notiagro","article_published_time":"2014-04-09T18:51:19+00:00","og_image":[{"width":170,"height":125,"url":"http:\/\/www.agromundo.co\/blog\/wp-content\/uploads\/2014\/04\/CAMIONES_2.jpg","type":"image\/jpeg"}],"twitter_misc":{"Escrito por":"admin","Tiempo de lectura":"3 minutos"},"schema":{"@context":"https:\/\/schema.org","@graph":[{"@type":"WebSite","@id":"https:\/\/www.agromundo.co\/blog\/#website","url":"https:\/\/www.agromundo.co\/blog\/","name":"Notiagro","description":"Noticias y eventos sector agropecuario colombiano","potentialAction":[{"@type":"SearchAction","target":{"@type":"EntryPoint","urlTemplate":"https:\/\/www.agromundo.co\/blog\/?s={search_term_string}"},"query-input":"required name=search_term_string"}],"inLanguage":"es"},{"@type":"ImageObject","@id":"#primaryimage","inLanguage":"es","url":"https:\/\/www.agromundo.co\/blog\/wp-content\/uploads\/2014\/04\/CAMIONES_2.jpg","contentUrl":"https:\/\/www.agromundo.co\/blog\/wp-content\/uploads\/2014\/04\/CAMIONES_2.jpg","width":170,"height":125},{"@type":"WebPage","@id":"#webpage","url":null,"name":"Restricci\u00f3n de veh\u00edculos de carga para semana santa 2014 - Notiagro","isPartOf":{"@id":"https:\/\/www.agromundo.co\/blog\/#website"},"primaryImageOfPage":{"@id":"#primaryimage"},"datePublished":"2014-04-09T18:51:19+00:00","dateModified":"2014-04-09T18:51:19+00:00","author":{"@id":"https:\/\/www.agromundo.co\/blog\/#\/schema\/person\/3e07d858c3c7a93ebf4ad3785559d35d"},"description":"Restricci\u00f3n de veh\u00edculos de carga con capacidad igual o superior a 3,4 toneladas, durante la temporada vacacional de semana santa de 2014 en Colombia.","breadcrumb":{"@id":"#breadcrumb"},"inLanguage":"es","potentialAction":[{"@type":"ReadAction","target":[null]}]},{"@type":"BreadcrumbList","@id":"#breadcrumb","itemListElement":[{"@type":"ListItem","position":1,"name":"Portada","item":"https:\/\/www.agromundo.co\/blog\/"},{"@type":"ListItem","position":2,"name":"Restricci\u00f3n de veh\u00edculos de carga para semana santa 2014"}]},{"@type":"Person","@id":"https:\/\/www.agromundo.co\/blog\/#\/schema\/person\/3e07d858c3c7a93ebf4ad3785559d35d","name":"admin","image":{"@type":"ImageObject","@id":"https:\/\/www.agromundo.co\/blog\/#personlogo","inLanguage":"es","url":"https:\/\/secure.gravatar.com\/avatar\/f990c4c6d966ea7f7bec9cc10bcda5ce?s=96&d=mm&r=g","contentUrl":"https:\/\/secure.gravatar.com\/avatar\/f990c4c6d966ea7f7bec9cc10bcda5ce?s=96&d=mm&r=g","caption":"admin"},"url":"https:\/\/www.agromundo.co\/blog\/author\/admin\/"}]}},"_links":{"self":[{"href":"https:\/\/www.agromundo.co\/blog\/wp-json\/wp\/v2\/posts\/2801"}],"collection":[{"href":"https:\/\/www.agromundo.co\/blog\/wp-json\/wp\/v2\/posts"}],"about":[{"href":"https:\/\/www.agromundo.co\/blog\/wp-json\/wp\/v2\/types\/post"}],"author":[{"embeddable":true,"href":"https:\/\/www.agromundo.co\/blog\/wp-json\/wp\/v2\/users\/1"}],"replies":[{"embeddable":true,"href":"https:\/\/www.agromundo.co\/blog\/wp-json\/wp\/v2\/comments?post=2801"}],"version-history":[{"count":2,"href":"https:\/\/www.agromundo.co\/blog\/wp-json\/wp\/v2\/posts\/2801\/revisions"}],"predecessor-version":[{"id":2804,"href":"https:\/\/www.agromundo.co\/blog\/wp-json\/wp\/v2\/posts\/2801\/revisions\/2804"}],"wp:featuredmedia":[{"embeddable":true,"href":"https:\/\/www.agromundo.co\/blog\/wp-json\/wp\/v2\/media\/2803"}],"wp:attachment":[{"href":"https:\/\/www.agromundo.co\/blog\/wp-json\/wp\/v2\/media?parent=2801"}],"wp:term":[{"taxonomy":"category","embeddable":true,"href":"https:\/\/www.agromundo.co\/blog\/wp-json\/wp\/v2\/categories?post=2801"},{"taxonomy":"post_tag","embeddable":true,"href":"https:\/\/www.agromundo.co\/blog\/wp-json\/wp\/v2\/tags?post=2801"}],"curies":[{"name":"wp","href":"https:\/\/api.w.org\/{rel}","templated":true}]}}