{"id":2824,"date":"2014-04-23T16:45:11","date_gmt":"2014-04-23T16:45:11","guid":{"rendered":"http:\/\/www.agromundo.co\/blog\/?p=2824"},"modified":"2014-04-23T16:45:11","modified_gmt":"2014-04-23T16:45:11","slug":"nueva-junta-directiva-de-fedequinas-2","status":"publish","type":"post","link":"https:\/\/www.agromundo.co\/blog\/nueva-junta-directiva-de-fedequinas-2\/","title":{"rendered":"Nueva Junta Directiva de Fedequinas"},"content":{"rendered":"<p><a href=\"http:\/\/www.agromundo.co\/blog\/wp-content\/uploads\/2014\/04\/fedequinas.jpg\"><img loading=\"lazy\" class=\"aligncenter wp-image-2825 size-full\" src=\"http:\/\/www.agromundo.co\/blog\/wp-content\/uploads\/2014\/04\/fedequinas.jpg\" alt=\"\" width=\"153\" height=\"173\" \/><\/a><\/p>\n<p>Mediante comunicado expedido el d\u00eda 3 de abril de 2014,\u00a0 por\u00a0 Virna Latorre Puente,\u00a0 Jefe de Comunicaciones y Mercadeo\u00a0 de Fedequinas,\u00a0 esa organizaci\u00f3n\u00a0dio a conocer el\u00a0nombramiento de su nueva Junta Directiva para a\u00a0el a\u00f1o 2014.<\/p>\n<p>De acuerdo con el comunicado, en la reuni\u00f3n de la Asamblea general de Afiliados, con la asistencia de los presidentes de las diferentes asociaciones equinas federadas, por consenso nuevamente fueron elegidos Alirio Galvis Castiblanco y Rafael S\u00e1nchez Pati\u00f1o, como presidente y vicepresidente respectivamente de la Junta Directiva, para el a\u00f1o 2014.<\/p>\n<p>La elecci\u00f3n de la Nueva Junta Directiva y de los diferentes Comit\u00e9s, se llev\u00f3 a cabo en un acto democr\u00e1tico en el que se cont\u00f3 con la participaci\u00f3n de todas las asociaciones que representan a las diferentes regiones del pa\u00eds.<\/p>\n<p>Alirio Galvis es un destacado cabalista bogotano, que se desempe\u00f1a adem\u00e1s como Presidente de la Asociaci\u00f3n Nacional de Caballistas Amigos (Anca) con sede en Fusagasug\u00e1 y Rafael S\u00e1nchez, es el actual Presidente de la Asociaci\u00f3n de Criadores de Caballos del Atl\u00e1ntico (Asoequinos) que opera en Barranquilla y \u00a0un destacado l\u00edder gremial equino en la regi\u00f3n Caribe.<\/p>\n<p>La conformaci\u00f3n de la Junta Directiva de FEDEQUINAS\u00a0 es de gran importancia para el direccionamiento de la pol\u00edtica equina colombiana, para la programaci\u00f3n y ejecuci\u00f3n de m\u00e1s de 180 eventos en todo el territorio nacional y para determinar las directrices orientadas a la difusi\u00f3n y el fomento del Caballo Criollo Colombiano como raza.<\/p>\n<p>La nueva Junta Directiva y los diferentes Comit\u00e9s, quedaron conformados de la siguiente manera:<\/p>\n<p><strong>Miembros Permanentes:<\/strong><\/p>\n<ul>\n<li>Presidente Junta Directiva: Alirio Galvis.<\/li>\n<li>Vicepresidente Junta Directiva: Rafael S\u00e1nchez.<\/li>\n<li>Presidenta ejecutiva: Eliana Serrano.<\/li>\n<\/ul>\n<p><strong>Comit\u00e9 financiero:<\/strong><\/p>\n<ul>\n<li>Jorge Londo\u00f1o. Asdesilla.<\/li>\n<li>Gustavo Pedraza. Asocaballos.<\/li>\n<li>Jaime Contreras. Asocanorte.<\/li>\n<li>Eduardo Zambrano. Asdepaso.<\/li>\n<li>Rafael S\u00e1nchez. Asoequinos.<\/li>\n<\/ul>\n<p><strong>Comit\u00e9 disciplinario:<\/strong><\/p>\n<ul>\n<li>Oscar Valero. Asocatol.<\/li>\n<li>Pedro Gonz\u00e1lez. Casco.<\/li>\n<li>Roque Calder\u00f3n. Asocaballos.<\/li>\n<li>Diego Mej\u00eda. Asocaba.<\/li>\n<li>Marco Tulio Arias. Pasopista.<\/li>\n<li>Secretar\u00eda general: Fedequinas.<\/li>\n<\/ul>\n<p><strong>Comit\u00e9 comunicaciones:<\/strong><\/p>\n<ul>\n<li>Hugo Falla. Ahcaballos.<\/li>\n<li>Henry Vargas. Potros.<\/li>\n<li>David Fl\u00f3rez. Caballanos.<\/li>\n<li>Sergio Araujo. Riendas.<\/li>\n<li>Carlos Andr\u00e9s Ant\u00eda. Asdecaldas.<\/li>\n<li>Oscar Valero. Asocatol.<\/li>\n<li>Jefe de Comunicaciones: Fedequinas.<\/li>\n<\/ul>\n<p><strong>Comit\u00e9 t\u00e9cnico:<\/strong><\/p>\n<ul>\n<li>Giuliano Verutti. Asdeoccidente.<\/li>\n<li>Diego Mej\u00eda. Asocaba.<\/li>\n<li>Juan Carlos Cobo. Cabalgar.<\/li>\n<li>Edgar Rodr\u00edguez. Acopasos.<\/li>\n<li>Mauro Rojas. Acabaca.<\/li>\n<li>Ricardo Hern\u00e1ndez. Asdesilla.<\/li>\n<li>Eduardo Zambrano. Asdepaso.<\/li>\n<li>Jairo Ortiz. Asocala.<\/li>\n<li>Secretar\u00eda t\u00e9cnica: Fedequinas.<\/li>\n<\/ul>\n<p><strong>Comit\u00e9 chalaner\u00eda:<\/strong><\/p>\n<ul>\n<li>Hugo Falla. Ahcaballo.<\/li>\n<li>Ricardo Hern\u00e1ndez. Asdesilla.<\/li>\n<li>Carlos Andr\u00e9s Ant\u00eda. Asdecaldas.<\/li>\n<li>Mauricio Cardona. Crines.<\/li>\n<li>Secretar\u00eda t\u00e9cnica: Fedequinas.<\/li>\n<\/ul>\n<p>Fuente: Fedequinas.<\/p>\n<p>Nota patrocinada por:<\/p>\n<p><a href=\"http:\/\/www.agromundo.co\/criadero-la-estancia-raza-de-tiro-pesado.html\"><img loading=\"lazy\" class=\"wp-image-2105 size-thumbnail alignright\" src=\"http:\/\/www.agromundo.co\/blog\/wp-content\/uploads\/2013\/09\/1607-150x150.png\" alt=\"1607\" width=\"150\" height=\"150\" \/><\/a><a href=\"http:\/\/www.agromundo.co\/plastigoma-pisos-de-caucho.html\"><img loading=\"lazy\" class=\"size-full wp-image-2641 alignleft\" src=\"http:\/\/www.agromundo.co\/blog\/wp-content\/uploads\/2014\/02\/Pisos-Pesebreras1.jpg\" alt=\"Pisos Pesebreras[1]\" width=\"189\" height=\"120\" \/><\/a><\/p>\n","protected":false},"excerpt":{"rendered":"<p>Mediante comunicado expedido el d\u00eda 3 de abril de 2014,\u00a0 por\u00a0 Virna Latorre Puente,\u00a0 Jefe de Comunicaciones y Mercadeo\u00a0 de Fedequinas,\u00a0 esa organizaci\u00f3n\u00a0dio a conocer el\u00a0nombramiento de su nueva Junta Directiva para a\u00a0el a\u00f1o 2014. De acuerdo con el comunicado, en la reuni\u00f3n de la Asamblea general de Afiliados, con la asistencia de los presidentes [&hellip;]<\/p>\n","protected":false},"author":1,"featured_media":2825,"comment_status":"open","ping_status":"open","sticky":false,"template":"","format":"standard","meta":[],"categories":[3,18,6],"tags":[692,615,420,693],"yoast_head":"<!-- This site is optimized with the Yoast SEO plugin v17.3 - https:\/\/yoast.com\/wordpress\/plugins\/seo\/ -->\n<meta name=\"description\" content=\"Fedequinas dio a conocer el nombramiento de su nueva Junta Directiva para a el a\u00f1o 2014.\" \/>\n<meta name=\"robots\" content=\"index, follow, max-snippet:-1, max-image-preview:large, max-video-preview:-1\" \/>\n<meta property=\"og:locale\" content=\"es_ES\" \/>\n<meta property=\"og:type\" content=\"article\" \/>\n<meta property=\"og:title\" content=\"Nueva Junta Directiva de Fedequinas - Notiagro\" \/>\n<meta property=\"og:description\" content=\"Fedequinas dio a conocer el nombramiento de su nueva Junta Directiva para a el a\u00f1o 2014.\" \/>\n<meta property=\"og:site_name\" content=\"Notiagro\" \/>\n<meta property=\"article:published_time\" content=\"2014-04-23T16:45:11+00:00\" \/>\n<meta property=\"og:image\" content=\"https:\/\/www.agromundo.co\/blog\/wp-content\/uploads\/2014\/04\/fedequinas.jpg\" \/>\n\t<meta property=\"og:image:width\" content=\"153\" \/>\n\t<meta property=\"og:image:height\" content=\"173\" \/>\n<meta name=\"twitter:label1\" content=\"Escrito por\" \/>\n\t<meta name=\"twitter:data1\" content=\"admin\" \/>\n\t<meta name=\"twitter:label2\" content=\"Tiempo de lectura\" \/>\n\t<meta name=\"twitter:data2\" content=\"2 minutos\" \/>\n<script type=\"application\/ld+json\" class=\"yoast-schema-graph\">{\"@context\":\"https:\/\/schema.org\",\"@graph\":[{\"@type\":\"WebSite\",\"@id\":\"https:\/\/www.agromundo.co\/blog\/#website\",\"url\":\"https:\/\/www.agromundo.co\/blog\/\",\"name\":\"Notiagro\",\"description\":\"Noticias y eventos sector agropecuario colombiano\",\"potentialAction\":[{\"@type\":\"SearchAction\",\"target\":{\"@type\":\"EntryPoint\",\"urlTemplate\":\"https:\/\/www.agromundo.co\/blog\/?s={search_term_string}\"},\"query-input\":\"required name=search_term_string\"}],\"inLanguage\":\"es\"},{\"@type\":\"ImageObject\",\"@id\":\"#primaryimage\",\"inLanguage\":\"es\",\"url\":\"https:\/\/www.agromundo.co\/blog\/wp-content\/uploads\/2014\/04\/fedequinas.jpg\",\"contentUrl\":\"https:\/\/www.agromundo.co\/blog\/wp-content\/uploads\/2014\/04\/fedequinas.jpg\",\"width\":153,\"height\":173},{\"@type\":\"WebPage\",\"@id\":\"#webpage\",\"url\":null,\"name\":\"Nueva Junta Directiva de Fedequinas - Notiagro\",\"isPartOf\":{\"@id\":\"https:\/\/www.agromundo.co\/blog\/#website\"},\"primaryImageOfPage\":{\"@id\":\"#primaryimage\"},\"datePublished\":\"2014-04-23T16:45:11+00:00\",\"dateModified\":\"2014-04-23T16:45:11+00:00\",\"author\":{\"@id\":\"https:\/\/www.agromundo.co\/blog\/#\/schema\/person\/3e07d858c3c7a93ebf4ad3785559d35d\"},\"description\":\"Fedequinas dio a conocer el nombramiento de su nueva Junta Directiva para a el a\\u00f1o 2014.\",\"breadcrumb\":{\"@id\":\"#breadcrumb\"},\"inLanguage\":\"es\",\"potentialAction\":[{\"@type\":\"ReadAction\",\"target\":[null]}]},{\"@type\":\"BreadcrumbList\",\"@id\":\"#breadcrumb\",\"itemListElement\":[{\"@type\":\"ListItem\",\"position\":1,\"name\":\"Portada\",\"item\":\"https:\/\/www.agromundo.co\/blog\/\"},{\"@type\":\"ListItem\",\"position\":2,\"name\":\"Nueva Junta Directiva de Fedequinas\"}]},{\"@type\":\"Person\",\"@id\":\"https:\/\/www.agromundo.co\/blog\/#\/schema\/person\/3e07d858c3c7a93ebf4ad3785559d35d\",\"name\":\"admin\",\"image\":{\"@type\":\"ImageObject\",\"@id\":\"https:\/\/www.agromundo.co\/blog\/#personlogo\",\"inLanguage\":\"es\",\"url\":\"https:\/\/secure.gravatar.com\/avatar\/f990c4c6d966ea7f7bec9cc10bcda5ce?s=96&d=mm&r=g\",\"contentUrl\":\"https:\/\/secure.gravatar.com\/avatar\/f990c4c6d966ea7f7bec9cc10bcda5ce?s=96&d=mm&r=g\",\"caption\":\"admin\"},\"url\":\"https:\/\/www.agromundo.co\/blog\/author\/admin\/\"}]}<\/script>\n<!-- \/ Yoast SEO plugin. -->","yoast_head_json":{"description":"Fedequinas dio a conocer el nombramiento de su nueva Junta Directiva para a el a\u00f1o 2014.","robots":{"index":"index","follow":"follow","max-snippet":"max-snippet:-1","max-image-preview":"max-image-preview:large","max-video-preview":"max-video-preview:-1"},"og_locale":"es_ES","og_type":"article","og_title":"Nueva Junta Directiva de Fedequinas - Notiagro","og_description":"Fedequinas dio a conocer el nombramiento de su nueva Junta Directiva para a el a\u00f1o 2014.","og_site_name":"Notiagro","article_published_time":"2014-04-23T16:45:11+00:00","og_image":[{"width":153,"height":173,"url":"https:\/\/www.agromundo.co\/blog\/wp-content\/uploads\/2014\/04\/fedequinas.jpg","type":"image\/jpeg"}],"twitter_misc":{"Escrito por":"admin","Tiempo de lectura":"2 minutos"},"schema":{"@context":"https:\/\/schema.org","@graph":[{"@type":"WebSite","@id":"https:\/\/www.agromundo.co\/blog\/#website","url":"https:\/\/www.agromundo.co\/blog\/","name":"Notiagro","description":"Noticias y eventos sector agropecuario colombiano","potentialAction":[{"@type":"SearchAction","target":{"@type":"EntryPoint","urlTemplate":"https:\/\/www.agromundo.co\/blog\/?s={search_term_string}"},"query-input":"required name=search_term_string"}],"inLanguage":"es"},{"@type":"ImageObject","@id":"#primaryimage","inLanguage":"es","url":"https:\/\/www.agromundo.co\/blog\/wp-content\/uploads\/2014\/04\/fedequinas.jpg","contentUrl":"https:\/\/www.agromundo.co\/blog\/wp-content\/uploads\/2014\/04\/fedequinas.jpg","width":153,"height":173},{"@type":"WebPage","@id":"#webpage","url":null,"name":"Nueva Junta Directiva de Fedequinas - Notiagro","isPartOf":{"@id":"https:\/\/www.agromundo.co\/blog\/#website"},"primaryImageOfPage":{"@id":"#primaryimage"},"datePublished":"2014-04-23T16:45:11+00:00","dateModified":"2014-04-23T16:45:11+00:00","author":{"@id":"https:\/\/www.agromundo.co\/blog\/#\/schema\/person\/3e07d858c3c7a93ebf4ad3785559d35d"},"description":"Fedequinas dio a conocer el nombramiento de su nueva Junta Directiva para a el a\u00f1o 2014.","breadcrumb":{"@id":"#breadcrumb"},"inLanguage":"es","potentialAction":[{"@type":"ReadAction","target":[null]}]},{"@type":"BreadcrumbList","@id":"#breadcrumb","itemListElement":[{"@type":"ListItem","position":1,"name":"Portada","item":"https:\/\/www.agromundo.co\/blog\/"},{"@type":"ListItem","position":2,"name":"Nueva Junta Directiva de Fedequinas"}]},{"@type":"Person","@id":"https:\/\/www.agromundo.co\/blog\/#\/schema\/person\/3e07d858c3c7a93ebf4ad3785559d35d","name":"admin","image":{"@type":"ImageObject","@id":"https:\/\/www.agromundo.co\/blog\/#personlogo","inLanguage":"es","url":"https:\/\/secure.gravatar.com\/avatar\/f990c4c6d966ea7f7bec9cc10bcda5ce?s=96&d=mm&r=g","contentUrl":"https:\/\/secure.gravatar.com\/avatar\/f990c4c6d966ea7f7bec9cc10bcda5ce?s=96&d=mm&r=g","caption":"admin"},"url":"https:\/\/www.agromundo.co\/blog\/author\/admin\/"}]}},"_links":{"self":[{"href":"https:\/\/www.agromundo.co\/blog\/wp-json\/wp\/v2\/posts\/2824"}],"collection":[{"href":"https:\/\/www.agromundo.co\/blog\/wp-json\/wp\/v2\/posts"}],"about":[{"href":"https:\/\/www.agromundo.co\/blog\/wp-json\/wp\/v2\/types\/post"}],"author":[{"embeddable":true,"href":"https:\/\/www.agromundo.co\/blog\/wp-json\/wp\/v2\/users\/1"}],"replies":[{"embeddable":true,"href":"https:\/\/www.agromundo.co\/blog\/wp-json\/wp\/v2\/comments?post=2824"}],"version-history":[{"count":2,"href":"https:\/\/www.agromundo.co\/blog\/wp-json\/wp\/v2\/posts\/2824\/revisions"}],"predecessor-version":[{"id":2827,"href":"https:\/\/www.agromundo.co\/blog\/wp-json\/wp\/v2\/posts\/2824\/revisions\/2827"}],"wp:featuredmedia":[{"embeddable":true,"href":"https:\/\/www.agromundo.co\/blog\/wp-json\/wp\/v2\/media\/2825"}],"wp:attachment":[{"href":"https:\/\/www.agromundo.co\/blog\/wp-json\/wp\/v2\/media?parent=2824"}],"wp:term":[{"taxonomy":"category","embeddable":true,"href":"https:\/\/www.agromundo.co\/blog\/wp-json\/wp\/v2\/categories?post=2824"},{"taxonomy":"post_tag","embeddable":true,"href":"https:\/\/www.agromundo.co\/blog\/wp-json\/wp\/v2\/tags?post=2824"}],"curies":[{"name":"wp","href":"https:\/\/api.w.org\/{rel}","templated":true}]}}