{"id":2952,"date":"2014-06-06T19:22:45","date_gmt":"2014-06-06T19:22:45","guid":{"rendered":"http:\/\/www.agromundo.co\/blog\/?p=2952"},"modified":"2014-06-06T19:22:45","modified_gmt":"2014-06-06T19:22:45","slug":"el-panorama-de-la-industria-ganadera-en-colombia","status":"publish","type":"post","link":"https:\/\/www.agromundo.co\/blog\/el-panorama-de-la-industria-ganadera-en-colombia\/","title":{"rendered":"El panorama de la industria ganadera en Colombia"},"content":{"rendered":"<p><a href=\"http:\/\/www.agromundo.co\/blog\/wp-content\/uploads\/2014\/06\/vacas.jpg\"><img loading=\"lazy\" class=\"aligncenter size-full wp-image-2954\" src=\"http:\/\/www.agromundo.co\/blog\/wp-content\/uploads\/2014\/06\/vacas.jpg\" alt=\"vacas\" width=\"298\" height=\"137\" \/><\/a><\/p>\n<p>A pesar de que el crecimiento del Producto Interno Bruto perc\u00e1pita en los \u00faltimos a\u00f1os contribuy\u00f3 al aumento del consumo de carne de res, especialmente durante los a\u00f1os 2011 y 2012, en el 2013 se ubic\u00f3 en 20 kg por persona, es decir,\u00a0 ligeramente inferior al registrado en\u00a0 el 2012 (20,8 kg).<\/p>\n<p>Para el presente a\u00f1o \u00a0el panorama\u00a0de la industria ganadera no es alentador, \u00a0por lo menos as\u00ed lo manifiesta la Federaci\u00f3n Nacional de Ganaderos -Fedeg\u00e1n-, al considerar que se podr\u00eda tener un descenso marginal, teniendo en cuenta posibles desajustes en la oferta, generados por el incremento de las exportaciones, que terminan aumentando los precios al consumidor.<\/p>\n<p>El sacrificio de ganado bovino entre los meses de enero y noviembre del a\u00f1o 2013, tambi\u00e9n registr\u00f3 una reducci\u00f3n de 1,5%, de acuerdo con la encuesta de sacrificio de ganado publicada por el Dane, alcanzando los 3,7 millones de cabezas, que en su mayor\u00eda fueron destinadas para el consumo interno. En materia de comercio exterior, el 2013 cerr\u00f3 con un super\u00e1vit cercano a los 480 millones de d\u00f3lares.<\/p>\n<p>Durante ese mismo a\u00f1o fueron exportados animales en pie y productos c\u00e1rnicos por un valor de 496 millones de d\u00f3lares, con un crecimiento del 24,7% con relaci\u00f3n a las registradas en el 2012. En relaci\u00f3n con las importaciones, estas alcanzaron a noviembre de 2013 el valor de 15,2 millones de d\u00f3lares, es decir, \u00a0un 45,6% m\u00e1s que durante el 2012, impulsado por los mayores cupos otorgados a trav\u00e9s de los diferentes Tratados de Libre Comercio.<\/p>\n<p>De otra parte, el mercadeo l\u00e1cteo tampoco ha arrojado los resultados esperados, lo que se ha visto reflejado durante los dos \u00faltimos a\u00f1os, en los que el precio pagado al ganadero por cada litro presenta una tendencia a la baja, repercutiendo en la rentabilidad de los empresarios, al tener un mayor crecimiento en los costos de producci\u00f3n que en el de los ingresos.<\/p>\n<p>Seg\u00fan Jos\u00e9 F\u00e9lix Lafaurie, presidente de Fedeg\u00e1n,\u00a0 esta reducci\u00f3n se presenta por la puesta en operaci\u00f3n de los Tratados de Libre Comercio, el incremento de la oferta de leche fresca como consecuencia del mejoramiento de la productividad y la desaceleraci\u00f3n del almacenamiento por parte de la industria l\u00e1ctea.<\/p>\n<p>El escenario de precios pudo haber sido m\u00e1s dram\u00e1tico si no se hubiera mantenido al alza la cotizaci\u00f3n internacional de la leche, rondando los 5.200 d\u00f3lares por tonelada durante el a\u00f1o 2013.<\/p>\n<p>Fuente: Agronegocios.<\/p>\n<p>Nota patrocinada por:<a href=\"http:\/\/www.agromundo.co\/intera-sas.html\" target=\"_blank\"><img loading=\"lazy\" class=\"wp-image-2953 alignright\" src=\"http:\/\/www.agromundo.co\/blog\/wp-content\/uploads\/2014\/06\/intera.jpg\" alt=\"intera\" width=\"120\" height=\"106\" \/><\/a><\/p>\n<p><a href=\"http:\/\/www.agromundo.co\/basculas-medigan-sas.html\" target=\"_blank\"><img loading=\"lazy\" class=\"wp-image-2896 alignleft\" src=\"http:\/\/www.agromundo.co\/blog\/wp-content\/uploads\/2014\/05\/B\u00e1sculas-medigan.jpg\" alt=\"B\u00e1sculas medigan\" width=\"120\" height=\"120\" \/><\/a><\/p>\n","protected":false},"excerpt":{"rendered":"<p>A pesar de que el crecimiento del Producto Interno Bruto perc\u00e1pita en los \u00faltimos a\u00f1os contribuy\u00f3 al aumento del consumo de carne de res, especialmente durante los a\u00f1os 2011 y 2012, en el 2013 se ubic\u00f3 en 20 kg por persona, es decir,\u00a0 ligeramente inferior al registrado en\u00a0 el 2012 (20,8 kg). Para el presente [&hellip;]<\/p>\n","protected":false},"author":1,"featured_media":2954,"comment_status":"open","ping_status":"open","sticky":false,"template":"","format":"standard","meta":[],"categories":[3,18,6],"tags":[1572,1063,321,496,393],"yoast_head":"<!-- This site is optimized with the Yoast SEO plugin v17.3 - https:\/\/yoast.com\/wordpress\/plugins\/seo\/ -->\n<meta name=\"description\" content=\"Para el presente a\u00f1o (2014) el panorama de la industria ganadera en Colombia no es alentador. As\u00ed lo manifiesta la Federaci\u00f3n Nacional de Ganaderos.\" \/>\n<meta name=\"robots\" content=\"index, follow, max-snippet:-1, max-image-preview:large, max-video-preview:-1\" \/>\n<meta property=\"og:locale\" content=\"es_ES\" \/>\n<meta property=\"og:type\" content=\"article\" \/>\n<meta property=\"og:title\" content=\"El panorama de la industria ganadera en Colombia - Notiagro\" \/>\n<meta property=\"og:description\" content=\"Para el presente a\u00f1o (2014) el panorama de la industria ganadera en Colombia no es alentador. As\u00ed lo manifiesta la Federaci\u00f3n Nacional de Ganaderos.\" \/>\n<meta property=\"og:site_name\" content=\"Notiagro\" \/>\n<meta property=\"article:published_time\" content=\"2014-06-06T19:22:45+00:00\" \/>\n<meta property=\"og:image\" content=\"http:\/\/www.agromundo.co\/blog\/wp-content\/uploads\/2014\/06\/vacas.jpg\" \/>\n\t<meta property=\"og:image:width\" content=\"298\" \/>\n\t<meta property=\"og:image:height\" content=\"137\" \/>\n<meta name=\"twitter:label1\" content=\"Escrito por\" \/>\n\t<meta name=\"twitter:data1\" content=\"admin\" \/>\n\t<meta name=\"twitter:label2\" content=\"Tiempo de lectura\" \/>\n\t<meta name=\"twitter:data2\" content=\"2 minutos\" \/>\n<script type=\"application\/ld+json\" class=\"yoast-schema-graph\">{\"@context\":\"https:\/\/schema.org\",\"@graph\":[{\"@type\":\"WebSite\",\"@id\":\"https:\/\/www.agromundo.co\/blog\/#website\",\"url\":\"https:\/\/www.agromundo.co\/blog\/\",\"name\":\"Notiagro\",\"description\":\"Noticias y eventos sector agropecuario colombiano\",\"potentialAction\":[{\"@type\":\"SearchAction\",\"target\":{\"@type\":\"EntryPoint\",\"urlTemplate\":\"https:\/\/www.agromundo.co\/blog\/?s={search_term_string}\"},\"query-input\":\"required name=search_term_string\"}],\"inLanguage\":\"es\"},{\"@type\":\"ImageObject\",\"@id\":\"#primaryimage\",\"inLanguage\":\"es\",\"url\":\"https:\/\/www.agromundo.co\/blog\/wp-content\/uploads\/2014\/06\/vacas.jpg\",\"contentUrl\":\"https:\/\/www.agromundo.co\/blog\/wp-content\/uploads\/2014\/06\/vacas.jpg\",\"width\":298,\"height\":137},{\"@type\":\"WebPage\",\"@id\":\"#webpage\",\"url\":null,\"name\":\"El panorama de la industria ganadera en Colombia - Notiagro\",\"isPartOf\":{\"@id\":\"https:\/\/www.agromundo.co\/blog\/#website\"},\"primaryImageOfPage\":{\"@id\":\"#primaryimage\"},\"datePublished\":\"2014-06-06T19:22:45+00:00\",\"dateModified\":\"2014-06-06T19:22:45+00:00\",\"author\":{\"@id\":\"https:\/\/www.agromundo.co\/blog\/#\/schema\/person\/3e07d858c3c7a93ebf4ad3785559d35d\"},\"description\":\"Para el presente a\\u00f1o (2014) el panorama de la industria ganadera en Colombia no es alentador. As\\u00ed lo manifiesta la Federaci\\u00f3n Nacional de Ganaderos.\",\"breadcrumb\":{\"@id\":\"#breadcrumb\"},\"inLanguage\":\"es\",\"potentialAction\":[{\"@type\":\"ReadAction\",\"target\":[null]}]},{\"@type\":\"BreadcrumbList\",\"@id\":\"#breadcrumb\",\"itemListElement\":[{\"@type\":\"ListItem\",\"position\":1,\"name\":\"Portada\",\"item\":\"https:\/\/www.agromundo.co\/blog\/\"},{\"@type\":\"ListItem\",\"position\":2,\"name\":\"El panorama de la industria ganadera en Colombia\"}]},{\"@type\":\"Person\",\"@id\":\"https:\/\/www.agromundo.co\/blog\/#\/schema\/person\/3e07d858c3c7a93ebf4ad3785559d35d\",\"name\":\"admin\",\"image\":{\"@type\":\"ImageObject\",\"@id\":\"https:\/\/www.agromundo.co\/blog\/#personlogo\",\"inLanguage\":\"es\",\"url\":\"https:\/\/secure.gravatar.com\/avatar\/f990c4c6d966ea7f7bec9cc10bcda5ce?s=96&d=mm&r=g\",\"contentUrl\":\"https:\/\/secure.gravatar.com\/avatar\/f990c4c6d966ea7f7bec9cc10bcda5ce?s=96&d=mm&r=g\",\"caption\":\"admin\"},\"url\":\"https:\/\/www.agromundo.co\/blog\/author\/admin\/\"}]}<\/script>\n<!-- \/ Yoast SEO plugin. -->","yoast_head_json":{"description":"Para el presente a\u00f1o (2014) el panorama de la industria ganadera en Colombia no es alentador. As\u00ed lo manifiesta la Federaci\u00f3n Nacional de Ganaderos.","robots":{"index":"index","follow":"follow","max-snippet":"max-snippet:-1","max-image-preview":"max-image-preview:large","max-video-preview":"max-video-preview:-1"},"og_locale":"es_ES","og_type":"article","og_title":"El panorama de la industria ganadera en Colombia - Notiagro","og_description":"Para el presente a\u00f1o (2014) el panorama de la industria ganadera en Colombia no es alentador. As\u00ed lo manifiesta la Federaci\u00f3n Nacional de Ganaderos.","og_site_name":"Notiagro","article_published_time":"2014-06-06T19:22:45+00:00","og_image":[{"width":298,"height":137,"url":"http:\/\/www.agromundo.co\/blog\/wp-content\/uploads\/2014\/06\/vacas.jpg","type":"image\/jpeg"}],"twitter_misc":{"Escrito por":"admin","Tiempo de lectura":"2 minutos"},"schema":{"@context":"https:\/\/schema.org","@graph":[{"@type":"WebSite","@id":"https:\/\/www.agromundo.co\/blog\/#website","url":"https:\/\/www.agromundo.co\/blog\/","name":"Notiagro","description":"Noticias y eventos sector agropecuario colombiano","potentialAction":[{"@type":"SearchAction","target":{"@type":"EntryPoint","urlTemplate":"https:\/\/www.agromundo.co\/blog\/?s={search_term_string}"},"query-input":"required name=search_term_string"}],"inLanguage":"es"},{"@type":"ImageObject","@id":"#primaryimage","inLanguage":"es","url":"https:\/\/www.agromundo.co\/blog\/wp-content\/uploads\/2014\/06\/vacas.jpg","contentUrl":"https:\/\/www.agromundo.co\/blog\/wp-content\/uploads\/2014\/06\/vacas.jpg","width":298,"height":137},{"@type":"WebPage","@id":"#webpage","url":null,"name":"El panorama de la industria ganadera en Colombia - Notiagro","isPartOf":{"@id":"https:\/\/www.agromundo.co\/blog\/#website"},"primaryImageOfPage":{"@id":"#primaryimage"},"datePublished":"2014-06-06T19:22:45+00:00","dateModified":"2014-06-06T19:22:45+00:00","author":{"@id":"https:\/\/www.agromundo.co\/blog\/#\/schema\/person\/3e07d858c3c7a93ebf4ad3785559d35d"},"description":"Para el presente a\u00f1o (2014) el panorama de la industria ganadera en Colombia no es alentador. As\u00ed lo manifiesta la Federaci\u00f3n Nacional de Ganaderos.","breadcrumb":{"@id":"#breadcrumb"},"inLanguage":"es","potentialAction":[{"@type":"ReadAction","target":[null]}]},{"@type":"BreadcrumbList","@id":"#breadcrumb","itemListElement":[{"@type":"ListItem","position":1,"name":"Portada","item":"https:\/\/www.agromundo.co\/blog\/"},{"@type":"ListItem","position":2,"name":"El panorama de la industria ganadera en Colombia"}]},{"@type":"Person","@id":"https:\/\/www.agromundo.co\/blog\/#\/schema\/person\/3e07d858c3c7a93ebf4ad3785559d35d","name":"admin","image":{"@type":"ImageObject","@id":"https:\/\/www.agromundo.co\/blog\/#personlogo","inLanguage":"es","url":"https:\/\/secure.gravatar.com\/avatar\/f990c4c6d966ea7f7bec9cc10bcda5ce?s=96&d=mm&r=g","contentUrl":"https:\/\/secure.gravatar.com\/avatar\/f990c4c6d966ea7f7bec9cc10bcda5ce?s=96&d=mm&r=g","caption":"admin"},"url":"https:\/\/www.agromundo.co\/blog\/author\/admin\/"}]}},"_links":{"self":[{"href":"https:\/\/www.agromundo.co\/blog\/wp-json\/wp\/v2\/posts\/2952"}],"collection":[{"href":"https:\/\/www.agromundo.co\/blog\/wp-json\/wp\/v2\/posts"}],"about":[{"href":"https:\/\/www.agromundo.co\/blog\/wp-json\/wp\/v2\/types\/post"}],"author":[{"embeddable":true,"href":"https:\/\/www.agromundo.co\/blog\/wp-json\/wp\/v2\/users\/1"}],"replies":[{"embeddable":true,"href":"https:\/\/www.agromundo.co\/blog\/wp-json\/wp\/v2\/comments?post=2952"}],"version-history":[{"count":1,"href":"https:\/\/www.agromundo.co\/blog\/wp-json\/wp\/v2\/posts\/2952\/revisions"}],"predecessor-version":[{"id":2955,"href":"https:\/\/www.agromundo.co\/blog\/wp-json\/wp\/v2\/posts\/2952\/revisions\/2955"}],"wp:featuredmedia":[{"embeddable":true,"href":"https:\/\/www.agromundo.co\/blog\/wp-json\/wp\/v2\/media\/2954"}],"wp:attachment":[{"href":"https:\/\/www.agromundo.co\/blog\/wp-json\/wp\/v2\/media?parent=2952"}],"wp:term":[{"taxonomy":"category","embeddable":true,"href":"https:\/\/www.agromundo.co\/blog\/wp-json\/wp\/v2\/categories?post=2952"},{"taxonomy":"post_tag","embeddable":true,"href":"https:\/\/www.agromundo.co\/blog\/wp-json\/wp\/v2\/tags?post=2952"}],"curies":[{"name":"wp","href":"https:\/\/api.w.org\/{rel}","templated":true}]}}