{"id":3178,"date":"2014-08-15T15:30:43","date_gmt":"2014-08-15T15:30:43","guid":{"rendered":"http:\/\/www.agromundo.co\/blog\/?p=3178"},"modified":"2014-08-15T15:30:43","modified_gmt":"2014-08-15T15:30:43","slug":"feria-de-las-flores-exposicion-equina-2014","status":"publish","type":"post","link":"https:\/\/www.agromundo.co\/blog\/feria-de-las-flores-exposicion-equina-2014\/","title":{"rendered":"Feria de las flores. Exposici\u00f3n equina 2014"},"content":{"rendered":"<p><a href=\"http:\/\/www.agromundo.co\/blog\/wp-content\/uploads\/2014\/08\/feria-de-las-flores.jpg\"><img loading=\"lazy\" class=\"alignnone size-full wp-image-3179\" src=\"http:\/\/www.agromundo.co\/blog\/wp-content\/uploads\/2014\/08\/feria-de-las-flores.jpg\" alt=\"feria de las flores\" width=\"188\" height=\"106\" \/><\/a><\/p>\n<ul>\n<li>La reciente Feria de las Flores, realizada en la ciudad de<a href=\"http:\/\/es.wikipedia.org\/wiki\/Medell%C3%ADn\" target=\"_blank\"> Medell\u00edn<\/a>, no solamente sirvi\u00f3 para la celebraci\u00f3n de las festividades de la capital antioque\u00f1a.<\/li>\n<\/ul>\n<p>Adem\u00e1s fue el escenario del establecimiento de un r\u00e9cord: el juzgamiento de \u00a0440 caballos de paso fino colombiano, \u00a0procedentes de diversas regiones del pa\u00eds, en la versi\u00f3n #56 de la Exposici\u00f3n Internacional Equina Feria de las Flores. El evento cont\u00f3 con la asistencia de m\u00e1s de 8.000 personas.<\/p>\n<p>Jorge Londo\u00f1o de la \u00a0Cuesta, Presidente de Asdesilla, gran conocedor del gremio equino, destac\u00f3 la positiva participaci\u00f3n y la calidad de los equinos que fueron presentados en pista.<\/p>\n<p>Sostuvo Londo\u00f1o que se tuvo muy buena participaci\u00f3n, \u00a0cerca de un 20% superior al a\u00f1o anterior, con la asistencia de m\u00e1s de 160 ejemplares de otras ciudades de Colombia, lo que hizo que la 56a Expointernacional Equina Feria de Flores reuniera lo mejor de la caballada nacional.<\/p>\n<p>En el evento fueron evaluados los m\u00e1s selectos ejemplares de los 4 andares que caracterizan al caballo criollo colombiano: paso fino, trocha colombiana, trote y galope y trocha y galope.<\/p>\n<p>En el certamen fueron exhibidos entre otros, Sublime de Do\u00f1a Lola, actual Gran Campe\u00f3n Mundial Miami 2013, que lleg\u00f3 procedente de Estados Unidos; Jord\u00e1n de JN, Gran Campe\u00f3n Reservado Mundial en Puerto Rico 2011, con sus cr\u00edas de gran calidad; Atractivo de La Pir\u00e1mide, Campe\u00f3n Nacional en tres ocasiones y Tormento de la Virginia, Campe\u00f3n Mundial 2003.<\/p>\n<p>Ricardo Hern\u00e1ndez de la Cuesta, Vicepresidente de Asdesilla, expres\u00f3 lo satisfechos que quedaron con los resultados, al afirmar que es una de las mejores ferias de Colombia\u00a0a la que asistieron los mejores caballos con una insuperable calidad.<\/p>\n<p><strong>Yeguas que marcaron \u00a0diferencia<\/strong>:<\/p>\n<p>Entre las yeguas de paso fino destacadas en la 56a Expointernacional Equina Feria de las Flores estuvieron Dulcinea de Yerbabuena, Az\u00facar Morena, So\u00f1adora de Yerbabuena, Sofi de la Lira, Natasha de la Candelaria y Revancha Roya.<\/p>\n<p>En las Yeguas de Trocha y Galope \u00a0se exhibieron Turquesa de Jazm\u00edn, Gala de Cartagena, Herencia y Muralla de las Pe\u00f1as.<\/p>\n<p>Fuente: Agronegocios.<\/p>\n<p>Nota patrocinada por:<a href=\"http:\/\/www.agromundo.co\/aqua-fan-sas.html\" target=\"_blank\"><img loading=\"lazy\" class=\"size-full wp-image-2642 alignright\" src=\"http:\/\/www.agromundo.co\/blog\/wp-content\/uploads\/2014\/02\/Aquafan.jpg\" alt=\"Aquafan\" width=\"120\" height=\"120\" \/><\/a><\/p>\n<p><a href=\"http:\/\/www.agromundo.co\/herraduras-clavos-y-accesorios-para-herraje-mustad-emcoclavos.html\" target=\"_blank\"><img loading=\"lazy\" class=\"alignnone wp-image-2904\" src=\"http:\/\/www.agromundo.co\/blog\/wp-content\/uploads\/2014\/05\/Emcoclavos.png\" alt=\"Emcoclavos\" width=\"136\" height=\"120\" \/><\/a><\/p>\n","protected":false},"excerpt":{"rendered":"<p>La reciente Feria de las Flores, realizada en la ciudad de Medell\u00edn, no solamente sirvi\u00f3 para la celebraci\u00f3n de las festividades de la capital antioque\u00f1a. Adem\u00e1s fue el escenario del establecimiento de un r\u00e9cord: el juzgamiento de \u00a0440 caballos de paso fino colombiano, \u00a0procedentes de diversas regiones del pa\u00eds, en la versi\u00f3n #56 de la [&hellip;]<\/p>\n","protected":false},"author":1,"featured_media":3179,"comment_status":"open","ping_status":"open","sticky":false,"template":"","format":"standard","meta":[],"categories":[1],"tags":[692,1339,1690,1537,370,441,327,328],"yoast_head":"<!-- This site is optimized with the Yoast SEO plugin v17.3 - https:\/\/yoast.com\/wordpress\/plugins\/seo\/ -->\n<meta name=\"description\" content=\"440 caballos de paso fino colombiano, procedentes de diversas regiones del pa\u00eds, en la versi\u00f3n #56 de la Exposici\u00f3n Internacional Equina Feria de las Flores\" \/>\n<meta name=\"robots\" content=\"index, follow, max-snippet:-1, max-image-preview:large, max-video-preview:-1\" \/>\n<meta property=\"og:locale\" content=\"es_ES\" \/>\n<meta property=\"og:type\" content=\"article\" \/>\n<meta property=\"og:title\" content=\"Feria de las flores. Exposici\u00f3n equina 2014 - Notiagro\" \/>\n<meta property=\"og:description\" content=\"440 caballos de paso fino colombiano, procedentes de diversas regiones del pa\u00eds, en la versi\u00f3n #56 de la Exposici\u00f3n Internacional Equina Feria de las Flores\" \/>\n<meta property=\"og:site_name\" content=\"Notiagro\" \/>\n<meta property=\"article:published_time\" content=\"2014-08-15T15:30:43+00:00\" \/>\n<meta property=\"og:image\" content=\"https:\/\/www.agromundo.co\/blog\/wp-content\/uploads\/2014\/08\/feria-de-las-flores.jpg\" \/>\n\t<meta property=\"og:image:width\" content=\"188\" \/>\n\t<meta property=\"og:image:height\" content=\"106\" \/>\n<meta name=\"twitter:label1\" content=\"Escrito por\" \/>\n\t<meta name=\"twitter:data1\" content=\"admin\" \/>\n\t<meta name=\"twitter:label2\" content=\"Tiempo de lectura\" \/>\n\t<meta name=\"twitter:data2\" content=\"2 minutos\" \/>\n<script type=\"application\/ld+json\" class=\"yoast-schema-graph\">{\"@context\":\"https:\/\/schema.org\",\"@graph\":[{\"@type\":\"WebSite\",\"@id\":\"https:\/\/www.agromundo.co\/blog\/#website\",\"url\":\"https:\/\/www.agromundo.co\/blog\/\",\"name\":\"Notiagro\",\"description\":\"Noticias y eventos sector agropecuario colombiano\",\"potentialAction\":[{\"@type\":\"SearchAction\",\"target\":{\"@type\":\"EntryPoint\",\"urlTemplate\":\"https:\/\/www.agromundo.co\/blog\/?s={search_term_string}\"},\"query-input\":\"required name=search_term_string\"}],\"inLanguage\":\"es\"},{\"@type\":\"ImageObject\",\"@id\":\"#primaryimage\",\"inLanguage\":\"es\",\"url\":\"https:\/\/www.agromundo.co\/blog\/wp-content\/uploads\/2014\/08\/feria-de-las-flores.jpg\",\"contentUrl\":\"https:\/\/www.agromundo.co\/blog\/wp-content\/uploads\/2014\/08\/feria-de-las-flores.jpg\",\"width\":188,\"height\":106},{\"@type\":\"WebPage\",\"@id\":\"#webpage\",\"url\":null,\"name\":\"Feria de las flores. Exposici\\u00f3n equina 2014 - Notiagro\",\"isPartOf\":{\"@id\":\"https:\/\/www.agromundo.co\/blog\/#website\"},\"primaryImageOfPage\":{\"@id\":\"#primaryimage\"},\"datePublished\":\"2014-08-15T15:30:43+00:00\",\"dateModified\":\"2014-08-15T15:30:43+00:00\",\"author\":{\"@id\":\"https:\/\/www.agromundo.co\/blog\/#\/schema\/person\/3e07d858c3c7a93ebf4ad3785559d35d\"},\"description\":\"440 caballos de paso fino colombiano, procedentes de diversas regiones del pa\\u00eds, en la versi\\u00f3n #56 de la Exposici\\u00f3n Internacional Equina Feria de las Flores\",\"breadcrumb\":{\"@id\":\"#breadcrumb\"},\"inLanguage\":\"es\",\"potentialAction\":[{\"@type\":\"ReadAction\",\"target\":[null]}]},{\"@type\":\"BreadcrumbList\",\"@id\":\"#breadcrumb\",\"itemListElement\":[{\"@type\":\"ListItem\",\"position\":1,\"name\":\"Portada\",\"item\":\"https:\/\/www.agromundo.co\/blog\/\"},{\"@type\":\"ListItem\",\"position\":2,\"name\":\"Feria de las flores. Exposici\\u00f3n equina 2014\"}]},{\"@type\":\"Person\",\"@id\":\"https:\/\/www.agromundo.co\/blog\/#\/schema\/person\/3e07d858c3c7a93ebf4ad3785559d35d\",\"name\":\"admin\",\"image\":{\"@type\":\"ImageObject\",\"@id\":\"https:\/\/www.agromundo.co\/blog\/#personlogo\",\"inLanguage\":\"es\",\"url\":\"https:\/\/secure.gravatar.com\/avatar\/f990c4c6d966ea7f7bec9cc10bcda5ce?s=96&d=mm&r=g\",\"contentUrl\":\"https:\/\/secure.gravatar.com\/avatar\/f990c4c6d966ea7f7bec9cc10bcda5ce?s=96&d=mm&r=g\",\"caption\":\"admin\"},\"url\":\"https:\/\/www.agromundo.co\/blog\/author\/admin\/\"}]}<\/script>\n<!-- \/ Yoast SEO plugin. -->","yoast_head_json":{"description":"440 caballos de paso fino colombiano, procedentes de diversas regiones del pa\u00eds, en la versi\u00f3n #56 de la Exposici\u00f3n Internacional Equina Feria de las Flores","robots":{"index":"index","follow":"follow","max-snippet":"max-snippet:-1","max-image-preview":"max-image-preview:large","max-video-preview":"max-video-preview:-1"},"og_locale":"es_ES","og_type":"article","og_title":"Feria de las flores. Exposici\u00f3n equina 2014 - Notiagro","og_description":"440 caballos de paso fino colombiano, procedentes de diversas regiones del pa\u00eds, en la versi\u00f3n #56 de la Exposici\u00f3n Internacional Equina Feria de las Flores","og_site_name":"Notiagro","article_published_time":"2014-08-15T15:30:43+00:00","og_image":[{"width":188,"height":106,"url":"https:\/\/www.agromundo.co\/blog\/wp-content\/uploads\/2014\/08\/feria-de-las-flores.jpg","type":"image\/jpeg"}],"twitter_misc":{"Escrito por":"admin","Tiempo de lectura":"2 minutos"},"schema":{"@context":"https:\/\/schema.org","@graph":[{"@type":"WebSite","@id":"https:\/\/www.agromundo.co\/blog\/#website","url":"https:\/\/www.agromundo.co\/blog\/","name":"Notiagro","description":"Noticias y eventos sector agropecuario colombiano","potentialAction":[{"@type":"SearchAction","target":{"@type":"EntryPoint","urlTemplate":"https:\/\/www.agromundo.co\/blog\/?s={search_term_string}"},"query-input":"required name=search_term_string"}],"inLanguage":"es"},{"@type":"ImageObject","@id":"#primaryimage","inLanguage":"es","url":"https:\/\/www.agromundo.co\/blog\/wp-content\/uploads\/2014\/08\/feria-de-las-flores.jpg","contentUrl":"https:\/\/www.agromundo.co\/blog\/wp-content\/uploads\/2014\/08\/feria-de-las-flores.jpg","width":188,"height":106},{"@type":"WebPage","@id":"#webpage","url":null,"name":"Feria de las flores. Exposici\u00f3n equina 2014 - Notiagro","isPartOf":{"@id":"https:\/\/www.agromundo.co\/blog\/#website"},"primaryImageOfPage":{"@id":"#primaryimage"},"datePublished":"2014-08-15T15:30:43+00:00","dateModified":"2014-08-15T15:30:43+00:00","author":{"@id":"https:\/\/www.agromundo.co\/blog\/#\/schema\/person\/3e07d858c3c7a93ebf4ad3785559d35d"},"description":"440 caballos de paso fino colombiano, procedentes de diversas regiones del pa\u00eds, en la versi\u00f3n #56 de la Exposici\u00f3n Internacional Equina Feria de las Flores","breadcrumb":{"@id":"#breadcrumb"},"inLanguage":"es","potentialAction":[{"@type":"ReadAction","target":[null]}]},{"@type":"BreadcrumbList","@id":"#breadcrumb","itemListElement":[{"@type":"ListItem","position":1,"name":"Portada","item":"https:\/\/www.agromundo.co\/blog\/"},{"@type":"ListItem","position":2,"name":"Feria de las flores. Exposici\u00f3n equina 2014"}]},{"@type":"Person","@id":"https:\/\/www.agromundo.co\/blog\/#\/schema\/person\/3e07d858c3c7a93ebf4ad3785559d35d","name":"admin","image":{"@type":"ImageObject","@id":"https:\/\/www.agromundo.co\/blog\/#personlogo","inLanguage":"es","url":"https:\/\/secure.gravatar.com\/avatar\/f990c4c6d966ea7f7bec9cc10bcda5ce?s=96&d=mm&r=g","contentUrl":"https:\/\/secure.gravatar.com\/avatar\/f990c4c6d966ea7f7bec9cc10bcda5ce?s=96&d=mm&r=g","caption":"admin"},"url":"https:\/\/www.agromundo.co\/blog\/author\/admin\/"}]}},"_links":{"self":[{"href":"https:\/\/www.agromundo.co\/blog\/wp-json\/wp\/v2\/posts\/3178"}],"collection":[{"href":"https:\/\/www.agromundo.co\/blog\/wp-json\/wp\/v2\/posts"}],"about":[{"href":"https:\/\/www.agromundo.co\/blog\/wp-json\/wp\/v2\/types\/post"}],"author":[{"embeddable":true,"href":"https:\/\/www.agromundo.co\/blog\/wp-json\/wp\/v2\/users\/1"}],"replies":[{"embeddable":true,"href":"https:\/\/www.agromundo.co\/blog\/wp-json\/wp\/v2\/comments?post=3178"}],"version-history":[{"count":1,"href":"https:\/\/www.agromundo.co\/blog\/wp-json\/wp\/v2\/posts\/3178\/revisions"}],"predecessor-version":[{"id":3180,"href":"https:\/\/www.agromundo.co\/blog\/wp-json\/wp\/v2\/posts\/3178\/revisions\/3180"}],"wp:featuredmedia":[{"embeddable":true,"href":"https:\/\/www.agromundo.co\/blog\/wp-json\/wp\/v2\/media\/3179"}],"wp:attachment":[{"href":"https:\/\/www.agromundo.co\/blog\/wp-json\/wp\/v2\/media?parent=3178"}],"wp:term":[{"taxonomy":"category","embeddable":true,"href":"https:\/\/www.agromundo.co\/blog\/wp-json\/wp\/v2\/categories?post=3178"},{"taxonomy":"post_tag","embeddable":true,"href":"https:\/\/www.agromundo.co\/blog\/wp-json\/wp\/v2\/tags?post=3178"}],"curies":[{"name":"wp","href":"https:\/\/api.w.org\/{rel}","templated":true}]}}