{"id":3514,"date":"2014-12-11T15:30:03","date_gmt":"2014-12-11T15:30:03","guid":{"rendered":"http:\/\/www.agromundo.co\/blog\/?p=3514"},"modified":"2014-12-11T15:30:03","modified_gmt":"2014-12-11T15:30:03","slug":"fenomeno-de-el-nino-piden-prepararse","status":"publish","type":"post","link":"https:\/\/www.agromundo.co\/blog\/fenomeno-de-el-nino-piden-prepararse\/","title":{"rendered":"Fen\u00f3meno de El Ni\u00f1o. Piden prepararse"},"content":{"rendered":"<p><a href=\"http:\/\/www.agromundo.co\/blog\/wp-content\/uploads\/2014\/12\/cambio-climatico1.jpg\"><img loading=\"lazy\" class=\"alignnone size-full wp-image-3515\" src=\"http:\/\/www.agromundo.co\/blog\/wp-content\/uploads\/2014\/12\/cambio-climatico1.jpg\" alt=\"cambio-climatico1\" width=\"212\" height=\"214\" srcset=\"https:\/\/www.agromundo.co\/blog\/wp-content\/uploads\/2014\/12\/cambio-climatico1.jpg 212w, https:\/\/www.agromundo.co\/blog\/wp-content\/uploads\/2014\/12\/cambio-climatico1-150x150.jpg 150w\" sizes=\"(max-width: 212px) 100vw, 212px\" \/><\/a><\/p>\n<ul>\n<li><em>El ministerio de Ambiente advierte que son inminentes los da\u00f1os que producir\u00e1 este fen\u00f3meno natural.<\/em><\/li>\n<\/ul>\n<p>El Ministro de Ambiente y Desarrollo Sostenible, Gabriel Vallejo, alert\u00f3 sobre los graves impactos que causar\u00e1 en el pa\u00eds el fen\u00f3meno de El Ni\u00f1o y realiz\u00f3 un llamado a los alcaldes municipales para que ejecuten los planes de contingencia, previstos ante este evento clim\u00e1tico, que tiene una probabilidad de ocurrencia del 75%.<\/p>\n<p>Manifest\u00f3 el Ministro Vallejo que es imprescindible empezar la adopci\u00f3n de medidas y acciones preventivas y advirti\u00f3 que durante el primer trimestre del 2015 tendr\u00e1 graves efectos por el d\u00e9ficit de lluvias en la regi\u00f3n Caribe y los departamentos de Santander, Norte de Santander, Antioquia, Cundinamarca, Boyac\u00e1, Tolima, Huila, Valle del Cauca, Cauca, Casanare y Arauca, destacando el departamento de La Guajira.<\/p>\n<p>De acuerdo con el Ministro, a partir de estudios sobre an\u00e1lisis de vientos, temperatura y otras variables oc\u00e9ano-atmosf\u00e9ricas, realizados en la Cuenca del Oc\u00e9ano Pac\u00edfico Tropical, se determina una probabilidad del 75% de ocurrencia del fen\u00f3meno, que se desarrollar\u00e1 a finales del presente a\u00f1o y durante el primer trimestre de 2015.<\/p>\n<p>Vallejo afirma que el ministerio est\u00e1 totalmente comprometido con las regiones para la implementaci\u00f3n de procesos de adaptaci\u00f3n, sin embargo, la ciudadan\u00eda tiene un papel fundamental en la optimizaci\u00f3n del recurso h\u00eddrico.<\/p>\n<p>El Ministro inici\u00f3 una serie de visitas a los departamentos que ser\u00e1n m\u00e1s afectados por el fen\u00f3meno natural, con el fin de trabajar con los alcaldes para que sus municipios est\u00e9n adecuadamente preparados ante fen\u00f3menos de sequ\u00eda o incendios forestales, los efectos m\u00e1s comunes cuando se presenta ese fen\u00f3meno.<\/p>\n<p><strong>El cambio clim\u00e1tico.<\/strong><\/p>\n<p>Llam\u00f3 la atenci\u00f3n Vallejo sobre los efectos que son producidos por el <a href=\"http:\/\/es.wikipedia.org\/wiki\/Cambio_clim%C3%A1tico\" target=\"_blank\">cambio clim\u00e1tico <\/a>que seg\u00fan estimativos, generar\u00e1 un aumento de 2 grados cent\u00edgrados en la temperatura global.<\/p>\n<p>El Panel Intergubernamental de Cambio Clim\u00e1tico asegura que este fen\u00f3meno producir\u00e1 nefastos efectos para el planeta y ocasionar\u00eda gastos que representar\u00edan entre el 0.5 y el 2% del PIB mundial.<\/p>\n<p>Seg\u00fan el Ministro, en el caso de Colombia la situaci\u00f3n no es diferente. El estudio de impacto econ\u00f3mico elaborado por el Departamento Nacional de Planeaci\u00f3n (DNP) asegura que el costo de no hacer nada, ser\u00eda equivalente a las p\u00e9rdidas ocasionadas por el fen\u00f3meno de La Ni\u00f1a en el a\u00f1o 2011, es decir, de $11,2 billones cada cuatro a\u00f1os.<\/p>\n<p>Fuente: Adaptado de El Espectador.<\/p>\n<p>Nota patrocinada por:<a href=\"http:\/\/www.agromundo.co\/terkim-ltda.html\" target=\"_blank\"><img loading=\"lazy\" class=\"alignright wp-image-2703\" src=\"http:\/\/www.agromundo.co\/blog\/wp-content\/uploads\/2014\/03\/1240.png\" alt=\"1240\" width=\"136\" height=\"120\" \/><\/a><\/p>\n<p><a href=\"http:\/\/www.agromundo.co\/aqua-fan-sas.html\" target=\"_blank\"><img loading=\"lazy\" class=\"alignnone size-full wp-image-3299\" src=\"http:\/\/www.agromundo.co\/blog\/wp-content\/uploads\/2014\/09\/Aquafan.jpg\" alt=\"Aquafan\" width=\"120\" height=\"120\" \/><\/a><\/p>\n","protected":false},"excerpt":{"rendered":"<p>El ministerio de Ambiente advierte que son inminentes los da\u00f1os que producir\u00e1 este fen\u00f3meno natural. El Ministro de Ambiente y Desarrollo Sostenible, Gabriel Vallejo, alert\u00f3 sobre los graves impactos que causar\u00e1 en el pa\u00eds el fen\u00f3meno de El Ni\u00f1o y realiz\u00f3 un llamado a los alcaldes municipales para que ejecuten los planes de contingencia, previstos [&hellip;]<\/p>\n","protected":false},"author":1,"featured_media":3515,"comment_status":"open","ping_status":"open","sticky":false,"template":"","format":"standard","meta":[],"categories":[5,9,3,6],"tags":[1405,1645,1651,1663],"yoast_head":"<!-- This site is optimized with the Yoast SEO plugin v17.3 - https:\/\/yoast.com\/wordpress\/plugins\/seo\/ -->\n<meta name=\"description\" content=\"El Ministro de Ambiente y Desarrollo Sostenible, Gabriel Vallejo, alert\u00f3 sobre los graves impactos que causar\u00e1 en el pa\u00eds el fen\u00f3meno de El Ni\u00f1o.\" \/>\n<meta name=\"robots\" content=\"index, follow, max-snippet:-1, max-image-preview:large, max-video-preview:-1\" \/>\n<meta property=\"og:locale\" content=\"es_ES\" \/>\n<meta property=\"og:type\" content=\"article\" \/>\n<meta property=\"og:title\" content=\"Fen\u00f3meno de El Ni\u00f1o. Piden prepararse - Notiagro\" \/>\n<meta property=\"og:description\" content=\"El Ministro de Ambiente y Desarrollo Sostenible, Gabriel Vallejo, alert\u00f3 sobre los graves impactos que causar\u00e1 en el pa\u00eds el fen\u00f3meno de El Ni\u00f1o.\" \/>\n<meta property=\"og:site_name\" content=\"Notiagro\" \/>\n<meta property=\"article:published_time\" content=\"2014-12-11T15:30:03+00:00\" \/>\n<meta property=\"og:image\" content=\"https:\/\/www.agromundo.co\/blog\/wp-content\/uploads\/2014\/12\/cambio-climatico1.jpg\" \/>\n\t<meta property=\"og:image:width\" content=\"212\" \/>\n\t<meta property=\"og:image:height\" content=\"214\" \/>\n<meta name=\"twitter:label1\" content=\"Escrito por\" \/>\n\t<meta name=\"twitter:data1\" content=\"admin\" \/>\n\t<meta name=\"twitter:label2\" content=\"Tiempo de lectura\" \/>\n\t<meta name=\"twitter:data2\" content=\"2 minutos\" \/>\n<script type=\"application\/ld+json\" class=\"yoast-schema-graph\">{\"@context\":\"https:\/\/schema.org\",\"@graph\":[{\"@type\":\"WebSite\",\"@id\":\"https:\/\/www.agromundo.co\/blog\/#website\",\"url\":\"https:\/\/www.agromundo.co\/blog\/\",\"name\":\"Notiagro\",\"description\":\"Noticias y eventos sector agropecuario colombiano\",\"potentialAction\":[{\"@type\":\"SearchAction\",\"target\":{\"@type\":\"EntryPoint\",\"urlTemplate\":\"https:\/\/www.agromundo.co\/blog\/?s={search_term_string}\"},\"query-input\":\"required name=search_term_string\"}],\"inLanguage\":\"es\"},{\"@type\":\"ImageObject\",\"@id\":\"#primaryimage\",\"inLanguage\":\"es\",\"url\":\"https:\/\/www.agromundo.co\/blog\/wp-content\/uploads\/2014\/12\/cambio-climatico1.jpg\",\"contentUrl\":\"https:\/\/www.agromundo.co\/blog\/wp-content\/uploads\/2014\/12\/cambio-climatico1.jpg\",\"width\":212,\"height\":214},{\"@type\":\"WebPage\",\"@id\":\"#webpage\",\"url\":null,\"name\":\"Fen\\u00f3meno de El Ni\\u00f1o. Piden prepararse - Notiagro\",\"isPartOf\":{\"@id\":\"https:\/\/www.agromundo.co\/blog\/#website\"},\"primaryImageOfPage\":{\"@id\":\"#primaryimage\"},\"datePublished\":\"2014-12-11T15:30:03+00:00\",\"dateModified\":\"2014-12-11T15:30:03+00:00\",\"author\":{\"@id\":\"https:\/\/www.agromundo.co\/blog\/#\/schema\/person\/3e07d858c3c7a93ebf4ad3785559d35d\"},\"description\":\"El Ministro de Ambiente y Desarrollo Sostenible, Gabriel Vallejo, alert\\u00f3 sobre los graves impactos que causar\\u00e1 en el pa\\u00eds el fen\\u00f3meno de El Ni\\u00f1o.\",\"breadcrumb\":{\"@id\":\"#breadcrumb\"},\"inLanguage\":\"es\",\"potentialAction\":[{\"@type\":\"ReadAction\",\"target\":[null]}]},{\"@type\":\"BreadcrumbList\",\"@id\":\"#breadcrumb\",\"itemListElement\":[{\"@type\":\"ListItem\",\"position\":1,\"name\":\"Portada\",\"item\":\"https:\/\/www.agromundo.co\/blog\/\"},{\"@type\":\"ListItem\",\"position\":2,\"name\":\"Fen\\u00f3meno de El Ni\\u00f1o. Piden prepararse\"}]},{\"@type\":\"Person\",\"@id\":\"https:\/\/www.agromundo.co\/blog\/#\/schema\/person\/3e07d858c3c7a93ebf4ad3785559d35d\",\"name\":\"admin\",\"image\":{\"@type\":\"ImageObject\",\"@id\":\"https:\/\/www.agromundo.co\/blog\/#personlogo\",\"inLanguage\":\"es\",\"url\":\"https:\/\/secure.gravatar.com\/avatar\/f990c4c6d966ea7f7bec9cc10bcda5ce?s=96&d=mm&r=g\",\"contentUrl\":\"https:\/\/secure.gravatar.com\/avatar\/f990c4c6d966ea7f7bec9cc10bcda5ce?s=96&d=mm&r=g\",\"caption\":\"admin\"},\"url\":\"https:\/\/www.agromundo.co\/blog\/author\/admin\/\"}]}<\/script>\n<!-- \/ Yoast SEO plugin. -->","yoast_head_json":{"description":"El Ministro de Ambiente y Desarrollo Sostenible, Gabriel Vallejo, alert\u00f3 sobre los graves impactos que causar\u00e1 en el pa\u00eds el fen\u00f3meno de El Ni\u00f1o.","robots":{"index":"index","follow":"follow","max-snippet":"max-snippet:-1","max-image-preview":"max-image-preview:large","max-video-preview":"max-video-preview:-1"},"og_locale":"es_ES","og_type":"article","og_title":"Fen\u00f3meno de El Ni\u00f1o. Piden prepararse - Notiagro","og_description":"El Ministro de Ambiente y Desarrollo Sostenible, Gabriel Vallejo, alert\u00f3 sobre los graves impactos que causar\u00e1 en el pa\u00eds el fen\u00f3meno de El Ni\u00f1o.","og_site_name":"Notiagro","article_published_time":"2014-12-11T15:30:03+00:00","og_image":[{"width":212,"height":214,"url":"https:\/\/www.agromundo.co\/blog\/wp-content\/uploads\/2014\/12\/cambio-climatico1.jpg","type":"image\/jpeg"}],"twitter_misc":{"Escrito por":"admin","Tiempo de lectura":"2 minutos"},"schema":{"@context":"https:\/\/schema.org","@graph":[{"@type":"WebSite","@id":"https:\/\/www.agromundo.co\/blog\/#website","url":"https:\/\/www.agromundo.co\/blog\/","name":"Notiagro","description":"Noticias y eventos sector agropecuario colombiano","potentialAction":[{"@type":"SearchAction","target":{"@type":"EntryPoint","urlTemplate":"https:\/\/www.agromundo.co\/blog\/?s={search_term_string}"},"query-input":"required name=search_term_string"}],"inLanguage":"es"},{"@type":"ImageObject","@id":"#primaryimage","inLanguage":"es","url":"https:\/\/www.agromundo.co\/blog\/wp-content\/uploads\/2014\/12\/cambio-climatico1.jpg","contentUrl":"https:\/\/www.agromundo.co\/blog\/wp-content\/uploads\/2014\/12\/cambio-climatico1.jpg","width":212,"height":214},{"@type":"WebPage","@id":"#webpage","url":null,"name":"Fen\u00f3meno de El Ni\u00f1o. Piden prepararse - Notiagro","isPartOf":{"@id":"https:\/\/www.agromundo.co\/blog\/#website"},"primaryImageOfPage":{"@id":"#primaryimage"},"datePublished":"2014-12-11T15:30:03+00:00","dateModified":"2014-12-11T15:30:03+00:00","author":{"@id":"https:\/\/www.agromundo.co\/blog\/#\/schema\/person\/3e07d858c3c7a93ebf4ad3785559d35d"},"description":"El Ministro de Ambiente y Desarrollo Sostenible, Gabriel Vallejo, alert\u00f3 sobre los graves impactos que causar\u00e1 en el pa\u00eds el fen\u00f3meno de El Ni\u00f1o.","breadcrumb":{"@id":"#breadcrumb"},"inLanguage":"es","potentialAction":[{"@type":"ReadAction","target":[null]}]},{"@type":"BreadcrumbList","@id":"#breadcrumb","itemListElement":[{"@type":"ListItem","position":1,"name":"Portada","item":"https:\/\/www.agromundo.co\/blog\/"},{"@type":"ListItem","position":2,"name":"Fen\u00f3meno de El Ni\u00f1o. Piden prepararse"}]},{"@type":"Person","@id":"https:\/\/www.agromundo.co\/blog\/#\/schema\/person\/3e07d858c3c7a93ebf4ad3785559d35d","name":"admin","image":{"@type":"ImageObject","@id":"https:\/\/www.agromundo.co\/blog\/#personlogo","inLanguage":"es","url":"https:\/\/secure.gravatar.com\/avatar\/f990c4c6d966ea7f7bec9cc10bcda5ce?s=96&d=mm&r=g","contentUrl":"https:\/\/secure.gravatar.com\/avatar\/f990c4c6d966ea7f7bec9cc10bcda5ce?s=96&d=mm&r=g","caption":"admin"},"url":"https:\/\/www.agromundo.co\/blog\/author\/admin\/"}]}},"_links":{"self":[{"href":"https:\/\/www.agromundo.co\/blog\/wp-json\/wp\/v2\/posts\/3514"}],"collection":[{"href":"https:\/\/www.agromundo.co\/blog\/wp-json\/wp\/v2\/posts"}],"about":[{"href":"https:\/\/www.agromundo.co\/blog\/wp-json\/wp\/v2\/types\/post"}],"author":[{"embeddable":true,"href":"https:\/\/www.agromundo.co\/blog\/wp-json\/wp\/v2\/users\/1"}],"replies":[{"embeddable":true,"href":"https:\/\/www.agromundo.co\/blog\/wp-json\/wp\/v2\/comments?post=3514"}],"version-history":[{"count":1,"href":"https:\/\/www.agromundo.co\/blog\/wp-json\/wp\/v2\/posts\/3514\/revisions"}],"predecessor-version":[{"id":3516,"href":"https:\/\/www.agromundo.co\/blog\/wp-json\/wp\/v2\/posts\/3514\/revisions\/3516"}],"wp:featuredmedia":[{"embeddable":true,"href":"https:\/\/www.agromundo.co\/blog\/wp-json\/wp\/v2\/media\/3515"}],"wp:attachment":[{"href":"https:\/\/www.agromundo.co\/blog\/wp-json\/wp\/v2\/media?parent=3514"}],"wp:term":[{"taxonomy":"category","embeddable":true,"href":"https:\/\/www.agromundo.co\/blog\/wp-json\/wp\/v2\/categories?post=3514"},{"taxonomy":"post_tag","embeddable":true,"href":"https:\/\/www.agromundo.co\/blog\/wp-json\/wp\/v2\/tags?post=3514"}],"curies":[{"name":"wp","href":"https:\/\/api.w.org\/{rel}","templated":true}]}}