{"id":3676,"date":"2015-02-11T14:09:15","date_gmt":"2015-02-11T14:09:15","guid":{"rendered":"http:\/\/www.agromundo.co\/blog\/?p=3676"},"modified":"2015-02-11T14:09:15","modified_gmt":"2015-02-11T14:09:15","slug":"fiebre-aftosa-alerta-en-la-union-europea","status":"publish","type":"post","link":"https:\/\/www.agromundo.co\/blog\/fiebre-aftosa-alerta-en-la-union-europea\/","title":{"rendered":"Fiebre Aftosa. Alerta en la Uni\u00f3n Europea"},"content":{"rendered":"<p><a href=\"http:\/\/www.agromundo.co\/blog\/wp-content\/uploads\/2015\/02\/Fiebre-Aftosa.png\"><img loading=\"lazy\" class=\"alignnone size-full wp-image-3677\" src=\"http:\/\/www.agromundo.co\/blog\/wp-content\/uploads\/2015\/02\/Fiebre-Aftosa.png\" alt=\"Fiebre Aftosa\" width=\"222\" height=\"152\" \/><\/a><\/p>\n<p>Foto: CONtexto ganadero.<\/p>\n<ul>\n<li><em>La <a href=\"http:\/\/es.wikipedia.org\/wiki\/Glosopeda\" target=\"_blank\">Fiebre Aftosa<\/a> se encuentra en las puertas de la Uni\u00f3n Europea, por lo que se han reforzado las acciones de vigilancia en los Balcanes, orientadas a prevenir la propagaci\u00f3n de la enfermedad, lo indic\u00f3 el pasado lunes la Organizaci\u00f3n de Naciones Unidas para la Agricultura y la Alimentaci\u00f3n (FAO)<\/em><\/li>\n<\/ul>\n<p>Record\u00f3 la FAO que el virus actualmente circula en ciertas partes vecinas a Europa y en un centenar de pa\u00edses de Oriente Medio, \u00c1frica, en grandes zonas de Eurasia y en algunas regiones de Suram\u00e9rica.<\/p>\n<p>Agreg\u00f3 la Organizaci\u00f3n que la Comisi\u00f3n europea de lucha contra la fiebre aftosa da una particular atenci\u00f3n a la regi\u00f3n de los Balcanes &#8211;que incluye pa\u00edses miembros y no miembros de la Uni\u00f3n Europea.<\/p>\n<p>La FAO ayuda a esos pa\u00edses a desarrollar planes de emergencia. Tales planes fueron ensayados recientemente en Serbia, Bulgaria y \u00a0la exrep\u00fablica yugoslava de Macedonia.<\/p>\n<p>Recalca la organizaci\u00f3n que la \u00faltima crisis importante en la regi\u00f3n se remonta al a\u00f1o 2011 y que esos ejercicios simult\u00e1neos constituyen un eficaz medio para detectar las fallas que podr\u00edan generar consecuencias catastr\u00f3ficas en una verdadera crisis.<\/p>\n<p>La Fiebre Aftosa es una enfermedad de car\u00e1cter viral muy contagiosa que afecta a los animales biungulados, como las vacas, las cabras, los cerdos y los corderos, caracterizada por la aparici\u00f3n de aftas en las mucosas nasales, bucales y mamarias de los animales. No es peligrosa para los humanos, pero provoca grandes p\u00e9rdidas de producci\u00f3n.<\/p>\n<p>Fuente: CONtexto Ganadero.<\/p>\n<p>Nota patrocinada por:<a href=\"http:\/\/www.agromundo.co\/friomax.html\" target=\"_blank\"><img loading=\"lazy\" class=\"alignright wp-image-3520\" src=\"http:\/\/www.agromundo.co\/blog\/wp-content\/uploads\/2014\/12\/friomax.jpg\" alt=\"friomax\" width=\"120\" height=\"120\" \/><\/a><\/p>\n<p><a href=\"http:\/\/www.agromundo.co\/aqua-fan-sas.html\" target=\"_blank\"><img loading=\"lazy\" class=\"alignnone size-full wp-image-3299\" src=\"http:\/\/www.agromundo.co\/blog\/wp-content\/uploads\/2014\/09\/Aquafan.jpg\" alt=\"Aquafan\" width=\"120\" height=\"120\" \/><\/a><\/p>\n<p>&nbsp;<\/p>\n","protected":false},"excerpt":{"rendered":"<p>Foto: CONtexto ganadero. La Fiebre Aftosa se encuentra en las puertas de la Uni\u00f3n Europea, por lo que se han reforzado las acciones de vigilancia en los Balcanes, orientadas a prevenir la propagaci\u00f3n de la enfermedad, lo indic\u00f3 el pasado lunes la Organizaci\u00f3n de Naciones Unidas para la Agricultura y la Alimentaci\u00f3n (FAO) Record\u00f3 la [&hellip;]<\/p>\n","protected":false},"author":1,"featured_media":3677,"comment_status":"open","ping_status":"open","sticky":false,"template":"","format":"standard","meta":[],"categories":[3,18,6],"tags":[1008,464,496,468],"yoast_head":"<!-- This site is optimized with the Yoast SEO plugin v17.3 - https:\/\/yoast.com\/wordpress\/plugins\/seo\/ -->\n<meta name=\"description\" content=\"La Fiebre Aftosa, enfermedad de car\u00e1cter viral muy contagiosa que afecta a los animales biungulados, se encuentra en las puertas de la Uni\u00f3n Europea .\" \/>\n<meta name=\"robots\" content=\"index, follow, max-snippet:-1, max-image-preview:large, max-video-preview:-1\" \/>\n<meta property=\"og:locale\" content=\"es_ES\" \/>\n<meta property=\"og:type\" content=\"article\" \/>\n<meta property=\"og:title\" content=\"Fiebre Aftosa. Alerta en la Uni\u00f3n Europea - Notiagro\" \/>\n<meta property=\"og:description\" content=\"La Fiebre Aftosa, enfermedad de car\u00e1cter viral muy contagiosa que afecta a los animales biungulados, se encuentra en las puertas de la Uni\u00f3n Europea .\" \/>\n<meta property=\"og:site_name\" content=\"Notiagro\" \/>\n<meta property=\"article:published_time\" content=\"2015-02-11T14:09:15+00:00\" \/>\n<meta property=\"og:image\" content=\"http:\/\/www.agromundo.co\/blog\/wp-content\/uploads\/2015\/02\/Fiebre-Aftosa.png\" \/>\n\t<meta property=\"og:image:width\" content=\"222\" \/>\n\t<meta property=\"og:image:height\" content=\"152\" \/>\n<meta name=\"twitter:label1\" content=\"Escrito por\" \/>\n\t<meta name=\"twitter:data1\" content=\"admin\" \/>\n\t<meta name=\"twitter:label2\" content=\"Tiempo de lectura\" \/>\n\t<meta name=\"twitter:data2\" content=\"1 minuto\" \/>\n<script type=\"application\/ld+json\" class=\"yoast-schema-graph\">{\"@context\":\"https:\/\/schema.org\",\"@graph\":[{\"@type\":\"WebSite\",\"@id\":\"https:\/\/www.agromundo.co\/blog\/#website\",\"url\":\"https:\/\/www.agromundo.co\/blog\/\",\"name\":\"Notiagro\",\"description\":\"Noticias y eventos sector agropecuario colombiano\",\"potentialAction\":[{\"@type\":\"SearchAction\",\"target\":{\"@type\":\"EntryPoint\",\"urlTemplate\":\"https:\/\/www.agromundo.co\/blog\/?s={search_term_string}\"},\"query-input\":\"required name=search_term_string\"}],\"inLanguage\":\"es\"},{\"@type\":\"ImageObject\",\"@id\":\"#primaryimage\",\"inLanguage\":\"es\",\"url\":\"https:\/\/www.agromundo.co\/blog\/wp-content\/uploads\/2015\/02\/Fiebre-Aftosa.png\",\"contentUrl\":\"https:\/\/www.agromundo.co\/blog\/wp-content\/uploads\/2015\/02\/Fiebre-Aftosa.png\",\"width\":222,\"height\":152},{\"@type\":\"WebPage\",\"@id\":\"#webpage\",\"url\":null,\"name\":\"Fiebre Aftosa. Alerta en la Uni\\u00f3n Europea - Notiagro\",\"isPartOf\":{\"@id\":\"https:\/\/www.agromundo.co\/blog\/#website\"},\"primaryImageOfPage\":{\"@id\":\"#primaryimage\"},\"datePublished\":\"2015-02-11T14:09:15+00:00\",\"dateModified\":\"2015-02-11T14:09:15+00:00\",\"author\":{\"@id\":\"https:\/\/www.agromundo.co\/blog\/#\/schema\/person\/3e07d858c3c7a93ebf4ad3785559d35d\"},\"description\":\"La Fiebre Aftosa, enfermedad de car\\u00e1cter viral muy contagiosa que afecta a los animales biungulados, se encuentra en las puertas de la Uni\\u00f3n Europea .\",\"breadcrumb\":{\"@id\":\"#breadcrumb\"},\"inLanguage\":\"es\",\"potentialAction\":[{\"@type\":\"ReadAction\",\"target\":[null]}]},{\"@type\":\"BreadcrumbList\",\"@id\":\"#breadcrumb\",\"itemListElement\":[{\"@type\":\"ListItem\",\"position\":1,\"name\":\"Portada\",\"item\":\"https:\/\/www.agromundo.co\/blog\/\"},{\"@type\":\"ListItem\",\"position\":2,\"name\":\"Fiebre Aftosa. Alerta en la Uni\\u00f3n Europea\"}]},{\"@type\":\"Person\",\"@id\":\"https:\/\/www.agromundo.co\/blog\/#\/schema\/person\/3e07d858c3c7a93ebf4ad3785559d35d\",\"name\":\"admin\",\"image\":{\"@type\":\"ImageObject\",\"@id\":\"https:\/\/www.agromundo.co\/blog\/#personlogo\",\"inLanguage\":\"es\",\"url\":\"https:\/\/secure.gravatar.com\/avatar\/f990c4c6d966ea7f7bec9cc10bcda5ce?s=96&d=mm&r=g\",\"contentUrl\":\"https:\/\/secure.gravatar.com\/avatar\/f990c4c6d966ea7f7bec9cc10bcda5ce?s=96&d=mm&r=g\",\"caption\":\"admin\"},\"url\":\"https:\/\/www.agromundo.co\/blog\/author\/admin\/\"}]}<\/script>\n<!-- \/ Yoast SEO plugin. -->","yoast_head_json":{"description":"La Fiebre Aftosa, enfermedad de car\u00e1cter viral muy contagiosa que afecta a los animales biungulados, se encuentra en las puertas de la Uni\u00f3n Europea .","robots":{"index":"index","follow":"follow","max-snippet":"max-snippet:-1","max-image-preview":"max-image-preview:large","max-video-preview":"max-video-preview:-1"},"og_locale":"es_ES","og_type":"article","og_title":"Fiebre Aftosa. Alerta en la Uni\u00f3n Europea - Notiagro","og_description":"La Fiebre Aftosa, enfermedad de car\u00e1cter viral muy contagiosa que afecta a los animales biungulados, se encuentra en las puertas de la Uni\u00f3n Europea .","og_site_name":"Notiagro","article_published_time":"2015-02-11T14:09:15+00:00","og_image":[{"width":222,"height":152,"url":"http:\/\/www.agromundo.co\/blog\/wp-content\/uploads\/2015\/02\/Fiebre-Aftosa.png","type":"image\/png"}],"twitter_misc":{"Escrito por":"admin","Tiempo de lectura":"1 minuto"},"schema":{"@context":"https:\/\/schema.org","@graph":[{"@type":"WebSite","@id":"https:\/\/www.agromundo.co\/blog\/#website","url":"https:\/\/www.agromundo.co\/blog\/","name":"Notiagro","description":"Noticias y eventos sector agropecuario colombiano","potentialAction":[{"@type":"SearchAction","target":{"@type":"EntryPoint","urlTemplate":"https:\/\/www.agromundo.co\/blog\/?s={search_term_string}"},"query-input":"required name=search_term_string"}],"inLanguage":"es"},{"@type":"ImageObject","@id":"#primaryimage","inLanguage":"es","url":"https:\/\/www.agromundo.co\/blog\/wp-content\/uploads\/2015\/02\/Fiebre-Aftosa.png","contentUrl":"https:\/\/www.agromundo.co\/blog\/wp-content\/uploads\/2015\/02\/Fiebre-Aftosa.png","width":222,"height":152},{"@type":"WebPage","@id":"#webpage","url":null,"name":"Fiebre Aftosa. Alerta en la Uni\u00f3n Europea - Notiagro","isPartOf":{"@id":"https:\/\/www.agromundo.co\/blog\/#website"},"primaryImageOfPage":{"@id":"#primaryimage"},"datePublished":"2015-02-11T14:09:15+00:00","dateModified":"2015-02-11T14:09:15+00:00","author":{"@id":"https:\/\/www.agromundo.co\/blog\/#\/schema\/person\/3e07d858c3c7a93ebf4ad3785559d35d"},"description":"La Fiebre Aftosa, enfermedad de car\u00e1cter viral muy contagiosa que afecta a los animales biungulados, se encuentra en las puertas de la Uni\u00f3n Europea .","breadcrumb":{"@id":"#breadcrumb"},"inLanguage":"es","potentialAction":[{"@type":"ReadAction","target":[null]}]},{"@type":"BreadcrumbList","@id":"#breadcrumb","itemListElement":[{"@type":"ListItem","position":1,"name":"Portada","item":"https:\/\/www.agromundo.co\/blog\/"},{"@type":"ListItem","position":2,"name":"Fiebre Aftosa. Alerta en la Uni\u00f3n Europea"}]},{"@type":"Person","@id":"https:\/\/www.agromundo.co\/blog\/#\/schema\/person\/3e07d858c3c7a93ebf4ad3785559d35d","name":"admin","image":{"@type":"ImageObject","@id":"https:\/\/www.agromundo.co\/blog\/#personlogo","inLanguage":"es","url":"https:\/\/secure.gravatar.com\/avatar\/f990c4c6d966ea7f7bec9cc10bcda5ce?s=96&d=mm&r=g","contentUrl":"https:\/\/secure.gravatar.com\/avatar\/f990c4c6d966ea7f7bec9cc10bcda5ce?s=96&d=mm&r=g","caption":"admin"},"url":"https:\/\/www.agromundo.co\/blog\/author\/admin\/"}]}},"_links":{"self":[{"href":"https:\/\/www.agromundo.co\/blog\/wp-json\/wp\/v2\/posts\/3676"}],"collection":[{"href":"https:\/\/www.agromundo.co\/blog\/wp-json\/wp\/v2\/posts"}],"about":[{"href":"https:\/\/www.agromundo.co\/blog\/wp-json\/wp\/v2\/types\/post"}],"author":[{"embeddable":true,"href":"https:\/\/www.agromundo.co\/blog\/wp-json\/wp\/v2\/users\/1"}],"replies":[{"embeddable":true,"href":"https:\/\/www.agromundo.co\/blog\/wp-json\/wp\/v2\/comments?post=3676"}],"version-history":[{"count":1,"href":"https:\/\/www.agromundo.co\/blog\/wp-json\/wp\/v2\/posts\/3676\/revisions"}],"predecessor-version":[{"id":3678,"href":"https:\/\/www.agromundo.co\/blog\/wp-json\/wp\/v2\/posts\/3676\/revisions\/3678"}],"wp:featuredmedia":[{"embeddable":true,"href":"https:\/\/www.agromundo.co\/blog\/wp-json\/wp\/v2\/media\/3677"}],"wp:attachment":[{"href":"https:\/\/www.agromundo.co\/blog\/wp-json\/wp\/v2\/media?parent=3676"}],"wp:term":[{"taxonomy":"category","embeddable":true,"href":"https:\/\/www.agromundo.co\/blog\/wp-json\/wp\/v2\/categories?post=3676"},{"taxonomy":"post_tag","embeddable":true,"href":"https:\/\/www.agromundo.co\/blog\/wp-json\/wp\/v2\/tags?post=3676"}],"curies":[{"name":"wp","href":"https:\/\/api.w.org\/{rel}","templated":true}]}}