{"id":3723,"date":"2015-02-27T14:56:54","date_gmt":"2015-02-27T14:56:54","guid":{"rendered":"http:\/\/www.agromundo.co\/blog\/?p=3723"},"modified":"2015-02-27T14:56:54","modified_gmt":"2015-02-27T14:56:54","slug":"feria-agroindustrial-del-paisaje-cultural-cafetero","status":"publish","type":"post","link":"https:\/\/www.agromundo.co\/blog\/feria-agroindustrial-del-paisaje-cultural-cafetero\/","title":{"rendered":"Feria Agroindustrial del Paisaje Cultural Cafetero"},"content":{"rendered":"<p><a href=\"http:\/\/www.agromundo.co\/blog\/wp-content\/uploads\/2015\/02\/feria-del-paisaje-cafetero.jpg\"><img loading=\"lazy\" class=\"alignnone size-full wp-image-3724\" src=\"http:\/\/www.agromundo.co\/blog\/wp-content\/uploads\/2015\/02\/feria-del-paisaje-cafetero.jpg\" alt=\"feria del paisaje cafetero\" width=\"216\" height=\"154\" \/><\/a><\/p>\n<p>CONtexto ganadero.<\/p>\n<ul>\n<li><em>Entre los d\u00edas 13 y el 15 de marzo de 2015, productores de bovinos, equinos y ovinos se dar\u00e1n cita en la capital del departamento de Quind\u00edo. El ingreso al evento ser\u00e1 gratuito.<\/em><\/li>\n<\/ul>\n<p>Desde el pr\u00f3ximo 13 de marzo de 2015 el Centro de Ferias y Exposiciones (Cenexpo) de la ciudad de Armenia (Quind\u00edo), ser\u00e1 epicentro de productores bovinos, equinos, ovinos y caninos en la primera Feria Agroindustrial del Paisaje Cultural Cafetero.<\/p>\n<p>El evento, que se llevar\u00e1 a cabo hasta el domingo 15 de marzo, tendr\u00e1 la entrada gratuita para asistentes, contar\u00e1 con juzgamiento bovino de las razas Gyr, concurso lechero, remate de ganado, juzgamiento canino, concurso nacional de equitaci\u00f3n de trabajo, exhibici\u00f3n ovina y equina \u00a0y muestra comercial.<\/p>\n<p>Para mayores informes, los interesados pueden comunicarse con Juan Carlos Nieto en el tel\u00e9fono celular 315 410 5364 o mediante el correo electr\u00f3nico\u00a0<a href=\"mailto:gyrquindio@gmail.com\">gyrquindio@gmail.com<\/a>.<\/p>\n<p>&nbsp;<\/p>\n<p>Fuente: Adaptado de CONtexto Ganadero.<\/p>\n<p>Nota patrocinada por:<a href=\"http:\/\/www.agromundo.co\/basculas-medigan-sas.html\" target=\"_blank\"><img loading=\"lazy\" class=\"alignright wp-image-2837\" src=\"http:\/\/www.agromundo.co\/blog\/wp-content\/uploads\/2014\/04\/B\u00e1sculas-medigan.jpg\" alt=\"B\u00e1sculas medigan\" width=\"136\" height=\"120\" \/><\/a><\/p>\n<p><a href=\"http:\/\/www.agromundo.co\/aqua-fan-sas.html\" target=\"_blank\"><img loading=\"lazy\" class=\"alignnone size-full wp-image-3299\" src=\"http:\/\/www.agromundo.co\/blog\/wp-content\/uploads\/2014\/09\/Aquafan.jpg\" alt=\"Aquafan\" width=\"120\" height=\"120\" \/><\/a><\/p>\n","protected":false},"excerpt":{"rendered":"<p>CONtexto ganadero. Entre los d\u00edas 13 y el 15 de marzo de 2015, productores de bovinos, equinos y ovinos se dar\u00e1n cita en la capital del departamento de Quind\u00edo. El ingreso al evento ser\u00e1 gratuito. Desde el pr\u00f3ximo 13 de marzo de 2015 el Centro de Ferias y Exposiciones (Cenexpo) de la ciudad de Armenia [&hellip;]<\/p>\n","protected":false},"author":1,"featured_media":3724,"comment_status":"open","ping_status":"open","sticky":false,"template":"","format":"standard","meta":[],"categories":[5,17,8,3,11,6],"tags":[2049,2048,139,2051,2047,2050],"yoast_head":"<!-- This site is optimized with the Yoast SEO plugin v17.3 - https:\/\/yoast.com\/wordpress\/plugins\/seo\/ -->\n<meta name=\"description\" content=\"Del 13 al 15 de marzo de 2015 el Centro de Ferias y Exposiciones de Armenia ser\u00e1 epicentro de la primera Feria Agroindustrial del Paisaje Cultural Cafetero\" \/>\n<meta name=\"robots\" content=\"index, follow, max-snippet:-1, max-image-preview:large, max-video-preview:-1\" \/>\n<meta property=\"og:locale\" content=\"es_ES\" \/>\n<meta property=\"og:type\" content=\"article\" \/>\n<meta property=\"og:title\" content=\"Feria Agroindustrial del Paisaje Cultural Cafetero - Notiagro\" \/>\n<meta property=\"og:description\" content=\"Del 13 al 15 de marzo de 2015 el Centro de Ferias y Exposiciones de Armenia ser\u00e1 epicentro de la primera Feria Agroindustrial del Paisaje Cultural Cafetero\" \/>\n<meta property=\"og:site_name\" content=\"Notiagro\" \/>\n<meta property=\"article:published_time\" content=\"2015-02-27T14:56:54+00:00\" \/>\n<meta property=\"og:image\" content=\"http:\/\/www.agromundo.co\/blog\/wp-content\/uploads\/2015\/02\/feria-del-paisaje-cafetero.jpg\" \/>\n\t<meta property=\"og:image:width\" content=\"216\" \/>\n\t<meta property=\"og:image:height\" content=\"154\" \/>\n<meta name=\"twitter:label1\" content=\"Escrito por\" \/>\n\t<meta name=\"twitter:data1\" content=\"admin\" \/>\n\t<meta name=\"twitter:label2\" content=\"Tiempo de lectura\" \/>\n\t<meta name=\"twitter:data2\" content=\"1 minuto\" \/>\n<script type=\"application\/ld+json\" class=\"yoast-schema-graph\">{\"@context\":\"https:\/\/schema.org\",\"@graph\":[{\"@type\":\"WebSite\",\"@id\":\"https:\/\/www.agromundo.co\/blog\/#website\",\"url\":\"https:\/\/www.agromundo.co\/blog\/\",\"name\":\"Notiagro\",\"description\":\"Noticias y eventos sector agropecuario colombiano\",\"potentialAction\":[{\"@type\":\"SearchAction\",\"target\":{\"@type\":\"EntryPoint\",\"urlTemplate\":\"https:\/\/www.agromundo.co\/blog\/?s={search_term_string}\"},\"query-input\":\"required name=search_term_string\"}],\"inLanguage\":\"es\"},{\"@type\":\"ImageObject\",\"@id\":\"#primaryimage\",\"inLanguage\":\"es\",\"url\":\"https:\/\/www.agromundo.co\/blog\/wp-content\/uploads\/2015\/02\/feria-del-paisaje-cafetero.jpg\",\"contentUrl\":\"https:\/\/www.agromundo.co\/blog\/wp-content\/uploads\/2015\/02\/feria-del-paisaje-cafetero.jpg\",\"width\":216,\"height\":154},{\"@type\":\"WebPage\",\"@id\":\"#webpage\",\"url\":null,\"name\":\"Feria Agroindustrial del Paisaje Cultural Cafetero - Notiagro\",\"isPartOf\":{\"@id\":\"https:\/\/www.agromundo.co\/blog\/#website\"},\"primaryImageOfPage\":{\"@id\":\"#primaryimage\"},\"datePublished\":\"2015-02-27T14:56:54+00:00\",\"dateModified\":\"2015-02-27T14:56:54+00:00\",\"author\":{\"@id\":\"https:\/\/www.agromundo.co\/blog\/#\/schema\/person\/3e07d858c3c7a93ebf4ad3785559d35d\"},\"description\":\"Del 13 al 15 de marzo de 2015 el Centro de Ferias y Exposiciones de Armenia ser\\u00e1 epicentro de la primera Feria Agroindustrial del Paisaje Cultural Cafetero\",\"breadcrumb\":{\"@id\":\"#breadcrumb\"},\"inLanguage\":\"es\",\"potentialAction\":[{\"@type\":\"ReadAction\",\"target\":[null]}]},{\"@type\":\"BreadcrumbList\",\"@id\":\"#breadcrumb\",\"itemListElement\":[{\"@type\":\"ListItem\",\"position\":1,\"name\":\"Portada\",\"item\":\"https:\/\/www.agromundo.co\/blog\/\"},{\"@type\":\"ListItem\",\"position\":2,\"name\":\"Feria Agroindustrial del Paisaje Cultural Cafetero\"}]},{\"@type\":\"Person\",\"@id\":\"https:\/\/www.agromundo.co\/blog\/#\/schema\/person\/3e07d858c3c7a93ebf4ad3785559d35d\",\"name\":\"admin\",\"image\":{\"@type\":\"ImageObject\",\"@id\":\"https:\/\/www.agromundo.co\/blog\/#personlogo\",\"inLanguage\":\"es\",\"url\":\"https:\/\/secure.gravatar.com\/avatar\/f990c4c6d966ea7f7bec9cc10bcda5ce?s=96&d=mm&r=g\",\"contentUrl\":\"https:\/\/secure.gravatar.com\/avatar\/f990c4c6d966ea7f7bec9cc10bcda5ce?s=96&d=mm&r=g\",\"caption\":\"admin\"},\"url\":\"https:\/\/www.agromundo.co\/blog\/author\/admin\/\"}]}<\/script>\n<!-- \/ Yoast SEO plugin. -->","yoast_head_json":{"description":"Del 13 al 15 de marzo de 2015 el Centro de Ferias y Exposiciones de Armenia ser\u00e1 epicentro de la primera Feria Agroindustrial del Paisaje Cultural Cafetero","robots":{"index":"index","follow":"follow","max-snippet":"max-snippet:-1","max-image-preview":"max-image-preview:large","max-video-preview":"max-video-preview:-1"},"og_locale":"es_ES","og_type":"article","og_title":"Feria Agroindustrial del Paisaje Cultural Cafetero - Notiagro","og_description":"Del 13 al 15 de marzo de 2015 el Centro de Ferias y Exposiciones de Armenia ser\u00e1 epicentro de la primera Feria Agroindustrial del Paisaje Cultural Cafetero","og_site_name":"Notiagro","article_published_time":"2015-02-27T14:56:54+00:00","og_image":[{"width":216,"height":154,"url":"http:\/\/www.agromundo.co\/blog\/wp-content\/uploads\/2015\/02\/feria-del-paisaje-cafetero.jpg","type":"image\/jpeg"}],"twitter_misc":{"Escrito por":"admin","Tiempo de lectura":"1 minuto"},"schema":{"@context":"https:\/\/schema.org","@graph":[{"@type":"WebSite","@id":"https:\/\/www.agromundo.co\/blog\/#website","url":"https:\/\/www.agromundo.co\/blog\/","name":"Notiagro","description":"Noticias y eventos sector agropecuario colombiano","potentialAction":[{"@type":"SearchAction","target":{"@type":"EntryPoint","urlTemplate":"https:\/\/www.agromundo.co\/blog\/?s={search_term_string}"},"query-input":"required name=search_term_string"}],"inLanguage":"es"},{"@type":"ImageObject","@id":"#primaryimage","inLanguage":"es","url":"https:\/\/www.agromundo.co\/blog\/wp-content\/uploads\/2015\/02\/feria-del-paisaje-cafetero.jpg","contentUrl":"https:\/\/www.agromundo.co\/blog\/wp-content\/uploads\/2015\/02\/feria-del-paisaje-cafetero.jpg","width":216,"height":154},{"@type":"WebPage","@id":"#webpage","url":null,"name":"Feria Agroindustrial del Paisaje Cultural Cafetero - Notiagro","isPartOf":{"@id":"https:\/\/www.agromundo.co\/blog\/#website"},"primaryImageOfPage":{"@id":"#primaryimage"},"datePublished":"2015-02-27T14:56:54+00:00","dateModified":"2015-02-27T14:56:54+00:00","author":{"@id":"https:\/\/www.agromundo.co\/blog\/#\/schema\/person\/3e07d858c3c7a93ebf4ad3785559d35d"},"description":"Del 13 al 15 de marzo de 2015 el Centro de Ferias y Exposiciones de Armenia ser\u00e1 epicentro de la primera Feria Agroindustrial del Paisaje Cultural Cafetero","breadcrumb":{"@id":"#breadcrumb"},"inLanguage":"es","potentialAction":[{"@type":"ReadAction","target":[null]}]},{"@type":"BreadcrumbList","@id":"#breadcrumb","itemListElement":[{"@type":"ListItem","position":1,"name":"Portada","item":"https:\/\/www.agromundo.co\/blog\/"},{"@type":"ListItem","position":2,"name":"Feria Agroindustrial del Paisaje Cultural Cafetero"}]},{"@type":"Person","@id":"https:\/\/www.agromundo.co\/blog\/#\/schema\/person\/3e07d858c3c7a93ebf4ad3785559d35d","name":"admin","image":{"@type":"ImageObject","@id":"https:\/\/www.agromundo.co\/blog\/#personlogo","inLanguage":"es","url":"https:\/\/secure.gravatar.com\/avatar\/f990c4c6d966ea7f7bec9cc10bcda5ce?s=96&d=mm&r=g","contentUrl":"https:\/\/secure.gravatar.com\/avatar\/f990c4c6d966ea7f7bec9cc10bcda5ce?s=96&d=mm&r=g","caption":"admin"},"url":"https:\/\/www.agromundo.co\/blog\/author\/admin\/"}]}},"_links":{"self":[{"href":"https:\/\/www.agromundo.co\/blog\/wp-json\/wp\/v2\/posts\/3723"}],"collection":[{"href":"https:\/\/www.agromundo.co\/blog\/wp-json\/wp\/v2\/posts"}],"about":[{"href":"https:\/\/www.agromundo.co\/blog\/wp-json\/wp\/v2\/types\/post"}],"author":[{"embeddable":true,"href":"https:\/\/www.agromundo.co\/blog\/wp-json\/wp\/v2\/users\/1"}],"replies":[{"embeddable":true,"href":"https:\/\/www.agromundo.co\/blog\/wp-json\/wp\/v2\/comments?post=3723"}],"version-history":[{"count":1,"href":"https:\/\/www.agromundo.co\/blog\/wp-json\/wp\/v2\/posts\/3723\/revisions"}],"predecessor-version":[{"id":3725,"href":"https:\/\/www.agromundo.co\/blog\/wp-json\/wp\/v2\/posts\/3723\/revisions\/3725"}],"wp:featuredmedia":[{"embeddable":true,"href":"https:\/\/www.agromundo.co\/blog\/wp-json\/wp\/v2\/media\/3724"}],"wp:attachment":[{"href":"https:\/\/www.agromundo.co\/blog\/wp-json\/wp\/v2\/media?parent=3723"}],"wp:term":[{"taxonomy":"category","embeddable":true,"href":"https:\/\/www.agromundo.co\/blog\/wp-json\/wp\/v2\/categories?post=3723"},{"taxonomy":"post_tag","embeddable":true,"href":"https:\/\/www.agromundo.co\/blog\/wp-json\/wp\/v2\/tags?post=3723"}],"curies":[{"name":"wp","href":"https:\/\/api.w.org\/{rel}","templated":true}]}}