{"id":3782,"date":"2015-03-18T15:22:03","date_gmt":"2015-03-18T15:22:03","guid":{"rendered":"http:\/\/www.agromundo.co\/blog\/?p=3782"},"modified":"2015-03-18T15:22:03","modified_gmt":"2015-03-18T15:22:03","slug":"fenomeno-de-el-nino-afecta-a-la-costa-atlantica","status":"publish","type":"post","link":"https:\/\/www.agromundo.co\/blog\/fenomeno-de-el-nino-afecta-a-la-costa-atlantica\/","title":{"rendered":"Fen\u00f3meno de El Ni\u00f1o afecta a la Costa Atl\u00e1ntica"},"content":{"rendered":"<p><a href=\"http:\/\/www.agromundo.co\/blog\/wp-content\/uploads\/2015\/03\/Ganado-flaco.png\"><img loading=\"lazy\" class=\"alignnone size-full wp-image-3784\" src=\"http:\/\/www.agromundo.co\/blog\/wp-content\/uploads\/2015\/03\/Ganado-flaco.png\" alt=\"Ganado flaco\" width=\"370\" height=\"252\" srcset=\"https:\/\/www.agromundo.co\/blog\/wp-content\/uploads\/2015\/03\/Ganado-flaco.png 370w, https:\/\/www.agromundo.co\/blog\/wp-content\/uploads\/2015\/03\/Ganado-flaco-300x204.png 300w\" sizes=\"(max-width: 370px) 100vw, 370px\" \/><\/a><\/p>\n<ul>\n<li><em>El aumento de la temperatura en la regi\u00f3n Caribe mantiene en alerta a los productores ganaderos por la falta de forrajes y de agua para sus animales. Ante ello, le solicitan ayuda al Gobierno Nacional<\/em><em>.<\/em><\/li>\n<\/ul>\n<p>En gran parte del territorio colombiano se han registrado condiciones clim\u00e1ticas secas en lo que va corrido del mes de marzo, a ra\u00edz de la presencia del fen\u00f3meno de El Ni\u00f1o en una fase d\u00e9bil, seg\u00fan lo anunci\u00f3 el Instituto de Hidrolog\u00eda, Meteorolog\u00eda y Estudios Ambientales (Ideam).<\/p>\n<p>Funcionarios de la Federaci\u00f3n Colombiana de Ganaderos (Fedeg\u00e1n \u2013 FNG), le explicaron aCONtexto ganadero\u00a0que en la regi\u00f3n Caribe, particularmente en los departamentos de Cesar, Magdalena y Sucre la situaci\u00f3n es cr\u00edtica por cuenta del verano.<\/p>\n<p>El profesional en Gesti\u00f3n Productiva y Salud Animal de Fedeg\u00e1n \u2013 FNG en el departamento de Cesar, \u00a0Rafael Eduardo Rumbo Castro, afirm\u00f3 que desde hace 2 semanas, en esta zona del pa\u00eds las temperaturas se han incrementado considerablemente.<\/p>\n<p>Rumbo Castro acot\u00f3 que esos cambios clim\u00e1ticos vienen causando estragos en la regi\u00f3n, siendo tan cr\u00edtica la situaci\u00f3n que se est\u00e1 viviendo en Valledupar, que los productores de ganado bovino han acudido a las oficinas de Fedeg\u00e1n a solicitar pronta ayuda para evitar la muerte de los animales.<\/p>\n<p>De otra parte, el profesional en Gesti\u00f3n Productiva y Salud Animal en Sincelejo (Sucre), Jorge Eli\u00e9cer P\u00e9rez Buelvas, alert\u00f3 que en esa zona del pa\u00eds, el periodo de sequ\u00eda extrema se podr\u00eda prolongar hasta el mes de junio pr\u00f3ximo.<\/p>\n<p>Afirm\u00f3 P\u00e9rez Buelvas que el Ideam alert\u00f3 sobre una serie de condiciones clim\u00e1ticas en el oc\u00e9ano Pac\u00edfico que permiten la ocurrencia del fen\u00f3meno, lo que generar\u00eda en la regi\u00f3n un periodo de verano durante 3 meses m\u00e1s, lo cual afectar\u00eda fuertemente a los ganaderos, pues la falta de agua y pasto ser\u00e1n cada vez m\u00e1s preocupantes.<\/p>\n<p>As\u00ed mismo, Ausberto Bele\u00f1o Benavides, profesional de Fedeg\u00e1n \u2013 FNG en el departamento de Magdalena, inform\u00f3 que los productores pecuarios de municipios como Fundaci\u00f3n, El Banco y Ariguan\u00ed est\u00e1n en m\u00e1xima alerta por cuenta del verano.<\/p>\n<p>Seg\u00fan Bele\u00f1o Benavides en gran parte del departamento de Magdalena el verano se intensifica con el paso de los d\u00edas. Ya comienza a escasear la comida y el agua para los animales en las explotaciones, por lo que los ganaderos le solicitan ayuda al Gobierno Nacional para reducir los impactos que este cambio clim\u00e1tico le generar\u00eda a la actividad.<\/p>\n<p>Por lo pronto, los ganaderos de estos 3 departamentos esperan que desde el Gobierno Nacional se tomen medidas que contribuyan a mitigar los impactos negativos que el fen\u00f3meno de El Ni\u00f1o dejar\u00eda en la actividad bovina.<\/p>\n<p>&nbsp;<\/p>\n<p>Fuente: Adaptado de CONtexto Ganadero.<\/p>\n<div id=\"attachment_3783\" style=\"width: 100px\" class=\"wp-caption alignright\"><a href=\"http:\/\/www.agromundo.co\/terkim-ltda.html\" target=\"_blank\"><img aria-describedby=\"caption-attachment-3783\" loading=\"lazy\" class=\"wp-image-3783\" src=\"http:\/\/www.agromundo.co\/blog\/wp-content\/uploads\/2015\/03\/Hidroretenedores-Terkom-S.A.S..gif\" alt=\"Hidroretenedores Terkm S.A.S.\" width=\"90\" height=\"120\" \/><\/a><p id=\"caption-attachment-3783\" class=\"wp-caption-text\">Hidroretenedores Terkim S.A.S.<\/p><\/div>\n<p>Nota patrocinada por:<\/p>\n<div id=\"attachment_3763\" style=\"width: 130px\" class=\"wp-caption alignnone\"><a href=\"http:\/\/www.agromundo.co\/aqua-fan-sas.html\" target=\"_blank\"><img aria-describedby=\"caption-attachment-3763\" loading=\"lazy\" class=\"wp-image-3763\" src=\"http:\/\/www.agromundo.co\/blog\/wp-content\/uploads\/2015\/03\/Ventilador-con-agua.jpg\" alt=\"Ventilador con agua\" width=\"120\" height=\"120\" srcset=\"https:\/\/www.agromundo.co\/blog\/wp-content\/uploads\/2015\/03\/Ventilador-con-agua.jpg 160w, https:\/\/www.agromundo.co\/blog\/wp-content\/uploads\/2015\/03\/Ventilador-con-agua-150x150.jpg 150w\" sizes=\"(max-width: 120px) 100vw, 120px\" \/><\/a><p id=\"caption-attachment-3763\" class=\"wp-caption-text\">Ventilador con vaporizador de agua Aquafan<\/p><\/div>\n<p>&nbsp;<\/p>\n<p>&nbsp;<\/p>\n","protected":false},"excerpt":{"rendered":"<p>El aumento de la temperatura en la regi\u00f3n Caribe mantiene en alerta a los productores ganaderos por la falta de forrajes y de agua para sus animales. Ante ello, le solicitan ayuda al Gobierno Nacional. En gran parte del territorio colombiano se han registrado condiciones clim\u00e1ticas secas en lo que va corrido del mes de [&hellip;]<\/p>\n","protected":false},"author":1,"featured_media":3784,"comment_status":"open","ping_status":"open","sticky":false,"template":"","format":"standard","meta":[],"categories":[3,18,6],"tags":[1645,784,1577,496,1663,1681],"yoast_head":"<!-- This site is optimized with the Yoast SEO plugin v17.3 - https:\/\/yoast.com\/wordpress\/plugins\/seo\/ -->\n<meta name=\"description\" content=\"En gran parte del territorio colombiano se han registrado condiciones clim\u00e1ticas secas , a ra\u00edz de la presencia del fen\u00f3meno de El Ni\u00f1o.\" \/>\n<meta name=\"robots\" content=\"index, follow, max-snippet:-1, max-image-preview:large, max-video-preview:-1\" \/>\n<meta property=\"og:locale\" content=\"es_ES\" \/>\n<meta property=\"og:type\" content=\"article\" \/>\n<meta property=\"og:title\" content=\"Fen\u00f3meno de El Ni\u00f1o afecta a la Costa Atl\u00e1ntica - Notiagro\" \/>\n<meta property=\"og:description\" content=\"En gran parte del territorio colombiano se han registrado condiciones clim\u00e1ticas secas , a ra\u00edz de la presencia del fen\u00f3meno de El Ni\u00f1o.\" \/>\n<meta property=\"og:site_name\" content=\"Notiagro\" \/>\n<meta property=\"article:published_time\" content=\"2015-03-18T15:22:03+00:00\" \/>\n<meta property=\"og:image\" content=\"http:\/\/www.agromundo.co\/blog\/wp-content\/uploads\/2015\/03\/Ganado-flaco.png\" \/>\n\t<meta property=\"og:image:width\" content=\"370\" \/>\n\t<meta property=\"og:image:height\" content=\"252\" \/>\n<meta name=\"twitter:label1\" content=\"Escrito por\" \/>\n\t<meta name=\"twitter:data1\" content=\"admin\" \/>\n\t<meta name=\"twitter:label2\" content=\"Tiempo de lectura\" \/>\n\t<meta name=\"twitter:data2\" content=\"3 minutos\" \/>\n<script type=\"application\/ld+json\" class=\"yoast-schema-graph\">{\"@context\":\"https:\/\/schema.org\",\"@graph\":[{\"@type\":\"WebSite\",\"@id\":\"https:\/\/www.agromundo.co\/blog\/#website\",\"url\":\"https:\/\/www.agromundo.co\/blog\/\",\"name\":\"Notiagro\",\"description\":\"Noticias y eventos sector agropecuario colombiano\",\"potentialAction\":[{\"@type\":\"SearchAction\",\"target\":{\"@type\":\"EntryPoint\",\"urlTemplate\":\"https:\/\/www.agromundo.co\/blog\/?s={search_term_string}\"},\"query-input\":\"required name=search_term_string\"}],\"inLanguage\":\"es\"},{\"@type\":\"ImageObject\",\"@id\":\"#primaryimage\",\"inLanguage\":\"es\",\"url\":\"https:\/\/www.agromundo.co\/blog\/wp-content\/uploads\/2015\/03\/Ganado-flaco.png\",\"contentUrl\":\"https:\/\/www.agromundo.co\/blog\/wp-content\/uploads\/2015\/03\/Ganado-flaco.png\",\"width\":370,\"height\":252},{\"@type\":\"WebPage\",\"@id\":\"#webpage\",\"url\":null,\"name\":\"Fen\\u00f3meno de El Ni\\u00f1o afecta a la Costa Atl\\u00e1ntica - Notiagro\",\"isPartOf\":{\"@id\":\"https:\/\/www.agromundo.co\/blog\/#website\"},\"primaryImageOfPage\":{\"@id\":\"#primaryimage\"},\"datePublished\":\"2015-03-18T15:22:03+00:00\",\"dateModified\":\"2015-03-18T15:22:03+00:00\",\"author\":{\"@id\":\"https:\/\/www.agromundo.co\/blog\/#\/schema\/person\/3e07d858c3c7a93ebf4ad3785559d35d\"},\"description\":\"En gran parte del territorio colombiano se han registrado condiciones clim\\u00e1ticas secas , a ra\\u00edz de la presencia del fen\\u00f3meno de El Ni\\u00f1o.\",\"breadcrumb\":{\"@id\":\"#breadcrumb\"},\"inLanguage\":\"es\",\"potentialAction\":[{\"@type\":\"ReadAction\",\"target\":[null]}]},{\"@type\":\"BreadcrumbList\",\"@id\":\"#breadcrumb\",\"itemListElement\":[{\"@type\":\"ListItem\",\"position\":1,\"name\":\"Portada\",\"item\":\"https:\/\/www.agromundo.co\/blog\/\"},{\"@type\":\"ListItem\",\"position\":2,\"name\":\"Fen\\u00f3meno de El Ni\\u00f1o afecta a la Costa Atl\\u00e1ntica\"}]},{\"@type\":\"Person\",\"@id\":\"https:\/\/www.agromundo.co\/blog\/#\/schema\/person\/3e07d858c3c7a93ebf4ad3785559d35d\",\"name\":\"admin\",\"image\":{\"@type\":\"ImageObject\",\"@id\":\"https:\/\/www.agromundo.co\/blog\/#personlogo\",\"inLanguage\":\"es\",\"url\":\"https:\/\/secure.gravatar.com\/avatar\/f990c4c6d966ea7f7bec9cc10bcda5ce?s=96&d=mm&r=g\",\"contentUrl\":\"https:\/\/secure.gravatar.com\/avatar\/f990c4c6d966ea7f7bec9cc10bcda5ce?s=96&d=mm&r=g\",\"caption\":\"admin\"},\"url\":\"https:\/\/www.agromundo.co\/blog\/author\/admin\/\"}]}<\/script>\n<!-- \/ Yoast SEO plugin. -->","yoast_head_json":{"description":"En gran parte del territorio colombiano se han registrado condiciones clim\u00e1ticas secas , a ra\u00edz de la presencia del fen\u00f3meno de El Ni\u00f1o.","robots":{"index":"index","follow":"follow","max-snippet":"max-snippet:-1","max-image-preview":"max-image-preview:large","max-video-preview":"max-video-preview:-1"},"og_locale":"es_ES","og_type":"article","og_title":"Fen\u00f3meno de El Ni\u00f1o afecta a la Costa Atl\u00e1ntica - Notiagro","og_description":"En gran parte del territorio colombiano se han registrado condiciones clim\u00e1ticas secas , a ra\u00edz de la presencia del fen\u00f3meno de El Ni\u00f1o.","og_site_name":"Notiagro","article_published_time":"2015-03-18T15:22:03+00:00","og_image":[{"width":370,"height":252,"url":"http:\/\/www.agromundo.co\/blog\/wp-content\/uploads\/2015\/03\/Ganado-flaco.png","type":"image\/png"}],"twitter_misc":{"Escrito por":"admin","Tiempo de lectura":"3 minutos"},"schema":{"@context":"https:\/\/schema.org","@graph":[{"@type":"WebSite","@id":"https:\/\/www.agromundo.co\/blog\/#website","url":"https:\/\/www.agromundo.co\/blog\/","name":"Notiagro","description":"Noticias y eventos sector agropecuario colombiano","potentialAction":[{"@type":"SearchAction","target":{"@type":"EntryPoint","urlTemplate":"https:\/\/www.agromundo.co\/blog\/?s={search_term_string}"},"query-input":"required name=search_term_string"}],"inLanguage":"es"},{"@type":"ImageObject","@id":"#primaryimage","inLanguage":"es","url":"https:\/\/www.agromundo.co\/blog\/wp-content\/uploads\/2015\/03\/Ganado-flaco.png","contentUrl":"https:\/\/www.agromundo.co\/blog\/wp-content\/uploads\/2015\/03\/Ganado-flaco.png","width":370,"height":252},{"@type":"WebPage","@id":"#webpage","url":null,"name":"Fen\u00f3meno de El Ni\u00f1o afecta a la Costa Atl\u00e1ntica - Notiagro","isPartOf":{"@id":"https:\/\/www.agromundo.co\/blog\/#website"},"primaryImageOfPage":{"@id":"#primaryimage"},"datePublished":"2015-03-18T15:22:03+00:00","dateModified":"2015-03-18T15:22:03+00:00","author":{"@id":"https:\/\/www.agromundo.co\/blog\/#\/schema\/person\/3e07d858c3c7a93ebf4ad3785559d35d"},"description":"En gran parte del territorio colombiano se han registrado condiciones clim\u00e1ticas secas , a ra\u00edz de la presencia del fen\u00f3meno de El Ni\u00f1o.","breadcrumb":{"@id":"#breadcrumb"},"inLanguage":"es","potentialAction":[{"@type":"ReadAction","target":[null]}]},{"@type":"BreadcrumbList","@id":"#breadcrumb","itemListElement":[{"@type":"ListItem","position":1,"name":"Portada","item":"https:\/\/www.agromundo.co\/blog\/"},{"@type":"ListItem","position":2,"name":"Fen\u00f3meno de El Ni\u00f1o afecta a la Costa Atl\u00e1ntica"}]},{"@type":"Person","@id":"https:\/\/www.agromundo.co\/blog\/#\/schema\/person\/3e07d858c3c7a93ebf4ad3785559d35d","name":"admin","image":{"@type":"ImageObject","@id":"https:\/\/www.agromundo.co\/blog\/#personlogo","inLanguage":"es","url":"https:\/\/secure.gravatar.com\/avatar\/f990c4c6d966ea7f7bec9cc10bcda5ce?s=96&d=mm&r=g","contentUrl":"https:\/\/secure.gravatar.com\/avatar\/f990c4c6d966ea7f7bec9cc10bcda5ce?s=96&d=mm&r=g","caption":"admin"},"url":"https:\/\/www.agromundo.co\/blog\/author\/admin\/"}]}},"_links":{"self":[{"href":"https:\/\/www.agromundo.co\/blog\/wp-json\/wp\/v2\/posts\/3782"}],"collection":[{"href":"https:\/\/www.agromundo.co\/blog\/wp-json\/wp\/v2\/posts"}],"about":[{"href":"https:\/\/www.agromundo.co\/blog\/wp-json\/wp\/v2\/types\/post"}],"author":[{"embeddable":true,"href":"https:\/\/www.agromundo.co\/blog\/wp-json\/wp\/v2\/users\/1"}],"replies":[{"embeddable":true,"href":"https:\/\/www.agromundo.co\/blog\/wp-json\/wp\/v2\/comments?post=3782"}],"version-history":[{"count":1,"href":"https:\/\/www.agromundo.co\/blog\/wp-json\/wp\/v2\/posts\/3782\/revisions"}],"predecessor-version":[{"id":3785,"href":"https:\/\/www.agromundo.co\/blog\/wp-json\/wp\/v2\/posts\/3782\/revisions\/3785"}],"wp:featuredmedia":[{"embeddable":true,"href":"https:\/\/www.agromundo.co\/blog\/wp-json\/wp\/v2\/media\/3784"}],"wp:attachment":[{"href":"https:\/\/www.agromundo.co\/blog\/wp-json\/wp\/v2\/media?parent=3782"}],"wp:term":[{"taxonomy":"category","embeddable":true,"href":"https:\/\/www.agromundo.co\/blog\/wp-json\/wp\/v2\/categories?post=3782"},{"taxonomy":"post_tag","embeddable":true,"href":"https:\/\/www.agromundo.co\/blog\/wp-json\/wp\/v2\/tags?post=3782"}],"curies":[{"name":"wp","href":"https:\/\/api.w.org\/{rel}","templated":true}]}}