{"id":3893,"date":"2015-04-23T12:50:06","date_gmt":"2015-04-23T12:50:06","guid":{"rendered":"http:\/\/www.agromundo.co\/blog\/?p=3893"},"modified":"2015-04-23T12:51:16","modified_gmt":"2015-04-23T12:51:16","slug":"plan-semilla-para-pequenos-productores","status":"publish","type":"post","link":"https:\/\/www.agromundo.co\/blog\/plan-semilla-para-pequenos-productores\/","title":{"rendered":"Plan semilla para peque\u00f1os productores"},"content":{"rendered":"<p><a href=\"http:\/\/www.agromundo.co\/blog\/wp-content\/uploads\/2015\/04\/semillas.jpg\"><img loading=\"lazy\" class=\"alignnone size-full wp-image-3895\" src=\"http:\/\/www.agromundo.co\/blog\/wp-content\/uploads\/2015\/04\/semillas.jpg\" alt=\"semillas\" width=\"320\" height=\"240\" srcset=\"https:\/\/www.agromundo.co\/blog\/wp-content\/uploads\/2015\/04\/semillas.jpg 320w, https:\/\/www.agromundo.co\/blog\/wp-content\/uploads\/2015\/04\/semillas-300x225.jpg 300w, https:\/\/www.agromundo.co\/blog\/wp-content\/uploads\/2015\/04\/semillas-100x75.jpg 100w\" sizes=\"(max-width: 320px) 100vw, 320px\" \/><\/a><\/p>\n<ul>\n<li><em>El Plan Semilla contempla 17 especies de importancia econ\u00f3mica para los peque\u00f1os productores colombianos.<\/em><\/li>\n<li><em>El Plan generar\u00e1 semillas para la siembra y renovaci\u00f3n de 250.000 hect\u00e1reas anuales de cultivos fundamentales para la canasta familiar.<\/em><\/li>\n<\/ul>\n<p>El mi\u00e9rcoles 22 de abril fue la fecha definida para el lanzamiento, en el Centro de Investigaci\u00f3n Obonuco en el departamento de Nari\u00f1o, del \u201cPlan Nacional para la Conservaci\u00f3n y Producci\u00f3n de Semillas para Peque\u00f1os Productores\u201d, formulado por la Corporaci\u00f3n Colombiana de Investigaci\u00f3n Agropecuaria (Corpoica) y el Instituto Colombiano Agropecuario (ICA).<br \/>\nEste plan pretende la reactivaci\u00f3n del sistema de producci\u00f3n de semillas de alta calidad de 17 especies claves para el abastecimiento de la canasta familiar y para la generaci\u00f3n de ingresos de productores agr\u00edcolas.<br \/>\nJuan Lucas Restrepo, director de Corpoica, manifest\u00f3 que por primera vez en mucho tiempo el Ministerio de Agricultura y los aliados del Plan Semilla abordar\u00e1n la problem\u00e1tica de 17 de los cultivos de mayor importancia para la seguridad alimentaria y la econom\u00eda campesina colombiana. Dijo que es una hist\u00f3rica oportunidad para mejorar la productividad con buena gen\u00e9tica y adecuado manejo.<\/p>\n<p>El Plan Semilla est\u00e1 orientado regionalmente, en los sistemas productivos de la siguiente manera:<\/p>\n<ul>\n<li>Caribe: arroz, aguacate, batata, \u00f1ame, pl\u00e1tano, yuca y yuca forrajera, ma\u00edz, cacao, y c\u00edtricos.<\/li>\n<li>Andina: arracacha, arveja, achira, cacao, cebolla de rama, ca\u00f1a panelera, fr\u00edjol, ma\u00edz, pl\u00e1tano, papa y guayaba.<\/li>\n<li>Orinoqu\u00eda: fr\u00edjol, pl\u00e1tano, ma\u00edz y semillas forrajeras.<\/li>\n<li>Pac\u00edfica: arveja, ma\u00edz, achira, cebolla y fr\u00edjol.<\/li>\n<li>Amaz\u00f3nica: pl\u00e1tano y fr\u00edjol.<\/li>\n<\/ul>\n<p>El director de ICA, Luis Humberto Mart\u00ednez, manifest\u00f3 que las semillas certificadas tienen el objetivo de ofrecerle a los cultivadores \u00a0una producci\u00f3n rentable y constituyen un seguro para el exitoso desarrollo de la actividad agr\u00edcola.<\/p>\n<p>El plan contempla dos componentes fundamentales: Con el primero se trata de realizar el acompa\u00f1amiento a la generaci\u00f3n de capacidades locales para el abastecimiento de semillas para la agricultura de econom\u00eda campesina, mediante la caracterizaci\u00f3n e identificaci\u00f3n de las asociaciones de peque\u00f1os productores; y el segundo es el de la provisi\u00f3n de semillas con estrategias diferenciales por especie, seg\u00fan la tasa de renovaci\u00f3n y las caracter\u00edsticas de multiplicaci\u00f3n, entre otros factores.<br \/>\nFuente: Adaptado de Instituto Colombiano Agropecuario.<\/p>\n<p>Lo invitamos a conocer c\u00f3mo ser\u00e1 Agroexpo 2015, haciendo clic en el la siguiente imagen:<\/p>\n<div id=\"attachment_3870\" style=\"width: 135px\" class=\"wp-caption alignnone\"><a href=\"http:\/\/agroexpo.com\/?bn=Notiagro\" target=\"_blank\"><img aria-describedby=\"caption-attachment-3870\" loading=\"lazy\" class=\"size-full wp-image-3870\" src=\"http:\/\/www.agromundo.co\/blog\/wp-content\/uploads\/2015\/04\/Banner-Notiagro.gif\" alt=\"Agroexpo 2015\" width=\"125\" height=\"125\" \/><\/a><p id=\"caption-attachment-3870\" class=\"wp-caption-text\">Agroexpo 2015<\/p><\/div>\n","protected":false},"excerpt":{"rendered":"<p>El Plan Semilla contempla 17 especies de importancia econ\u00f3mica para los peque\u00f1os productores colombianos. El Plan generar\u00e1 semillas para la siembra y renovaci\u00f3n de 250.000 hect\u00e1reas anuales de cultivos fundamentales para la canasta familiar. El mi\u00e9rcoles 22 de abril fue la fecha definida para el lanzamiento, en el Centro de Investigaci\u00f3n Obonuco en el departamento [&hellip;]<\/p>\n","protected":false},"author":1,"featured_media":3895,"comment_status":"open","ping_status":"open","sticky":false,"template":"","format":"standard","meta":[],"categories":[5,3,11],"tags":[246,2134,2132,243,2133],"yoast_head":"<!-- This site is optimized with the Yoast SEO plugin v17.3 - https:\/\/yoast.com\/wordpress\/plugins\/seo\/ -->\n<meta name=\"description\" content=\"El plan semilla pretende la reactivaci\u00f3n del sistema de producci\u00f3n de semillas de alta calidad de 17 especies fundamentales de la canasta familiar.\" \/>\n<meta name=\"robots\" content=\"index, follow, max-snippet:-1, max-image-preview:large, max-video-preview:-1\" \/>\n<meta property=\"og:locale\" content=\"es_ES\" \/>\n<meta property=\"og:type\" content=\"article\" \/>\n<meta property=\"og:title\" content=\"Plan semilla para peque\u00f1os productores - Notiagro\" \/>\n<meta property=\"og:description\" content=\"El plan semilla pretende la reactivaci\u00f3n del sistema de producci\u00f3n de semillas de alta calidad de 17 especies fundamentales de la canasta familiar.\" \/>\n<meta property=\"og:site_name\" content=\"Notiagro\" \/>\n<meta property=\"article:published_time\" content=\"2015-04-23T12:50:06+00:00\" \/>\n<meta property=\"article:modified_time\" content=\"2015-04-23T12:51:16+00:00\" \/>\n<meta property=\"og:image\" content=\"https:\/\/www.agromundo.co\/blog\/wp-content\/uploads\/2015\/04\/semillas.jpg\" \/>\n\t<meta property=\"og:image:width\" content=\"320\" \/>\n\t<meta property=\"og:image:height\" content=\"240\" \/>\n<meta name=\"twitter:label1\" content=\"Escrito por\" \/>\n\t<meta name=\"twitter:data1\" content=\"admin\" \/>\n\t<meta name=\"twitter:label2\" content=\"Tiempo de lectura\" \/>\n\t<meta name=\"twitter:data2\" content=\"2 minutos\" \/>\n<script type=\"application\/ld+json\" class=\"yoast-schema-graph\">{\"@context\":\"https:\/\/schema.org\",\"@graph\":[{\"@type\":\"WebSite\",\"@id\":\"https:\/\/www.agromundo.co\/blog\/#website\",\"url\":\"https:\/\/www.agromundo.co\/blog\/\",\"name\":\"Notiagro\",\"description\":\"Noticias y eventos sector agropecuario colombiano\",\"potentialAction\":[{\"@type\":\"SearchAction\",\"target\":{\"@type\":\"EntryPoint\",\"urlTemplate\":\"https:\/\/www.agromundo.co\/blog\/?s={search_term_string}\"},\"query-input\":\"required name=search_term_string\"}],\"inLanguage\":\"es\"},{\"@type\":\"ImageObject\",\"@id\":\"#primaryimage\",\"inLanguage\":\"es\",\"url\":\"https:\/\/www.agromundo.co\/blog\/wp-content\/uploads\/2015\/04\/semillas.jpg\",\"contentUrl\":\"https:\/\/www.agromundo.co\/blog\/wp-content\/uploads\/2015\/04\/semillas.jpg\",\"width\":320,\"height\":240},{\"@type\":\"WebPage\",\"@id\":\"#webpage\",\"url\":null,\"name\":\"Plan semilla para peque\\u00f1os productores - Notiagro\",\"isPartOf\":{\"@id\":\"https:\/\/www.agromundo.co\/blog\/#website\"},\"primaryImageOfPage\":{\"@id\":\"#primaryimage\"},\"datePublished\":\"2015-04-23T12:50:06+00:00\",\"dateModified\":\"2015-04-23T12:51:16+00:00\",\"author\":{\"@id\":\"https:\/\/www.agromundo.co\/blog\/#\/schema\/person\/3e07d858c3c7a93ebf4ad3785559d35d\"},\"description\":\"El plan semilla pretende la reactivaci\\u00f3n del sistema de producci\\u00f3n de semillas de alta calidad de 17 especies fundamentales de la canasta familiar.\",\"breadcrumb\":{\"@id\":\"#breadcrumb\"},\"inLanguage\":\"es\",\"potentialAction\":[{\"@type\":\"ReadAction\",\"target\":[null]}]},{\"@type\":\"BreadcrumbList\",\"@id\":\"#breadcrumb\",\"itemListElement\":[{\"@type\":\"ListItem\",\"position\":1,\"name\":\"Portada\",\"item\":\"https:\/\/www.agromundo.co\/blog\/\"},{\"@type\":\"ListItem\",\"position\":2,\"name\":\"Plan semilla para peque\\u00f1os productores\"}]},{\"@type\":\"Person\",\"@id\":\"https:\/\/www.agromundo.co\/blog\/#\/schema\/person\/3e07d858c3c7a93ebf4ad3785559d35d\",\"name\":\"admin\",\"image\":{\"@type\":\"ImageObject\",\"@id\":\"https:\/\/www.agromundo.co\/blog\/#personlogo\",\"inLanguage\":\"es\",\"url\":\"https:\/\/secure.gravatar.com\/avatar\/f990c4c6d966ea7f7bec9cc10bcda5ce?s=96&d=mm&r=g\",\"contentUrl\":\"https:\/\/secure.gravatar.com\/avatar\/f990c4c6d966ea7f7bec9cc10bcda5ce?s=96&d=mm&r=g\",\"caption\":\"admin\"},\"url\":\"https:\/\/www.agromundo.co\/blog\/author\/admin\/\"}]}<\/script>\n<!-- \/ Yoast SEO plugin. -->","yoast_head_json":{"description":"El plan semilla pretende la reactivaci\u00f3n del sistema de producci\u00f3n de semillas de alta calidad de 17 especies fundamentales de la canasta familiar.","robots":{"index":"index","follow":"follow","max-snippet":"max-snippet:-1","max-image-preview":"max-image-preview:large","max-video-preview":"max-video-preview:-1"},"og_locale":"es_ES","og_type":"article","og_title":"Plan semilla para peque\u00f1os productores - Notiagro","og_description":"El plan semilla pretende la reactivaci\u00f3n del sistema de producci\u00f3n de semillas de alta calidad de 17 especies fundamentales de la canasta familiar.","og_site_name":"Notiagro","article_published_time":"2015-04-23T12:50:06+00:00","article_modified_time":"2015-04-23T12:51:16+00:00","og_image":[{"width":320,"height":240,"url":"https:\/\/www.agromundo.co\/blog\/wp-content\/uploads\/2015\/04\/semillas.jpg","type":"image\/jpeg"}],"twitter_misc":{"Escrito por":"admin","Tiempo de lectura":"2 minutos"},"schema":{"@context":"https:\/\/schema.org","@graph":[{"@type":"WebSite","@id":"https:\/\/www.agromundo.co\/blog\/#website","url":"https:\/\/www.agromundo.co\/blog\/","name":"Notiagro","description":"Noticias y eventos sector agropecuario colombiano","potentialAction":[{"@type":"SearchAction","target":{"@type":"EntryPoint","urlTemplate":"https:\/\/www.agromundo.co\/blog\/?s={search_term_string}"},"query-input":"required name=search_term_string"}],"inLanguage":"es"},{"@type":"ImageObject","@id":"#primaryimage","inLanguage":"es","url":"https:\/\/www.agromundo.co\/blog\/wp-content\/uploads\/2015\/04\/semillas.jpg","contentUrl":"https:\/\/www.agromundo.co\/blog\/wp-content\/uploads\/2015\/04\/semillas.jpg","width":320,"height":240},{"@type":"WebPage","@id":"#webpage","url":null,"name":"Plan semilla para peque\u00f1os productores - Notiagro","isPartOf":{"@id":"https:\/\/www.agromundo.co\/blog\/#website"},"primaryImageOfPage":{"@id":"#primaryimage"},"datePublished":"2015-04-23T12:50:06+00:00","dateModified":"2015-04-23T12:51:16+00:00","author":{"@id":"https:\/\/www.agromundo.co\/blog\/#\/schema\/person\/3e07d858c3c7a93ebf4ad3785559d35d"},"description":"El plan semilla pretende la reactivaci\u00f3n del sistema de producci\u00f3n de semillas de alta calidad de 17 especies fundamentales de la canasta familiar.","breadcrumb":{"@id":"#breadcrumb"},"inLanguage":"es","potentialAction":[{"@type":"ReadAction","target":[null]}]},{"@type":"BreadcrumbList","@id":"#breadcrumb","itemListElement":[{"@type":"ListItem","position":1,"name":"Portada","item":"https:\/\/www.agromundo.co\/blog\/"},{"@type":"ListItem","position":2,"name":"Plan semilla para peque\u00f1os productores"}]},{"@type":"Person","@id":"https:\/\/www.agromundo.co\/blog\/#\/schema\/person\/3e07d858c3c7a93ebf4ad3785559d35d","name":"admin","image":{"@type":"ImageObject","@id":"https:\/\/www.agromundo.co\/blog\/#personlogo","inLanguage":"es","url":"https:\/\/secure.gravatar.com\/avatar\/f990c4c6d966ea7f7bec9cc10bcda5ce?s=96&d=mm&r=g","contentUrl":"https:\/\/secure.gravatar.com\/avatar\/f990c4c6d966ea7f7bec9cc10bcda5ce?s=96&d=mm&r=g","caption":"admin"},"url":"https:\/\/www.agromundo.co\/blog\/author\/admin\/"}]}},"_links":{"self":[{"href":"https:\/\/www.agromundo.co\/blog\/wp-json\/wp\/v2\/posts\/3893"}],"collection":[{"href":"https:\/\/www.agromundo.co\/blog\/wp-json\/wp\/v2\/posts"}],"about":[{"href":"https:\/\/www.agromundo.co\/blog\/wp-json\/wp\/v2\/types\/post"}],"author":[{"embeddable":true,"href":"https:\/\/www.agromundo.co\/blog\/wp-json\/wp\/v2\/users\/1"}],"replies":[{"embeddable":true,"href":"https:\/\/www.agromundo.co\/blog\/wp-json\/wp\/v2\/comments?post=3893"}],"version-history":[{"count":4,"href":"https:\/\/www.agromundo.co\/blog\/wp-json\/wp\/v2\/posts\/3893\/revisions"}],"predecessor-version":[{"id":3898,"href":"https:\/\/www.agromundo.co\/blog\/wp-json\/wp\/v2\/posts\/3893\/revisions\/3898"}],"wp:featuredmedia":[{"embeddable":true,"href":"https:\/\/www.agromundo.co\/blog\/wp-json\/wp\/v2\/media\/3895"}],"wp:attachment":[{"href":"https:\/\/www.agromundo.co\/blog\/wp-json\/wp\/v2\/media?parent=3893"}],"wp:term":[{"taxonomy":"category","embeddable":true,"href":"https:\/\/www.agromundo.co\/blog\/wp-json\/wp\/v2\/categories?post=3893"},{"taxonomy":"post_tag","embeddable":true,"href":"https:\/\/www.agromundo.co\/blog\/wp-json\/wp\/v2\/tags?post=3893"}],"curies":[{"name":"wp","href":"https:\/\/api.w.org\/{rel}","templated":true}]}}