{"id":4038,"date":"2015-05-29T14:49:18","date_gmt":"2015-05-29T14:49:18","guid":{"rendered":"http:\/\/www.agromundo.co\/blog\/?p=4038"},"modified":"2015-05-29T14:49:18","modified_gmt":"2015-05-29T14:49:18","slug":"mosca-del-mediterraneo","status":"publish","type":"post","link":"https:\/\/www.agromundo.co\/blog\/mosca-del-mediterraneo\/","title":{"rendered":"Mosca del Mediterr\u00e1neo"},"content":{"rendered":"<p><a href=\"http:\/\/www.agromundo.co\/blog\/wp-content\/uploads\/2015\/05\/mosca-1.jpg\"><img loading=\"lazy\" class=\"alignnone size-full wp-image-4044\" src=\"http:\/\/www.agromundo.co\/blog\/wp-content\/uploads\/2015\/05\/mosca-1.jpg\" alt=\"mosca (1)\" width=\"200\" height=\"133\" \/><\/a><\/p>\n<p><strong>Introducci\u00f3n:<\/strong><\/p>\n<p>La Mosca del Mediterr\u00e1neo (Ceratitis \u00a0capitata), es una de las m\u00e1s peligrosas plagas agr\u00edcolas que ataca a m\u00e1s de 250 especies de frutales, entre ellas: \u00a0c\u00edtricos, manzana, pera, durazno, guayaba, originando\u00a0 da\u00f1os f\u00edsicos directos a la pulpa de las frutas producidos por las larvas y da\u00f1os \u00a0secundarios por el ingreso \u00a0de \u00a0microorganismos \u00a0pat\u00f3genos, \u00a0adem\u00e1s \u00a0de \u00a0consecuencias \u00a0indirectas tales como medidas cuarentenarias y tratamientos de poscosecha.<\/p>\n<p>&nbsp;<br \/>\n<strong>Situaci\u00f3n en Colombia:<\/strong><\/p>\n<p>El Instituto Colombiano Agropecuario declar\u00f3 la emergencia fitosanitaria en los departamentos de Norte de Santander, Bol\u00edvar, Atl\u00e1ntico y Cundinamarca por la presencia del insecto, \u00a0con el fin de adelantar acciones que permitan combatirla.<\/p>\n<p>Los productores, comercializadores y exportadores de frutas de los departamentos afectados por la Mosca del Mediterr\u00e1neo, deber\u00e1n desarrollar un plan de supresi\u00f3n de la plaga, que tiene \u00a0como objetivo evitar la expansi\u00f3n de brotes dentro de esas zonas y su dispersi\u00f3n hacia otras regiones. El plan incluye actividades de monitoreo por medio de la instalaci\u00f3n de trampas y el manejo integrado de plagas, entre otras acciones.<\/p>\n<p>Dada la actual situaci\u00f3n, y con el fin de ejercer una mejor vigilancia fitosanitaria a la producci\u00f3n frut\u00edcola nacional, el ICA, mediante un convenio suscrito con \u00a0Corabastos, instal\u00f3 una oficina en esta central de abastecimiento, donde se realizan muestreos a las frutas procedentes de diferentes departamentos, con el fin de verificar que no se encuentren afectadas por plagas y enfermedades de control oficial.<\/p>\n<p>&nbsp;<br \/>\n<strong>Ciclo:\u00a0<\/strong><\/p>\n<p>Las moscas de la fruta tienen un ciclo de vida completo es decir, atraviesan por los cuatro estados biol\u00f3gicos: huevo, larva, pupa y adulto.<\/p>\n<p><strong>Descripci\u00f3n de la especie:<\/strong><\/p>\n<p>La \u00a0Mosca \u00a0del \u00a0Mediterr\u00e1neo, tiene \u00a0el \u00a0tama\u00f1o un \u00a0tercio menor a la mosca casera com\u00fan, su color es caf\u00e9 oscuro, casi negro con marcas marfile\u00f1as con negro \u00a0brillante en el dorso del t\u00f3rax. Escutelo de color negro con una banda marfil ondulada cerca a la base. Alas transparentes cortas y anchas; presenta manchas en la parte basal y bandas en la apical, de colores caf\u00e9 amarillento, blanco y negro. Se caracterizan por llevar sus alas extendidas al caminar.<\/p>\n<p><strong>Medidas de control:<\/strong><br \/>\nCon el objetivo de hacer \u00a0una detecci\u00f3n \u00a0temprana de plagas y enfermedades de la fruta, el Instituto Colombiano Agropecuario (ICA), realiza un monitoreo continuo en \u00a0cultivos, \u00e1reas de traspatio y plazas de mercado, para controlar la Mosca del Mediterr\u00e1neo, plaga que afecta la producci\u00f3n frut\u00edcola en el pa\u00eds.<\/p>\n<p>Para ello, el ICA ha desarrollado el \u00abprograma de detecci\u00f3n y manejo de moscas de la fruta\u00bb, cuyos componentes b\u00e1sicos son: la detecci\u00f3n, la aplicaci\u00f3n de medidas cuarentenarias, la aplicaci\u00f3n de medidas de control y la divulgaci\u00f3n masiva.<\/p>\n<p>La detecci\u00f3n hace referencia a las actividades de trampeo y muestreo de frutos que conducen a la identificaci\u00f3n de especies, as\u00ed como su distribuci\u00f3n y relaci\u00f3n de hospederos, para determinar las \u00e1reas libres de la plaga o de baja prevalencia, donde la plaga se encuentra presente pero en bajas cantidades. \u00a0Las medidas cuarentenarias se utilizan como medidas de regulaci\u00f3n, mientras que las medidas mitigadoras sirven para reucir los riesgos.<\/p>\n<p>La \u00a0detecci\u00f3n \u00a0de \u00a0moscas \u00a0de \u00a0las \u00a0frutas en \u00a0Colombia, se \u00a0realiza \u00a0mediante monitoreo con trampas Jackson con atrayente sexual Trimedlure \u00a0para capturar machos de la Mosca del Mediterr\u00e1neo y \u00a0trampas McPhail cebadas con prote\u00edna hidrolizada \u00a0como atrayente \u00a0alimenticio para la captura de moscas nativas, especialmente del g\u00e9nero Anastrepha.<\/p>\n<p>La red de trampeo en Colombia est\u00e1 instalada a lo largo de las principales v\u00edas por las que se movilizan frutas desde y hacia centros de consumo, n\u00facleos de \u00a0producci\u00f3n, aeropuertos, \u00a0puertos, \u00a0 \u00a0y \u00a0pasos \u00a0de \u00a0frontera. \u00a0Estas redes \u00a0de \u00a0trampeo \u00a0es complementada con la inspecci\u00f3n y vigilancia de predios \u00a0de producci\u00f3n \u00a0de fruta para \u00a0exportaci\u00f3n, \u00a0de acuerdo con\u00a0 lo \u00a0establecido \u00a0en \u00a0la \u00a0resoluci\u00f3n \u00a0ICA \u00a0#1806 \u00a0del 2004.<\/p>\n<p>Fuente: Adaptado de Instituto Colombiano Agropecuario.<br \/>\nLo invitamos a conocer c\u00f3mo ser\u00e1 Agroexpo 2015, haciendo clic en el la siguiente imagen:<\/p>\n<div id=\"attachment_3870\" style=\"width: 135px\" class=\"wp-caption alignnone\"><a href=\"http:\/\/agroexpo.com\/?bn=Notiagro\" target=\"_blank\"><img aria-describedby=\"caption-attachment-3870\" loading=\"lazy\" class=\"size-full wp-image-3870\" src=\"http:\/\/www.agromundo.co\/blog\/wp-content\/uploads\/2015\/04\/Banner-Notiagro.gif\" alt=\"Agroexpo 2015\" width=\"125\" height=\"125\" \/><\/a><p id=\"caption-attachment-3870\" class=\"wp-caption-text\">Agroexpo 2015<\/p><\/div>\n","protected":false},"excerpt":{"rendered":"<p>Introducci\u00f3n: La Mosca del Mediterr\u00e1neo (Ceratitis \u00a0capitata), es una de las m\u00e1s peligrosas plagas agr\u00edcolas que ataca a m\u00e1s de 250 especies de frutales, entre ellas: \u00a0c\u00edtricos, manzana, pera, durazno, guayaba, originando\u00a0 da\u00f1os f\u00edsicos directos a la pulpa de las frutas producidos por las larvas y da\u00f1os \u00a0secundarios por el ingreso \u00a0de \u00a0microorganismos \u00a0pat\u00f3genos, \u00a0adem\u00e1s [&hellip;]<\/p>\n","protected":false},"author":1,"featured_media":4045,"comment_status":"open","ping_status":"open","sticky":false,"template":"","format":"standard","meta":[],"categories":[5,3],"tags":[1344,2200,2199,449,814],"yoast_head":"<!-- This site is optimized with the Yoast SEO plugin v17.3 - https:\/\/yoast.com\/wordpress\/plugins\/seo\/ -->\n<meta name=\"description\" content=\"La mosca del Mediterr\u00e1neo es una de las m\u00e1s peligrosas plagas agr\u00edcolas. Ataca a m\u00e1s de 250 especies frut\u00edcolas.\" \/>\n<meta name=\"robots\" content=\"index, follow, max-snippet:-1, max-image-preview:large, max-video-preview:-1\" \/>\n<meta property=\"og:locale\" content=\"es_ES\" \/>\n<meta property=\"og:type\" content=\"article\" \/>\n<meta property=\"og:title\" content=\"Mosca del Mediterr\u00e1neo - Notiagro\" \/>\n<meta property=\"og:description\" content=\"La mosca del Mediterr\u00e1neo es una de las m\u00e1s peligrosas plagas agr\u00edcolas. Ataca a m\u00e1s de 250 especies frut\u00edcolas.\" \/>\n<meta property=\"og:site_name\" content=\"Notiagro\" \/>\n<meta property=\"article:published_time\" content=\"2015-05-29T14:49:18+00:00\" \/>\n<meta property=\"og:image\" content=\"http:\/\/www.agromundo.co\/blog\/wp-content\/uploads\/2015\/05\/mosca-11.jpg\" \/>\n\t<meta property=\"og:image:width\" content=\"180\" \/>\n\t<meta property=\"og:image:height\" content=\"119\" \/>\n<meta name=\"twitter:label1\" content=\"Escrito por\" \/>\n\t<meta name=\"twitter:data1\" content=\"admin\" \/>\n\t<meta name=\"twitter:label2\" content=\"Tiempo de lectura\" \/>\n\t<meta name=\"twitter:data2\" content=\"3 minutos\" \/>\n<script type=\"application\/ld+json\" class=\"yoast-schema-graph\">{\"@context\":\"https:\/\/schema.org\",\"@graph\":[{\"@type\":\"WebSite\",\"@id\":\"https:\/\/www.agromundo.co\/blog\/#website\",\"url\":\"https:\/\/www.agromundo.co\/blog\/\",\"name\":\"Notiagro\",\"description\":\"Noticias y eventos sector agropecuario colombiano\",\"potentialAction\":[{\"@type\":\"SearchAction\",\"target\":{\"@type\":\"EntryPoint\",\"urlTemplate\":\"https:\/\/www.agromundo.co\/blog\/?s={search_term_string}\"},\"query-input\":\"required name=search_term_string\"}],\"inLanguage\":\"es\"},{\"@type\":\"ImageObject\",\"@id\":\"#primaryimage\",\"inLanguage\":\"es\",\"url\":\"https:\/\/www.agromundo.co\/blog\/wp-content\/uploads\/2015\/05\/mosca-11.jpg\",\"contentUrl\":\"https:\/\/www.agromundo.co\/blog\/wp-content\/uploads\/2015\/05\/mosca-11.jpg\",\"width\":180,\"height\":119},{\"@type\":\"WebPage\",\"@id\":\"#webpage\",\"url\":null,\"name\":\"Mosca del Mediterr\\u00e1neo - Notiagro\",\"isPartOf\":{\"@id\":\"https:\/\/www.agromundo.co\/blog\/#website\"},\"primaryImageOfPage\":{\"@id\":\"#primaryimage\"},\"datePublished\":\"2015-05-29T14:49:18+00:00\",\"dateModified\":\"2015-05-29T14:49:18+00:00\",\"author\":{\"@id\":\"https:\/\/www.agromundo.co\/blog\/#\/schema\/person\/3e07d858c3c7a93ebf4ad3785559d35d\"},\"description\":\"La mosca del Mediterr\\u00e1neo es una de las m\\u00e1s peligrosas plagas agr\\u00edcolas. Ataca a m\\u00e1s de 250 especies frut\\u00edcolas.\",\"breadcrumb\":{\"@id\":\"#breadcrumb\"},\"inLanguage\":\"es\",\"potentialAction\":[{\"@type\":\"ReadAction\",\"target\":[null]}]},{\"@type\":\"BreadcrumbList\",\"@id\":\"#breadcrumb\",\"itemListElement\":[{\"@type\":\"ListItem\",\"position\":1,\"name\":\"Portada\",\"item\":\"https:\/\/www.agromundo.co\/blog\/\"},{\"@type\":\"ListItem\",\"position\":2,\"name\":\"Mosca del Mediterr\\u00e1neo\"}]},{\"@type\":\"Person\",\"@id\":\"https:\/\/www.agromundo.co\/blog\/#\/schema\/person\/3e07d858c3c7a93ebf4ad3785559d35d\",\"name\":\"admin\",\"image\":{\"@type\":\"ImageObject\",\"@id\":\"https:\/\/www.agromundo.co\/blog\/#personlogo\",\"inLanguage\":\"es\",\"url\":\"https:\/\/secure.gravatar.com\/avatar\/f990c4c6d966ea7f7bec9cc10bcda5ce?s=96&d=mm&r=g\",\"contentUrl\":\"https:\/\/secure.gravatar.com\/avatar\/f990c4c6d966ea7f7bec9cc10bcda5ce?s=96&d=mm&r=g\",\"caption\":\"admin\"},\"url\":\"https:\/\/www.agromundo.co\/blog\/author\/admin\/\"}]}<\/script>\n<!-- \/ Yoast SEO plugin. -->","yoast_head_json":{"description":"La mosca del Mediterr\u00e1neo es una de las m\u00e1s peligrosas plagas agr\u00edcolas. Ataca a m\u00e1s de 250 especies frut\u00edcolas.","robots":{"index":"index","follow":"follow","max-snippet":"max-snippet:-1","max-image-preview":"max-image-preview:large","max-video-preview":"max-video-preview:-1"},"og_locale":"es_ES","og_type":"article","og_title":"Mosca del Mediterr\u00e1neo - Notiagro","og_description":"La mosca del Mediterr\u00e1neo es una de las m\u00e1s peligrosas plagas agr\u00edcolas. Ataca a m\u00e1s de 250 especies frut\u00edcolas.","og_site_name":"Notiagro","article_published_time":"2015-05-29T14:49:18+00:00","og_image":[{"width":180,"height":119,"url":"http:\/\/www.agromundo.co\/blog\/wp-content\/uploads\/2015\/05\/mosca-11.jpg","type":"image\/jpeg"}],"twitter_misc":{"Escrito por":"admin","Tiempo de lectura":"3 minutos"},"schema":{"@context":"https:\/\/schema.org","@graph":[{"@type":"WebSite","@id":"https:\/\/www.agromundo.co\/blog\/#website","url":"https:\/\/www.agromundo.co\/blog\/","name":"Notiagro","description":"Noticias y eventos sector agropecuario colombiano","potentialAction":[{"@type":"SearchAction","target":{"@type":"EntryPoint","urlTemplate":"https:\/\/www.agromundo.co\/blog\/?s={search_term_string}"},"query-input":"required name=search_term_string"}],"inLanguage":"es"},{"@type":"ImageObject","@id":"#primaryimage","inLanguage":"es","url":"https:\/\/www.agromundo.co\/blog\/wp-content\/uploads\/2015\/05\/mosca-11.jpg","contentUrl":"https:\/\/www.agromundo.co\/blog\/wp-content\/uploads\/2015\/05\/mosca-11.jpg","width":180,"height":119},{"@type":"WebPage","@id":"#webpage","url":null,"name":"Mosca del Mediterr\u00e1neo - Notiagro","isPartOf":{"@id":"https:\/\/www.agromundo.co\/blog\/#website"},"primaryImageOfPage":{"@id":"#primaryimage"},"datePublished":"2015-05-29T14:49:18+00:00","dateModified":"2015-05-29T14:49:18+00:00","author":{"@id":"https:\/\/www.agromundo.co\/blog\/#\/schema\/person\/3e07d858c3c7a93ebf4ad3785559d35d"},"description":"La mosca del Mediterr\u00e1neo es una de las m\u00e1s peligrosas plagas agr\u00edcolas. Ataca a m\u00e1s de 250 especies frut\u00edcolas.","breadcrumb":{"@id":"#breadcrumb"},"inLanguage":"es","potentialAction":[{"@type":"ReadAction","target":[null]}]},{"@type":"BreadcrumbList","@id":"#breadcrumb","itemListElement":[{"@type":"ListItem","position":1,"name":"Portada","item":"https:\/\/www.agromundo.co\/blog\/"},{"@type":"ListItem","position":2,"name":"Mosca del Mediterr\u00e1neo"}]},{"@type":"Person","@id":"https:\/\/www.agromundo.co\/blog\/#\/schema\/person\/3e07d858c3c7a93ebf4ad3785559d35d","name":"admin","image":{"@type":"ImageObject","@id":"https:\/\/www.agromundo.co\/blog\/#personlogo","inLanguage":"es","url":"https:\/\/secure.gravatar.com\/avatar\/f990c4c6d966ea7f7bec9cc10bcda5ce?s=96&d=mm&r=g","contentUrl":"https:\/\/secure.gravatar.com\/avatar\/f990c4c6d966ea7f7bec9cc10bcda5ce?s=96&d=mm&r=g","caption":"admin"},"url":"https:\/\/www.agromundo.co\/blog\/author\/admin\/"}]}},"_links":{"self":[{"href":"https:\/\/www.agromundo.co\/blog\/wp-json\/wp\/v2\/posts\/4038"}],"collection":[{"href":"https:\/\/www.agromundo.co\/blog\/wp-json\/wp\/v2\/posts"}],"about":[{"href":"https:\/\/www.agromundo.co\/blog\/wp-json\/wp\/v2\/types\/post"}],"author":[{"embeddable":true,"href":"https:\/\/www.agromundo.co\/blog\/wp-json\/wp\/v2\/users\/1"}],"replies":[{"embeddable":true,"href":"https:\/\/www.agromundo.co\/blog\/wp-json\/wp\/v2\/comments?post=4038"}],"version-history":[{"count":5,"href":"https:\/\/www.agromundo.co\/blog\/wp-json\/wp\/v2\/posts\/4038\/revisions"}],"predecessor-version":[{"id":4046,"href":"https:\/\/www.agromundo.co\/blog\/wp-json\/wp\/v2\/posts\/4038\/revisions\/4046"}],"wp:featuredmedia":[{"embeddable":true,"href":"https:\/\/www.agromundo.co\/blog\/wp-json\/wp\/v2\/media\/4045"}],"wp:attachment":[{"href":"https:\/\/www.agromundo.co\/blog\/wp-json\/wp\/v2\/media?parent=4038"}],"wp:term":[{"taxonomy":"category","embeddable":true,"href":"https:\/\/www.agromundo.co\/blog\/wp-json\/wp\/v2\/categories?post=4038"},{"taxonomy":"post_tag","embeddable":true,"href":"https:\/\/www.agromundo.co\/blog\/wp-json\/wp\/v2\/tags?post=4038"}],"curies":[{"name":"wp","href":"https:\/\/api.w.org\/{rel}","templated":true}]}}