{"id":4167,"date":"2015-07-07T22:27:42","date_gmt":"2015-07-07T22:27:42","guid":{"rendered":"http:\/\/www.agromundo.co\/blog\/?p=4167"},"modified":"2015-07-07T22:27:42","modified_gmt":"2015-07-07T22:27:42","slug":"agroexpo-2015-exposicion-equina-grado-a","status":"publish","type":"post","link":"https:\/\/www.agromundo.co\/blog\/agroexpo-2015-exposicion-equina-grado-a\/","title":{"rendered":"Agroexpo 2015. Exposici\u00f3n equina grado A"},"content":{"rendered":"<p><a href=\"http:\/\/www.agromundo.co\/blog\/wp-content\/uploads\/2015\/07\/expoequina-agroexpo-2015.jpg\"><img loading=\"lazy\" class=\"alignnone size-full wp-image-4169\" src=\"http:\/\/www.agromundo.co\/blog\/wp-content\/uploads\/2015\/07\/expoequina-agroexpo-2015.jpg\" alt=\"expoequina agroexpo 2015\" width=\"195\" height=\"292\" \/><\/a><\/p>\n<ul>\n<li><em>Los amantes de los caballos podr\u00e1n disfrutar, durante Agroexpo 2015, de una serie de eventos acad\u00e9micos y ferias equinas que congregar\u00e1n a los mejores ejemplares que existen en la actualidad.<\/em><\/li>\n<\/ul>\n<p>Ese es el caso de la exposici\u00f3n equina Asdepaso Grado A que se realizar\u00e1 del 17 al 20 de julio y que espera contar con la asistencia de 400 caballos, como lo afirma su presidente Jorge Ram\u00edrez Cabrera.<\/p>\n<p>Otra atracci\u00f3n ser\u00e1 la presencia especial de 36 caballos y yeguas que, como lo explic\u00f3 Ram\u00edrez Cabrera, se encuentran \u201cen el top\u201d de las \u00faltimas ferias equinas Grado A que se han realizado en el pa\u00eds.<\/p>\n<p>Las actividades iniciar\u00e1n el 17 de julio con la siguiente programaci\u00f3n:<\/p>\n<ul>\n<li>Viernes 17. 11:00 a.m. Trote y galope.<\/li>\n<li>S\u00e1bado 18. 9:00 a.m. Trocha pura;<\/li>\n<li>Domingo 19. 11:00 a.m. habr\u00e1 exhibici\u00f3n de mulares y asnales. Muestra de paso fino colombiano.<\/li>\n<li>Lunes 20 de julio. 11:00 a.m. Trocha y galope.<\/li>\n<\/ul>\n<p>En el marco de Agroexpo 2015 tambi\u00e9n habr\u00e1 espacios de discusi\u00f3n sobre el futuro del sector equino colombiano. Es por ello que los d\u00edas 14 y 15 de julio, la Uni\u00f3n de Asociaciones Ganaderas Colombianas (Unaga), llevar\u00e1 a cabo el primer \u201cCongreso Internacional Equino\u201d en Corferias.<\/p>\n<p>Explica la entidad que el objetivo de ese encuentro acad\u00e9mico es el establecimiento de las pautas, los lineamientos y las estrategias para el fortalecimiento de los diferentes componentes de la cadena equina colombiana y mostrar a los productores, mediante experiencias internacionales, las alternativas que incrementan la rentabilidad en el negocio equino en un mundo globalizado.<\/p>\n<p>La programaci\u00f3n acad\u00e9mica del congreso se realizar\u00e1 en el Auditorio Central del recinto ferial y girar\u00e1 en 3 ejes tem\u00e1ticos: formalizaci\u00f3n, productividad y competitividad orientados a conceptos y propuestas para una cadena productiva eficiente.<\/p>\n<p>Fuente: Adaptado de Agronegocios.<\/p>\n<p>Lo invitamos a conocer c\u00f3mo ser\u00e1 Agroexpo 2015, haciendo clic en el la siguiente imagen:<\/p>\n<div id=\"attachment_3870\" style=\"width: 135px\" class=\"wp-caption alignnone\"><a href=\"http:\/\/agroexpo.com\/?bn=Notiagro\" target=\"_blank\"><img aria-describedby=\"caption-attachment-3870\" loading=\"lazy\" class=\"size-full wp-image-3870\" src=\"http:\/\/www.agromundo.co\/blog\/wp-content\/uploads\/2015\/04\/Banner-Notiagro.gif\" alt=\"Agroexpo 2015\" width=\"125\" height=\"125\" \/><\/a><p id=\"caption-attachment-3870\" class=\"wp-caption-text\">Agroexpo 2015<\/p><\/div>\n","protected":false},"excerpt":{"rendered":"<p>Los amantes de los caballos podr\u00e1n disfrutar, durante Agroexpo 2015, de una serie de eventos acad\u00e9micos y ferias equinas que congregar\u00e1n a los mejores ejemplares que existen en la actualidad. Ese es el caso de la exposici\u00f3n equina Asdepaso Grado A que se realizar\u00e1 del 17 al 20 de julio y que espera contar con [&hellip;]<\/p>\n","protected":false},"author":1,"featured_media":4169,"comment_status":"open","ping_status":"open","sticky":false,"template":"","format":"standard","meta":[],"categories":[22,3,18,6],"tags":[2148,317,1520,1268,2235,316,2236,686,328],"yoast_head":"<!-- This site is optimized with the Yoast SEO plugin v17.3 - https:\/\/yoast.com\/wordpress\/plugins\/seo\/ -->\n<meta name=\"description\" content=\"En el marco de Agroexpo 2015 se llevar\u00e1 a cabo del 17 al 20 de julio la exposici\u00f3n equina Grado A que organiza Asdepaso.\" \/>\n<meta name=\"robots\" content=\"index, follow, max-snippet:-1, max-image-preview:large, max-video-preview:-1\" \/>\n<meta property=\"og:locale\" content=\"es_ES\" \/>\n<meta property=\"og:type\" content=\"article\" \/>\n<meta property=\"og:title\" content=\"Agroexpo 2015. Exposici\u00f3n equina grado A - Notiagro\" \/>\n<meta property=\"og:description\" content=\"En el marco de Agroexpo 2015 se llevar\u00e1 a cabo del 17 al 20 de julio la exposici\u00f3n equina Grado A que organiza Asdepaso.\" \/>\n<meta property=\"og:site_name\" content=\"Notiagro\" \/>\n<meta property=\"article:published_time\" content=\"2015-07-07T22:27:42+00:00\" \/>\n<meta property=\"og:image\" content=\"https:\/\/www.agromundo.co\/blog\/wp-content\/uploads\/2015\/07\/expoequina-agroexpo-2015.jpg\" \/>\n\t<meta property=\"og:image:width\" content=\"195\" \/>\n\t<meta property=\"og:image:height\" content=\"292\" \/>\n<meta name=\"twitter:label1\" content=\"Escrito por\" \/>\n\t<meta name=\"twitter:data1\" content=\"admin\" \/>\n\t<meta name=\"twitter:label2\" content=\"Tiempo de lectura\" \/>\n\t<meta name=\"twitter:data2\" content=\"2 minutos\" \/>\n<script type=\"application\/ld+json\" class=\"yoast-schema-graph\">{\"@context\":\"https:\/\/schema.org\",\"@graph\":[{\"@type\":\"WebSite\",\"@id\":\"https:\/\/www.agromundo.co\/blog\/#website\",\"url\":\"https:\/\/www.agromundo.co\/blog\/\",\"name\":\"Notiagro\",\"description\":\"Noticias y eventos sector agropecuario colombiano\",\"potentialAction\":[{\"@type\":\"SearchAction\",\"target\":{\"@type\":\"EntryPoint\",\"urlTemplate\":\"https:\/\/www.agromundo.co\/blog\/?s={search_term_string}\"},\"query-input\":\"required name=search_term_string\"}],\"inLanguage\":\"es\"},{\"@type\":\"ImageObject\",\"@id\":\"#primaryimage\",\"inLanguage\":\"es\",\"url\":\"https:\/\/www.agromundo.co\/blog\/wp-content\/uploads\/2015\/07\/expoequina-agroexpo-2015.jpg\",\"contentUrl\":\"https:\/\/www.agromundo.co\/blog\/wp-content\/uploads\/2015\/07\/expoequina-agroexpo-2015.jpg\",\"width\":195,\"height\":292},{\"@type\":\"WebPage\",\"@id\":\"#webpage\",\"url\":null,\"name\":\"Agroexpo 2015. Exposici\\u00f3n equina grado A - Notiagro\",\"isPartOf\":{\"@id\":\"https:\/\/www.agromundo.co\/blog\/#website\"},\"primaryImageOfPage\":{\"@id\":\"#primaryimage\"},\"datePublished\":\"2015-07-07T22:27:42+00:00\",\"dateModified\":\"2015-07-07T22:27:42+00:00\",\"author\":{\"@id\":\"https:\/\/www.agromundo.co\/blog\/#\/schema\/person\/3e07d858c3c7a93ebf4ad3785559d35d\"},\"description\":\"En el marco de Agroexpo 2015 se llevar\\u00e1 a cabo del 17 al 20 de julio la exposici\\u00f3n equina Grado A que organiza Asdepaso.\",\"breadcrumb\":{\"@id\":\"#breadcrumb\"},\"inLanguage\":\"es\",\"potentialAction\":[{\"@type\":\"ReadAction\",\"target\":[null]}]},{\"@type\":\"BreadcrumbList\",\"@id\":\"#breadcrumb\",\"itemListElement\":[{\"@type\":\"ListItem\",\"position\":1,\"name\":\"Portada\",\"item\":\"https:\/\/www.agromundo.co\/blog\/\"},{\"@type\":\"ListItem\",\"position\":2,\"name\":\"Agroexpo 2015. Exposici\\u00f3n equina grado A\"}]},{\"@type\":\"Person\",\"@id\":\"https:\/\/www.agromundo.co\/blog\/#\/schema\/person\/3e07d858c3c7a93ebf4ad3785559d35d\",\"name\":\"admin\",\"image\":{\"@type\":\"ImageObject\",\"@id\":\"https:\/\/www.agromundo.co\/blog\/#personlogo\",\"inLanguage\":\"es\",\"url\":\"https:\/\/secure.gravatar.com\/avatar\/f990c4c6d966ea7f7bec9cc10bcda5ce?s=96&d=mm&r=g\",\"contentUrl\":\"https:\/\/secure.gravatar.com\/avatar\/f990c4c6d966ea7f7bec9cc10bcda5ce?s=96&d=mm&r=g\",\"caption\":\"admin\"},\"url\":\"https:\/\/www.agromundo.co\/blog\/author\/admin\/\"}]}<\/script>\n<!-- \/ Yoast SEO plugin. -->","yoast_head_json":{"description":"En el marco de Agroexpo 2015 se llevar\u00e1 a cabo del 17 al 20 de julio la exposici\u00f3n equina Grado A que organiza Asdepaso.","robots":{"index":"index","follow":"follow","max-snippet":"max-snippet:-1","max-image-preview":"max-image-preview:large","max-video-preview":"max-video-preview:-1"},"og_locale":"es_ES","og_type":"article","og_title":"Agroexpo 2015. Exposici\u00f3n equina grado A - Notiagro","og_description":"En el marco de Agroexpo 2015 se llevar\u00e1 a cabo del 17 al 20 de julio la exposici\u00f3n equina Grado A que organiza Asdepaso.","og_site_name":"Notiagro","article_published_time":"2015-07-07T22:27:42+00:00","og_image":[{"width":195,"height":292,"url":"https:\/\/www.agromundo.co\/blog\/wp-content\/uploads\/2015\/07\/expoequina-agroexpo-2015.jpg","type":"image\/jpeg"}],"twitter_misc":{"Escrito por":"admin","Tiempo de lectura":"2 minutos"},"schema":{"@context":"https:\/\/schema.org","@graph":[{"@type":"WebSite","@id":"https:\/\/www.agromundo.co\/blog\/#website","url":"https:\/\/www.agromundo.co\/blog\/","name":"Notiagro","description":"Noticias y eventos sector agropecuario colombiano","potentialAction":[{"@type":"SearchAction","target":{"@type":"EntryPoint","urlTemplate":"https:\/\/www.agromundo.co\/blog\/?s={search_term_string}"},"query-input":"required name=search_term_string"}],"inLanguage":"es"},{"@type":"ImageObject","@id":"#primaryimage","inLanguage":"es","url":"https:\/\/www.agromundo.co\/blog\/wp-content\/uploads\/2015\/07\/expoequina-agroexpo-2015.jpg","contentUrl":"https:\/\/www.agromundo.co\/blog\/wp-content\/uploads\/2015\/07\/expoequina-agroexpo-2015.jpg","width":195,"height":292},{"@type":"WebPage","@id":"#webpage","url":null,"name":"Agroexpo 2015. Exposici\u00f3n equina grado A - Notiagro","isPartOf":{"@id":"https:\/\/www.agromundo.co\/blog\/#website"},"primaryImageOfPage":{"@id":"#primaryimage"},"datePublished":"2015-07-07T22:27:42+00:00","dateModified":"2015-07-07T22:27:42+00:00","author":{"@id":"https:\/\/www.agromundo.co\/blog\/#\/schema\/person\/3e07d858c3c7a93ebf4ad3785559d35d"},"description":"En el marco de Agroexpo 2015 se llevar\u00e1 a cabo del 17 al 20 de julio la exposici\u00f3n equina Grado A que organiza Asdepaso.","breadcrumb":{"@id":"#breadcrumb"},"inLanguage":"es","potentialAction":[{"@type":"ReadAction","target":[null]}]},{"@type":"BreadcrumbList","@id":"#breadcrumb","itemListElement":[{"@type":"ListItem","position":1,"name":"Portada","item":"https:\/\/www.agromundo.co\/blog\/"},{"@type":"ListItem","position":2,"name":"Agroexpo 2015. Exposici\u00f3n equina grado A"}]},{"@type":"Person","@id":"https:\/\/www.agromundo.co\/blog\/#\/schema\/person\/3e07d858c3c7a93ebf4ad3785559d35d","name":"admin","image":{"@type":"ImageObject","@id":"https:\/\/www.agromundo.co\/blog\/#personlogo","inLanguage":"es","url":"https:\/\/secure.gravatar.com\/avatar\/f990c4c6d966ea7f7bec9cc10bcda5ce?s=96&d=mm&r=g","contentUrl":"https:\/\/secure.gravatar.com\/avatar\/f990c4c6d966ea7f7bec9cc10bcda5ce?s=96&d=mm&r=g","caption":"admin"},"url":"https:\/\/www.agromundo.co\/blog\/author\/admin\/"}]}},"_links":{"self":[{"href":"https:\/\/www.agromundo.co\/blog\/wp-json\/wp\/v2\/posts\/4167"}],"collection":[{"href":"https:\/\/www.agromundo.co\/blog\/wp-json\/wp\/v2\/posts"}],"about":[{"href":"https:\/\/www.agromundo.co\/blog\/wp-json\/wp\/v2\/types\/post"}],"author":[{"embeddable":true,"href":"https:\/\/www.agromundo.co\/blog\/wp-json\/wp\/v2\/users\/1"}],"replies":[{"embeddable":true,"href":"https:\/\/www.agromundo.co\/blog\/wp-json\/wp\/v2\/comments?post=4167"}],"version-history":[{"count":2,"href":"https:\/\/www.agromundo.co\/blog\/wp-json\/wp\/v2\/posts\/4167\/revisions"}],"predecessor-version":[{"id":4170,"href":"https:\/\/www.agromundo.co\/blog\/wp-json\/wp\/v2\/posts\/4167\/revisions\/4170"}],"wp:featuredmedia":[{"embeddable":true,"href":"https:\/\/www.agromundo.co\/blog\/wp-json\/wp\/v2\/media\/4169"}],"wp:attachment":[{"href":"https:\/\/www.agromundo.co\/blog\/wp-json\/wp\/v2\/media?parent=4167"}],"wp:term":[{"taxonomy":"category","embeddable":true,"href":"https:\/\/www.agromundo.co\/blog\/wp-json\/wp\/v2\/categories?post=4167"},{"taxonomy":"post_tag","embeddable":true,"href":"https:\/\/www.agromundo.co\/blog\/wp-json\/wp\/v2\/tags?post=4167"}],"curies":[{"name":"wp","href":"https:\/\/api.w.org\/{rel}","templated":true}]}}