{"id":4345,"date":"2015-08-19T14:17:25","date_gmt":"2015-08-19T14:17:25","guid":{"rendered":"http:\/\/www.agromundo.co\/blog\/?p=4345"},"modified":"2015-08-19T14:17:25","modified_gmt":"2015-08-19T14:17:25","slug":"boletin-agroclimatico-anuncio-de-sequias","status":"publish","type":"post","link":"https:\/\/www.agromundo.co\/blog\/boletin-agroclimatico-anuncio-de-sequias\/","title":{"rendered":"Bolet\u00edn agroclim\u00e1tico. Anuncio de sequ\u00edas"},"content":{"rendered":"<p><a href=\"http:\/\/www.agromundo.co\/blog\/wp-content\/uploads\/2015\/08\/clima.jpg\"><img loading=\"lazy\" class=\"alignnone size-full wp-image-4347\" src=\"http:\/\/www.agromundo.co\/blog\/wp-content\/uploads\/2015\/08\/clima.jpg\" alt=\"clima\" width=\"296\" height=\"202\" \/><\/a><\/p>\n<ul>\n<li><em>Fue publicada la edici\u00f3n #8 del Bolet\u00edn Agroclim\u00e1tico, material que elaboran el Ministerio de Agricultura y algunas de las principales asociaciones gremiales productivas del pa\u00eds. Expertos dan recomendaciones para hacer frente a las altas temperaturas y la escasez de agua.<\/em><\/li>\n<\/ul>\n<p>Seg\u00fan el material preparado por expertos de entidades como el Ministerio de Agricultura y Desarrollo Rural, el Ideam, el Ciat, y gremios como Fedearroz, la Federaci\u00f3n Colombiana de Ganaderos (Fedeg\u00e1n), Fedecaf\u00e9, entre otras, la actual temporada seca se extender\u00e1.<\/p>\n<p>El Bolet\u00edn Agroclim\u00e1tico detalla que se espera que contin\u00faen las condiciones c\u00e1lidas durante el transcurso del mes de agosto, en fase de transici\u00f3n de un evento de El Ni\u00f1o con intensidad d\u00e9bil hacia un Ni\u00f1o con intensidad moderada.<\/p>\n<p>Para la regi\u00f3n Caribe, una de las zonas m\u00e1s afectadas por el intenso verano, se esperan vol\u00famenes de precipitaci\u00f3n moderadamente deficitarios; para la regi\u00f3n Pac\u00edfica, precipitaciones ligeramente por debajo de los normales para el centro y sur; en la Andina, vol\u00famenes entre ligera y moderadamente por debajo de lo normal; la Orinoqu\u00eda, tendr\u00e1 aportes de precipitaci\u00f3n normales; y la Amazon\u00eda, en la zona del piedemonte se prev\u00e9n aportes pluviom\u00e9tricos ligeramente por encima de lo normal.<\/p>\n<p>En el Bolet\u00edn se afirma que la costa Norte se ver\u00e1 muy afectada, ya que se han presentado varios a\u00f1os secos de manera consecutiva. Rese\u00f1a el documento que la \u00e9poca de lluvia que se avecina tendr\u00e1 precipitaciones por debajo de lo normal, de tal manera que se presentar\u00e1n lluvias que permitir\u00edan la recuperaci\u00f3n de los pastos pero no con altos niveles de biomasa como en un a\u00f1o normal, por lo que se considera que el periodo de verano de los meses de febrero y marzo del 2016 puede ser muy cr\u00edtico<strong>.<\/strong><\/p>\n<p>Como ha sido informado por\u00a0CONtexto ganadero y lo confirma el Bolet\u00edn Agroclim\u00e1tico, las condiciones del clima para el Magdalena medio y el departamento del Tolima fueron cr\u00edticas por la ausencia de lluvias, lo que ha producido un estancamiento en las siembras especialmente de ma\u00edz para ensilar. Tampoco se presentaron siembras de pastos en lo que se pudo determinar.<\/p>\n<p>El panorama podr\u00eda ser mejor, pues se espera que para la segunda quincena de agosto se presenten leves cambios en las condiciones clim\u00e1ticas con la presencia de lluvias, \u00a0lo que podr\u00e1 permitir la preparaci\u00f3n de terrenos para la siembra de pastos y otros materiales.<\/p>\n<p>Describe la publicaci\u00f3n que si se presenta ese periodo de lluvias, puede esperarse que para la primera quincena de septiembre se efect\u00faen siembras de pastos en la zona del departamento que est\u00e1 localizada por debajo de 1.000 m.s.n.m., sobre todo de ma\u00edz para ensilar, principalmente en los municipios de Valle de San Juan, San Luis, Mariquita, Honda, Armero\/ Guayabal y el magdalena medio.<\/p>\n<p>Precisa el texto que se recomienda mantener cargas (UGG\/Ha) bajas de acuerdo con la \u00e9poca y las condiciones particulares de cada predio, tener disponibles los tratamientos contra enfermedades hemoparasitarias m\u00e1s frecuentes y desparasitar las cr\u00edas de acuerdo con la infestaci\u00f3n.<\/p>\n<p>El Bolet\u00edn Agroclim\u00e1tico tambi\u00e9n presenta recomendaciones para otros sectores como el sector arrocero, cacao, frutas, entre muchos otros.<\/p>\n<p>&nbsp;<\/p>\n<p>Fuente: Adaptado de CONtexto Ganadero.<\/p>\n<div id=\"attachment_4245\" style=\"width: 100px\" class=\"wp-caption alignright\"><a href=\"http:\/\/www.agromundo.co\/terkim-ltda.html\" target=\"_blank\"><img aria-describedby=\"caption-attachment-4245\" loading=\"lazy\" class=\"wp-image-4245\" src=\"http:\/\/www.agromundo.co\/blog\/wp-content\/uploads\/2015\/07\/Hidroretenedores-Terkim-S.A.S..gif\" alt=\"Hidroretenedores Terkim S.A.S.\" width=\"90\" height=\"120\" \/><\/a><p id=\"caption-attachment-4245\" class=\"wp-caption-text\">Hidroretenedores Terkim S.A.S.<\/p><\/div>\n<p>Nota patrocinada por:<\/p>\n<div id=\"attachment_4301\" style=\"width: 130px\" class=\"wp-caption alignnone\"><a href=\"http:\/\/www.agromundo.co\/aqua-fan-sas.html\" target=\"_blank\"><img aria-describedby=\"caption-attachment-4301\" loading=\"lazy\" class=\"wp-image-4301\" src=\"http:\/\/www.agromundo.co\/blog\/wp-content\/uploads\/2015\/08\/Ventilador-con-agua1.jpg\" alt=\"Ventilador con agua\" width=\"120\" height=\"120\" srcset=\"https:\/\/www.agromundo.co\/blog\/wp-content\/uploads\/2015\/08\/Ventilador-con-agua1.jpg 160w, https:\/\/www.agromundo.co\/blog\/wp-content\/uploads\/2015\/08\/Ventilador-con-agua1-150x150.jpg 150w\" sizes=\"(max-width: 120px) 100vw, 120px\" \/><\/a><p id=\"caption-attachment-4301\" class=\"wp-caption-text\">Ventilador con pulverizador de agua Aquafan<\/p><\/div>\n","protected":false},"excerpt":{"rendered":"<p>Fue publicada la edici\u00f3n #8 del Bolet\u00edn Agroclim\u00e1tico, material que elaboran el Ministerio de Agricultura y algunas de las principales asociaciones gremiales productivas del pa\u00eds. Expertos dan recomendaciones para hacer frente a las altas temperaturas y la escasez de agua. Seg\u00fan el material preparado por expertos de entidades como el Ministerio de Agricultura y Desarrollo [&hellip;]<\/p>\n","protected":false},"author":1,"featured_media":4347,"comment_status":"open","ping_status":"open","sticky":false,"template":"","format":"standard","meta":[],"categories":[5,9,3,11,6],"tags":[2306,1405,1645,1577,1663,1681],"yoast_head":"<!-- This site is optimized with the Yoast SEO plugin v17.3 - https:\/\/yoast.com\/wordpress\/plugins\/seo\/ -->\n<meta name=\"description\" content=\"El bolet\u00edn agroclim\u00e1tico #8 del Ministerio de agricultura anuncia escasez de lluvias para los pr\u00f3ximos meses.\" \/>\n<meta name=\"robots\" content=\"index, follow, max-snippet:-1, max-image-preview:large, max-video-preview:-1\" \/>\n<meta property=\"og:locale\" content=\"es_ES\" \/>\n<meta property=\"og:type\" content=\"article\" \/>\n<meta property=\"og:title\" content=\"Bolet\u00edn agroclim\u00e1tico. Anuncio de sequ\u00edas - Notiagro\" \/>\n<meta property=\"og:description\" content=\"El bolet\u00edn agroclim\u00e1tico #8 del Ministerio de agricultura anuncia escasez de lluvias para los pr\u00f3ximos meses.\" \/>\n<meta property=\"og:site_name\" content=\"Notiagro\" \/>\n<meta property=\"article:published_time\" content=\"2015-08-19T14:17:25+00:00\" \/>\n<meta property=\"og:image\" content=\"https:\/\/www.agromundo.co\/blog\/wp-content\/uploads\/2015\/08\/clima.jpg\" \/>\n\t<meta property=\"og:image:width\" content=\"296\" \/>\n\t<meta property=\"og:image:height\" content=\"202\" \/>\n<meta name=\"twitter:label1\" content=\"Escrito por\" \/>\n\t<meta name=\"twitter:data1\" content=\"admin\" \/>\n\t<meta name=\"twitter:label2\" content=\"Tiempo de lectura\" \/>\n\t<meta name=\"twitter:data2\" content=\"3 minutos\" \/>\n<script type=\"application\/ld+json\" class=\"yoast-schema-graph\">{\"@context\":\"https:\/\/schema.org\",\"@graph\":[{\"@type\":\"WebSite\",\"@id\":\"https:\/\/www.agromundo.co\/blog\/#website\",\"url\":\"https:\/\/www.agromundo.co\/blog\/\",\"name\":\"Notiagro\",\"description\":\"Noticias y eventos sector agropecuario colombiano\",\"potentialAction\":[{\"@type\":\"SearchAction\",\"target\":{\"@type\":\"EntryPoint\",\"urlTemplate\":\"https:\/\/www.agromundo.co\/blog\/?s={search_term_string}\"},\"query-input\":\"required name=search_term_string\"}],\"inLanguage\":\"es\"},{\"@type\":\"ImageObject\",\"@id\":\"#primaryimage\",\"inLanguage\":\"es\",\"url\":\"https:\/\/www.agromundo.co\/blog\/wp-content\/uploads\/2015\/08\/clima.jpg\",\"contentUrl\":\"https:\/\/www.agromundo.co\/blog\/wp-content\/uploads\/2015\/08\/clima.jpg\",\"width\":296,\"height\":202},{\"@type\":\"WebPage\",\"@id\":\"#webpage\",\"url\":null,\"name\":\"Bolet\\u00edn agroclim\\u00e1tico. Anuncio de sequ\\u00edas - Notiagro\",\"isPartOf\":{\"@id\":\"https:\/\/www.agromundo.co\/blog\/#website\"},\"primaryImageOfPage\":{\"@id\":\"#primaryimage\"},\"datePublished\":\"2015-08-19T14:17:25+00:00\",\"dateModified\":\"2015-08-19T14:17:25+00:00\",\"author\":{\"@id\":\"https:\/\/www.agromundo.co\/blog\/#\/schema\/person\/3e07d858c3c7a93ebf4ad3785559d35d\"},\"description\":\"El bolet\\u00edn agroclim\\u00e1tico #8 del Ministerio de agricultura anuncia escasez de lluvias para los pr\\u00f3ximos meses.\",\"breadcrumb\":{\"@id\":\"#breadcrumb\"},\"inLanguage\":\"es\",\"potentialAction\":[{\"@type\":\"ReadAction\",\"target\":[null]}]},{\"@type\":\"BreadcrumbList\",\"@id\":\"#breadcrumb\",\"itemListElement\":[{\"@type\":\"ListItem\",\"position\":1,\"name\":\"Portada\",\"item\":\"https:\/\/www.agromundo.co\/blog\/\"},{\"@type\":\"ListItem\",\"position\":2,\"name\":\"Bolet\\u00edn agroclim\\u00e1tico. Anuncio de sequ\\u00edas\"}]},{\"@type\":\"Person\",\"@id\":\"https:\/\/www.agromundo.co\/blog\/#\/schema\/person\/3e07d858c3c7a93ebf4ad3785559d35d\",\"name\":\"admin\",\"image\":{\"@type\":\"ImageObject\",\"@id\":\"https:\/\/www.agromundo.co\/blog\/#personlogo\",\"inLanguage\":\"es\",\"url\":\"https:\/\/secure.gravatar.com\/avatar\/f990c4c6d966ea7f7bec9cc10bcda5ce?s=96&d=mm&r=g\",\"contentUrl\":\"https:\/\/secure.gravatar.com\/avatar\/f990c4c6d966ea7f7bec9cc10bcda5ce?s=96&d=mm&r=g\",\"caption\":\"admin\"},\"url\":\"https:\/\/www.agromundo.co\/blog\/author\/admin\/\"}]}<\/script>\n<!-- \/ Yoast SEO plugin. -->","yoast_head_json":{"description":"El bolet\u00edn agroclim\u00e1tico #8 del Ministerio de agricultura anuncia escasez de lluvias para los pr\u00f3ximos meses.","robots":{"index":"index","follow":"follow","max-snippet":"max-snippet:-1","max-image-preview":"max-image-preview:large","max-video-preview":"max-video-preview:-1"},"og_locale":"es_ES","og_type":"article","og_title":"Bolet\u00edn agroclim\u00e1tico. Anuncio de sequ\u00edas - Notiagro","og_description":"El bolet\u00edn agroclim\u00e1tico #8 del Ministerio de agricultura anuncia escasez de lluvias para los pr\u00f3ximos meses.","og_site_name":"Notiagro","article_published_time":"2015-08-19T14:17:25+00:00","og_image":[{"width":296,"height":202,"url":"https:\/\/www.agromundo.co\/blog\/wp-content\/uploads\/2015\/08\/clima.jpg","type":"image\/jpeg"}],"twitter_misc":{"Escrito por":"admin","Tiempo de lectura":"3 minutos"},"schema":{"@context":"https:\/\/schema.org","@graph":[{"@type":"WebSite","@id":"https:\/\/www.agromundo.co\/blog\/#website","url":"https:\/\/www.agromundo.co\/blog\/","name":"Notiagro","description":"Noticias y eventos sector agropecuario colombiano","potentialAction":[{"@type":"SearchAction","target":{"@type":"EntryPoint","urlTemplate":"https:\/\/www.agromundo.co\/blog\/?s={search_term_string}"},"query-input":"required name=search_term_string"}],"inLanguage":"es"},{"@type":"ImageObject","@id":"#primaryimage","inLanguage":"es","url":"https:\/\/www.agromundo.co\/blog\/wp-content\/uploads\/2015\/08\/clima.jpg","contentUrl":"https:\/\/www.agromundo.co\/blog\/wp-content\/uploads\/2015\/08\/clima.jpg","width":296,"height":202},{"@type":"WebPage","@id":"#webpage","url":null,"name":"Bolet\u00edn agroclim\u00e1tico. Anuncio de sequ\u00edas - Notiagro","isPartOf":{"@id":"https:\/\/www.agromundo.co\/blog\/#website"},"primaryImageOfPage":{"@id":"#primaryimage"},"datePublished":"2015-08-19T14:17:25+00:00","dateModified":"2015-08-19T14:17:25+00:00","author":{"@id":"https:\/\/www.agromundo.co\/blog\/#\/schema\/person\/3e07d858c3c7a93ebf4ad3785559d35d"},"description":"El bolet\u00edn agroclim\u00e1tico #8 del Ministerio de agricultura anuncia escasez de lluvias para los pr\u00f3ximos meses.","breadcrumb":{"@id":"#breadcrumb"},"inLanguage":"es","potentialAction":[{"@type":"ReadAction","target":[null]}]},{"@type":"BreadcrumbList","@id":"#breadcrumb","itemListElement":[{"@type":"ListItem","position":1,"name":"Portada","item":"https:\/\/www.agromundo.co\/blog\/"},{"@type":"ListItem","position":2,"name":"Bolet\u00edn agroclim\u00e1tico. Anuncio de sequ\u00edas"}]},{"@type":"Person","@id":"https:\/\/www.agromundo.co\/blog\/#\/schema\/person\/3e07d858c3c7a93ebf4ad3785559d35d","name":"admin","image":{"@type":"ImageObject","@id":"https:\/\/www.agromundo.co\/blog\/#personlogo","inLanguage":"es","url":"https:\/\/secure.gravatar.com\/avatar\/f990c4c6d966ea7f7bec9cc10bcda5ce?s=96&d=mm&r=g","contentUrl":"https:\/\/secure.gravatar.com\/avatar\/f990c4c6d966ea7f7bec9cc10bcda5ce?s=96&d=mm&r=g","caption":"admin"},"url":"https:\/\/www.agromundo.co\/blog\/author\/admin\/"}]}},"_links":{"self":[{"href":"https:\/\/www.agromundo.co\/blog\/wp-json\/wp\/v2\/posts\/4345"}],"collection":[{"href":"https:\/\/www.agromundo.co\/blog\/wp-json\/wp\/v2\/posts"}],"about":[{"href":"https:\/\/www.agromundo.co\/blog\/wp-json\/wp\/v2\/types\/post"}],"author":[{"embeddable":true,"href":"https:\/\/www.agromundo.co\/blog\/wp-json\/wp\/v2\/users\/1"}],"replies":[{"embeddable":true,"href":"https:\/\/www.agromundo.co\/blog\/wp-json\/wp\/v2\/comments?post=4345"}],"version-history":[{"count":2,"href":"https:\/\/www.agromundo.co\/blog\/wp-json\/wp\/v2\/posts\/4345\/revisions"}],"predecessor-version":[{"id":4348,"href":"https:\/\/www.agromundo.co\/blog\/wp-json\/wp\/v2\/posts\/4345\/revisions\/4348"}],"wp:featuredmedia":[{"embeddable":true,"href":"https:\/\/www.agromundo.co\/blog\/wp-json\/wp\/v2\/media\/4347"}],"wp:attachment":[{"href":"https:\/\/www.agromundo.co\/blog\/wp-json\/wp\/v2\/media?parent=4345"}],"wp:term":[{"taxonomy":"category","embeddable":true,"href":"https:\/\/www.agromundo.co\/blog\/wp-json\/wp\/v2\/categories?post=4345"},{"taxonomy":"post_tag","embeddable":true,"href":"https:\/\/www.agromundo.co\/blog\/wp-json\/wp\/v2\/tags?post=4345"}],"curies":[{"name":"wp","href":"https:\/\/api.w.org\/{rel}","templated":true}]}}