{"id":4440,"date":"2015-09-15T16:28:31","date_gmt":"2015-09-15T16:28:31","guid":{"rendered":"http:\/\/www.agromundo.co\/blog\/?p=4440"},"modified":"2015-09-15T16:28:31","modified_gmt":"2015-09-15T16:28:31","slug":"foro-ganadero-iberoamericano-en-villavicencio","status":"publish","type":"post","link":"https:\/\/www.agromundo.co\/blog\/foro-ganadero-iberoamericano-en-villavicencio\/","title":{"rendered":"Foro ganadero iberoamericano en Villavicencio"},"content":{"rendered":"<p><a href=\"http:\/\/www.agromundo.co\/blog\/wp-content\/uploads\/2015\/09\/Foro.jpg\"><img loading=\"lazy\" class=\"alignnone size-full wp-image-4441\" src=\"http:\/\/www.agromundo.co\/blog\/wp-content\/uploads\/2015\/09\/Foro.jpg\" alt=\"Foro\" width=\"300\" height=\"205\" \/><\/a><\/p>\n<ul>\n<li><em>El evento se realizar\u00e1 en la ciudad de Villavicencio, en el marco del XVI Simposio de Recursos Zoogen\u00e9ticos. Los asistentes podr\u00e1n conocer qu\u00e9 se ha hecho en pa\u00edses como Brasil, Espa\u00f1a, Portugal y M\u00e9xico\u00a0para aprovechar sus especies criollas en aspectos de producci\u00f3n,\u00a0reglamentaci\u00f3n y mejoramiento gen\u00e9tico.<\/em><strong>\u00a0<\/strong><\/li>\n<\/ul>\n<p>Se aproxima uno de los eventos acad\u00e9micos m\u00e1s esperadas del a\u00f1o. Se trata del XVI Simposio Iberoamericano de conservaci\u00f3n y utilizaci\u00f3n de Recursos Zoogen\u00e9ticos, que se llevar\u00e1 a cabo en Villavicencio durante los d\u00edas 7,8 y 9 de octubre de 2015. Adem\u00e1s, ante la importancia que el sector bovino tiene en Colombia, la organizaci\u00f3n ha decidido realizar el I Foro Ganadero Iberoamericano, el cual est\u00e1 programado para el 6 de octubre.<\/p>\n<p>El auditorio de la Universidad Cooperativa de Colombia, localizado en la capital del departamento del Meta, es el lugar que albergar\u00e1 a expertos procedentes de Espa\u00f1a, Italia, Portugal, M\u00e9xico, Venezuela y Brasil, quienes abordar\u00e1n tem\u00e1ticas como gen\u00e9tica en bovinos, ovinos, conservaci\u00f3n de equinos, razas criollas europeas, producci\u00f3n de leche y carne, entre otros.<\/p>\n<p>El miembro de la organizaci\u00f3n, Germ\u00e1n Mart\u00ednez Correal, destac\u00f3 la importancia de que los ganaderos nacionales acojan la invitaci\u00f3n y se acerquen a Villavicencio para conocer un poco m\u00e1s sobre lo que el mundo ha realizado con las especies criollas, sus reglamentaciones y la manera de obtener provecho en materia productiva. Agreg\u00f3 que al ser animales adaptados al medio, tienen varios aspectos a favor en comparaci\u00f3n con otros que son introducidos.<\/p>\n<p>Plante\u00f3 Mart\u00ednez Correal \u00a0que los recursos criollos no han sido valorados en su real dimensi\u00f3n, es decir, han sido subvalorados. Por ello, frente al cambio clim\u00e1tico y todo lo que se genera con la globalizaci\u00f3n, el llamado es a ofrecer una contribuci\u00f3n a la sustentabilidad y competitividad \u00a0de acuerdo con las condiciones ambientales de las zonas tropicales como las nuestras. Ante ese panorama, lo que se espera es un intercambio de conocimientos, ideas, exponer las experiencias y buscar la manera de darle valor agregado a nuestros productos.<\/p>\n<p>Destaca el organizador la agenda definida para el foro, puesto que quienes participen tendr\u00e1n la oportunidad de escuchar, por ejemplo, ponencias de espa\u00f1oles, que tienen amplia experiencia en el campo legislativo y reglamentario de razas nuevas. Ese conocimiento puede ser muy \u00fatil y aplicarse para las poblaciones porcinas de Choc\u00f3, la Orinoqu\u00eda y la Costa Atl\u00e1ntica.<\/p>\n<p>Por ejemplo, Jos\u00e9 Luis Canel\u00f3n, es un venezolano que hablar\u00e1 de los caballos criollos. Dichas especies vienen siendo relegadas por actividades como el coleo, ya que para esta pr\u00e1ctica se requieren animales de mayor capacidad. Ese fen\u00f3meno est\u00e1 perjudicando al campesino, que est\u00e1 qued\u00e1ndose sin posibilidades de tener animales resistentes para su trabajo.<\/p>\n<p>Concluy\u00f3 manifestando que el tener una amplia variedad de temas, hace que el foro no sea solamente para los metenses o las personas de la Orinoqu\u00eda, sino que es un programa para todos los colombianos. Por eso se pens\u00f3 en los diversos tipos de producci\u00f3n animal, para que la pluralidad motive a un importante n\u00famero de asistentes.<\/p>\n<p>Los interesados en participar, pueden enviar un correo a\u00a0<a href=\"mailto:amicriollanos@gmail.com\">amicriollanos@gmail.com<\/a>\u00a0o comunicarse al tel\u00e9fono\u00a0320 851 2167, para reservar\u00a0su cupo y conocer el costo.<\/p>\n<p>Fuente: Adaptado de CONtexto Ganadero.<\/p>\n<div id=\"attachment_4410\" style=\"width: 130px\" class=\"wp-caption alignright\"><a href=\"http:\/\/www.agromundo.co\/alimento-y-suplementos-para-ganado-y-caballos.html\" target=\"_blank\"><img aria-describedby=\"caption-attachment-4410\" loading=\"lazy\" class=\"wp-image-4410\" src=\"http:\/\/www.agromundo.co\/blog\/wp-content\/uploads\/2015\/09\/Suplemento-para-vacas-reci\u00e9n-paridas-REVIVA.jpg\" alt=\"Suplemento para vacas reci\u00e9n paridas REVIVA\" width=\"120\" height=\"120\" srcset=\"https:\/\/www.agromundo.co\/blog\/wp-content\/uploads\/2015\/09\/Suplemento-para-vacas-reci\u00e9n-paridas-REVIVA.jpg 160w, https:\/\/www.agromundo.co\/blog\/wp-content\/uploads\/2015\/09\/Suplemento-para-vacas-reci\u00e9n-paridas-REVIVA-150x150.jpg 150w\" sizes=\"(max-width: 120px) 100vw, 120px\" \/><\/a><p id=\"caption-attachment-4410\" class=\"wp-caption-text\">Suplemento para vacas reci\u00e9n paridas REVIVA<\/p><\/div>\n<p>Nota patrocinada por:<\/p>\n<div id=\"attachment_4409\" style=\"width: 130px\" class=\"wp-caption alignnone\"><a href=\"http:\/\/www.agromundo.co\/aqua-fan-sas.html\" target=\"_blank\"><img aria-describedby=\"caption-attachment-4409\" loading=\"lazy\" class=\"wp-image-4409\" src=\"http:\/\/www.agromundo.co\/blog\/wp-content\/uploads\/2015\/09\/Ventilador-aspersor-de-agua-Aquafan.jpg\" alt=\"Ventilador aspersor de agua Aquafan\" width=\"120\" height=\"120\" srcset=\"https:\/\/www.agromundo.co\/blog\/wp-content\/uploads\/2015\/09\/Ventilador-aspersor-de-agua-Aquafan.jpg 160w, https:\/\/www.agromundo.co\/blog\/wp-content\/uploads\/2015\/09\/Ventilador-aspersor-de-agua-Aquafan-150x150.jpg 150w\" sizes=\"(max-width: 120px) 100vw, 120px\" \/><\/a><p id=\"caption-attachment-4409\" class=\"wp-caption-text\">Ventilador aspersor de agua Aquafan<\/p><\/div>\n","protected":false},"excerpt":{"rendered":"<p>El evento se realizar\u00e1 en la ciudad de Villavicencio, en el marco del XVI Simposio de Recursos Zoogen\u00e9ticos. Los asistentes podr\u00e1n conocer qu\u00e9 se ha hecho en pa\u00edses como Brasil, Espa\u00f1a, Portugal y M\u00e9xico\u00a0para aprovechar sus especies criollas en aspectos de producci\u00f3n,\u00a0reglamentaci\u00f3n y mejoramiento gen\u00e9tico.\u00a0 Se aproxima uno de los eventos acad\u00e9micos m\u00e1s esperadas del [&hellip;]<\/p>\n","protected":false},"author":1,"featured_media":4441,"comment_status":"open","ping_status":"open","sticky":false,"template":"","format":"standard","meta":[],"categories":[22,3,18,6],"tags":[2351,1628,2353,496,2352],"yoast_head":"<!-- This site is optimized with the Yoast SEO plugin v17.3 - https:\/\/yoast.com\/wordpress\/plugins\/seo\/ -->\n<meta name=\"description\" content=\"Primer Foro Ganadero Iberoamericano se realizar\u00e1 en Villavicencio el 6 de octubre de 2015.\" \/>\n<meta name=\"robots\" content=\"index, follow, max-snippet:-1, max-image-preview:large, max-video-preview:-1\" \/>\n<meta property=\"og:locale\" content=\"es_ES\" \/>\n<meta property=\"og:type\" content=\"article\" \/>\n<meta property=\"og:title\" content=\"Foro ganadero iberoamericano en Villavicencio - Notiagro\" \/>\n<meta property=\"og:description\" content=\"Primer Foro Ganadero Iberoamericano se realizar\u00e1 en Villavicencio el 6 de octubre de 2015.\" \/>\n<meta property=\"og:site_name\" content=\"Notiagro\" \/>\n<meta property=\"article:published_time\" content=\"2015-09-15T16:28:31+00:00\" \/>\n<meta property=\"og:image\" content=\"http:\/\/www.agromundo.co\/blog\/wp-content\/uploads\/2015\/09\/Foro.jpg\" \/>\n\t<meta property=\"og:image:width\" content=\"300\" \/>\n\t<meta property=\"og:image:height\" content=\"205\" \/>\n<meta name=\"twitter:label1\" content=\"Escrito por\" \/>\n\t<meta name=\"twitter:data1\" content=\"admin\" \/>\n\t<meta name=\"twitter:label2\" content=\"Tiempo de lectura\" \/>\n\t<meta name=\"twitter:data2\" content=\"3 minutos\" \/>\n<script type=\"application\/ld+json\" class=\"yoast-schema-graph\">{\"@context\":\"https:\/\/schema.org\",\"@graph\":[{\"@type\":\"WebSite\",\"@id\":\"https:\/\/www.agromundo.co\/blog\/#website\",\"url\":\"https:\/\/www.agromundo.co\/blog\/\",\"name\":\"Notiagro\",\"description\":\"Noticias y eventos sector agropecuario colombiano\",\"potentialAction\":[{\"@type\":\"SearchAction\",\"target\":{\"@type\":\"EntryPoint\",\"urlTemplate\":\"https:\/\/www.agromundo.co\/blog\/?s={search_term_string}\"},\"query-input\":\"required name=search_term_string\"}],\"inLanguage\":\"es\"},{\"@type\":\"ImageObject\",\"@id\":\"#primaryimage\",\"inLanguage\":\"es\",\"url\":\"https:\/\/www.agromundo.co\/blog\/wp-content\/uploads\/2015\/09\/Foro.jpg\",\"contentUrl\":\"https:\/\/www.agromundo.co\/blog\/wp-content\/uploads\/2015\/09\/Foro.jpg\",\"width\":300,\"height\":205},{\"@type\":\"WebPage\",\"@id\":\"#webpage\",\"url\":null,\"name\":\"Foro ganadero iberoamericano en Villavicencio - Notiagro\",\"isPartOf\":{\"@id\":\"https:\/\/www.agromundo.co\/blog\/#website\"},\"primaryImageOfPage\":{\"@id\":\"#primaryimage\"},\"datePublished\":\"2015-09-15T16:28:31+00:00\",\"dateModified\":\"2015-09-15T16:28:31+00:00\",\"author\":{\"@id\":\"https:\/\/www.agromundo.co\/blog\/#\/schema\/person\/3e07d858c3c7a93ebf4ad3785559d35d\"},\"description\":\"Primer Foro Ganadero Iberoamericano se realizar\\u00e1 en Villavicencio el 6 de octubre de 2015.\",\"breadcrumb\":{\"@id\":\"#breadcrumb\"},\"inLanguage\":\"es\",\"potentialAction\":[{\"@type\":\"ReadAction\",\"target\":[null]}]},{\"@type\":\"BreadcrumbList\",\"@id\":\"#breadcrumb\",\"itemListElement\":[{\"@type\":\"ListItem\",\"position\":1,\"name\":\"Portada\",\"item\":\"https:\/\/www.agromundo.co\/blog\/\"},{\"@type\":\"ListItem\",\"position\":2,\"name\":\"Foro ganadero iberoamericano en Villavicencio\"}]},{\"@type\":\"Person\",\"@id\":\"https:\/\/www.agromundo.co\/blog\/#\/schema\/person\/3e07d858c3c7a93ebf4ad3785559d35d\",\"name\":\"admin\",\"image\":{\"@type\":\"ImageObject\",\"@id\":\"https:\/\/www.agromundo.co\/blog\/#personlogo\",\"inLanguage\":\"es\",\"url\":\"https:\/\/secure.gravatar.com\/avatar\/f990c4c6d966ea7f7bec9cc10bcda5ce?s=96&d=mm&r=g\",\"contentUrl\":\"https:\/\/secure.gravatar.com\/avatar\/f990c4c6d966ea7f7bec9cc10bcda5ce?s=96&d=mm&r=g\",\"caption\":\"admin\"},\"url\":\"https:\/\/www.agromundo.co\/blog\/author\/admin\/\"}]}<\/script>\n<!-- \/ Yoast SEO plugin. -->","yoast_head_json":{"description":"Primer Foro Ganadero Iberoamericano se realizar\u00e1 en Villavicencio el 6 de octubre de 2015.","robots":{"index":"index","follow":"follow","max-snippet":"max-snippet:-1","max-image-preview":"max-image-preview:large","max-video-preview":"max-video-preview:-1"},"og_locale":"es_ES","og_type":"article","og_title":"Foro ganadero iberoamericano en Villavicencio - Notiagro","og_description":"Primer Foro Ganadero Iberoamericano se realizar\u00e1 en Villavicencio el 6 de octubre de 2015.","og_site_name":"Notiagro","article_published_time":"2015-09-15T16:28:31+00:00","og_image":[{"width":300,"height":205,"url":"http:\/\/www.agromundo.co\/blog\/wp-content\/uploads\/2015\/09\/Foro.jpg","type":"image\/jpeg"}],"twitter_misc":{"Escrito por":"admin","Tiempo de lectura":"3 minutos"},"schema":{"@context":"https:\/\/schema.org","@graph":[{"@type":"WebSite","@id":"https:\/\/www.agromundo.co\/blog\/#website","url":"https:\/\/www.agromundo.co\/blog\/","name":"Notiagro","description":"Noticias y eventos sector agropecuario colombiano","potentialAction":[{"@type":"SearchAction","target":{"@type":"EntryPoint","urlTemplate":"https:\/\/www.agromundo.co\/blog\/?s={search_term_string}"},"query-input":"required name=search_term_string"}],"inLanguage":"es"},{"@type":"ImageObject","@id":"#primaryimage","inLanguage":"es","url":"https:\/\/www.agromundo.co\/blog\/wp-content\/uploads\/2015\/09\/Foro.jpg","contentUrl":"https:\/\/www.agromundo.co\/blog\/wp-content\/uploads\/2015\/09\/Foro.jpg","width":300,"height":205},{"@type":"WebPage","@id":"#webpage","url":null,"name":"Foro ganadero iberoamericano en Villavicencio - Notiagro","isPartOf":{"@id":"https:\/\/www.agromundo.co\/blog\/#website"},"primaryImageOfPage":{"@id":"#primaryimage"},"datePublished":"2015-09-15T16:28:31+00:00","dateModified":"2015-09-15T16:28:31+00:00","author":{"@id":"https:\/\/www.agromundo.co\/blog\/#\/schema\/person\/3e07d858c3c7a93ebf4ad3785559d35d"},"description":"Primer Foro Ganadero Iberoamericano se realizar\u00e1 en Villavicencio el 6 de octubre de 2015.","breadcrumb":{"@id":"#breadcrumb"},"inLanguage":"es","potentialAction":[{"@type":"ReadAction","target":[null]}]},{"@type":"BreadcrumbList","@id":"#breadcrumb","itemListElement":[{"@type":"ListItem","position":1,"name":"Portada","item":"https:\/\/www.agromundo.co\/blog\/"},{"@type":"ListItem","position":2,"name":"Foro ganadero iberoamericano en Villavicencio"}]},{"@type":"Person","@id":"https:\/\/www.agromundo.co\/blog\/#\/schema\/person\/3e07d858c3c7a93ebf4ad3785559d35d","name":"admin","image":{"@type":"ImageObject","@id":"https:\/\/www.agromundo.co\/blog\/#personlogo","inLanguage":"es","url":"https:\/\/secure.gravatar.com\/avatar\/f990c4c6d966ea7f7bec9cc10bcda5ce?s=96&d=mm&r=g","contentUrl":"https:\/\/secure.gravatar.com\/avatar\/f990c4c6d966ea7f7bec9cc10bcda5ce?s=96&d=mm&r=g","caption":"admin"},"url":"https:\/\/www.agromundo.co\/blog\/author\/admin\/"}]}},"_links":{"self":[{"href":"https:\/\/www.agromundo.co\/blog\/wp-json\/wp\/v2\/posts\/4440"}],"collection":[{"href":"https:\/\/www.agromundo.co\/blog\/wp-json\/wp\/v2\/posts"}],"about":[{"href":"https:\/\/www.agromundo.co\/blog\/wp-json\/wp\/v2\/types\/post"}],"author":[{"embeddable":true,"href":"https:\/\/www.agromundo.co\/blog\/wp-json\/wp\/v2\/users\/1"}],"replies":[{"embeddable":true,"href":"https:\/\/www.agromundo.co\/blog\/wp-json\/wp\/v2\/comments?post=4440"}],"version-history":[{"count":1,"href":"https:\/\/www.agromundo.co\/blog\/wp-json\/wp\/v2\/posts\/4440\/revisions"}],"predecessor-version":[{"id":4442,"href":"https:\/\/www.agromundo.co\/blog\/wp-json\/wp\/v2\/posts\/4440\/revisions\/4442"}],"wp:featuredmedia":[{"embeddable":true,"href":"https:\/\/www.agromundo.co\/blog\/wp-json\/wp\/v2\/media\/4441"}],"wp:attachment":[{"href":"https:\/\/www.agromundo.co\/blog\/wp-json\/wp\/v2\/media?parent=4440"}],"wp:term":[{"taxonomy":"category","embeddable":true,"href":"https:\/\/www.agromundo.co\/blog\/wp-json\/wp\/v2\/categories?post=4440"},{"taxonomy":"post_tag","embeddable":true,"href":"https:\/\/www.agromundo.co\/blog\/wp-json\/wp\/v2\/tags?post=4440"}],"curies":[{"name":"wp","href":"https:\/\/api.w.org\/{rel}","templated":true}]}}