{"id":4486,"date":"2015-09-30T14:35:34","date_gmt":"2015-09-30T14:35:34","guid":{"rendered":"http:\/\/www.agromundo.co\/blog\/?p=4486"},"modified":"2015-09-30T14:42:59","modified_gmt":"2015-09-30T14:42:59","slug":"chikunguna-finalizada-la-epidemia","status":"publish","type":"post","link":"https:\/\/www.agromundo.co\/blog\/chikunguna-finalizada-la-epidemia\/","title":{"rendered":"Chikungu\u00f1a. Finalizada la epidemia"},"content":{"rendered":"<p><a href=\"http:\/\/www.agromundo.co\/blog\/wp-content\/uploads\/2015\/09\/Virus.jpg\"><img loading=\"lazy\" class=\"alignnone size-full wp-image-4491\" src=\"http:\/\/www.agromundo.co\/blog\/wp-content\/uploads\/2015\/09\/Virus.jpg\" alt=\"Virus\" width=\"273\" height=\"205\" srcset=\"https:\/\/www.agromundo.co\/blog\/wp-content\/uploads\/2015\/09\/Virus.jpg 273w, https:\/\/www.agromundo.co\/blog\/wp-content\/uploads\/2015\/09\/Virus-100x75.jpg 100w\" sizes=\"(max-width: 273px) 100vw, 273px\" \/><\/a><\/p>\n<p>&nbsp;<\/p>\n<ul>\n<li><em>Desde el a\u00f1o 2014 la epidemia de Chikungu\u00f1a gener\u00f3 zozobra en todo el territorio colombiano. Los registros oficiales indican que casi medio mill\u00f3n de personas estuvieron contagiadas con el peligroso virus, pero casi 800.000 personas fueron afectadas. La diferencia entre la cifras se explica por casos que se presentaron en zonas rurales alejadas y de otros no declarados en centros de salud.<\/em><\/li>\n<\/ul>\n<p>Aunque desde el inicio de la epidemia las autoridades sanitarias manifestaron que el <a href=\"https:\/\/es.wikipedia.org\/wiki\/Chikungu%C3%B1a\" target=\"_blank\">Chikungu\u00f1a<\/a> no llegaba a ser letal, el balance final registr\u00f3 58 personas muertas en todo el pa\u00eds, sin embargo el Ministerio de Salud no se ha atrevido a afirmar que las muertes hayan sido causadas por ese virus.<\/p>\n<p>La regi\u00f3n de la Costa Caribe fue la primera en padecer los estragos del Chikungu\u00f1a. Para abril del presente a\u00f1o el departamento de C\u00f3rdoba fue el que m\u00e1s infectados report\u00f3 con 11.707 casos, especialmente en las zonas rurales. Sucre report\u00f3 6.140 y La Guajira 4.118.<\/p>\n<p>Sin embargo la cartera de salud inform\u00f3 que el virus lleg\u00f3 a Colombia para quedarse, indicando que se estabilizaron la cantidad y el nivel de contagios que se pueden generar en un per\u00edodo determinado por lo que ya se tiene mayor certeza para su control y tratamiento en las zonas donde ya ha sido estudiado y se tiene su presencia.<\/p>\n<p>De acuerdo con lo informado por el diario EL TIEMPO en su versi\u00f3n digital,\u00a0 el Ministerio de Salud realiz\u00f3 la declaraci\u00f3n en raz\u00f3n a que la cresta epidemiol\u00f3gica ya pas\u00f3, pero realiz\u00f3 un llamado sobre todo a los habitantes de las zonas rurales que est\u00e1n \u00a0localizadas por debajo de los 2.000 metros sobre el nivel del mar, para que tomen las medidas preventivas pertinentes tales como no dejar aguas en reposo al aire libre, dormir protegidos por toldillos y en caso de identificar s\u00edntomas como fuertes dolores de cabeza o dolores en las articulaciones, acudir a los centros de salud.<\/p>\n<p>Fuente: Adaptado de El campesino.<\/p>\n<div id=\"attachment_4487\" style=\"width: 123px\" class=\"wp-caption alignright\"><a href=\"http:\/\/www.agromundo.co\/alimento-y-suplementos-para-ganado-y-caballos.html\" target=\"_blank\"><img aria-describedby=\"caption-attachment-4487\" loading=\"lazy\" class=\"wp-image-4487\" src=\"http:\/\/www.agromundo.co\/blog\/wp-content\/uploads\/2015\/09\/Proteinado-Nutryr-660.png\" alt=\"Proteinado Nutryr 660\" width=\"113\" height=\"120\" \/><\/a><p id=\"caption-attachment-4487\" class=\"wp-caption-text\">Suplemento alimenticio para ganado Proteinado Nutryr 660<\/p><\/div>\n<p>Nota patrocinada por:<\/p>\n<div id=\"attachment_4409\" style=\"width: 130px\" class=\"wp-caption alignnone\"><a href=\"http:\/\/www.agromundo.co\/aqua-fan-sas.html\" target=\"_blank\"><img aria-describedby=\"caption-attachment-4409\" loading=\"lazy\" class=\"wp-image-4409\" src=\"http:\/\/www.agromundo.co\/blog\/wp-content\/uploads\/2015\/09\/Ventilador-aspersor-de-agua-Aquafan.jpg\" alt=\"Ventilador aspersor de agua Aquafan\" width=\"120\" height=\"120\" srcset=\"https:\/\/www.agromundo.co\/blog\/wp-content\/uploads\/2015\/09\/Ventilador-aspersor-de-agua-Aquafan.jpg 160w, https:\/\/www.agromundo.co\/blog\/wp-content\/uploads\/2015\/09\/Ventilador-aspersor-de-agua-Aquafan-150x150.jpg 150w\" sizes=\"(max-width: 120px) 100vw, 120px\" \/><\/a><p id=\"caption-attachment-4409\" class=\"wp-caption-text\">Ventilador aspersor de agua Aquafan<\/p><\/div>\n","protected":false},"excerpt":{"rendered":"<p>&nbsp; Desde el a\u00f1o 2014 la epidemia de Chikungu\u00f1a gener\u00f3 zozobra en todo el territorio colombiano. Los registros oficiales indican que casi medio mill\u00f3n de personas estuvieron contagiadas con el peligroso virus, pero casi 800.000 personas fueron afectadas. La diferencia entre la cifras se explica por casos que se presentaron en zonas rurales alejadas y [&hellip;]<\/p>\n","protected":false},"author":1,"featured_media":4491,"comment_status":"open","ping_status":"open","sticky":false,"template":"","format":"standard","meta":[],"categories":[5,3,18,6],"tags":[2379,2380,2382,2381,2383],"yoast_head":"<!-- This site is optimized with the Yoast SEO plugin v17.3 - https:\/\/yoast.com\/wordpress\/plugins\/seo\/ -->\n<meta name=\"description\" content=\"El Chikungu\u00f1a, declarada finalizada la epidemia, pero el virus se queda en Colombia.\" \/>\n<meta name=\"robots\" content=\"index, follow, max-snippet:-1, max-image-preview:large, max-video-preview:-1\" \/>\n<meta property=\"og:locale\" content=\"es_ES\" \/>\n<meta property=\"og:type\" content=\"article\" \/>\n<meta property=\"og:title\" content=\"Chikungu\u00f1a. Finalizada la epidemia - Notiagro\" \/>\n<meta property=\"og:description\" content=\"El Chikungu\u00f1a, declarada finalizada la epidemia, pero el virus se queda en Colombia.\" \/>\n<meta property=\"og:site_name\" content=\"Notiagro\" \/>\n<meta property=\"article:published_time\" content=\"2015-09-30T14:35:34+00:00\" \/>\n<meta property=\"article:modified_time\" content=\"2015-09-30T14:42:59+00:00\" \/>\n<meta property=\"og:image\" content=\"https:\/\/www.agromundo.co\/blog\/wp-content\/uploads\/2015\/09\/Virus.jpg\" \/>\n\t<meta property=\"og:image:width\" content=\"273\" \/>\n\t<meta property=\"og:image:height\" content=\"205\" \/>\n<meta name=\"twitter:label1\" content=\"Escrito por\" \/>\n\t<meta name=\"twitter:data1\" content=\"admin\" \/>\n\t<meta name=\"twitter:label2\" content=\"Tiempo de lectura\" \/>\n\t<meta name=\"twitter:data2\" content=\"2 minutos\" \/>\n<script type=\"application\/ld+json\" class=\"yoast-schema-graph\">{\"@context\":\"https:\/\/schema.org\",\"@graph\":[{\"@type\":\"WebSite\",\"@id\":\"https:\/\/www.agromundo.co\/blog\/#website\",\"url\":\"https:\/\/www.agromundo.co\/blog\/\",\"name\":\"Notiagro\",\"description\":\"Noticias y eventos sector agropecuario colombiano\",\"potentialAction\":[{\"@type\":\"SearchAction\",\"target\":{\"@type\":\"EntryPoint\",\"urlTemplate\":\"https:\/\/www.agromundo.co\/blog\/?s={search_term_string}\"},\"query-input\":\"required name=search_term_string\"}],\"inLanguage\":\"es\"},{\"@type\":\"ImageObject\",\"@id\":\"#primaryimage\",\"inLanguage\":\"es\",\"url\":\"https:\/\/www.agromundo.co\/blog\/wp-content\/uploads\/2015\/09\/Virus.jpg\",\"contentUrl\":\"https:\/\/www.agromundo.co\/blog\/wp-content\/uploads\/2015\/09\/Virus.jpg\",\"width\":273,\"height\":205},{\"@type\":\"WebPage\",\"@id\":\"#webpage\",\"url\":null,\"name\":\"Chikungu\\u00f1a. Finalizada la epidemia - Notiagro\",\"isPartOf\":{\"@id\":\"https:\/\/www.agromundo.co\/blog\/#website\"},\"primaryImageOfPage\":{\"@id\":\"#primaryimage\"},\"datePublished\":\"2015-09-30T14:35:34+00:00\",\"dateModified\":\"2015-09-30T14:42:59+00:00\",\"author\":{\"@id\":\"https:\/\/www.agromundo.co\/blog\/#\/schema\/person\/3e07d858c3c7a93ebf4ad3785559d35d\"},\"description\":\"El Chikungu\\u00f1a, declarada finalizada la epidemia, pero el virus se queda en Colombia.\",\"breadcrumb\":{\"@id\":\"#breadcrumb\"},\"inLanguage\":\"es\",\"potentialAction\":[{\"@type\":\"ReadAction\",\"target\":[null]}]},{\"@type\":\"BreadcrumbList\",\"@id\":\"#breadcrumb\",\"itemListElement\":[{\"@type\":\"ListItem\",\"position\":1,\"name\":\"Portada\",\"item\":\"https:\/\/www.agromundo.co\/blog\/\"},{\"@type\":\"ListItem\",\"position\":2,\"name\":\"Chikungu\\u00f1a. Finalizada la epidemia\"}]},{\"@type\":\"Person\",\"@id\":\"https:\/\/www.agromundo.co\/blog\/#\/schema\/person\/3e07d858c3c7a93ebf4ad3785559d35d\",\"name\":\"admin\",\"image\":{\"@type\":\"ImageObject\",\"@id\":\"https:\/\/www.agromundo.co\/blog\/#personlogo\",\"inLanguage\":\"es\",\"url\":\"https:\/\/secure.gravatar.com\/avatar\/f990c4c6d966ea7f7bec9cc10bcda5ce?s=96&d=mm&r=g\",\"contentUrl\":\"https:\/\/secure.gravatar.com\/avatar\/f990c4c6d966ea7f7bec9cc10bcda5ce?s=96&d=mm&r=g\",\"caption\":\"admin\"},\"url\":\"https:\/\/www.agromundo.co\/blog\/author\/admin\/\"}]}<\/script>\n<!-- \/ Yoast SEO plugin. -->","yoast_head_json":{"description":"El Chikungu\u00f1a, declarada finalizada la epidemia, pero el virus se queda en Colombia.","robots":{"index":"index","follow":"follow","max-snippet":"max-snippet:-1","max-image-preview":"max-image-preview:large","max-video-preview":"max-video-preview:-1"},"og_locale":"es_ES","og_type":"article","og_title":"Chikungu\u00f1a. Finalizada la epidemia - Notiagro","og_description":"El Chikungu\u00f1a, declarada finalizada la epidemia, pero el virus se queda en Colombia.","og_site_name":"Notiagro","article_published_time":"2015-09-30T14:35:34+00:00","article_modified_time":"2015-09-30T14:42:59+00:00","og_image":[{"width":273,"height":205,"url":"https:\/\/www.agromundo.co\/blog\/wp-content\/uploads\/2015\/09\/Virus.jpg","type":"image\/jpeg"}],"twitter_misc":{"Escrito por":"admin","Tiempo de lectura":"2 minutos"},"schema":{"@context":"https:\/\/schema.org","@graph":[{"@type":"WebSite","@id":"https:\/\/www.agromundo.co\/blog\/#website","url":"https:\/\/www.agromundo.co\/blog\/","name":"Notiagro","description":"Noticias y eventos sector agropecuario colombiano","potentialAction":[{"@type":"SearchAction","target":{"@type":"EntryPoint","urlTemplate":"https:\/\/www.agromundo.co\/blog\/?s={search_term_string}"},"query-input":"required name=search_term_string"}],"inLanguage":"es"},{"@type":"ImageObject","@id":"#primaryimage","inLanguage":"es","url":"https:\/\/www.agromundo.co\/blog\/wp-content\/uploads\/2015\/09\/Virus.jpg","contentUrl":"https:\/\/www.agromundo.co\/blog\/wp-content\/uploads\/2015\/09\/Virus.jpg","width":273,"height":205},{"@type":"WebPage","@id":"#webpage","url":null,"name":"Chikungu\u00f1a. Finalizada la epidemia - Notiagro","isPartOf":{"@id":"https:\/\/www.agromundo.co\/blog\/#website"},"primaryImageOfPage":{"@id":"#primaryimage"},"datePublished":"2015-09-30T14:35:34+00:00","dateModified":"2015-09-30T14:42:59+00:00","author":{"@id":"https:\/\/www.agromundo.co\/blog\/#\/schema\/person\/3e07d858c3c7a93ebf4ad3785559d35d"},"description":"El Chikungu\u00f1a, declarada finalizada la epidemia, pero el virus se queda en Colombia.","breadcrumb":{"@id":"#breadcrumb"},"inLanguage":"es","potentialAction":[{"@type":"ReadAction","target":[null]}]},{"@type":"BreadcrumbList","@id":"#breadcrumb","itemListElement":[{"@type":"ListItem","position":1,"name":"Portada","item":"https:\/\/www.agromundo.co\/blog\/"},{"@type":"ListItem","position":2,"name":"Chikungu\u00f1a. Finalizada la epidemia"}]},{"@type":"Person","@id":"https:\/\/www.agromundo.co\/blog\/#\/schema\/person\/3e07d858c3c7a93ebf4ad3785559d35d","name":"admin","image":{"@type":"ImageObject","@id":"https:\/\/www.agromundo.co\/blog\/#personlogo","inLanguage":"es","url":"https:\/\/secure.gravatar.com\/avatar\/f990c4c6d966ea7f7bec9cc10bcda5ce?s=96&d=mm&r=g","contentUrl":"https:\/\/secure.gravatar.com\/avatar\/f990c4c6d966ea7f7bec9cc10bcda5ce?s=96&d=mm&r=g","caption":"admin"},"url":"https:\/\/www.agromundo.co\/blog\/author\/admin\/"}]}},"_links":{"self":[{"href":"https:\/\/www.agromundo.co\/blog\/wp-json\/wp\/v2\/posts\/4486"}],"collection":[{"href":"https:\/\/www.agromundo.co\/blog\/wp-json\/wp\/v2\/posts"}],"about":[{"href":"https:\/\/www.agromundo.co\/blog\/wp-json\/wp\/v2\/types\/post"}],"author":[{"embeddable":true,"href":"https:\/\/www.agromundo.co\/blog\/wp-json\/wp\/v2\/users\/1"}],"replies":[{"embeddable":true,"href":"https:\/\/www.agromundo.co\/blog\/wp-json\/wp\/v2\/comments?post=4486"}],"version-history":[{"count":3,"href":"https:\/\/www.agromundo.co\/blog\/wp-json\/wp\/v2\/posts\/4486\/revisions"}],"predecessor-version":[{"id":4492,"href":"https:\/\/www.agromundo.co\/blog\/wp-json\/wp\/v2\/posts\/4486\/revisions\/4492"}],"wp:featuredmedia":[{"embeddable":true,"href":"https:\/\/www.agromundo.co\/blog\/wp-json\/wp\/v2\/media\/4491"}],"wp:attachment":[{"href":"https:\/\/www.agromundo.co\/blog\/wp-json\/wp\/v2\/media?parent=4486"}],"wp:term":[{"taxonomy":"category","embeddable":true,"href":"https:\/\/www.agromundo.co\/blog\/wp-json\/wp\/v2\/categories?post=4486"},{"taxonomy":"post_tag","embeddable":true,"href":"https:\/\/www.agromundo.co\/blog\/wp-json\/wp\/v2\/tags?post=4486"}],"curies":[{"name":"wp","href":"https:\/\/api.w.org\/{rel}","templated":true}]}}