{"id":4524,"date":"2015-10-13T14:52:07","date_gmt":"2015-10-13T14:52:07","guid":{"rendered":"http:\/\/www.agromundo.co\/blog\/?p=4524"},"modified":"2015-10-13T14:52:07","modified_gmt":"2015-10-13T14:52:07","slug":"brigadas-tecnologicas-ganaderas-capacitaciones","status":"publish","type":"post","link":"https:\/\/www.agromundo.co\/blog\/brigadas-tecnologicas-ganaderas-capacitaciones\/","title":{"rendered":"Brigadas Tecnol\u00f3gicas Ganaderas. Capacitaciones"},"content":{"rendered":"<p><a href=\"http:\/\/www.agromundo.co\/blog\/wp-content\/uploads\/2015\/10\/Brigadas.jpg\"><img loading=\"lazy\" class=\"alignnone size-full wp-image-4525\" src=\"http:\/\/www.agromundo.co\/blog\/wp-content\/uploads\/2015\/10\/Brigadas.jpg\" alt=\"Brigadas\" width=\"300\" height=\"205\" \/><\/a><\/p>\n<p>Foto: Fedeg\u00e1n.<\/p>\n<ul>\n<li><em>M\u00e1s de 14.000 ganaderos colombianos ser\u00e1n beneficiados con transferencias tecnol\u00f3gicas aplicables a temas de nutrici\u00f3n. En el departamento de Cundinamarca, ser\u00e1n 840 los ganaderos que asistir\u00e1n a las capacitaciones.<\/em><\/li>\n<\/ul>\n<p>Las Brigadas Tecnol\u00f3gicas Ganaderas (BTG), est\u00e1n compuestas por cuatro componentes: elaboraci\u00f3n de bloques multinutricionales, ensilaje, henificaci\u00f3n y rotaci\u00f3n de praderas.\u00a0Los ganaderos que son capacitados\u00a0aprenden mediante demostraciones de m\u00e9todos para la elaboraci\u00f3n de los productos. Cada capacitaci\u00f3n tiene una duraci\u00f3n de 4 horas y se realiza frente a 20 productores.<\/p>\n<p>El l\u00edder nacional del proyecto de Brigadas Tecnol\u00f3gicas Ganaderas (BTG), Jaime Tom\u00e1s Gonz\u00e1lez, asegur\u00f3 que estas demostraciones son indispensables para apaciguar el impacto que ha sido causado por el Fen\u00f3meno de El Ni\u00f1o.<\/p>\n<p>Indic\u00f3 el directivo que para el proyecto se cuenta con el acompa\u00f1amiento de 30 profesionales extensionistas, quienes se encargar\u00e1n de impactar a los beneficiarios, entre los que se encuentran t\u00e9cnicos, tecn\u00f3logos, ganaderos, administradores de empresas agropecuarias, trabajadores y estudiantes de los \u00faltimos semestres de carreras afines con la ganader\u00eda bovina.<\/p>\n<p>En el departamento de Cundinamarca, la BTG lleg\u00f3 al proyecto local del municipio de Girardot, donde ser\u00e1n beneficiados 840 productores bovinos. Laura Castro, coordinadora en ese departamento de la Unidad Regional de Desarrollo Ganadero (URDG), del Fondo Nacional del Ganado (FNG), administrado por la Federaci\u00f3n Colombiana de Ganaderos (Fedeg\u00e1n), indic\u00f3 que este es el cuarto a\u00f1o que se realizan estas brigadas en ese departamento atendiendo diferentes comunidades ganaderas.<\/p>\n<p>Los municipios de Cundinamarca beneficiados hacen parte de las provincias de Sumapaz, Tequendama, Alto Magdalena y Magdalena Centro y municipios como Nilo y Girardot. Precis\u00f3 la coordinadora de la Unidad Regional que el objetivo es que los ganaderos se capaciten en temas como la elaboraci\u00f3n de silo y de heno, para que implementen estos tipos de tecnolog\u00edas o sistemas en sus hatos para mejorar las condiciones de alimentaci\u00f3n de los animales.<\/p>\n<p>El l\u00edder del proyecto a nivel nacional indic\u00f3 que se trata de tecnolog\u00edas de la informaci\u00f3n para que los ganaderos aprendan a hacer bloques multinutricionales y apliquen esos conocimientos en las fincas y con sus vecinos. Recalc\u00f3 que las BTG son de gran importancia porque le ense\u00f1an al ganadero a planear, tener visi\u00f3n estrat\u00e9gica, saber cu\u00e1les son sus \u00e9pocas cr\u00edticas y prepararse con diferentes metodolog\u00edas de alimentaci\u00f3n, para mejorar sus resultados o mantenerlos en \u00e9pocas de condiciones clim\u00e1ticas adversas.<\/p>\n<p>El programa de capacitaci\u00f3n tiene una duraci\u00f3n de 8 semanas, y finalizar\u00e1 a finales del mes de noviembre. Para el a\u00f1o 2016, se tiene planeado llegar a un mayor n\u00famero de capacitados (16.000) en diferentes municipios del pa\u00eds que se encuentren afectados por fen\u00f3menos clim\u00e1ticos.<\/p>\n<p>Durante este a\u00f1o, las BTG han llegado a 11 URDG y 15 proyectos locales de los municipios de Ituango (Antioquia), \u00a0Arauca, Sincelejo (Sucre), Algeciras (Huila), \u00a0Jenesano y Duitama (Boyac\u00e1), Chiriguan\u00e1 (C\u00e9sar), \u00a0Puerto Rico (Caquet\u00e1), Girardot (Cundinamarca), Montel\u00edbano y Planeta Rica (C\u00f3rdoba), Villavicencio (Meta), Manizales (Caldas), Morales (Bol\u00edvar) y Herr\u00e1n (Norte de Santander).<\/p>\n<p>Fuente: Adaptado de CONtexto Ganadero.<\/p>\n<div id=\"attachment_4251\" style=\"width: 130px\" class=\"wp-caption alignright\"><a href=\"http:\/\/www.agromundo.co\/refritanques-rb-sas.html\" target=\"_blank\"><img aria-describedby=\"caption-attachment-4251\" loading=\"lazy\" class=\"wp-image-4251\" src=\"http:\/\/www.agromundo.co\/blog\/wp-content\/uploads\/2015\/07\/Tanque-vertical-para-enfriamiento-de-leche-Refritanques-RB-S.A.S..jpg\" alt=\"Tanque vertical para enfriamiento de leche Refritanques RB S.A.S.\" width=\"120\" height=\"120\" srcset=\"https:\/\/www.agromundo.co\/blog\/wp-content\/uploads\/2015\/07\/Tanque-vertical-para-enfriamiento-de-leche-Refritanques-RB-S.A.S..jpg 160w, https:\/\/www.agromundo.co\/blog\/wp-content\/uploads\/2015\/07\/Tanque-vertical-para-enfriamiento-de-leche-Refritanques-RB-S.A.S.-150x150.jpg 150w\" sizes=\"(max-width: 120px) 100vw, 120px\" \/><\/a><p id=\"caption-attachment-4251\" class=\"wp-caption-text\">Tanque vertical para enfriamiento de leche Refritanques RB S.A.S.<\/p><\/div>\n<p>Nota patrocinada por:<\/p>\n<div id=\"attachment_4521\" style=\"width: 130px\" class=\"wp-caption alignnone\"><a href=\"http:\/\/www.agromundo.co\/aqua-fan-sas.html\" target=\"_blank\"><img aria-describedby=\"caption-attachment-4521\" loading=\"lazy\" class=\"wp-image-4521\" src=\"http:\/\/www.agromundo.co\/blog\/wp-content\/uploads\/2015\/10\/Ventilador-con-agua.jpg\" alt=\"Ventilador con agua\" width=\"120\" height=\"120\" srcset=\"https:\/\/www.agromundo.co\/blog\/wp-content\/uploads\/2015\/10\/Ventilador-con-agua.jpg 160w, https:\/\/www.agromundo.co\/blog\/wp-content\/uploads\/2015\/10\/Ventilador-con-agua-150x150.jpg 150w\" sizes=\"(max-width: 120px) 100vw, 120px\" \/><\/a><p id=\"caption-attachment-4521\" class=\"wp-caption-text\">Ventilador con atomizador de agua Aquafan<\/p><\/div>\n","protected":false},"excerpt":{"rendered":"<p>Foto: Fedeg\u00e1n. M\u00e1s de 14.000 ganaderos colombianos ser\u00e1n beneficiados con transferencias tecnol\u00f3gicas aplicables a temas de nutrici\u00f3n. En el departamento de Cundinamarca, ser\u00e1n 840 los ganaderos que asistir\u00e1n a las capacitaciones. Las Brigadas Tecnol\u00f3gicas Ganaderas (BTG), est\u00e1n compuestas por cuatro componentes: elaboraci\u00f3n de bloques multinutricionales, ensilaje, henificaci\u00f3n y rotaci\u00f3n de praderas.\u00a0Los ganaderos que son capacitados\u00a0aprenden [&hellip;]<\/p>\n","protected":false},"author":1,"featured_media":4525,"comment_status":"open","ping_status":"open","sticky":false,"template":"","format":"standard","meta":[],"categories":[22,3,18,6],"tags":[1419,2397,1405,1645,1663],"yoast_head":"<!-- This site is optimized with the Yoast SEO plugin v17.3 - https:\/\/yoast.com\/wordpress\/plugins\/seo\/ -->\n<meta name=\"description\" content=\"Brigadas Tecnol\u00f3gicas Ganaderas. Instrumentos de capacitaci\u00f3n de ganaderos para preparaci\u00f3n a condiciones clim\u00e1ticas adversas.\" \/>\n<meta name=\"robots\" content=\"index, follow, max-snippet:-1, max-image-preview:large, max-video-preview:-1\" \/>\n<meta property=\"og:locale\" content=\"es_ES\" \/>\n<meta property=\"og:type\" content=\"article\" \/>\n<meta property=\"og:title\" content=\"Brigadas Tecnol\u00f3gicas Ganaderas. Capacitaciones - Notiagro\" \/>\n<meta property=\"og:description\" content=\"Brigadas Tecnol\u00f3gicas Ganaderas. Instrumentos de capacitaci\u00f3n de ganaderos para preparaci\u00f3n a condiciones clim\u00e1ticas adversas.\" \/>\n<meta property=\"og:site_name\" content=\"Notiagro\" \/>\n<meta property=\"article:published_time\" content=\"2015-10-13T14:52:07+00:00\" \/>\n<meta property=\"og:image\" content=\"https:\/\/www.agromundo.co\/blog\/wp-content\/uploads\/2015\/10\/Brigadas.jpg\" \/>\n\t<meta property=\"og:image:width\" content=\"300\" \/>\n\t<meta property=\"og:image:height\" content=\"205\" \/>\n<meta name=\"twitter:label1\" content=\"Escrito por\" \/>\n\t<meta name=\"twitter:data1\" content=\"admin\" \/>\n\t<meta name=\"twitter:label2\" content=\"Tiempo de lectura\" \/>\n\t<meta name=\"twitter:data2\" content=\"3 minutos\" \/>\n<script type=\"application\/ld+json\" class=\"yoast-schema-graph\">{\"@context\":\"https:\/\/schema.org\",\"@graph\":[{\"@type\":\"WebSite\",\"@id\":\"https:\/\/www.agromundo.co\/blog\/#website\",\"url\":\"https:\/\/www.agromundo.co\/blog\/\",\"name\":\"Notiagro\",\"description\":\"Noticias y eventos sector agropecuario colombiano\",\"potentialAction\":[{\"@type\":\"SearchAction\",\"target\":{\"@type\":\"EntryPoint\",\"urlTemplate\":\"https:\/\/www.agromundo.co\/blog\/?s={search_term_string}\"},\"query-input\":\"required name=search_term_string\"}],\"inLanguage\":\"es\"},{\"@type\":\"ImageObject\",\"@id\":\"#primaryimage\",\"inLanguage\":\"es\",\"url\":\"https:\/\/www.agromundo.co\/blog\/wp-content\/uploads\/2015\/10\/Brigadas.jpg\",\"contentUrl\":\"https:\/\/www.agromundo.co\/blog\/wp-content\/uploads\/2015\/10\/Brigadas.jpg\",\"width\":300,\"height\":205},{\"@type\":\"WebPage\",\"@id\":\"#webpage\",\"url\":null,\"name\":\"Brigadas Tecnol\\u00f3gicas Ganaderas. Capacitaciones - Notiagro\",\"isPartOf\":{\"@id\":\"https:\/\/www.agromundo.co\/blog\/#website\"},\"primaryImageOfPage\":{\"@id\":\"#primaryimage\"},\"datePublished\":\"2015-10-13T14:52:07+00:00\",\"dateModified\":\"2015-10-13T14:52:07+00:00\",\"author\":{\"@id\":\"https:\/\/www.agromundo.co\/blog\/#\/schema\/person\/3e07d858c3c7a93ebf4ad3785559d35d\"},\"description\":\"Brigadas Tecnol\\u00f3gicas Ganaderas. Instrumentos de capacitaci\\u00f3n de ganaderos para preparaci\\u00f3n a condiciones clim\\u00e1ticas adversas.\",\"breadcrumb\":{\"@id\":\"#breadcrumb\"},\"inLanguage\":\"es\",\"potentialAction\":[{\"@type\":\"ReadAction\",\"target\":[null]}]},{\"@type\":\"BreadcrumbList\",\"@id\":\"#breadcrumb\",\"itemListElement\":[{\"@type\":\"ListItem\",\"position\":1,\"name\":\"Portada\",\"item\":\"https:\/\/www.agromundo.co\/blog\/\"},{\"@type\":\"ListItem\",\"position\":2,\"name\":\"Brigadas Tecnol\\u00f3gicas Ganaderas. Capacitaciones\"}]},{\"@type\":\"Person\",\"@id\":\"https:\/\/www.agromundo.co\/blog\/#\/schema\/person\/3e07d858c3c7a93ebf4ad3785559d35d\",\"name\":\"admin\",\"image\":{\"@type\":\"ImageObject\",\"@id\":\"https:\/\/www.agromundo.co\/blog\/#personlogo\",\"inLanguage\":\"es\",\"url\":\"https:\/\/secure.gravatar.com\/avatar\/f990c4c6d966ea7f7bec9cc10bcda5ce?s=96&d=mm&r=g\",\"contentUrl\":\"https:\/\/secure.gravatar.com\/avatar\/f990c4c6d966ea7f7bec9cc10bcda5ce?s=96&d=mm&r=g\",\"caption\":\"admin\"},\"url\":\"https:\/\/www.agromundo.co\/blog\/author\/admin\/\"}]}<\/script>\n<!-- \/ Yoast SEO plugin. -->","yoast_head_json":{"description":"Brigadas Tecnol\u00f3gicas Ganaderas. Instrumentos de capacitaci\u00f3n de ganaderos para preparaci\u00f3n a condiciones clim\u00e1ticas adversas.","robots":{"index":"index","follow":"follow","max-snippet":"max-snippet:-1","max-image-preview":"max-image-preview:large","max-video-preview":"max-video-preview:-1"},"og_locale":"es_ES","og_type":"article","og_title":"Brigadas Tecnol\u00f3gicas Ganaderas. Capacitaciones - Notiagro","og_description":"Brigadas Tecnol\u00f3gicas Ganaderas. Instrumentos de capacitaci\u00f3n de ganaderos para preparaci\u00f3n a condiciones clim\u00e1ticas adversas.","og_site_name":"Notiagro","article_published_time":"2015-10-13T14:52:07+00:00","og_image":[{"width":300,"height":205,"url":"https:\/\/www.agromundo.co\/blog\/wp-content\/uploads\/2015\/10\/Brigadas.jpg","type":"image\/jpeg"}],"twitter_misc":{"Escrito por":"admin","Tiempo de lectura":"3 minutos"},"schema":{"@context":"https:\/\/schema.org","@graph":[{"@type":"WebSite","@id":"https:\/\/www.agromundo.co\/blog\/#website","url":"https:\/\/www.agromundo.co\/blog\/","name":"Notiagro","description":"Noticias y eventos sector agropecuario colombiano","potentialAction":[{"@type":"SearchAction","target":{"@type":"EntryPoint","urlTemplate":"https:\/\/www.agromundo.co\/blog\/?s={search_term_string}"},"query-input":"required name=search_term_string"}],"inLanguage":"es"},{"@type":"ImageObject","@id":"#primaryimage","inLanguage":"es","url":"https:\/\/www.agromundo.co\/blog\/wp-content\/uploads\/2015\/10\/Brigadas.jpg","contentUrl":"https:\/\/www.agromundo.co\/blog\/wp-content\/uploads\/2015\/10\/Brigadas.jpg","width":300,"height":205},{"@type":"WebPage","@id":"#webpage","url":null,"name":"Brigadas Tecnol\u00f3gicas Ganaderas. Capacitaciones - Notiagro","isPartOf":{"@id":"https:\/\/www.agromundo.co\/blog\/#website"},"primaryImageOfPage":{"@id":"#primaryimage"},"datePublished":"2015-10-13T14:52:07+00:00","dateModified":"2015-10-13T14:52:07+00:00","author":{"@id":"https:\/\/www.agromundo.co\/blog\/#\/schema\/person\/3e07d858c3c7a93ebf4ad3785559d35d"},"description":"Brigadas Tecnol\u00f3gicas Ganaderas. Instrumentos de capacitaci\u00f3n de ganaderos para preparaci\u00f3n a condiciones clim\u00e1ticas adversas.","breadcrumb":{"@id":"#breadcrumb"},"inLanguage":"es","potentialAction":[{"@type":"ReadAction","target":[null]}]},{"@type":"BreadcrumbList","@id":"#breadcrumb","itemListElement":[{"@type":"ListItem","position":1,"name":"Portada","item":"https:\/\/www.agromundo.co\/blog\/"},{"@type":"ListItem","position":2,"name":"Brigadas Tecnol\u00f3gicas Ganaderas. Capacitaciones"}]},{"@type":"Person","@id":"https:\/\/www.agromundo.co\/blog\/#\/schema\/person\/3e07d858c3c7a93ebf4ad3785559d35d","name":"admin","image":{"@type":"ImageObject","@id":"https:\/\/www.agromundo.co\/blog\/#personlogo","inLanguage":"es","url":"https:\/\/secure.gravatar.com\/avatar\/f990c4c6d966ea7f7bec9cc10bcda5ce?s=96&d=mm&r=g","contentUrl":"https:\/\/secure.gravatar.com\/avatar\/f990c4c6d966ea7f7bec9cc10bcda5ce?s=96&d=mm&r=g","caption":"admin"},"url":"https:\/\/www.agromundo.co\/blog\/author\/admin\/"}]}},"_links":{"self":[{"href":"https:\/\/www.agromundo.co\/blog\/wp-json\/wp\/v2\/posts\/4524"}],"collection":[{"href":"https:\/\/www.agromundo.co\/blog\/wp-json\/wp\/v2\/posts"}],"about":[{"href":"https:\/\/www.agromundo.co\/blog\/wp-json\/wp\/v2\/types\/post"}],"author":[{"embeddable":true,"href":"https:\/\/www.agromundo.co\/blog\/wp-json\/wp\/v2\/users\/1"}],"replies":[{"embeddable":true,"href":"https:\/\/www.agromundo.co\/blog\/wp-json\/wp\/v2\/comments?post=4524"}],"version-history":[{"count":1,"href":"https:\/\/www.agromundo.co\/blog\/wp-json\/wp\/v2\/posts\/4524\/revisions"}],"predecessor-version":[{"id":4526,"href":"https:\/\/www.agromundo.co\/blog\/wp-json\/wp\/v2\/posts\/4524\/revisions\/4526"}],"wp:featuredmedia":[{"embeddable":true,"href":"https:\/\/www.agromundo.co\/blog\/wp-json\/wp\/v2\/media\/4525"}],"wp:attachment":[{"href":"https:\/\/www.agromundo.co\/blog\/wp-json\/wp\/v2\/media?parent=4524"}],"wp:term":[{"taxonomy":"category","embeddable":true,"href":"https:\/\/www.agromundo.co\/blog\/wp-json\/wp\/v2\/categories?post=4524"},{"taxonomy":"post_tag","embeddable":true,"href":"https:\/\/www.agromundo.co\/blog\/wp-json\/wp\/v2\/tags?post=4524"}],"curies":[{"name":"wp","href":"https:\/\/api.w.org\/{rel}","templated":true}]}}