{"id":4574,"date":"2015-10-29T15:11:25","date_gmt":"2015-10-29T15:11:25","guid":{"rendered":"http:\/\/www.agromundo.co\/blog\/?p=4574"},"modified":"2015-10-29T15:11:25","modified_gmt":"2015-10-29T15:11:25","slug":"seminario-carnico-bovino","status":"publish","type":"post","link":"https:\/\/www.agromundo.co\/blog\/seminario-carnico-bovino\/","title":{"rendered":"Seminario c\u00e1rnico bovino"},"content":{"rendered":"<p><a href=\"http:\/\/www.agromundo.co\/blog\/wp-content\/uploads\/2015\/10\/Seminario.jpg\"><img loading=\"lazy\" class=\"alignnone size-full wp-image-4575\" src=\"http:\/\/www.agromundo.co\/blog\/wp-content\/uploads\/2015\/10\/Seminario.jpg\" alt=\"Seminario\" width=\"300\" height=\"205\" \/><\/a><\/p>\n<p>&nbsp;<\/p>\n<p>Seminario c\u00e1rnico bovino<\/p>\n<p>Foto: CONtexto ganadero.<\/p>\n<ul>\n<li><em>Durante 2 d\u00edas la ciudad de Bucaramanga acoger\u00e1 a los actores que hacen parte de la cadena c\u00e1rnica colombiana en un espacio al que se encuentran invitados todos los interesados en conocer el panorama del sector y las estrategias para su desarrollo. La entrada ser\u00e1 gratuita pero los cupos son limitados.<\/em><\/li>\n<\/ul>\n<p>La Federaci\u00f3n Colombiana de Ganaderos (Fedeg\u00e1n), por medio del Fondo de Estabilizaci\u00f3n para el Fomento de la carne, leche y sus derivados (FEP), ya tiene todo preparado para realizar el III Seminario Internacional del Sector C\u00e1rnico Bovino.<\/p>\n<p>El evento se realizar\u00e1 durante los d\u00edas 18 y 19 de noviembre en la ciudad de Bucaramanga, capital del departamento de Santander, uno de los de mayor tradici\u00f3n agropecuaria del pa\u00eds.<\/p>\n<p>De acuerdo con sus organizadores, el Seminario se presenta como un escenario donde confluir\u00e1n los actores que hacen parte de la cadena c\u00e1rnica colombiana, quienes podr\u00e1n conocer los logros y los aprendizajes alcanzados, as\u00ed como las estrategias definidas por los pa\u00edses que se han consolidado como los protagonistas del comercio mundial de la carne.<\/p>\n<p>Al igual que en las versiones anteriores,\u00a0se pretende que sea este espacio, aquel en el que todos sus participantes aporten ideas para la construcci\u00f3n conjunta de estrategias y objetivos que permitan definir los lineamientos para la superaci\u00f3n de los desaf\u00edos que impone un entorno econ\u00f3mico y comercial cada vez m\u00e1s globalizado.<\/p>\n<p>El ingreso al evento es totalmente gratuita, sin embargo solamente se dispone de 400 cupos, por lo que se invita a los interesados a que reserven sus cupos y no corran el riesgo de quedar por fuera.<\/p>\n<p>Se tiene prevista la participaci\u00f3n de conferencistas internacionales y destacados del \u00e1mbito nacional, quienes por su trayectoria tienen mucho que plantearles a quienes acudan al sal\u00f3n dorado del Hotel Holiday Inn, localizado en la transversal oriental con calle 93 de la ciudad de Bucaramanga.<\/p>\n<p>El proceso para el registro y la consecuci\u00f3n de un cupo en el III Seminario Internacional del sector c\u00e1rnico bovino es sencillo. Todo lo que usted debe realizar es<a href=\"http:\/\/seminariointernacionalcarnico.fedegan.org.co\/proyectos\/seminario\/index.php?r=user\/registration\" target=\"_blank\">\u00a0ingresar a este enlace\u00a0<\/a>y suministrar la informaci\u00f3n solicitada.<\/p>\n<p>Es importante precisar que la organizaci\u00f3n del evento no tiene convenio alguno con hoteles, por lo que\u00a0los interesados en viajar a Bucaramanga, lo mejor es que realicen las gestiones de alojamiento lo m\u00e1s pronto posible, ante la magnitud del certamen que concita a un importante n\u00famero de visitantes.<\/p>\n<p>Igualmente, es importante tener en cuenta que no se entregar\u00e1n certificados de participaci\u00f3n o acad\u00e9micos a quienes asistan el 18 y 19 de noviembre al Seminario, que se realiza con el apoyo del Ministerio de Agricultura y desarrollo Rural, la Federaci\u00f3n de Ganaderos de Santander (Fedegas\u00e1n) y el Ministerio de Comercio Industria y Turismo.<\/p>\n<p>&nbsp;<\/p>\n<p>Fuente: Adaptado de CONtexto Ganadero.<\/p>\n<div id=\"attachment_4255\" style=\"width: 168px\" class=\"wp-caption alignright\"><a href=\"http:\/\/www.agromundo.co\/basculas-prometalicos-sa.html\" target=\"_blank\"><img aria-describedby=\"caption-attachment-4255\" loading=\"lazy\" class=\"wp-image-4255\" src=\"http:\/\/www.agromundo.co\/blog\/wp-content\/uploads\/2015\/07\/B\u00e1scula-ganadera-electromec\u00e1nica-Promet\u00e1licos..jpg\" alt=\"B\u00e1scula ganadera electromec\u00e1nica Promet\u00e1licos.\" width=\"158\" height=\"130\" \/><\/a><p id=\"caption-attachment-4255\" class=\"wp-caption-text\">B\u00e1scula ganadera electromec\u00e1nica Promet\u00e1licos.<\/p><\/div>\n<p>Nota patrocinada por:<\/p>\n<div id=\"attachment_4521\" style=\"width: 130px\" class=\"wp-caption alignnone\"><a href=\"http:\/\/www.agromundo.co\/aqua-fan-sas.html\" target=\"_blank\"><img aria-describedby=\"caption-attachment-4521\" loading=\"lazy\" class=\"wp-image-4521\" src=\"http:\/\/www.agromundo.co\/blog\/wp-content\/uploads\/2015\/10\/Ventilador-con-agua.jpg\" alt=\"Ventilador con agua\" width=\"120\" height=\"120\" srcset=\"https:\/\/www.agromundo.co\/blog\/wp-content\/uploads\/2015\/10\/Ventilador-con-agua.jpg 160w, https:\/\/www.agromundo.co\/blog\/wp-content\/uploads\/2015\/10\/Ventilador-con-agua-150x150.jpg 150w\" sizes=\"(max-width: 120px) 100vw, 120px\" \/><\/a><p id=\"caption-attachment-4521\" class=\"wp-caption-text\">Ventilador con atomizador de agua Aquafan<\/p><\/div>\n","protected":false},"excerpt":{"rendered":"<p>&nbsp; Seminario c\u00e1rnico bovino Foto: CONtexto ganadero. Durante 2 d\u00edas la ciudad de Bucaramanga acoger\u00e1 a los actores que hacen parte de la cadena c\u00e1rnica colombiana en un espacio al que se encuentran invitados todos los interesados en conocer el panorama del sector y las estrategias para su desarrollo. La entrada ser\u00e1 gratuita pero los [&hellip;]<\/p>\n","protected":false},"author":1,"featured_media":4575,"comment_status":"open","ping_status":"open","sticky":false,"template":"","format":"standard","meta":[],"categories":[22,3,18,6],"tags":[2428,321,784,1066,2427],"yoast_head":"<!-- This site is optimized with the Yoast SEO plugin v17.3 - https:\/\/yoast.com\/wordpress\/plugins\/seo\/ -->\n<meta name=\"description\" content=\"El III Seminario C\u00e1rnico Bovino se realizar\u00e1 el 18 y 19 de noviembre de 2015 en Bucaramanga.\" \/>\n<meta name=\"robots\" content=\"index, follow, max-snippet:-1, max-image-preview:large, max-video-preview:-1\" \/>\n<meta property=\"og:locale\" content=\"es_ES\" \/>\n<meta property=\"og:type\" content=\"article\" \/>\n<meta property=\"og:title\" content=\"Seminario c\u00e1rnico bovino - Notiagro\" \/>\n<meta property=\"og:description\" content=\"El III Seminario C\u00e1rnico Bovino se realizar\u00e1 el 18 y 19 de noviembre de 2015 en Bucaramanga.\" \/>\n<meta property=\"og:site_name\" content=\"Notiagro\" \/>\n<meta property=\"article:published_time\" content=\"2015-10-29T15:11:25+00:00\" \/>\n<meta property=\"og:image\" content=\"http:\/\/www.agromundo.co\/blog\/wp-content\/uploads\/2015\/10\/Seminario.jpg\" \/>\n\t<meta property=\"og:image:width\" content=\"300\" \/>\n\t<meta property=\"og:image:height\" content=\"205\" \/>\n<meta name=\"twitter:label1\" content=\"Escrito por\" \/>\n\t<meta name=\"twitter:data1\" content=\"admin\" \/>\n\t<meta name=\"twitter:label2\" content=\"Tiempo de lectura\" \/>\n\t<meta name=\"twitter:data2\" content=\"3 minutos\" \/>\n<script type=\"application\/ld+json\" class=\"yoast-schema-graph\">{\"@context\":\"https:\/\/schema.org\",\"@graph\":[{\"@type\":\"WebSite\",\"@id\":\"https:\/\/www.agromundo.co\/blog\/#website\",\"url\":\"https:\/\/www.agromundo.co\/blog\/\",\"name\":\"Notiagro\",\"description\":\"Noticias y eventos sector agropecuario colombiano\",\"potentialAction\":[{\"@type\":\"SearchAction\",\"target\":{\"@type\":\"EntryPoint\",\"urlTemplate\":\"https:\/\/www.agromundo.co\/blog\/?s={search_term_string}\"},\"query-input\":\"required name=search_term_string\"}],\"inLanguage\":\"es\"},{\"@type\":\"ImageObject\",\"@id\":\"#primaryimage\",\"inLanguage\":\"es\",\"url\":\"https:\/\/www.agromundo.co\/blog\/wp-content\/uploads\/2015\/10\/Seminario.jpg\",\"contentUrl\":\"https:\/\/www.agromundo.co\/blog\/wp-content\/uploads\/2015\/10\/Seminario.jpg\",\"width\":300,\"height\":205},{\"@type\":\"WebPage\",\"@id\":\"#webpage\",\"url\":null,\"name\":\"Seminario c\\u00e1rnico bovino - Notiagro\",\"isPartOf\":{\"@id\":\"https:\/\/www.agromundo.co\/blog\/#website\"},\"primaryImageOfPage\":{\"@id\":\"#primaryimage\"},\"datePublished\":\"2015-10-29T15:11:25+00:00\",\"dateModified\":\"2015-10-29T15:11:25+00:00\",\"author\":{\"@id\":\"https:\/\/www.agromundo.co\/blog\/#\/schema\/person\/3e07d858c3c7a93ebf4ad3785559d35d\"},\"description\":\"El III Seminario C\\u00e1rnico Bovino se realizar\\u00e1 el 18 y 19 de noviembre de 2015 en Bucaramanga.\",\"breadcrumb\":{\"@id\":\"#breadcrumb\"},\"inLanguage\":\"es\",\"potentialAction\":[{\"@type\":\"ReadAction\",\"target\":[null]}]},{\"@type\":\"BreadcrumbList\",\"@id\":\"#breadcrumb\",\"itemListElement\":[{\"@type\":\"ListItem\",\"position\":1,\"name\":\"Portada\",\"item\":\"https:\/\/www.agromundo.co\/blog\/\"},{\"@type\":\"ListItem\",\"position\":2,\"name\":\"Seminario c\\u00e1rnico bovino\"}]},{\"@type\":\"Person\",\"@id\":\"https:\/\/www.agromundo.co\/blog\/#\/schema\/person\/3e07d858c3c7a93ebf4ad3785559d35d\",\"name\":\"admin\",\"image\":{\"@type\":\"ImageObject\",\"@id\":\"https:\/\/www.agromundo.co\/blog\/#personlogo\",\"inLanguage\":\"es\",\"url\":\"https:\/\/secure.gravatar.com\/avatar\/f990c4c6d966ea7f7bec9cc10bcda5ce?s=96&d=mm&r=g\",\"contentUrl\":\"https:\/\/secure.gravatar.com\/avatar\/f990c4c6d966ea7f7bec9cc10bcda5ce?s=96&d=mm&r=g\",\"caption\":\"admin\"},\"url\":\"https:\/\/www.agromundo.co\/blog\/author\/admin\/\"}]}<\/script>\n<!-- \/ Yoast SEO plugin. -->","yoast_head_json":{"description":"El III Seminario C\u00e1rnico Bovino se realizar\u00e1 el 18 y 19 de noviembre de 2015 en Bucaramanga.","robots":{"index":"index","follow":"follow","max-snippet":"max-snippet:-1","max-image-preview":"max-image-preview:large","max-video-preview":"max-video-preview:-1"},"og_locale":"es_ES","og_type":"article","og_title":"Seminario c\u00e1rnico bovino - Notiagro","og_description":"El III Seminario C\u00e1rnico Bovino se realizar\u00e1 el 18 y 19 de noviembre de 2015 en Bucaramanga.","og_site_name":"Notiagro","article_published_time":"2015-10-29T15:11:25+00:00","og_image":[{"width":300,"height":205,"url":"http:\/\/www.agromundo.co\/blog\/wp-content\/uploads\/2015\/10\/Seminario.jpg","type":"image\/jpeg"}],"twitter_misc":{"Escrito por":"admin","Tiempo de lectura":"3 minutos"},"schema":{"@context":"https:\/\/schema.org","@graph":[{"@type":"WebSite","@id":"https:\/\/www.agromundo.co\/blog\/#website","url":"https:\/\/www.agromundo.co\/blog\/","name":"Notiagro","description":"Noticias y eventos sector agropecuario colombiano","potentialAction":[{"@type":"SearchAction","target":{"@type":"EntryPoint","urlTemplate":"https:\/\/www.agromundo.co\/blog\/?s={search_term_string}"},"query-input":"required name=search_term_string"}],"inLanguage":"es"},{"@type":"ImageObject","@id":"#primaryimage","inLanguage":"es","url":"https:\/\/www.agromundo.co\/blog\/wp-content\/uploads\/2015\/10\/Seminario.jpg","contentUrl":"https:\/\/www.agromundo.co\/blog\/wp-content\/uploads\/2015\/10\/Seminario.jpg","width":300,"height":205},{"@type":"WebPage","@id":"#webpage","url":null,"name":"Seminario c\u00e1rnico bovino - Notiagro","isPartOf":{"@id":"https:\/\/www.agromundo.co\/blog\/#website"},"primaryImageOfPage":{"@id":"#primaryimage"},"datePublished":"2015-10-29T15:11:25+00:00","dateModified":"2015-10-29T15:11:25+00:00","author":{"@id":"https:\/\/www.agromundo.co\/blog\/#\/schema\/person\/3e07d858c3c7a93ebf4ad3785559d35d"},"description":"El III Seminario C\u00e1rnico Bovino se realizar\u00e1 el 18 y 19 de noviembre de 2015 en Bucaramanga.","breadcrumb":{"@id":"#breadcrumb"},"inLanguage":"es","potentialAction":[{"@type":"ReadAction","target":[null]}]},{"@type":"BreadcrumbList","@id":"#breadcrumb","itemListElement":[{"@type":"ListItem","position":1,"name":"Portada","item":"https:\/\/www.agromundo.co\/blog\/"},{"@type":"ListItem","position":2,"name":"Seminario c\u00e1rnico bovino"}]},{"@type":"Person","@id":"https:\/\/www.agromundo.co\/blog\/#\/schema\/person\/3e07d858c3c7a93ebf4ad3785559d35d","name":"admin","image":{"@type":"ImageObject","@id":"https:\/\/www.agromundo.co\/blog\/#personlogo","inLanguage":"es","url":"https:\/\/secure.gravatar.com\/avatar\/f990c4c6d966ea7f7bec9cc10bcda5ce?s=96&d=mm&r=g","contentUrl":"https:\/\/secure.gravatar.com\/avatar\/f990c4c6d966ea7f7bec9cc10bcda5ce?s=96&d=mm&r=g","caption":"admin"},"url":"https:\/\/www.agromundo.co\/blog\/author\/admin\/"}]}},"_links":{"self":[{"href":"https:\/\/www.agromundo.co\/blog\/wp-json\/wp\/v2\/posts\/4574"}],"collection":[{"href":"https:\/\/www.agromundo.co\/blog\/wp-json\/wp\/v2\/posts"}],"about":[{"href":"https:\/\/www.agromundo.co\/blog\/wp-json\/wp\/v2\/types\/post"}],"author":[{"embeddable":true,"href":"https:\/\/www.agromundo.co\/blog\/wp-json\/wp\/v2\/users\/1"}],"replies":[{"embeddable":true,"href":"https:\/\/www.agromundo.co\/blog\/wp-json\/wp\/v2\/comments?post=4574"}],"version-history":[{"count":2,"href":"https:\/\/www.agromundo.co\/blog\/wp-json\/wp\/v2\/posts\/4574\/revisions"}],"predecessor-version":[{"id":4577,"href":"https:\/\/www.agromundo.co\/blog\/wp-json\/wp\/v2\/posts\/4574\/revisions\/4577"}],"wp:featuredmedia":[{"embeddable":true,"href":"https:\/\/www.agromundo.co\/blog\/wp-json\/wp\/v2\/media\/4575"}],"wp:attachment":[{"href":"https:\/\/www.agromundo.co\/blog\/wp-json\/wp\/v2\/media?parent=4574"}],"wp:term":[{"taxonomy":"category","embeddable":true,"href":"https:\/\/www.agromundo.co\/blog\/wp-json\/wp\/v2\/categories?post=4574"},{"taxonomy":"post_tag","embeddable":true,"href":"https:\/\/www.agromundo.co\/blog\/wp-json\/wp\/v2\/tags?post=4574"}],"curies":[{"name":"wp","href":"https:\/\/api.w.org\/{rel}","templated":true}]}}