{"id":4675,"date":"2015-12-04T14:51:38","date_gmt":"2015-12-04T14:51:38","guid":{"rendered":"http:\/\/www.agromundo.co\/blog\/?p=4675"},"modified":"2015-12-04T14:51:38","modified_gmt":"2015-12-04T14:51:38","slug":"feria-ganadera-de-yopal","status":"publish","type":"post","link":"https:\/\/www.agromundo.co\/blog\/feria-ganadera-de-yopal\/","title":{"rendered":"Feria ganadera de Yopal"},"content":{"rendered":"<p><a href=\"http:\/\/www.agromundo.co\/blog\/wp-content\/uploads\/2015\/12\/Yopal.jpg\"><img loading=\"lazy\" class=\"alignnone size-full wp-image-4676\" src=\"http:\/\/www.agromundo.co\/blog\/wp-content\/uploads\/2015\/12\/Yopal.jpg\" alt=\"Yopal\" width=\"300\" height=\"205\" \/><\/a><\/p>\n<p>Foto: Cortes\u00eda.<\/p>\n<ul>\n<li><em>Con la participaci\u00f3n de m\u00e1s de 500 ejemplares procedentes de Casanare, Santander, Antioquia, Cundinamarca, Meta y Arauca, el pr\u00f3ximo 11 de diciembre se dar\u00e1 inicio a una nueva edici\u00f3n del tradicional evento. Los organizadores esperan $1.000 millones en transacciones<\/em><em>.<\/em><\/li>\n<\/ul>\n<p>Feria ganadera de Yopal<\/p>\n<p>M\u00e1s de 5.000 personas asistentes, presencia de por lo menos 500 bovinos y transacciones que superen los $1.000 millones durante los d\u00edas del evento, son algunas de las expectativas del Comit\u00e9 Regional de Ganaderos de Yopal, organismo que est\u00e1 convocando a los productores de la regi\u00f3n a participar en la XIII Feria Ganadera de la poblaci\u00f3n.<\/p>\n<p>El evento, que se realizar\u00e1 durante los d\u00edas 11, 12 y 13 de diciembre, contar\u00e1 con la participaci\u00f3n de productores procedentes de Casanare, Santander, Antioquia, Cundinamarca, Meta y Arauca, quienes presentar\u00e1n sus mejores ejemplares.<\/p>\n<p>El director ejecutivo del gremio local,\u00a0 Marco Corredor Corredor, quien ha estado al frente de la log\u00edstica de la feria, se mostr\u00f3 muy sorprendido con la respuesta de la gente, ya que a su juicio, se encuentra muy motivada y expectante con lo que ocurrir\u00e1 en los 3 d\u00edas del certamen.<\/p>\n<p>Apunt\u00f3 el dirigente que han contado con la cooperaci\u00f3n de comerciantes que han donado elementos para el embellecimiento del recinto. Tambi\u00e9n lo han hecho los ganaderos, porque se quiere tener el lugar con la mejor presentaci\u00f3n posible, a pesar de su peque\u00f1o tama\u00f1o y sus m\u00e1s de 20 a\u00f1os de antig\u00fcedad.<\/p>\n<p>Destac\u00f3 Corredor Corredor el buen momento que atraviesa la ganader\u00eda regional en materia comercial, ya que ante las dif\u00edciles condiciones de otras regiones, los productores ganaderos casanare\u00f1os han sido los encargados de suministrar bovinos a los comerciantes, lo que ha generado buenos precios para los cebadores y quienes se dedican al levante.<\/p>\n<p>Agreg\u00f3 que indiscutiblemente la feria es un gran dinamizador de la econom\u00eda de la regi\u00f3n. Habr\u00e1 gran cantidad de personas del Casanare y de otras regiones del pa\u00eds, por lo que las oportunidades de negocios ser\u00e1n latentes puesto que Yopal tiene el prestigio de ser una gran vitrina vendedora de animales.<\/p>\n<p>Adem\u00e1s de las muestras, exhibiciones, juzgamientos y remates de animales, los organizadores han programado una serie de conferencias, con el fin de actualizar a los productores asistentes. El evento se llevar\u00e1 a cabo en el recinto ferial de la ciudad, localizado en la Calle 30 con Carrera 21 de esa ciudad.<\/p>\n<p>&nbsp;<\/p>\n<p>Fuente: Adaptado de CONtexto Ganadero.<\/p>\n<div id=\"attachment_4646\" style=\"width: 130px\" class=\"wp-caption alignright\"><a href=\"http:\/\/www.agromundo.co\/plastigoma-pisos-de-caucho.html\"><img aria-describedby=\"caption-attachment-4646\" loading=\"lazy\" class=\"wp-image-4646\" src=\"http:\/\/www.agromundo.co\/blog\/wp-content\/uploads\/2015\/11\/Pisos-antideslizantes-para-transporte-de-animales.jpg\" alt=\"Pisos antideslizantes para transporte de animales Plastigoma\" width=\"120\" height=\"120\" srcset=\"https:\/\/www.agromundo.co\/blog\/wp-content\/uploads\/2015\/11\/Pisos-antideslizantes-para-transporte-de-animales.jpg 160w, https:\/\/www.agromundo.co\/blog\/wp-content\/uploads\/2015\/11\/Pisos-antideslizantes-para-transporte-de-animales-150x150.jpg 150w\" sizes=\"(max-width: 120px) 100vw, 120px\" \/><\/a><p id=\"caption-attachment-4646\" class=\"wp-caption-text\">Pisos antideslizantes para transporte de animales Plastigoma<\/p><\/div>\n<p>Nota patrocinada por:<\/p>\n<div id=\"attachment_4409\" style=\"width: 130px\" class=\"wp-caption alignnone\"><a href=\"http:\/\/www.agromundo.co\/aqua-fan-sas.html\" target=\"_blank\"><img aria-describedby=\"caption-attachment-4409\" loading=\"lazy\" class=\"wp-image-4409\" src=\"http:\/\/www.agromundo.co\/blog\/wp-content\/uploads\/2015\/09\/Ventilador-aspersor-de-agua-Aquafan.jpg\" alt=\"Ventilador aspersor de agua Aquafan\" width=\"120\" height=\"120\" srcset=\"https:\/\/www.agromundo.co\/blog\/wp-content\/uploads\/2015\/09\/Ventilador-aspersor-de-agua-Aquafan.jpg 160w, https:\/\/www.agromundo.co\/blog\/wp-content\/uploads\/2015\/09\/Ventilador-aspersor-de-agua-Aquafan-150x150.jpg 150w\" sizes=\"(max-width: 120px) 100vw, 120px\" \/><\/a><p id=\"caption-attachment-4409\" class=\"wp-caption-text\">Ventilador aspersor de agua Aquafa<\/p><\/div>\n","protected":false},"excerpt":{"rendered":"<p>Foto: Cortes\u00eda. Con la participaci\u00f3n de m\u00e1s de 500 ejemplares procedentes de Casanare, Santander, Antioquia, Cundinamarca, Meta y Arauca, el pr\u00f3ximo 11 de diciembre se dar\u00e1 inicio a una nueva edici\u00f3n del tradicional evento. Los organizadores esperan $1.000 millones en transacciones. Feria ganadera de Yopal M\u00e1s de 5.000 personas asistentes, presencia de por lo menos [&hellip;]<\/p>\n","protected":false},"author":1,"featured_media":4676,"comment_status":"open","ping_status":"open","sticky":false,"template":"","format":"standard","meta":[],"categories":[22,3,18,6],"tags":[2105,2479,321,496,2480],"yoast_head":"<!-- This site is optimized with the Yoast SEO plugin v17.3 - https:\/\/yoast.com\/wordpress\/plugins\/seo\/ -->\n<meta name=\"description\" content=\"La XIII Feria Ganadera de Yopal se realizar\u00e1 durante los d\u00edas 11, 12 y 13 de diciembre de 2015.\" \/>\n<meta name=\"robots\" content=\"index, follow, max-snippet:-1, max-image-preview:large, max-video-preview:-1\" \/>\n<meta property=\"og:locale\" content=\"es_ES\" \/>\n<meta property=\"og:type\" content=\"article\" \/>\n<meta property=\"og:title\" content=\"Feria ganadera de Yopal - Notiagro\" \/>\n<meta property=\"og:description\" content=\"La XIII Feria Ganadera de Yopal se realizar\u00e1 durante los d\u00edas 11, 12 y 13 de diciembre de 2015.\" \/>\n<meta property=\"og:site_name\" content=\"Notiagro\" \/>\n<meta property=\"article:published_time\" content=\"2015-12-04T14:51:38+00:00\" \/>\n<meta property=\"og:image\" content=\"http:\/\/www.agromundo.co\/blog\/wp-content\/uploads\/2015\/12\/Yopal.jpg\" \/>\n\t<meta property=\"og:image:width\" content=\"300\" \/>\n\t<meta property=\"og:image:height\" content=\"205\" \/>\n<meta name=\"twitter:label1\" content=\"Escrito por\" \/>\n\t<meta name=\"twitter:data1\" content=\"admin\" \/>\n\t<meta name=\"twitter:label2\" content=\"Tiempo de lectura\" \/>\n\t<meta name=\"twitter:data2\" content=\"2 minutos\" \/>\n<script type=\"application\/ld+json\" class=\"yoast-schema-graph\">{\"@context\":\"https:\/\/schema.org\",\"@graph\":[{\"@type\":\"WebSite\",\"@id\":\"https:\/\/www.agromundo.co\/blog\/#website\",\"url\":\"https:\/\/www.agromundo.co\/blog\/\",\"name\":\"Notiagro\",\"description\":\"Noticias y eventos sector agropecuario colombiano\",\"potentialAction\":[{\"@type\":\"SearchAction\",\"target\":{\"@type\":\"EntryPoint\",\"urlTemplate\":\"https:\/\/www.agromundo.co\/blog\/?s={search_term_string}\"},\"query-input\":\"required name=search_term_string\"}],\"inLanguage\":\"es\"},{\"@type\":\"ImageObject\",\"@id\":\"#primaryimage\",\"inLanguage\":\"es\",\"url\":\"https:\/\/www.agromundo.co\/blog\/wp-content\/uploads\/2015\/12\/Yopal.jpg\",\"contentUrl\":\"https:\/\/www.agromundo.co\/blog\/wp-content\/uploads\/2015\/12\/Yopal.jpg\",\"width\":300,\"height\":205},{\"@type\":\"WebPage\",\"@id\":\"#webpage\",\"url\":null,\"name\":\"Feria ganadera de Yopal - Notiagro\",\"isPartOf\":{\"@id\":\"https:\/\/www.agromundo.co\/blog\/#website\"},\"primaryImageOfPage\":{\"@id\":\"#primaryimage\"},\"datePublished\":\"2015-12-04T14:51:38+00:00\",\"dateModified\":\"2015-12-04T14:51:38+00:00\",\"author\":{\"@id\":\"https:\/\/www.agromundo.co\/blog\/#\/schema\/person\/3e07d858c3c7a93ebf4ad3785559d35d\"},\"description\":\"La XIII Feria Ganadera de Yopal se realizar\\u00e1 durante los d\\u00edas 11, 12 y 13 de diciembre de 2015.\",\"breadcrumb\":{\"@id\":\"#breadcrumb\"},\"inLanguage\":\"es\",\"potentialAction\":[{\"@type\":\"ReadAction\",\"target\":[null]}]},{\"@type\":\"BreadcrumbList\",\"@id\":\"#breadcrumb\",\"itemListElement\":[{\"@type\":\"ListItem\",\"position\":1,\"name\":\"Portada\",\"item\":\"https:\/\/www.agromundo.co\/blog\/\"},{\"@type\":\"ListItem\",\"position\":2,\"name\":\"Feria ganadera de Yopal\"}]},{\"@type\":\"Person\",\"@id\":\"https:\/\/www.agromundo.co\/blog\/#\/schema\/person\/3e07d858c3c7a93ebf4ad3785559d35d\",\"name\":\"admin\",\"image\":{\"@type\":\"ImageObject\",\"@id\":\"https:\/\/www.agromundo.co\/blog\/#personlogo\",\"inLanguage\":\"es\",\"url\":\"https:\/\/secure.gravatar.com\/avatar\/f990c4c6d966ea7f7bec9cc10bcda5ce?s=96&d=mm&r=g\",\"contentUrl\":\"https:\/\/secure.gravatar.com\/avatar\/f990c4c6d966ea7f7bec9cc10bcda5ce?s=96&d=mm&r=g\",\"caption\":\"admin\"},\"url\":\"https:\/\/www.agromundo.co\/blog\/author\/admin\/\"}]}<\/script>\n<!-- \/ Yoast SEO plugin. -->","yoast_head_json":{"description":"La XIII Feria Ganadera de Yopal se realizar\u00e1 durante los d\u00edas 11, 12 y 13 de diciembre de 2015.","robots":{"index":"index","follow":"follow","max-snippet":"max-snippet:-1","max-image-preview":"max-image-preview:large","max-video-preview":"max-video-preview:-1"},"og_locale":"es_ES","og_type":"article","og_title":"Feria ganadera de Yopal - Notiagro","og_description":"La XIII Feria Ganadera de Yopal se realizar\u00e1 durante los d\u00edas 11, 12 y 13 de diciembre de 2015.","og_site_name":"Notiagro","article_published_time":"2015-12-04T14:51:38+00:00","og_image":[{"width":300,"height":205,"url":"http:\/\/www.agromundo.co\/blog\/wp-content\/uploads\/2015\/12\/Yopal.jpg","type":"image\/jpeg"}],"twitter_misc":{"Escrito por":"admin","Tiempo de lectura":"2 minutos"},"schema":{"@context":"https:\/\/schema.org","@graph":[{"@type":"WebSite","@id":"https:\/\/www.agromundo.co\/blog\/#website","url":"https:\/\/www.agromundo.co\/blog\/","name":"Notiagro","description":"Noticias y eventos sector agropecuario colombiano","potentialAction":[{"@type":"SearchAction","target":{"@type":"EntryPoint","urlTemplate":"https:\/\/www.agromundo.co\/blog\/?s={search_term_string}"},"query-input":"required name=search_term_string"}],"inLanguage":"es"},{"@type":"ImageObject","@id":"#primaryimage","inLanguage":"es","url":"https:\/\/www.agromundo.co\/blog\/wp-content\/uploads\/2015\/12\/Yopal.jpg","contentUrl":"https:\/\/www.agromundo.co\/blog\/wp-content\/uploads\/2015\/12\/Yopal.jpg","width":300,"height":205},{"@type":"WebPage","@id":"#webpage","url":null,"name":"Feria ganadera de Yopal - Notiagro","isPartOf":{"@id":"https:\/\/www.agromundo.co\/blog\/#website"},"primaryImageOfPage":{"@id":"#primaryimage"},"datePublished":"2015-12-04T14:51:38+00:00","dateModified":"2015-12-04T14:51:38+00:00","author":{"@id":"https:\/\/www.agromundo.co\/blog\/#\/schema\/person\/3e07d858c3c7a93ebf4ad3785559d35d"},"description":"La XIII Feria Ganadera de Yopal se realizar\u00e1 durante los d\u00edas 11, 12 y 13 de diciembre de 2015.","breadcrumb":{"@id":"#breadcrumb"},"inLanguage":"es","potentialAction":[{"@type":"ReadAction","target":[null]}]},{"@type":"BreadcrumbList","@id":"#breadcrumb","itemListElement":[{"@type":"ListItem","position":1,"name":"Portada","item":"https:\/\/www.agromundo.co\/blog\/"},{"@type":"ListItem","position":2,"name":"Feria ganadera de Yopal"}]},{"@type":"Person","@id":"https:\/\/www.agromundo.co\/blog\/#\/schema\/person\/3e07d858c3c7a93ebf4ad3785559d35d","name":"admin","image":{"@type":"ImageObject","@id":"https:\/\/www.agromundo.co\/blog\/#personlogo","inLanguage":"es","url":"https:\/\/secure.gravatar.com\/avatar\/f990c4c6d966ea7f7bec9cc10bcda5ce?s=96&d=mm&r=g","contentUrl":"https:\/\/secure.gravatar.com\/avatar\/f990c4c6d966ea7f7bec9cc10bcda5ce?s=96&d=mm&r=g","caption":"admin"},"url":"https:\/\/www.agromundo.co\/blog\/author\/admin\/"}]}},"_links":{"self":[{"href":"https:\/\/www.agromundo.co\/blog\/wp-json\/wp\/v2\/posts\/4675"}],"collection":[{"href":"https:\/\/www.agromundo.co\/blog\/wp-json\/wp\/v2\/posts"}],"about":[{"href":"https:\/\/www.agromundo.co\/blog\/wp-json\/wp\/v2\/types\/post"}],"author":[{"embeddable":true,"href":"https:\/\/www.agromundo.co\/blog\/wp-json\/wp\/v2\/users\/1"}],"replies":[{"embeddable":true,"href":"https:\/\/www.agromundo.co\/blog\/wp-json\/wp\/v2\/comments?post=4675"}],"version-history":[{"count":1,"href":"https:\/\/www.agromundo.co\/blog\/wp-json\/wp\/v2\/posts\/4675\/revisions"}],"predecessor-version":[{"id":4677,"href":"https:\/\/www.agromundo.co\/blog\/wp-json\/wp\/v2\/posts\/4675\/revisions\/4677"}],"wp:featuredmedia":[{"embeddable":true,"href":"https:\/\/www.agromundo.co\/blog\/wp-json\/wp\/v2\/media\/4676"}],"wp:attachment":[{"href":"https:\/\/www.agromundo.co\/blog\/wp-json\/wp\/v2\/media?parent=4675"}],"wp:term":[{"taxonomy":"category","embeddable":true,"href":"https:\/\/www.agromundo.co\/blog\/wp-json\/wp\/v2\/categories?post=4675"},{"taxonomy":"post_tag","embeddable":true,"href":"https:\/\/www.agromundo.co\/blog\/wp-json\/wp\/v2\/tags?post=4675"}],"curies":[{"name":"wp","href":"https:\/\/api.w.org\/{rel}","templated":true}]}}