{"id":4735,"date":"2016-01-15T13:52:31","date_gmt":"2016-01-15T13:52:31","guid":{"rendered":"http:\/\/www.agromundo.co\/blog\/?p=4735"},"modified":"2016-01-15T13:52:31","modified_gmt":"2016-01-15T13:52:31","slug":"encefalitis-equina-venezolana-controlado-foco","status":"publish","type":"post","link":"https:\/\/www.agromundo.co\/blog\/encefalitis-equina-venezolana-controlado-foco\/","title":{"rendered":"Encefalitis Equina Venezolana. Controlado foco"},"content":{"rendered":"<p><a href=\"http:\/\/www.agromundo.co\/blog\/wp-content\/uploads\/2016\/01\/Encefalitis.jpg\"><img loading=\"lazy\" class=\"alignnone size-full wp-image-4736\" src=\"http:\/\/www.agromundo.co\/blog\/wp-content\/uploads\/2016\/01\/Encefalitis.jpg\" alt=\"Encefalitis\" width=\"273\" height=\"205\" srcset=\"https:\/\/www.agromundo.co\/blog\/wp-content\/uploads\/2016\/01\/Encefalitis.jpg 273w, https:\/\/www.agromundo.co\/blog\/wp-content\/uploads\/2016\/01\/Encefalitis-100x75.jpg 100w\" sizes=\"(max-width: 273px) 100vw, 273px\" \/><\/a><\/p>\n<p>El Instituto Colombiano Agropecuario (ICA), inform\u00f3 que fue controlado el foco de Encefalitis Equina Venezolana detectado en los municipios de Pioj\u00f3 y Sabanalarga en el departamento del Atl\u00e1ntico.<\/p>\n<p>El l\u00edder nacional de equinos del ICA, Boris Cepeda, indic\u00f3 que el Instituto intervino la zona realizando investigaciones epidemiol\u00f3gicas, muestreo de animales sintom\u00e1ticos y sus contactos y vacunaci\u00f3n de la poblaci\u00f3n \u00e9quida de las \u00e1reas de riesgo. Se inmunizaron 1.063 ejemplares en los 5 municipios comprometidos. A nivel departamental, la vacunaci\u00f3n alcanzada en el a\u00f1o 2015 \u00a0fue de 6.787 animales para la prevenci\u00f3n de la propagaci\u00f3n de la enfermedad.<\/p>\n<p>Por su parte, Rafael Fontalvo Garc\u00eda, gerente seccional del ICA en el departamento del Atl\u00e1ntico, precis\u00f3 que una vez confirmada la presencia de la enfermedad, se procedi\u00f3 a declarar la emergencia cuarentenaria y establecer un plan de contingencia mediante la resoluci\u00f3n #1491 mediante la cual se impide la movilizaci\u00f3n de \u00e9quidos\u00a0 \u00a0en los municipios de Repel\u00f3n, Sabanalarga, Usuacur\u00ed, Luruaco y Pioj\u00f3 y se determinan actividades de vigilancia epidemiol\u00f3gica.<\/p>\n<p>La Encefalitis Equina Venezolana, es una enfermedad de car\u00e1cter zoon\u00f3tico,\u00a0\u00a0 que se transmite por artr\u00f3podos voladores (mosquitos y zancudos), raz\u00f3n por la cual\u00a0el ICA notific\u00f3 a la Secretaria Departamental de Salud del Atl\u00e1ntico, entidad que moviliz\u00f3 un grupo de especialistas para realizar vigilancia entomol\u00f3gica para reducir el riesgo de contagio a los humanos.<\/p>\n<p>Una vez fue confirmada la presencia de la enfermedad, se iniciaron jornadas de capacitaci\u00f3n a los productores del \u00a0Atl\u00e1ntico, orientadas al conocimiento y prevenci\u00f3n de la enfermedad. As\u00ed mismo la Secretar\u00eda de Salud imparti\u00f3 capacitaci\u00f3n en identificaci\u00f3n y eliminaci\u00f3n de criaderos de mosquitos.<\/p>\n<p>La zona intervenida por el ICA para el control de la enfermedad se extendi\u00f3 a 5 municipios en los cuales se establecieron restricciones para la movilizaci\u00f3n de toda clase de animales \u00a0hasta que fue controlada la situaci\u00f3n.<\/p>\n<p>Fuente: Adaptado de Instituto Colombiano Agropecuario.<\/p>\n<div id=\"attachment_4737\" style=\"width: 123px\" class=\"wp-caption alignright\"><a href=\"http:\/\/www.agromundo.co\/alimento-y-suplementos-para-ganado-y-caballos.html\" target=\"_blank\"><img aria-describedby=\"caption-attachment-4737\" loading=\"lazy\" class=\"wp-image-4737\" src=\"http:\/\/www.agromundo.co\/blog\/wp-content\/uploads\/2016\/01\/Sal-mineralizada-Nutryr-S.A.jpeg\" alt=\"Sal mineralizada Nutryr S.A\" width=\"113\" height=\"120\" \/><\/a><p id=\"caption-attachment-4737\" class=\"wp-caption-text\">Sal mineralizada Nutryr S.A<\/p><\/div>\n<p>Nota patrocinada por:<\/p>\n<div id=\"attachment_4690\" style=\"width: 130px\" class=\"wp-caption alignnone\"><a href=\"http:\/\/www.agromundo.co\/aqua-fan-sas.html\"><img aria-describedby=\"caption-attachment-4690\" loading=\"lazy\" class=\"wp-image-4690\" src=\"http:\/\/www.agromundo.co\/blog\/wp-content\/uploads\/2015\/12\/Ventilador-aspersor-de-agua-Aquafan.jpg\" alt=\"Ventilador aspersor de agua Aquafan\" width=\"120\" height=\"120\" srcset=\"https:\/\/www.agromundo.co\/blog\/wp-content\/uploads\/2015\/12\/Ventilador-aspersor-de-agua-Aquafan.jpg 160w, https:\/\/www.agromundo.co\/blog\/wp-content\/uploads\/2015\/12\/Ventilador-aspersor-de-agua-Aquafan-150x150.jpg 150w\" sizes=\"(max-width: 120px) 100vw, 120px\" \/><\/a><p id=\"caption-attachment-4690\" class=\"wp-caption-text\">Ventilador aspersor de agua Aquafan<\/p><\/div>\n","protected":false},"excerpt":{"rendered":"<p>El Instituto Colombiano Agropecuario (ICA), inform\u00f3 que fue controlado el foco de Encefalitis Equina Venezolana detectado en los municipios de Pioj\u00f3 y Sabanalarga en el departamento del Atl\u00e1ntico. El l\u00edder nacional de equinos del ICA, Boris Cepeda, indic\u00f3 que el Instituto intervino la zona realizando investigaciones epidemiol\u00f3gicas, muestreo de animales sintom\u00e1ticos y sus contactos y [&hellip;]<\/p>\n","protected":false},"author":1,"featured_media":4736,"comment_status":"open","ping_status":"open","sticky":false,"template":"","format":"standard","meta":[],"categories":[3,18,6],"tags":[692,1410,1247,243],"yoast_head":"<!-- This site is optimized with the Yoast SEO plugin v17.3 - https:\/\/yoast.com\/wordpress\/plugins\/seo\/ -->\n<meta name=\"description\" content=\"Un foco de Encefalitis Equina Venezolana fue controlado en el departamento del Atl\u00e1ntico.\" \/>\n<meta name=\"robots\" content=\"index, follow, max-snippet:-1, max-image-preview:large, max-video-preview:-1\" \/>\n<meta property=\"og:locale\" content=\"es_ES\" \/>\n<meta property=\"og:type\" content=\"article\" \/>\n<meta property=\"og:title\" content=\"Encefalitis Equina Venezolana. Controlado foco - Notiagro\" \/>\n<meta property=\"og:description\" content=\"Un foco de Encefalitis Equina Venezolana fue controlado en el departamento del Atl\u00e1ntico.\" \/>\n<meta property=\"og:site_name\" content=\"Notiagro\" \/>\n<meta property=\"article:published_time\" content=\"2016-01-15T13:52:31+00:00\" \/>\n<meta property=\"og:image\" content=\"http:\/\/www.agromundo.co\/blog\/wp-content\/uploads\/2016\/01\/Encefalitis.jpg\" \/>\n\t<meta property=\"og:image:width\" content=\"273\" \/>\n\t<meta property=\"og:image:height\" content=\"205\" \/>\n<meta name=\"twitter:label1\" content=\"Escrito por\" \/>\n\t<meta name=\"twitter:data1\" content=\"admin\" \/>\n\t<meta name=\"twitter:label2\" content=\"Tiempo de lectura\" \/>\n\t<meta name=\"twitter:data2\" content=\"2 minutos\" \/>\n<script type=\"application\/ld+json\" class=\"yoast-schema-graph\">{\"@context\":\"https:\/\/schema.org\",\"@graph\":[{\"@type\":\"WebSite\",\"@id\":\"https:\/\/www.agromundo.co\/blog\/#website\",\"url\":\"https:\/\/www.agromundo.co\/blog\/\",\"name\":\"Notiagro\",\"description\":\"Noticias y eventos sector agropecuario colombiano\",\"potentialAction\":[{\"@type\":\"SearchAction\",\"target\":{\"@type\":\"EntryPoint\",\"urlTemplate\":\"https:\/\/www.agromundo.co\/blog\/?s={search_term_string}\"},\"query-input\":\"required name=search_term_string\"}],\"inLanguage\":\"es\"},{\"@type\":\"ImageObject\",\"@id\":\"#primaryimage\",\"inLanguage\":\"es\",\"url\":\"https:\/\/www.agromundo.co\/blog\/wp-content\/uploads\/2016\/01\/Encefalitis.jpg\",\"contentUrl\":\"https:\/\/www.agromundo.co\/blog\/wp-content\/uploads\/2016\/01\/Encefalitis.jpg\",\"width\":273,\"height\":205},{\"@type\":\"WebPage\",\"@id\":\"#webpage\",\"url\":null,\"name\":\"Encefalitis Equina Venezolana. Controlado foco - Notiagro\",\"isPartOf\":{\"@id\":\"https:\/\/www.agromundo.co\/blog\/#website\"},\"primaryImageOfPage\":{\"@id\":\"#primaryimage\"},\"datePublished\":\"2016-01-15T13:52:31+00:00\",\"dateModified\":\"2016-01-15T13:52:31+00:00\",\"author\":{\"@id\":\"https:\/\/www.agromundo.co\/blog\/#\/schema\/person\/3e07d858c3c7a93ebf4ad3785559d35d\"},\"description\":\"Un foco de Encefalitis Equina Venezolana fue controlado en el departamento del Atl\\u00e1ntico.\",\"breadcrumb\":{\"@id\":\"#breadcrumb\"},\"inLanguage\":\"es\",\"potentialAction\":[{\"@type\":\"ReadAction\",\"target\":[null]}]},{\"@type\":\"BreadcrumbList\",\"@id\":\"#breadcrumb\",\"itemListElement\":[{\"@type\":\"ListItem\",\"position\":1,\"name\":\"Portada\",\"item\":\"https:\/\/www.agromundo.co\/blog\/\"},{\"@type\":\"ListItem\",\"position\":2,\"name\":\"Encefalitis Equina Venezolana. Controlado foco\"}]},{\"@type\":\"Person\",\"@id\":\"https:\/\/www.agromundo.co\/blog\/#\/schema\/person\/3e07d858c3c7a93ebf4ad3785559d35d\",\"name\":\"admin\",\"image\":{\"@type\":\"ImageObject\",\"@id\":\"https:\/\/www.agromundo.co\/blog\/#personlogo\",\"inLanguage\":\"es\",\"url\":\"https:\/\/secure.gravatar.com\/avatar\/f990c4c6d966ea7f7bec9cc10bcda5ce?s=96&d=mm&r=g\",\"contentUrl\":\"https:\/\/secure.gravatar.com\/avatar\/f990c4c6d966ea7f7bec9cc10bcda5ce?s=96&d=mm&r=g\",\"caption\":\"admin\"},\"url\":\"https:\/\/www.agromundo.co\/blog\/author\/admin\/\"}]}<\/script>\n<!-- \/ Yoast SEO plugin. -->","yoast_head_json":{"description":"Un foco de Encefalitis Equina Venezolana fue controlado en el departamento del Atl\u00e1ntico.","robots":{"index":"index","follow":"follow","max-snippet":"max-snippet:-1","max-image-preview":"max-image-preview:large","max-video-preview":"max-video-preview:-1"},"og_locale":"es_ES","og_type":"article","og_title":"Encefalitis Equina Venezolana. Controlado foco - Notiagro","og_description":"Un foco de Encefalitis Equina Venezolana fue controlado en el departamento del Atl\u00e1ntico.","og_site_name":"Notiagro","article_published_time":"2016-01-15T13:52:31+00:00","og_image":[{"width":273,"height":205,"url":"http:\/\/www.agromundo.co\/blog\/wp-content\/uploads\/2016\/01\/Encefalitis.jpg","type":"image\/jpeg"}],"twitter_misc":{"Escrito por":"admin","Tiempo de lectura":"2 minutos"},"schema":{"@context":"https:\/\/schema.org","@graph":[{"@type":"WebSite","@id":"https:\/\/www.agromundo.co\/blog\/#website","url":"https:\/\/www.agromundo.co\/blog\/","name":"Notiagro","description":"Noticias y eventos sector agropecuario colombiano","potentialAction":[{"@type":"SearchAction","target":{"@type":"EntryPoint","urlTemplate":"https:\/\/www.agromundo.co\/blog\/?s={search_term_string}"},"query-input":"required name=search_term_string"}],"inLanguage":"es"},{"@type":"ImageObject","@id":"#primaryimage","inLanguage":"es","url":"https:\/\/www.agromundo.co\/blog\/wp-content\/uploads\/2016\/01\/Encefalitis.jpg","contentUrl":"https:\/\/www.agromundo.co\/blog\/wp-content\/uploads\/2016\/01\/Encefalitis.jpg","width":273,"height":205},{"@type":"WebPage","@id":"#webpage","url":null,"name":"Encefalitis Equina Venezolana. Controlado foco - Notiagro","isPartOf":{"@id":"https:\/\/www.agromundo.co\/blog\/#website"},"primaryImageOfPage":{"@id":"#primaryimage"},"datePublished":"2016-01-15T13:52:31+00:00","dateModified":"2016-01-15T13:52:31+00:00","author":{"@id":"https:\/\/www.agromundo.co\/blog\/#\/schema\/person\/3e07d858c3c7a93ebf4ad3785559d35d"},"description":"Un foco de Encefalitis Equina Venezolana fue controlado en el departamento del Atl\u00e1ntico.","breadcrumb":{"@id":"#breadcrumb"},"inLanguage":"es","potentialAction":[{"@type":"ReadAction","target":[null]}]},{"@type":"BreadcrumbList","@id":"#breadcrumb","itemListElement":[{"@type":"ListItem","position":1,"name":"Portada","item":"https:\/\/www.agromundo.co\/blog\/"},{"@type":"ListItem","position":2,"name":"Encefalitis Equina Venezolana. Controlado foco"}]},{"@type":"Person","@id":"https:\/\/www.agromundo.co\/blog\/#\/schema\/person\/3e07d858c3c7a93ebf4ad3785559d35d","name":"admin","image":{"@type":"ImageObject","@id":"https:\/\/www.agromundo.co\/blog\/#personlogo","inLanguage":"es","url":"https:\/\/secure.gravatar.com\/avatar\/f990c4c6d966ea7f7bec9cc10bcda5ce?s=96&d=mm&r=g","contentUrl":"https:\/\/secure.gravatar.com\/avatar\/f990c4c6d966ea7f7bec9cc10bcda5ce?s=96&d=mm&r=g","caption":"admin"},"url":"https:\/\/www.agromundo.co\/blog\/author\/admin\/"}]}},"_links":{"self":[{"href":"https:\/\/www.agromundo.co\/blog\/wp-json\/wp\/v2\/posts\/4735"}],"collection":[{"href":"https:\/\/www.agromundo.co\/blog\/wp-json\/wp\/v2\/posts"}],"about":[{"href":"https:\/\/www.agromundo.co\/blog\/wp-json\/wp\/v2\/types\/post"}],"author":[{"embeddable":true,"href":"https:\/\/www.agromundo.co\/blog\/wp-json\/wp\/v2\/users\/1"}],"replies":[{"embeddable":true,"href":"https:\/\/www.agromundo.co\/blog\/wp-json\/wp\/v2\/comments?post=4735"}],"version-history":[{"count":1,"href":"https:\/\/www.agromundo.co\/blog\/wp-json\/wp\/v2\/posts\/4735\/revisions"}],"predecessor-version":[{"id":4738,"href":"https:\/\/www.agromundo.co\/blog\/wp-json\/wp\/v2\/posts\/4735\/revisions\/4738"}],"wp:featuredmedia":[{"embeddable":true,"href":"https:\/\/www.agromundo.co\/blog\/wp-json\/wp\/v2\/media\/4736"}],"wp:attachment":[{"href":"https:\/\/www.agromundo.co\/blog\/wp-json\/wp\/v2\/media?parent=4735"}],"wp:term":[{"taxonomy":"category","embeddable":true,"href":"https:\/\/www.agromundo.co\/blog\/wp-json\/wp\/v2\/categories?post=4735"},{"taxonomy":"post_tag","embeddable":true,"href":"https:\/\/www.agromundo.co\/blog\/wp-json\/wp\/v2\/tags?post=4735"}],"curies":[{"name":"wp","href":"https:\/\/api.w.org\/{rel}","templated":true}]}}