{"id":4739,"date":"2016-01-18T14:39:58","date_gmt":"2016-01-18T14:39:58","guid":{"rendered":"http:\/\/www.agromundo.co\/blog\/?p=4739"},"modified":"2016-01-18T14:39:58","modified_gmt":"2016-01-18T14:39:58","slug":"fiebre-aftosa-segundo-ciclo-de-vacunacion","status":"publish","type":"post","link":"https:\/\/www.agromundo.co\/blog\/fiebre-aftosa-segundo-ciclo-de-vacunacion\/","title":{"rendered":"Fiebre Aftosa. Segundo ciclo de vacunaci\u00f3n"},"content":{"rendered":"<p><a href=\"http:\/\/www.agromundo.co\/blog\/wp-content\/uploads\/2016\/01\/Aftosa.jpg\"><img loading=\"lazy\" class=\"alignnone size-full wp-image-4740\" src=\"http:\/\/www.agromundo.co\/blog\/wp-content\/uploads\/2016\/01\/Aftosa.jpg\" alt=\"Aftosa\" width=\"273\" height=\"205\" srcset=\"https:\/\/www.agromundo.co\/blog\/wp-content\/uploads\/2016\/01\/Aftosa.jpg 273w, https:\/\/www.agromundo.co\/blog\/wp-content\/uploads\/2016\/01\/Aftosa-100x75.jpg 100w\" sizes=\"(max-width: 273px) 100vw, 273px\" \/><\/a><\/p>\n<ul>\n<li><em>Los ganaderos\u00a0 tambi\u00e9n deber\u00e1n vacunar\u00a0 contra la Brucelosis Bovina.<\/em><\/li>\n<li><em>La vacunaci\u00f3n se llevar\u00e1 a cabo en 15 departamentos y en\u00a0 los municipios de San Jacinto del Cauca en el departamento de Bol\u00edvar y El Calvario y San Juanito en el departamento del Meta.<\/em><\/li>\n<\/ul>\n<ul>\n<li><em>\u00danicamente podr\u00e1n usarse lotes de vacunas contra Fiebre Aftosa y Brucelosis Bovina que hayan sido previamente evaluados y aprobados por el ICA.<\/em><\/li>\n<li><em>Gracias a los programas de vacunaci\u00f3n contra esa enfermedad, Colombia conserva su estatus como pa\u00eds libre de Fiebre Aftosa desde el a\u00f1o 2009.<\/em><strong>\u00a0<\/strong><\/li>\n<\/ul>\n<p>Del 18 de enero al 2 de marzo de 2016, se llevar\u00e1 a cabo la\u00a0 etapa 2 \u00a0del segundo ciclo de vacunaci\u00f3n contra Fiebre Aftosa y Brucelosis Bovina, en los 15 departamentos que no vacunaron en la etapa 1, realizada a finales del 2015. As\u00ed lo establece el ICA mediante la Resoluci\u00f3n \u00a0#\u00a00211 de enero de 2016.<\/p>\n<p>Los departamentos en los que se \u00a0debe realizar la vacunaci\u00f3n son Boyac\u00e1, Antioquia, Caldas, Cauca, Caquet\u00e1, Choc\u00f3, Huila, Cundinamarca, Nari\u00f1o, Putumayo, Risaralda, Quind\u00edo, Tolima, Santander y Valle del Cauca y en los municipios de San Jacinto del Cauca en el departamento de Bol\u00edvar y El Calvario y San Juanito en el departamento del Meta.<\/p>\n<p>Luis Humberto Mart\u00ednez Lacouture, gerente general del ICA, manifest\u00f3 que gracias al rigor en los procesos de\u00a0 vacunaci\u00f3n contra Fiebre Aftosa en todo el pa\u00eds, la ganader\u00eda colombiana ha preservado su estatus sanitario, lo que ha permitido mantener los mercados y la apertura de nuevos para la carne nacional y animales en pie. Por esta raz\u00f3n, invita a los ganaderos a cumplir con el ciclo de vacunaci\u00f3n.<\/p>\n<p>Record\u00f3 el funcionario que Colombia tiene abiertos mercados en 7 pa\u00edses, entre los que se encuentran Jordania, Rusia,\u00a0 Irak y en proceso de admisibilidad a otros 18 pa\u00edses, entre los que est\u00e1n Canad\u00e1 y Estados Unidos.<\/p>\n<p>Los semovientes procedentes de zonas libres sin vacunaci\u00f3n (San Andr\u00e9s y el noroccidente\u00a0 del Choc\u00f3)\u00a0 y\u00a0 requieran ser\u00a0 movilizados a zonas donde\u00a0 la medida es obligatoria, deber\u00e1n inmunizarse contra la Fiebre Aftosa en el lugar de destino.<\/p>\n<p>De otro lado, la vacunaci\u00f3n contra Brucelosis Bovina se debe realizar a todas las hembras bovinas y bufalinas\u00a0con edades entre 3 y 8 meses, en las zonas contempladas\u00a0 en la primera etapa del ciclo de vacunaci\u00f3n contra Fiebre Aftosa.<\/p>\n<p>La vacunaci\u00f3n estar\u00e1 bajo responsabilidad de Fedegan y \u00fanicamente podr\u00e1n usarse lotes de vacunas registradas contra esas enfermedades que hayan sido evaluados y aprobados por el ICA.<\/p>\n<p>Adicionalmente, el ICA determin\u00f3 que durante este ciclo de vacunaci\u00f3n, los ganaderos que no hayan vacunado sus animales contra la Rabia Silvestre durante el \u00faltimo a\u00f1o en las zonas definidas,\u00a0 deben realizarlo de manera obligatoria.<\/p>\n<p>En aquellos predios definidos como de alto riesgo de ocurrencia de Fiebre Aftosa por el ICA o en aquellos con m\u00e1s de 500 bovinos, la vacunaci\u00f3n deber\u00e1 realizarse durante las 3 primeras semanas de la etapa 2 del segundo ciclo de vacunaci\u00f3n, por lo que las organizaciones gremiales ganaderas autorizadas, deben ajustar sus programaciones para llevar a cabo la vacunaci\u00f3n durante ese per\u00edodo.<\/p>\n<p>Fuente: Adaptado de Instituto Colombiano Agropecuario.<\/p>\n<div id=\"attachment_4642\" style=\"width: 155px\" class=\"wp-caption alignright\"><a href=\"http:\/\/www.agromundo.co\/basculas-prometalicos-sa.html\" target=\"_blank\"><img aria-describedby=\"caption-attachment-4642\" loading=\"lazy\" class=\"wp-image-4642\" src=\"http:\/\/www.agromundo.co\/blog\/wp-content\/uploads\/2015\/11\/B\u00e1scula-ganadera-electromec\u00e1nica-Promet\u00e1licos..jpg\" alt=\"B\u00e1scula ganadera electromec\u00e1nica Promet\u00e1licos.\" width=\"145\" height=\"120\" \/><\/a><p id=\"caption-attachment-4642\" class=\"wp-caption-text\">B\u00e1scula ganadera electromec\u00e1nica Promet\u00e1licos.<\/p><\/div>\n<p>Nota patrocinada por:<\/p>\n<div id=\"attachment_4690\" style=\"width: 130px\" class=\"wp-caption alignnone\"><a href=\"http:\/\/www.agromundo.co\/aqua-fan-sas.html\" target=\"_blank\"><img aria-describedby=\"caption-attachment-4690\" loading=\"lazy\" class=\"wp-image-4690\" src=\"http:\/\/www.agromundo.co\/blog\/wp-content\/uploads\/2015\/12\/Ventilador-aspersor-de-agua-Aquafan.jpg\" alt=\"Ventilador aspersor de agua Aquafan\" width=\"120\" height=\"120\" srcset=\"https:\/\/www.agromundo.co\/blog\/wp-content\/uploads\/2015\/12\/Ventilador-aspersor-de-agua-Aquafan.jpg 160w, https:\/\/www.agromundo.co\/blog\/wp-content\/uploads\/2015\/12\/Ventilador-aspersor-de-agua-Aquafan-150x150.jpg 150w\" sizes=\"(max-width: 120px) 100vw, 120px\" \/><\/a><p id=\"caption-attachment-4690\" class=\"wp-caption-text\">Ventilador aspersor de agua Aquafan<\/p><\/div>\n","protected":false},"excerpt":{"rendered":"<p>Los ganaderos\u00a0 tambi\u00e9n deber\u00e1n vacunar\u00a0 contra la Brucelosis Bovina. La vacunaci\u00f3n se llevar\u00e1 a cabo en 15 departamentos y en\u00a0 los municipios de San Jacinto del Cauca en el departamento de Bol\u00edvar y El Calvario y San Juanito en el departamento del Meta. \u00danicamente podr\u00e1n usarse lotes de vacunas contra Fiebre Aftosa y Brucelosis Bovina [&hellip;]<\/p>\n","protected":false},"author":1,"featured_media":4740,"comment_status":"open","ping_status":"open","sticky":false,"template":"","format":"standard","meta":[],"categories":[3,18,6],"tags":[366,2508,464,639,1994,2412],"yoast_head":"<!-- This site is optimized with the Yoast SEO plugin v17.3 - https:\/\/yoast.com\/wordpress\/plugins\/seo\/ -->\n<meta name=\"description\" content=\"Vacunaci\u00f3n contra Fiebre Aftosa. Inicia etapa II del segundo ciclo.\" \/>\n<meta name=\"robots\" content=\"index, follow, max-snippet:-1, max-image-preview:large, max-video-preview:-1\" \/>\n<meta property=\"og:locale\" content=\"es_ES\" \/>\n<meta property=\"og:type\" content=\"article\" \/>\n<meta property=\"og:title\" content=\"Fiebre Aftosa. Segundo ciclo de vacunaci\u00f3n - Notiagro\" \/>\n<meta property=\"og:description\" content=\"Vacunaci\u00f3n contra Fiebre Aftosa. Inicia etapa II del segundo ciclo.\" \/>\n<meta property=\"og:site_name\" content=\"Notiagro\" \/>\n<meta property=\"article:published_time\" content=\"2016-01-18T14:39:58+00:00\" \/>\n<meta property=\"og:image\" content=\"https:\/\/www.agromundo.co\/blog\/wp-content\/uploads\/2016\/01\/Aftosa.jpg\" \/>\n\t<meta property=\"og:image:width\" content=\"273\" \/>\n\t<meta property=\"og:image:height\" content=\"205\" \/>\n<meta name=\"twitter:label1\" content=\"Escrito por\" \/>\n\t<meta name=\"twitter:data1\" content=\"admin\" \/>\n\t<meta name=\"twitter:label2\" content=\"Tiempo de lectura\" \/>\n\t<meta name=\"twitter:data2\" content=\"3 minutos\" \/>\n<script type=\"application\/ld+json\" class=\"yoast-schema-graph\">{\"@context\":\"https:\/\/schema.org\",\"@graph\":[{\"@type\":\"WebSite\",\"@id\":\"https:\/\/www.agromundo.co\/blog\/#website\",\"url\":\"https:\/\/www.agromundo.co\/blog\/\",\"name\":\"Notiagro\",\"description\":\"Noticias y eventos sector agropecuario colombiano\",\"potentialAction\":[{\"@type\":\"SearchAction\",\"target\":{\"@type\":\"EntryPoint\",\"urlTemplate\":\"https:\/\/www.agromundo.co\/blog\/?s={search_term_string}\"},\"query-input\":\"required name=search_term_string\"}],\"inLanguage\":\"es\"},{\"@type\":\"ImageObject\",\"@id\":\"#primaryimage\",\"inLanguage\":\"es\",\"url\":\"https:\/\/www.agromundo.co\/blog\/wp-content\/uploads\/2016\/01\/Aftosa.jpg\",\"contentUrl\":\"https:\/\/www.agromundo.co\/blog\/wp-content\/uploads\/2016\/01\/Aftosa.jpg\",\"width\":273,\"height\":205},{\"@type\":\"WebPage\",\"@id\":\"#webpage\",\"url\":null,\"name\":\"Fiebre Aftosa. Segundo ciclo de vacunaci\\u00f3n - Notiagro\",\"isPartOf\":{\"@id\":\"https:\/\/www.agromundo.co\/blog\/#website\"},\"primaryImageOfPage\":{\"@id\":\"#primaryimage\"},\"datePublished\":\"2016-01-18T14:39:58+00:00\",\"dateModified\":\"2016-01-18T14:39:58+00:00\",\"author\":{\"@id\":\"https:\/\/www.agromundo.co\/blog\/#\/schema\/person\/3e07d858c3c7a93ebf4ad3785559d35d\"},\"description\":\"Vacunaci\\u00f3n contra Fiebre Aftosa. Inicia etapa II del segundo ciclo.\",\"breadcrumb\":{\"@id\":\"#breadcrumb\"},\"inLanguage\":\"es\",\"potentialAction\":[{\"@type\":\"ReadAction\",\"target\":[null]}]},{\"@type\":\"BreadcrumbList\",\"@id\":\"#breadcrumb\",\"itemListElement\":[{\"@type\":\"ListItem\",\"position\":1,\"name\":\"Portada\",\"item\":\"https:\/\/www.agromundo.co\/blog\/\"},{\"@type\":\"ListItem\",\"position\":2,\"name\":\"Fiebre Aftosa. Segundo ciclo de vacunaci\\u00f3n\"}]},{\"@type\":\"Person\",\"@id\":\"https:\/\/www.agromundo.co\/blog\/#\/schema\/person\/3e07d858c3c7a93ebf4ad3785559d35d\",\"name\":\"admin\",\"image\":{\"@type\":\"ImageObject\",\"@id\":\"https:\/\/www.agromundo.co\/blog\/#personlogo\",\"inLanguage\":\"es\",\"url\":\"https:\/\/secure.gravatar.com\/avatar\/f990c4c6d966ea7f7bec9cc10bcda5ce?s=96&d=mm&r=g\",\"contentUrl\":\"https:\/\/secure.gravatar.com\/avatar\/f990c4c6d966ea7f7bec9cc10bcda5ce?s=96&d=mm&r=g\",\"caption\":\"admin\"},\"url\":\"https:\/\/www.agromundo.co\/blog\/author\/admin\/\"}]}<\/script>\n<!-- \/ Yoast SEO plugin. -->","yoast_head_json":{"description":"Vacunaci\u00f3n contra Fiebre Aftosa. Inicia etapa II del segundo ciclo.","robots":{"index":"index","follow":"follow","max-snippet":"max-snippet:-1","max-image-preview":"max-image-preview:large","max-video-preview":"max-video-preview:-1"},"og_locale":"es_ES","og_type":"article","og_title":"Fiebre Aftosa. Segundo ciclo de vacunaci\u00f3n - Notiagro","og_description":"Vacunaci\u00f3n contra Fiebre Aftosa. Inicia etapa II del segundo ciclo.","og_site_name":"Notiagro","article_published_time":"2016-01-18T14:39:58+00:00","og_image":[{"width":273,"height":205,"url":"https:\/\/www.agromundo.co\/blog\/wp-content\/uploads\/2016\/01\/Aftosa.jpg","type":"image\/jpeg"}],"twitter_misc":{"Escrito por":"admin","Tiempo de lectura":"3 minutos"},"schema":{"@context":"https:\/\/schema.org","@graph":[{"@type":"WebSite","@id":"https:\/\/www.agromundo.co\/blog\/#website","url":"https:\/\/www.agromundo.co\/blog\/","name":"Notiagro","description":"Noticias y eventos sector agropecuario colombiano","potentialAction":[{"@type":"SearchAction","target":{"@type":"EntryPoint","urlTemplate":"https:\/\/www.agromundo.co\/blog\/?s={search_term_string}"},"query-input":"required name=search_term_string"}],"inLanguage":"es"},{"@type":"ImageObject","@id":"#primaryimage","inLanguage":"es","url":"https:\/\/www.agromundo.co\/blog\/wp-content\/uploads\/2016\/01\/Aftosa.jpg","contentUrl":"https:\/\/www.agromundo.co\/blog\/wp-content\/uploads\/2016\/01\/Aftosa.jpg","width":273,"height":205},{"@type":"WebPage","@id":"#webpage","url":null,"name":"Fiebre Aftosa. Segundo ciclo de vacunaci\u00f3n - Notiagro","isPartOf":{"@id":"https:\/\/www.agromundo.co\/blog\/#website"},"primaryImageOfPage":{"@id":"#primaryimage"},"datePublished":"2016-01-18T14:39:58+00:00","dateModified":"2016-01-18T14:39:58+00:00","author":{"@id":"https:\/\/www.agromundo.co\/blog\/#\/schema\/person\/3e07d858c3c7a93ebf4ad3785559d35d"},"description":"Vacunaci\u00f3n contra Fiebre Aftosa. Inicia etapa II del segundo ciclo.","breadcrumb":{"@id":"#breadcrumb"},"inLanguage":"es","potentialAction":[{"@type":"ReadAction","target":[null]}]},{"@type":"BreadcrumbList","@id":"#breadcrumb","itemListElement":[{"@type":"ListItem","position":1,"name":"Portada","item":"https:\/\/www.agromundo.co\/blog\/"},{"@type":"ListItem","position":2,"name":"Fiebre Aftosa. Segundo ciclo de vacunaci\u00f3n"}]},{"@type":"Person","@id":"https:\/\/www.agromundo.co\/blog\/#\/schema\/person\/3e07d858c3c7a93ebf4ad3785559d35d","name":"admin","image":{"@type":"ImageObject","@id":"https:\/\/www.agromundo.co\/blog\/#personlogo","inLanguage":"es","url":"https:\/\/secure.gravatar.com\/avatar\/f990c4c6d966ea7f7bec9cc10bcda5ce?s=96&d=mm&r=g","contentUrl":"https:\/\/secure.gravatar.com\/avatar\/f990c4c6d966ea7f7bec9cc10bcda5ce?s=96&d=mm&r=g","caption":"admin"},"url":"https:\/\/www.agromundo.co\/blog\/author\/admin\/"}]}},"_links":{"self":[{"href":"https:\/\/www.agromundo.co\/blog\/wp-json\/wp\/v2\/posts\/4739"}],"collection":[{"href":"https:\/\/www.agromundo.co\/blog\/wp-json\/wp\/v2\/posts"}],"about":[{"href":"https:\/\/www.agromundo.co\/blog\/wp-json\/wp\/v2\/types\/post"}],"author":[{"embeddable":true,"href":"https:\/\/www.agromundo.co\/blog\/wp-json\/wp\/v2\/users\/1"}],"replies":[{"embeddable":true,"href":"https:\/\/www.agromundo.co\/blog\/wp-json\/wp\/v2\/comments?post=4739"}],"version-history":[{"count":1,"href":"https:\/\/www.agromundo.co\/blog\/wp-json\/wp\/v2\/posts\/4739\/revisions"}],"predecessor-version":[{"id":4741,"href":"https:\/\/www.agromundo.co\/blog\/wp-json\/wp\/v2\/posts\/4739\/revisions\/4741"}],"wp:featuredmedia":[{"embeddable":true,"href":"https:\/\/www.agromundo.co\/blog\/wp-json\/wp\/v2\/media\/4740"}],"wp:attachment":[{"href":"https:\/\/www.agromundo.co\/blog\/wp-json\/wp\/v2\/media?parent=4739"}],"wp:term":[{"taxonomy":"category","embeddable":true,"href":"https:\/\/www.agromundo.co\/blog\/wp-json\/wp\/v2\/categories?post=4739"},{"taxonomy":"post_tag","embeddable":true,"href":"https:\/\/www.agromundo.co\/blog\/wp-json\/wp\/v2\/tags?post=4739"}],"curies":[{"name":"wp","href":"https:\/\/api.w.org\/{rel}","templated":true}]}}