{"id":4748,"date":"2016-01-21T15:16:51","date_gmt":"2016-01-21T15:16:51","guid":{"rendered":"http:\/\/www.agromundo.co\/blog\/?p=4748"},"modified":"2016-01-21T15:16:51","modified_gmt":"2016-01-21T15:16:51","slug":"exposicion-equina-exporiente","status":"publish","type":"post","link":"https:\/\/www.agromundo.co\/blog\/exposicion-equina-exporiente\/","title":{"rendered":"Exposici\u00f3n equina Exporiente"},"content":{"rendered":"<p><a href=\"http:\/\/www.agromundo.co\/blog\/wp-content\/uploads\/2016\/01\/Exporiente.jpg\"><img loading=\"lazy\" class=\"alignnone size-full wp-image-4749\" src=\"http:\/\/www.agromundo.co\/blog\/wp-content\/uploads\/2016\/01\/Exporiente.jpg\" alt=\"Exporiente\" width=\"300\" height=\"205\" \/><\/a><\/p>\n<p>Foto: Cortes\u00eda.<\/p>\n<p><em>Asdesilla realizar\u00e1 la versi\u00f3n #40 del evento en Rionegro (Antioquia). El objetivo es empezar a definir cu\u00e1les son los mejores exponentes de cara a la 32 Exposici\u00f3n Nacional Equina. Competir\u00e1n m\u00e1s de 400 caballos.<\/em><\/p>\n<p>Del 21 al 23 de enero de 2016, la Asociaci\u00f3n de Criadores de Caballos Criollos Colombianos de Silla (Asdesilla), llevar\u00e1 a cabo la 40 versi\u00f3n de la Exposici\u00f3n Equina Exporiente. Seg\u00fan Lucas Londo\u00f1o, director administrativo de esa entidad, el evento se realiza cada a\u00f1o y es reconocido en la regi\u00f3n y en el pa\u00eds.<strong>\u00a0<\/strong><\/p>\n<p>El dirigente gremial asegur\u00f3 que esta exposici\u00f3n se caracteriza por ser de \u201cgrado A\u201d, es decir, que re\u00fane a m\u00e1s de 400 ejemplares a nivel nacional, ha tenido sede en diferentes municipios del oriente antioque\u00f1o. Indic\u00f3 que uno de los m\u00e1s recordados fue en Cantarrana, en el municipio de La Ceja y que tambi\u00e9n estuvo en El Retiro y Llano Grande.<\/p>\n<p>Esta actividad da apertura al calendario de eventos de la Federaci\u00f3n Colombiana de Asociaciones Equinas (Fedequinas).<\/p>\n<p>Para el representante de Asdesilla, esta feria es reconocida como una de las m\u00e1s importantes del pa\u00eds, ya que es la primera que se realiza en el a\u00f1o y marca la pauta tanto para los asistentes, como para los criadores de equinos.<\/p>\n<p>Precis\u00f3 Londo\u00f1o que quienes asisten, quieren comparar sus animales, evaluando la calidad de ellos frente a otros que tambi\u00e9n son representativos.\u00a0Al final, los m\u00e1s destacados ser\u00e1n los que participar\u00e1n en la versi\u00f3n\u00a0#32 de la Exposici\u00f3n Nacional Equina, que se realizar\u00e1 en Bogot\u00e1 a finales del mes de febrero. Exporiente constituir\u00e1 el term\u00f3metro para los criaderos.<\/p>\n<p>Ser\u00e1n tres d\u00edas llenos de la expresi\u00f3n colombiana equina pura. El 21 de enero, el evento se realizar\u00e1 desde las 2:00 p.m. con la presentaci\u00f3n del paso fino colombiano. El 22, desde las 10:00 a.m., se exhibir\u00e1 el trote y para el 23 est\u00e1 programada la trocha y la trocha y el galope.<\/p>\n<p>Si usted desea asistir a Exporiente o a cualquier otro evento que organiza la entidad, se puede comunicar al tel\u00e9fono fijo (4) 322 24 23.<\/p>\n<p>&nbsp;<\/p>\n<p>Fuente: Adaptado de CONtexto Ganadero.<\/p>\n<div id=\"attachment_4682\" style=\"width: 162px\" class=\"wp-caption alignright\"><a href=\"http:\/\/www.agromundo.co\/herraduras-clavos-y-accesorios-para-herraje-mustad-emcoclavos.html\" target=\"_blank\"><img aria-describedby=\"caption-attachment-4682\" loading=\"lazy\" class=\"wp-image-4682\" src=\"http:\/\/www.agromundo.co\/blog\/wp-content\/uploads\/2015\/12\/Kit-b\u00e1sico-para-herrer\u00eda-Derby.jpg\" alt=\"Kit b\u00e1sico para herrer\u00eda Derby\" width=\"152\" height=\"120\" \/><\/a><p id=\"caption-attachment-4682\" class=\"wp-caption-text\">Kit b\u00e1sico para herrer\u00eda Derby<\/p><\/div>\n<p>Nota patrocinada por:<\/p>\n<div id=\"attachment_4690\" style=\"width: 130px\" class=\"wp-caption alignnone\"><a href=\"http:\/\/www.agromundo.co\/aqua-fan-sas.html\"><img aria-describedby=\"caption-attachment-4690\" loading=\"lazy\" class=\"wp-image-4690\" src=\"http:\/\/www.agromundo.co\/blog\/wp-content\/uploads\/2015\/12\/Ventilador-aspersor-de-agua-Aquafan.jpg\" alt=\"Ventilador aspersor de agua Aquafan\" width=\"120\" height=\"120\" srcset=\"https:\/\/www.agromundo.co\/blog\/wp-content\/uploads\/2015\/12\/Ventilador-aspersor-de-agua-Aquafan.jpg 160w, https:\/\/www.agromundo.co\/blog\/wp-content\/uploads\/2015\/12\/Ventilador-aspersor-de-agua-Aquafan-150x150.jpg 150w\" sizes=\"(max-width: 120px) 100vw, 120px\" \/><\/a><p id=\"caption-attachment-4690\" class=\"wp-caption-text\">Ventilador aspersor de agua Aquafan<\/p><\/div>\n","protected":false},"excerpt":{"rendered":"<p>Foto: Cortes\u00eda. Asdesilla realizar\u00e1 la versi\u00f3n #40 del evento en Rionegro (Antioquia). El objetivo es empezar a definir cu\u00e1les son los mejores exponentes de cara a la 32 Exposici\u00f3n Nacional Equina. Competir\u00e1n m\u00e1s de 400 caballos. Del 21 al 23 de enero de 2016, la Asociaci\u00f3n de Criadores de Caballos Criollos Colombianos de Silla (Asdesilla), [&hellip;]<\/p>\n","protected":false},"author":1,"featured_media":4749,"comment_status":"open","ping_status":"open","sticky":false,"template":"","format":"standard","meta":[],"categories":[22,3,18,6],"tags":[2514,1268,1000,370,320,327,318],"yoast_head":"<!-- This site is optimized with the Yoast SEO plugin v17.3 - https:\/\/yoast.com\/wordpress\/plugins\/seo\/ -->\n<meta name=\"description\" content=\"La exposici\u00f3n equina Exporiente se realizar\u00e1 en Rionegro (Antioquia) desde el 21 de enero de 2016.\" \/>\n<meta name=\"robots\" content=\"index, follow, max-snippet:-1, max-image-preview:large, max-video-preview:-1\" \/>\n<meta property=\"og:locale\" content=\"es_ES\" \/>\n<meta property=\"og:type\" content=\"article\" \/>\n<meta property=\"og:title\" content=\"Exposici\u00f3n equina Exporiente - Notiagro\" \/>\n<meta property=\"og:description\" content=\"La exposici\u00f3n equina Exporiente se realizar\u00e1 en Rionegro (Antioquia) desde el 21 de enero de 2016.\" \/>\n<meta property=\"og:site_name\" content=\"Notiagro\" \/>\n<meta property=\"article:published_time\" content=\"2016-01-21T15:16:51+00:00\" \/>\n<meta property=\"og:image\" content=\"https:\/\/www.agromundo.co\/blog\/wp-content\/uploads\/2016\/01\/Exporiente.jpg\" \/>\n\t<meta property=\"og:image:width\" content=\"300\" \/>\n\t<meta property=\"og:image:height\" content=\"205\" \/>\n<meta name=\"twitter:label1\" content=\"Escrito por\" \/>\n\t<meta name=\"twitter:data1\" content=\"admin\" \/>\n\t<meta name=\"twitter:label2\" content=\"Tiempo de lectura\" \/>\n\t<meta name=\"twitter:data2\" content=\"2 minutos\" \/>\n<script type=\"application\/ld+json\" class=\"yoast-schema-graph\">{\"@context\":\"https:\/\/schema.org\",\"@graph\":[{\"@type\":\"WebSite\",\"@id\":\"https:\/\/www.agromundo.co\/blog\/#website\",\"url\":\"https:\/\/www.agromundo.co\/blog\/\",\"name\":\"Notiagro\",\"description\":\"Noticias y eventos sector agropecuario colombiano\",\"potentialAction\":[{\"@type\":\"SearchAction\",\"target\":{\"@type\":\"EntryPoint\",\"urlTemplate\":\"https:\/\/www.agromundo.co\/blog\/?s={search_term_string}\"},\"query-input\":\"required name=search_term_string\"}],\"inLanguage\":\"es\"},{\"@type\":\"ImageObject\",\"@id\":\"#primaryimage\",\"inLanguage\":\"es\",\"url\":\"https:\/\/www.agromundo.co\/blog\/wp-content\/uploads\/2016\/01\/Exporiente.jpg\",\"contentUrl\":\"https:\/\/www.agromundo.co\/blog\/wp-content\/uploads\/2016\/01\/Exporiente.jpg\",\"width\":300,\"height\":205},{\"@type\":\"WebPage\",\"@id\":\"#webpage\",\"url\":null,\"name\":\"Exposici\\u00f3n equina Exporiente - Notiagro\",\"isPartOf\":{\"@id\":\"https:\/\/www.agromundo.co\/blog\/#website\"},\"primaryImageOfPage\":{\"@id\":\"#primaryimage\"},\"datePublished\":\"2016-01-21T15:16:51+00:00\",\"dateModified\":\"2016-01-21T15:16:51+00:00\",\"author\":{\"@id\":\"https:\/\/www.agromundo.co\/blog\/#\/schema\/person\/3e07d858c3c7a93ebf4ad3785559d35d\"},\"description\":\"La exposici\\u00f3n equina Exporiente se realizar\\u00e1 en Rionegro (Antioquia) desde el 21 de enero de 2016.\",\"breadcrumb\":{\"@id\":\"#breadcrumb\"},\"inLanguage\":\"es\",\"potentialAction\":[{\"@type\":\"ReadAction\",\"target\":[null]}]},{\"@type\":\"BreadcrumbList\",\"@id\":\"#breadcrumb\",\"itemListElement\":[{\"@type\":\"ListItem\",\"position\":1,\"name\":\"Portada\",\"item\":\"https:\/\/www.agromundo.co\/blog\/\"},{\"@type\":\"ListItem\",\"position\":2,\"name\":\"Exposici\\u00f3n equina Exporiente\"}]},{\"@type\":\"Person\",\"@id\":\"https:\/\/www.agromundo.co\/blog\/#\/schema\/person\/3e07d858c3c7a93ebf4ad3785559d35d\",\"name\":\"admin\",\"image\":{\"@type\":\"ImageObject\",\"@id\":\"https:\/\/www.agromundo.co\/blog\/#personlogo\",\"inLanguage\":\"es\",\"url\":\"https:\/\/secure.gravatar.com\/avatar\/f990c4c6d966ea7f7bec9cc10bcda5ce?s=96&d=mm&r=g\",\"contentUrl\":\"https:\/\/secure.gravatar.com\/avatar\/f990c4c6d966ea7f7bec9cc10bcda5ce?s=96&d=mm&r=g\",\"caption\":\"admin\"},\"url\":\"https:\/\/www.agromundo.co\/blog\/author\/admin\/\"}]}<\/script>\n<!-- \/ Yoast SEO plugin. -->","yoast_head_json":{"description":"La exposici\u00f3n equina Exporiente se realizar\u00e1 en Rionegro (Antioquia) desde el 21 de enero de 2016.","robots":{"index":"index","follow":"follow","max-snippet":"max-snippet:-1","max-image-preview":"max-image-preview:large","max-video-preview":"max-video-preview:-1"},"og_locale":"es_ES","og_type":"article","og_title":"Exposici\u00f3n equina Exporiente - Notiagro","og_description":"La exposici\u00f3n equina Exporiente se realizar\u00e1 en Rionegro (Antioquia) desde el 21 de enero de 2016.","og_site_name":"Notiagro","article_published_time":"2016-01-21T15:16:51+00:00","og_image":[{"width":300,"height":205,"url":"https:\/\/www.agromundo.co\/blog\/wp-content\/uploads\/2016\/01\/Exporiente.jpg","type":"image\/jpeg"}],"twitter_misc":{"Escrito por":"admin","Tiempo de lectura":"2 minutos"},"schema":{"@context":"https:\/\/schema.org","@graph":[{"@type":"WebSite","@id":"https:\/\/www.agromundo.co\/blog\/#website","url":"https:\/\/www.agromundo.co\/blog\/","name":"Notiagro","description":"Noticias y eventos sector agropecuario colombiano","potentialAction":[{"@type":"SearchAction","target":{"@type":"EntryPoint","urlTemplate":"https:\/\/www.agromundo.co\/blog\/?s={search_term_string}"},"query-input":"required name=search_term_string"}],"inLanguage":"es"},{"@type":"ImageObject","@id":"#primaryimage","inLanguage":"es","url":"https:\/\/www.agromundo.co\/blog\/wp-content\/uploads\/2016\/01\/Exporiente.jpg","contentUrl":"https:\/\/www.agromundo.co\/blog\/wp-content\/uploads\/2016\/01\/Exporiente.jpg","width":300,"height":205},{"@type":"WebPage","@id":"#webpage","url":null,"name":"Exposici\u00f3n equina Exporiente - Notiagro","isPartOf":{"@id":"https:\/\/www.agromundo.co\/blog\/#website"},"primaryImageOfPage":{"@id":"#primaryimage"},"datePublished":"2016-01-21T15:16:51+00:00","dateModified":"2016-01-21T15:16:51+00:00","author":{"@id":"https:\/\/www.agromundo.co\/blog\/#\/schema\/person\/3e07d858c3c7a93ebf4ad3785559d35d"},"description":"La exposici\u00f3n equina Exporiente se realizar\u00e1 en Rionegro (Antioquia) desde el 21 de enero de 2016.","breadcrumb":{"@id":"#breadcrumb"},"inLanguage":"es","potentialAction":[{"@type":"ReadAction","target":[null]}]},{"@type":"BreadcrumbList","@id":"#breadcrumb","itemListElement":[{"@type":"ListItem","position":1,"name":"Portada","item":"https:\/\/www.agromundo.co\/blog\/"},{"@type":"ListItem","position":2,"name":"Exposici\u00f3n equina Exporiente"}]},{"@type":"Person","@id":"https:\/\/www.agromundo.co\/blog\/#\/schema\/person\/3e07d858c3c7a93ebf4ad3785559d35d","name":"admin","image":{"@type":"ImageObject","@id":"https:\/\/www.agromundo.co\/blog\/#personlogo","inLanguage":"es","url":"https:\/\/secure.gravatar.com\/avatar\/f990c4c6d966ea7f7bec9cc10bcda5ce?s=96&d=mm&r=g","contentUrl":"https:\/\/secure.gravatar.com\/avatar\/f990c4c6d966ea7f7bec9cc10bcda5ce?s=96&d=mm&r=g","caption":"admin"},"url":"https:\/\/www.agromundo.co\/blog\/author\/admin\/"}]}},"_links":{"self":[{"href":"https:\/\/www.agromundo.co\/blog\/wp-json\/wp\/v2\/posts\/4748"}],"collection":[{"href":"https:\/\/www.agromundo.co\/blog\/wp-json\/wp\/v2\/posts"}],"about":[{"href":"https:\/\/www.agromundo.co\/blog\/wp-json\/wp\/v2\/types\/post"}],"author":[{"embeddable":true,"href":"https:\/\/www.agromundo.co\/blog\/wp-json\/wp\/v2\/users\/1"}],"replies":[{"embeddable":true,"href":"https:\/\/www.agromundo.co\/blog\/wp-json\/wp\/v2\/comments?post=4748"}],"version-history":[{"count":1,"href":"https:\/\/www.agromundo.co\/blog\/wp-json\/wp\/v2\/posts\/4748\/revisions"}],"predecessor-version":[{"id":4750,"href":"https:\/\/www.agromundo.co\/blog\/wp-json\/wp\/v2\/posts\/4748\/revisions\/4750"}],"wp:featuredmedia":[{"embeddable":true,"href":"https:\/\/www.agromundo.co\/blog\/wp-json\/wp\/v2\/media\/4749"}],"wp:attachment":[{"href":"https:\/\/www.agromundo.co\/blog\/wp-json\/wp\/v2\/media?parent=4748"}],"wp:term":[{"taxonomy":"category","embeddable":true,"href":"https:\/\/www.agromundo.co\/blog\/wp-json\/wp\/v2\/categories?post=4748"},{"taxonomy":"post_tag","embeddable":true,"href":"https:\/\/www.agromundo.co\/blog\/wp-json\/wp\/v2\/tags?post=4748"}],"curies":[{"name":"wp","href":"https:\/\/api.w.org\/{rel}","templated":true}]}}