{"id":4756,"date":"2016-01-25T15:25:26","date_gmt":"2016-01-25T15:25:26","guid":{"rendered":"http:\/\/www.agromundo.co\/blog\/?p=4756"},"modified":"2016-01-25T15:25:26","modified_gmt":"2016-01-25T15:25:26","slug":"gerentes-seccionales-del-ica-concurso-de-meritos","status":"publish","type":"post","link":"https:\/\/www.agromundo.co\/blog\/gerentes-seccionales-del-ica-concurso-de-meritos\/","title":{"rendered":"Gerentes seccionales del ICA. Concurso de m\u00e9ritos"},"content":{"rendered":"<p><a href=\"http:\/\/www.agromundo.co\/blog\/wp-content\/uploads\/2016\/01\/Concurso-esap.jpg\"><img loading=\"lazy\" class=\"alignnone size-full wp-image-4759\" src=\"http:\/\/www.agromundo.co\/blog\/wp-content\/uploads\/2016\/01\/Concurso-esap.jpg\" alt=\"Concurso esap\" width=\"273\" height=\"205\" srcset=\"https:\/\/www.agromundo.co\/blog\/wp-content\/uploads\/2016\/01\/Concurso-esap.jpg 273w, https:\/\/www.agromundo.co\/blog\/wp-content\/uploads\/2016\/01\/Concurso-esap-100x75.jpg 100w\" sizes=\"(max-width: 273px) 100vw, 273px\" \/><\/a><\/p>\n<ul>\n<li>Los interesados pueden inscribirse para participar en el concurso de m\u00e9ritos para gerentes seccionales del ICA en C\u00f3rdoba, Amazonas, Santander, Norte de Santander, La Guajira, Guaviare, Vaup\u00e9s, Choc\u00f3 y Valle del Cauca.<\/li>\n<\/ul>\n<ul>\n<li>Funci\u00f3n P\u00fablica realizar\u00e1 las pruebas de conocimiento y habilidades gerenciales a los aspirantes.<\/li>\n<\/ul>\n<p>Desde 18 de enero de 2016 se encuentra publicada en la p\u00e1gina web de Funci\u00f3n P\u00fablica,\u00a0la convocatoria para el concurso de m\u00e9ritos que se adelantar\u00e1 para proveer los cargos de gerente seccional del Instituto Colombiano Agropecuario (ICA), en los departamentos de \u00a0C\u00f3rdoba, Amazonas, Santander, Norte de Santander, La Guajira, \u00a0Guaviare, Vaup\u00e9s, Choc\u00f3 y Valle del Cauca.<\/p>\n<p>Los concursos p\u00fablicos y abiertos se llevan a cabo para conformar la lista de la cual se establece la terna para la elecci\u00f3n de los gerentes seccionales.<\/p>\n<p>De acuerdo con la convocatoria, el d\u00eda 18 de marzo es la fecha establecida como l\u00edmite para la inscripci\u00f3n en el concurso de m\u00e9ritos. La inscripci\u00f3n se llevar\u00e1 a cabo en el horario de 08:00 a.m. a 05:00 p.m., en los lugares designados para cada caso, diligenciando el formulario que se puede descargar a trav\u00e9s de la p\u00e1gina de Funci\u00f3n P\u00fablica, en el v\u00ednculo,\u00a0<a href=\"https:\/\/www.funcionpublica.gov.co\/seleccion-de-gerentes-publicos\">https:\/\/www.funcionpublica.gov.co\/seleccion-de-gerentes-publicos<\/a><\/p>\n<p>Para los casos de Vaup\u00e9s, Guaviare, Choc\u00f3, Amazonas y Valle del Cauca, el d\u00eda 20 de abril, Funci\u00f3n P\u00fablica dar\u00e1 a conocer la lista de los admitidos al concurso luego de la verificaci\u00f3n del cumplimiento de los requisitos m\u00ednimos para el cargo. Posteriormente, el 29 de abril se realizar\u00e1n las pruebas de conocimiento y el 13 de mayo las de habilidades gerenciales.<\/p>\n<p>En C\u00f3rdoba, Santander, La Guajira y Norte de Santander, la publicaci\u00f3n de admitidos ser\u00e1 el 13 de abril, las pruebas de conocimiento el 22 de abril y las de habilidades gerenciales, el 6 de mayo.<\/p>\n<p>Las pruebas de conocimiento y habilidades gerenciales para estos concursos p\u00fablicos los realiza la Funci\u00f3n P\u00fablica para la conformaci\u00f3n de la lista de la cual se selecciona la terna para la designaci\u00f3n de los Directores Regionales de las diferentes entidades a nivel nacional. Estos concursos no son competencia de la Comisi\u00f3n Nacional del Servicio Civil, al ser concursos donde se proveen cargos gerenciales de libre nombramiento y remoci\u00f3n y no de la carrera administrativa.<\/p>\n<p>Para estos casos, la entidad ha elaborado las pruebas t\u00e9cnicas que aplica a los candidatos, que se deben someter al proceso de meritocracia establecido en la ley 909 de 2004 y en el Decreto 4567 de 2011. As\u00ed mismo, la Funci\u00f3n P\u00fablica realiza un estudio cuidadoso de la formaci\u00f3n acad\u00e9mica, as\u00ed como de la trayectoria laboral de los aspirantes a los cargos gerenciales.<\/p>\n<p>Durante el a\u00f1o 2015, Funci\u00f3n P\u00fablica acompa\u00f1\u00f3 81 concursos de m\u00e9rito p\u00fablicos y abiertos del Instituto Colombiano de Bienestar Familiar (Icbf), el Instituto Colombiano Agropecuario (ICA), \u00a0el Instituto Colombiano de Desarrollo Rural (Incoder), el Instituto Geogr\u00e1fico Agust\u00edn Codazzi, el Instituto Nacional de V\u00edas (Inv\u00edas), y el Servicio Nacional de Aprendizaje (Sena), para conformar las listas de las cuales se elaboran las ternas para la designaci\u00f3n de los Directores Territoriales o Regionales de las distintas entidades.<\/p>\n<p>&nbsp;<\/p>\n<p>Fuente: Adaptado de Funci\u00f3n P\u00fablica.<\/p>\n<div id=\"attachment_4758\" style=\"width: 147px\" class=\"wp-caption alignright\"><a href=\"http:\/\/www.agromundo.co\/microfertisa.html\" target=\"_blank\"><img aria-describedby=\"caption-attachment-4758\" loading=\"lazy\" class=\"wp-image-4758\" src=\"http:\/\/www.agromundo.co\/blog\/wp-content\/uploads\/2016\/01\/Microfertisa.jpg\" alt=\"Microfertisa\" width=\"137\" height=\"120\" \/><\/a><p id=\"caption-attachment-4758\" class=\"wp-caption-text\">Microfertisa<\/p><\/div>\n<p>Nota patrocinada por:<\/p>\n<div id=\"attachment_4690\" style=\"width: 130px\" class=\"wp-caption alignnone\"><a href=\"http:\/\/www.agromundo.co\/aqua-fan-sas.html\" target=\"_blank\"><img aria-describedby=\"caption-attachment-4690\" loading=\"lazy\" class=\"wp-image-4690\" src=\"http:\/\/www.agromundo.co\/blog\/wp-content\/uploads\/2015\/12\/Ventilador-aspersor-de-agua-Aquafan.jpg\" alt=\"Ventilador aspersor de agua Aquafan\" width=\"120\" height=\"120\" srcset=\"https:\/\/www.agromundo.co\/blog\/wp-content\/uploads\/2015\/12\/Ventilador-aspersor-de-agua-Aquafan.jpg 160w, https:\/\/www.agromundo.co\/blog\/wp-content\/uploads\/2015\/12\/Ventilador-aspersor-de-agua-Aquafan-150x150.jpg 150w\" sizes=\"(max-width: 120px) 100vw, 120px\" \/><\/a><p id=\"caption-attachment-4690\" class=\"wp-caption-text\">Ventilador aspersor de agua Aquafan<\/p><\/div>\n","protected":false},"excerpt":{"rendered":"<p>Los interesados pueden inscribirse para participar en el concurso de m\u00e9ritos para gerentes seccionales del ICA en C\u00f3rdoba, Amazonas, Santander, Norte de Santander, La Guajira, Guaviare, Vaup\u00e9s, Choc\u00f3 y Valle del Cauca. Funci\u00f3n P\u00fablica realizar\u00e1 las pruebas de conocimiento y habilidades gerenciales a los aspirantes. Desde 18 de enero de 2016 se encuentra publicada en [&hellip;]<\/p>\n","protected":false},"author":1,"featured_media":4759,"comment_status":"open","ping_status":"open","sticky":false,"template":"","format":"standard","meta":[],"categories":[5,22,9,3,18,6],"tags":[2518,2519,2516,2520,2517],"yoast_head":"<!-- This site is optimized with the Yoast SEO plugin v17.3 - https:\/\/yoast.com\/wordpress\/plugins\/seo\/ -->\n<meta name=\"description\" content=\"Concurso de m\u00e9ritos para conformaci\u00f3n de ternas para la selecci\u00f3n de gerentes seccionales del ICA en 9 departamentos es adelantado por la Funci\u00f3n P\u00fablica.\" \/>\n<meta name=\"robots\" content=\"index, follow, max-snippet:-1, max-image-preview:large, max-video-preview:-1\" \/>\n<meta property=\"og:locale\" content=\"es_ES\" \/>\n<meta property=\"og:type\" content=\"article\" \/>\n<meta property=\"og:title\" content=\"Gerentes seccionales del ICA. Concurso de m\u00e9ritos - Noti\" \/>\n<meta property=\"og:description\" content=\"Concurso de m\u00e9ritos para conformaci\u00f3n de ternas para la selecci\u00f3n de gerentes seccionales del ICA en 9 departamentos es adelantado por la Funci\u00f3n P\u00fablica.\" \/>\n<meta property=\"og:site_name\" content=\"Notiagro\" \/>\n<meta property=\"article:published_time\" content=\"2016-01-25T15:25:26+00:00\" \/>\n<meta property=\"og:image\" content=\"https:\/\/www.agromundo.co\/blog\/wp-content\/uploads\/2016\/01\/Concurso-esap.jpg\" \/>\n\t<meta property=\"og:image:width\" content=\"273\" \/>\n\t<meta property=\"og:image:height\" content=\"205\" \/>\n<meta name=\"twitter:label1\" content=\"Escrito por\" \/>\n\t<meta name=\"twitter:data1\" content=\"admin\" \/>\n\t<meta name=\"twitter:label2\" content=\"Tiempo de lectura\" \/>\n\t<meta name=\"twitter:data2\" content=\"3 minutos\" \/>\n<script type=\"application\/ld+json\" class=\"yoast-schema-graph\">{\"@context\":\"https:\/\/schema.org\",\"@graph\":[{\"@type\":\"WebSite\",\"@id\":\"https:\/\/www.agromundo.co\/blog\/#website\",\"url\":\"https:\/\/www.agromundo.co\/blog\/\",\"name\":\"Notiagro\",\"description\":\"Noticias y eventos sector agropecuario colombiano\",\"potentialAction\":[{\"@type\":\"SearchAction\",\"target\":{\"@type\":\"EntryPoint\",\"urlTemplate\":\"https:\/\/www.agromundo.co\/blog\/?s={search_term_string}\"},\"query-input\":\"required name=search_term_string\"}],\"inLanguage\":\"es\"},{\"@type\":\"ImageObject\",\"@id\":\"#primaryimage\",\"inLanguage\":\"es\",\"url\":\"https:\/\/www.agromundo.co\/blog\/wp-content\/uploads\/2016\/01\/Concurso-esap.jpg\",\"contentUrl\":\"https:\/\/www.agromundo.co\/blog\/wp-content\/uploads\/2016\/01\/Concurso-esap.jpg\",\"width\":273,\"height\":205},{\"@type\":\"WebPage\",\"@id\":\"#webpage\",\"url\":null,\"name\":\"Gerentes seccionales del ICA. Concurso de m\\u00e9ritos - Noti\",\"isPartOf\":{\"@id\":\"https:\/\/www.agromundo.co\/blog\/#website\"},\"primaryImageOfPage\":{\"@id\":\"#primaryimage\"},\"datePublished\":\"2016-01-25T15:25:26+00:00\",\"dateModified\":\"2016-01-25T15:25:26+00:00\",\"author\":{\"@id\":\"https:\/\/www.agromundo.co\/blog\/#\/schema\/person\/3e07d858c3c7a93ebf4ad3785559d35d\"},\"description\":\"Concurso de m\\u00e9ritos para conformaci\\u00f3n de ternas para la selecci\\u00f3n de gerentes seccionales del ICA en 9 departamentos es adelantado por la Funci\\u00f3n P\\u00fablica.\",\"breadcrumb\":{\"@id\":\"#breadcrumb\"},\"inLanguage\":\"es\",\"potentialAction\":[{\"@type\":\"ReadAction\",\"target\":[null]}]},{\"@type\":\"BreadcrumbList\",\"@id\":\"#breadcrumb\",\"itemListElement\":[{\"@type\":\"ListItem\",\"position\":1,\"name\":\"Portada\",\"item\":\"https:\/\/www.agromundo.co\/blog\/\"},{\"@type\":\"ListItem\",\"position\":2,\"name\":\"Gerentes seccionales del ICA. Concurso de m\\u00e9ritos\"}]},{\"@type\":\"Person\",\"@id\":\"https:\/\/www.agromundo.co\/blog\/#\/schema\/person\/3e07d858c3c7a93ebf4ad3785559d35d\",\"name\":\"admin\",\"image\":{\"@type\":\"ImageObject\",\"@id\":\"https:\/\/www.agromundo.co\/blog\/#personlogo\",\"inLanguage\":\"es\",\"url\":\"https:\/\/secure.gravatar.com\/avatar\/f990c4c6d966ea7f7bec9cc10bcda5ce?s=96&d=mm&r=g\",\"contentUrl\":\"https:\/\/secure.gravatar.com\/avatar\/f990c4c6d966ea7f7bec9cc10bcda5ce?s=96&d=mm&r=g\",\"caption\":\"admin\"},\"url\":\"https:\/\/www.agromundo.co\/blog\/author\/admin\/\"}]}<\/script>\n<!-- \/ Yoast SEO plugin. -->","yoast_head_json":{"description":"Concurso de m\u00e9ritos para conformaci\u00f3n de ternas para la selecci\u00f3n de gerentes seccionales del ICA en 9 departamentos es adelantado por la Funci\u00f3n P\u00fablica.","robots":{"index":"index","follow":"follow","max-snippet":"max-snippet:-1","max-image-preview":"max-image-preview:large","max-video-preview":"max-video-preview:-1"},"og_locale":"es_ES","og_type":"article","og_title":"Gerentes seccionales del ICA. Concurso de m\u00e9ritos - Noti","og_description":"Concurso de m\u00e9ritos para conformaci\u00f3n de ternas para la selecci\u00f3n de gerentes seccionales del ICA en 9 departamentos es adelantado por la Funci\u00f3n P\u00fablica.","og_site_name":"Notiagro","article_published_time":"2016-01-25T15:25:26+00:00","og_image":[{"width":273,"height":205,"url":"https:\/\/www.agromundo.co\/blog\/wp-content\/uploads\/2016\/01\/Concurso-esap.jpg","type":"image\/jpeg"}],"twitter_misc":{"Escrito por":"admin","Tiempo de lectura":"3 minutos"},"schema":{"@context":"https:\/\/schema.org","@graph":[{"@type":"WebSite","@id":"https:\/\/www.agromundo.co\/blog\/#website","url":"https:\/\/www.agromundo.co\/blog\/","name":"Notiagro","description":"Noticias y eventos sector agropecuario colombiano","potentialAction":[{"@type":"SearchAction","target":{"@type":"EntryPoint","urlTemplate":"https:\/\/www.agromundo.co\/blog\/?s={search_term_string}"},"query-input":"required name=search_term_string"}],"inLanguage":"es"},{"@type":"ImageObject","@id":"#primaryimage","inLanguage":"es","url":"https:\/\/www.agromundo.co\/blog\/wp-content\/uploads\/2016\/01\/Concurso-esap.jpg","contentUrl":"https:\/\/www.agromundo.co\/blog\/wp-content\/uploads\/2016\/01\/Concurso-esap.jpg","width":273,"height":205},{"@type":"WebPage","@id":"#webpage","url":null,"name":"Gerentes seccionales del ICA. Concurso de m\u00e9ritos - Noti","isPartOf":{"@id":"https:\/\/www.agromundo.co\/blog\/#website"},"primaryImageOfPage":{"@id":"#primaryimage"},"datePublished":"2016-01-25T15:25:26+00:00","dateModified":"2016-01-25T15:25:26+00:00","author":{"@id":"https:\/\/www.agromundo.co\/blog\/#\/schema\/person\/3e07d858c3c7a93ebf4ad3785559d35d"},"description":"Concurso de m\u00e9ritos para conformaci\u00f3n de ternas para la selecci\u00f3n de gerentes seccionales del ICA en 9 departamentos es adelantado por la Funci\u00f3n P\u00fablica.","breadcrumb":{"@id":"#breadcrumb"},"inLanguage":"es","potentialAction":[{"@type":"ReadAction","target":[null]}]},{"@type":"BreadcrumbList","@id":"#breadcrumb","itemListElement":[{"@type":"ListItem","position":1,"name":"Portada","item":"https:\/\/www.agromundo.co\/blog\/"},{"@type":"ListItem","position":2,"name":"Gerentes seccionales del ICA. Concurso de m\u00e9ritos"}]},{"@type":"Person","@id":"https:\/\/www.agromundo.co\/blog\/#\/schema\/person\/3e07d858c3c7a93ebf4ad3785559d35d","name":"admin","image":{"@type":"ImageObject","@id":"https:\/\/www.agromundo.co\/blog\/#personlogo","inLanguage":"es","url":"https:\/\/secure.gravatar.com\/avatar\/f990c4c6d966ea7f7bec9cc10bcda5ce?s=96&d=mm&r=g","contentUrl":"https:\/\/secure.gravatar.com\/avatar\/f990c4c6d966ea7f7bec9cc10bcda5ce?s=96&d=mm&r=g","caption":"admin"},"url":"https:\/\/www.agromundo.co\/blog\/author\/admin\/"}]}},"_links":{"self":[{"href":"https:\/\/www.agromundo.co\/blog\/wp-json\/wp\/v2\/posts\/4756"}],"collection":[{"href":"https:\/\/www.agromundo.co\/blog\/wp-json\/wp\/v2\/posts"}],"about":[{"href":"https:\/\/www.agromundo.co\/blog\/wp-json\/wp\/v2\/types\/post"}],"author":[{"embeddable":true,"href":"https:\/\/www.agromundo.co\/blog\/wp-json\/wp\/v2\/users\/1"}],"replies":[{"embeddable":true,"href":"https:\/\/www.agromundo.co\/blog\/wp-json\/wp\/v2\/comments?post=4756"}],"version-history":[{"count":2,"href":"https:\/\/www.agromundo.co\/blog\/wp-json\/wp\/v2\/posts\/4756\/revisions"}],"predecessor-version":[{"id":4760,"href":"https:\/\/www.agromundo.co\/blog\/wp-json\/wp\/v2\/posts\/4756\/revisions\/4760"}],"wp:featuredmedia":[{"embeddable":true,"href":"https:\/\/www.agromundo.co\/blog\/wp-json\/wp\/v2\/media\/4759"}],"wp:attachment":[{"href":"https:\/\/www.agromundo.co\/blog\/wp-json\/wp\/v2\/media?parent=4756"}],"wp:term":[{"taxonomy":"category","embeddable":true,"href":"https:\/\/www.agromundo.co\/blog\/wp-json\/wp\/v2\/categories?post=4756"},{"taxonomy":"post_tag","embeddable":true,"href":"https:\/\/www.agromundo.co\/blog\/wp-json\/wp\/v2\/tags?post=4756"}],"curies":[{"name":"wp","href":"https:\/\/api.w.org\/{rel}","templated":true}]}}