{"id":4768,"date":"2016-01-28T14:22:36","date_gmt":"2016-01-28T14:22:36","guid":{"rendered":"http:\/\/www.agromundo.co\/blog\/?p=4768"},"modified":"2016-01-28T14:22:36","modified_gmt":"2016-01-28T14:22:36","slug":"colombia-siembra-ampliado-plazo-de-inscripcion","status":"publish","type":"post","link":"https:\/\/www.agromundo.co\/blog\/colombia-siembra-ampliado-plazo-de-inscripcion\/","title":{"rendered":"Colombia Siembra. Ampliado plazo de inscripci\u00f3n"},"content":{"rendered":"<p><a href=\"http:\/\/www.agromundo.co\/blog\/wp-content\/uploads\/2016\/01\/colombia-siembra.jpg\"><img loading=\"lazy\" class=\"alignnone size-full wp-image-4770\" src=\"http:\/\/www.agromundo.co\/blog\/wp-content\/uploads\/2016\/01\/colombia-siembra.jpg\" alt=\"colombia siembra\" width=\"300\" height=\"205\" \/><\/a><\/p>\n<p>Foto: CONtexto Ganadero<\/p>\n<ul>\n<li><em>El procedimiento de inscripci\u00f3n que es f\u00e1cil de realizar y totalmente gratuito, se realiza ingresando a la p\u00e1gina web del Ministerio.<\/em><\/li>\n<\/ul>\n<p>El Ministerio de Agricultura y Desarrollo Rural, ampli\u00f3 hasta el 31 de marzo de 2016, el plazo para que los productores, asociaciones, gremios, cooperativas, federaciones y otros grupos interesados en participar en <a href=\"http:\/\/www.agromundo.co\/blog\/plan-colombia-siembra-lanzamiento\/\" target=\"_blank\">Colombia Siembra<\/a>, se inscriban en su registro.<\/p>\n<p>La decisi\u00f3n se tom\u00f3 en raz\u00f3n a la gran participaci\u00f3n de los productores en las diferentes regiones, quienes solicitaron la ampliaci\u00f3n del plazo para presentar sus proyectos y participar en el Plan.<\/p>\n<p>Aurelio Iragorri Valencia, jefe de la cartera agropecuaria, indic\u00f3 que Colombia Siembra es la pol\u00edtica del Gobierno Nacional liderada por el Ministerio de Agricultura y Desarrollo Rural, con la cual se pretende aumentar el \u00e1rea sembrada del pa\u00eds en 1.000.000 de hect\u00e1reas en el a\u00f1o 2018.<\/p>\n<p>Explic\u00f3 el ministro Iragorri Valencia que el objetivo de la plataforma de inscripci\u00f3n es recopilar informaci\u00f3n actualizada sobre el sector agropecuario e identificar a los productores interesados en su participaci\u00f3n y documentar los predios donde est\u00e1 la producci\u00f3n. As\u00ed mismo, evaluar las proyecciones de crecimiento y la real potencialidad de aumento en \u00e1rea y producci\u00f3n.<\/p>\n<p>Para ello ha sido dispuesta en la p\u00e1gina web del Ministerio, una plataforma mediante la cual los interesados pueden tener informaci\u00f3n sobre Colombia Siembra, as\u00ed como diligenciar el formulario de inscripci\u00f3n.<\/p>\n<p>El procedimiento de inscripci\u00f3n es f\u00e1cil de realizar y totalmente gratis, ingresando a la p\u00e1gina web del Ministerio o al link de la plataforma\u00a0<a href=\"http:\/\/colombiasiembra.minagricultura.gov.co\/Home\/Register\">http:\/\/colombiasiembra.minagricultura.gov.co\/Home\/Register<\/a>.<\/p>\n<p>Igualmente, para quienes necesiten informaci\u00f3n adicional sobre ese mecanismo, el Ministerio ha dispuesto una l\u00ednea telef\u00f3nica gratuita nacional 018000510050, para que reciban informaci\u00f3n y clarifiquen las dudas que puedan tener.\u00a0 Este servicio se presta de 07:00 a.m. a 07:00 p.m. de lunes a viernes.<\/p>\n<p>Fuente: Adaptado de Ministerio de Agricultura y Desarrollo Rural.<\/p>\n<div id=\"attachment_4769\" style=\"width: 130px\" class=\"wp-caption alignright\"><a href=\"http:\/\/www.agromundo.co\/casa-toro-automotriz-sa---john-deere.html\" target=\"_blank\"><img aria-describedby=\"caption-attachment-4769\" loading=\"lazy\" class=\"wp-image-4769\" src=\"http:\/\/www.agromundo.co\/blog\/wp-content\/uploads\/2016\/01\/Tractores-y-maquinaria-Jhon-Deere.jpg\" alt=\"Tractores y maquinaria Jhon Deere\" width=\"120\" height=\"120\" srcset=\"https:\/\/www.agromundo.co\/blog\/wp-content\/uploads\/2016\/01\/Tractores-y-maquinaria-Jhon-Deere.jpg 180w, https:\/\/www.agromundo.co\/blog\/wp-content\/uploads\/2016\/01\/Tractores-y-maquinaria-Jhon-Deere-150x150.jpg 150w\" sizes=\"(max-width: 120px) 100vw, 120px\" \/><\/a><p id=\"caption-attachment-4769\" class=\"wp-caption-text\">Tractores y maquinaria Jhon Deere<\/p><\/div>\n<p>Nota patrocinada por:<\/p>\n<div id=\"attachment_4690\" style=\"width: 130px\" class=\"wp-caption alignnone\"><a href=\"http:\/\/www.agromundo.co\/aqua-fan-sas.html\" target=\"_blank\"><img aria-describedby=\"caption-attachment-4690\" loading=\"lazy\" class=\"wp-image-4690\" src=\"http:\/\/www.agromundo.co\/blog\/wp-content\/uploads\/2015\/12\/Ventilador-aspersor-de-agua-Aquafan.jpg\" alt=\"Ventilador aspersor de agua Aquafan\" width=\"120\" height=\"120\" srcset=\"https:\/\/www.agromundo.co\/blog\/wp-content\/uploads\/2015\/12\/Ventilador-aspersor-de-agua-Aquafan.jpg 160w, https:\/\/www.agromundo.co\/blog\/wp-content\/uploads\/2015\/12\/Ventilador-aspersor-de-agua-Aquafan-150x150.jpg 150w\" sizes=\"(max-width: 120px) 100vw, 120px\" \/><\/a><p id=\"caption-attachment-4690\" class=\"wp-caption-text\">Ventilador aspersor de agua Aquafan<\/p><\/div>\n<p>&nbsp;<\/p>\n","protected":false},"excerpt":{"rendered":"<p>Foto: CONtexto Ganadero El procedimiento de inscripci\u00f3n que es f\u00e1cil de realizar y totalmente gratuito, se realiza ingresando a la p\u00e1gina web del Ministerio. El Ministerio de Agricultura y Desarrollo Rural, ampli\u00f3 hasta el 31 de marzo de 2016, el plazo para que los productores, asociaciones, gremios, cooperativas, federaciones y otros grupos interesados en participar [&hellip;]<\/p>\n","protected":false},"author":1,"featured_media":4770,"comment_status":"open","ping_status":"open","sticky":false,"template":"","format":"standard","meta":[],"categories":[5,3,25,6],"tags":[2385,2384,2524,2270],"yoast_head":"<!-- This site is optimized with the Yoast SEO plugin v17.3 - https:\/\/yoast.com\/wordpress\/plugins\/seo\/ -->\n<meta name=\"description\" content=\"Fue ampliado el plazo de inscripci\u00f3n en el Plan Colombia Siembra.\" \/>\n<meta name=\"robots\" content=\"index, follow, max-snippet:-1, max-image-preview:large, max-video-preview:-1\" \/>\n<meta property=\"og:locale\" content=\"es_ES\" \/>\n<meta property=\"og:type\" content=\"article\" \/>\n<meta property=\"og:title\" content=\"Colombia Siembra. Ampliado plazo de inscripci\u00f3n - Notiagro\" \/>\n<meta property=\"og:description\" content=\"Fue ampliado el plazo de inscripci\u00f3n en el Plan Colombia Siembra.\" \/>\n<meta property=\"og:site_name\" content=\"Notiagro\" \/>\n<meta property=\"article:published_time\" content=\"2016-01-28T14:22:36+00:00\" \/>\n<meta property=\"og:image\" content=\"https:\/\/www.agromundo.co\/blog\/wp-content\/uploads\/2016\/01\/colombia-siembra.jpg\" \/>\n\t<meta property=\"og:image:width\" content=\"300\" \/>\n\t<meta property=\"og:image:height\" content=\"205\" \/>\n<meta name=\"twitter:label1\" content=\"Escrito por\" \/>\n\t<meta name=\"twitter:data1\" content=\"admin\" \/>\n\t<meta name=\"twitter:label2\" content=\"Tiempo de lectura\" \/>\n\t<meta name=\"twitter:data2\" content=\"2 minutos\" \/>\n<script type=\"application\/ld+json\" class=\"yoast-schema-graph\">{\"@context\":\"https:\/\/schema.org\",\"@graph\":[{\"@type\":\"WebSite\",\"@id\":\"https:\/\/www.agromundo.co\/blog\/#website\",\"url\":\"https:\/\/www.agromundo.co\/blog\/\",\"name\":\"Notiagro\",\"description\":\"Noticias y eventos sector agropecuario colombiano\",\"potentialAction\":[{\"@type\":\"SearchAction\",\"target\":{\"@type\":\"EntryPoint\",\"urlTemplate\":\"https:\/\/www.agromundo.co\/blog\/?s={search_term_string}\"},\"query-input\":\"required name=search_term_string\"}],\"inLanguage\":\"es\"},{\"@type\":\"ImageObject\",\"@id\":\"#primaryimage\",\"inLanguage\":\"es\",\"url\":\"https:\/\/www.agromundo.co\/blog\/wp-content\/uploads\/2016\/01\/colombia-siembra.jpg\",\"contentUrl\":\"https:\/\/www.agromundo.co\/blog\/wp-content\/uploads\/2016\/01\/colombia-siembra.jpg\",\"width\":300,\"height\":205},{\"@type\":\"WebPage\",\"@id\":\"#webpage\",\"url\":null,\"name\":\"Colombia Siembra. Ampliado plazo de inscripci\\u00f3n - Notiagro\",\"isPartOf\":{\"@id\":\"https:\/\/www.agromundo.co\/blog\/#website\"},\"primaryImageOfPage\":{\"@id\":\"#primaryimage\"},\"datePublished\":\"2016-01-28T14:22:36+00:00\",\"dateModified\":\"2016-01-28T14:22:36+00:00\",\"author\":{\"@id\":\"https:\/\/www.agromundo.co\/blog\/#\/schema\/person\/3e07d858c3c7a93ebf4ad3785559d35d\"},\"description\":\"Fue ampliado el plazo de inscripci\\u00f3n en el Plan Colombia Siembra.\",\"breadcrumb\":{\"@id\":\"#breadcrumb\"},\"inLanguage\":\"es\",\"potentialAction\":[{\"@type\":\"ReadAction\",\"target\":[null]}]},{\"@type\":\"BreadcrumbList\",\"@id\":\"#breadcrumb\",\"itemListElement\":[{\"@type\":\"ListItem\",\"position\":1,\"name\":\"Portada\",\"item\":\"https:\/\/www.agromundo.co\/blog\/\"},{\"@type\":\"ListItem\",\"position\":2,\"name\":\"Colombia Siembra. Ampliado plazo de inscripci\\u00f3n\"}]},{\"@type\":\"Person\",\"@id\":\"https:\/\/www.agromundo.co\/blog\/#\/schema\/person\/3e07d858c3c7a93ebf4ad3785559d35d\",\"name\":\"admin\",\"image\":{\"@type\":\"ImageObject\",\"@id\":\"https:\/\/www.agromundo.co\/blog\/#personlogo\",\"inLanguage\":\"es\",\"url\":\"https:\/\/secure.gravatar.com\/avatar\/f990c4c6d966ea7f7bec9cc10bcda5ce?s=96&d=mm&r=g\",\"contentUrl\":\"https:\/\/secure.gravatar.com\/avatar\/f990c4c6d966ea7f7bec9cc10bcda5ce?s=96&d=mm&r=g\",\"caption\":\"admin\"},\"url\":\"https:\/\/www.agromundo.co\/blog\/author\/admin\/\"}]}<\/script>\n<!-- \/ Yoast SEO plugin. -->","yoast_head_json":{"description":"Fue ampliado el plazo de inscripci\u00f3n en el Plan Colombia Siembra.","robots":{"index":"index","follow":"follow","max-snippet":"max-snippet:-1","max-image-preview":"max-image-preview:large","max-video-preview":"max-video-preview:-1"},"og_locale":"es_ES","og_type":"article","og_title":"Colombia Siembra. Ampliado plazo de inscripci\u00f3n - Notiagro","og_description":"Fue ampliado el plazo de inscripci\u00f3n en el Plan Colombia Siembra.","og_site_name":"Notiagro","article_published_time":"2016-01-28T14:22:36+00:00","og_image":[{"width":300,"height":205,"url":"https:\/\/www.agromundo.co\/blog\/wp-content\/uploads\/2016\/01\/colombia-siembra.jpg","type":"image\/jpeg"}],"twitter_misc":{"Escrito por":"admin","Tiempo de lectura":"2 minutos"},"schema":{"@context":"https:\/\/schema.org","@graph":[{"@type":"WebSite","@id":"https:\/\/www.agromundo.co\/blog\/#website","url":"https:\/\/www.agromundo.co\/blog\/","name":"Notiagro","description":"Noticias y eventos sector agropecuario colombiano","potentialAction":[{"@type":"SearchAction","target":{"@type":"EntryPoint","urlTemplate":"https:\/\/www.agromundo.co\/blog\/?s={search_term_string}"},"query-input":"required name=search_term_string"}],"inLanguage":"es"},{"@type":"ImageObject","@id":"#primaryimage","inLanguage":"es","url":"https:\/\/www.agromundo.co\/blog\/wp-content\/uploads\/2016\/01\/colombia-siembra.jpg","contentUrl":"https:\/\/www.agromundo.co\/blog\/wp-content\/uploads\/2016\/01\/colombia-siembra.jpg","width":300,"height":205},{"@type":"WebPage","@id":"#webpage","url":null,"name":"Colombia Siembra. Ampliado plazo de inscripci\u00f3n - Notiagro","isPartOf":{"@id":"https:\/\/www.agromundo.co\/blog\/#website"},"primaryImageOfPage":{"@id":"#primaryimage"},"datePublished":"2016-01-28T14:22:36+00:00","dateModified":"2016-01-28T14:22:36+00:00","author":{"@id":"https:\/\/www.agromundo.co\/blog\/#\/schema\/person\/3e07d858c3c7a93ebf4ad3785559d35d"},"description":"Fue ampliado el plazo de inscripci\u00f3n en el Plan Colombia Siembra.","breadcrumb":{"@id":"#breadcrumb"},"inLanguage":"es","potentialAction":[{"@type":"ReadAction","target":[null]}]},{"@type":"BreadcrumbList","@id":"#breadcrumb","itemListElement":[{"@type":"ListItem","position":1,"name":"Portada","item":"https:\/\/www.agromundo.co\/blog\/"},{"@type":"ListItem","position":2,"name":"Colombia Siembra. Ampliado plazo de inscripci\u00f3n"}]},{"@type":"Person","@id":"https:\/\/www.agromundo.co\/blog\/#\/schema\/person\/3e07d858c3c7a93ebf4ad3785559d35d","name":"admin","image":{"@type":"ImageObject","@id":"https:\/\/www.agromundo.co\/blog\/#personlogo","inLanguage":"es","url":"https:\/\/secure.gravatar.com\/avatar\/f990c4c6d966ea7f7bec9cc10bcda5ce?s=96&d=mm&r=g","contentUrl":"https:\/\/secure.gravatar.com\/avatar\/f990c4c6d966ea7f7bec9cc10bcda5ce?s=96&d=mm&r=g","caption":"admin"},"url":"https:\/\/www.agromundo.co\/blog\/author\/admin\/"}]}},"_links":{"self":[{"href":"https:\/\/www.agromundo.co\/blog\/wp-json\/wp\/v2\/posts\/4768"}],"collection":[{"href":"https:\/\/www.agromundo.co\/blog\/wp-json\/wp\/v2\/posts"}],"about":[{"href":"https:\/\/www.agromundo.co\/blog\/wp-json\/wp\/v2\/types\/post"}],"author":[{"embeddable":true,"href":"https:\/\/www.agromundo.co\/blog\/wp-json\/wp\/v2\/users\/1"}],"replies":[{"embeddable":true,"href":"https:\/\/www.agromundo.co\/blog\/wp-json\/wp\/v2\/comments?post=4768"}],"version-history":[{"count":1,"href":"https:\/\/www.agromundo.co\/blog\/wp-json\/wp\/v2\/posts\/4768\/revisions"}],"predecessor-version":[{"id":4771,"href":"https:\/\/www.agromundo.co\/blog\/wp-json\/wp\/v2\/posts\/4768\/revisions\/4771"}],"wp:featuredmedia":[{"embeddable":true,"href":"https:\/\/www.agromundo.co\/blog\/wp-json\/wp\/v2\/media\/4770"}],"wp:attachment":[{"href":"https:\/\/www.agromundo.co\/blog\/wp-json\/wp\/v2\/media?parent=4768"}],"wp:term":[{"taxonomy":"category","embeddable":true,"href":"https:\/\/www.agromundo.co\/blog\/wp-json\/wp\/v2\/categories?post=4768"},{"taxonomy":"post_tag","embeddable":true,"href":"https:\/\/www.agromundo.co\/blog\/wp-json\/wp\/v2\/tags?post=4768"}],"curies":[{"name":"wp","href":"https:\/\/api.w.org\/{rel}","templated":true}]}}